{"id":2751,"date":"2022-06-21T15:52:52","date_gmt":"2022-06-21T13:52:52","guid":{"rendered":"https:\/\/zukunft.ideenbude.de\/?p=2751"},"modified":"2025-10-30T15:16:19","modified_gmt":"2025-10-30T14:16:19","slug":"podcast-our-future-your-questions-the-season-finale","status":"publish","type":"post","link":"https:\/\/www.stiftungfuerzukunftsfragen.de\/en\/podcast-unsere-zukunft-eure-fragen-das-staffelfinale\/","title":{"rendered":"Podcast: Our future - your questions. The season finale"},"content":{"rendered":"","protected":false},"excerpt":{"rendered":"<p>In the 10th episode, we don't just do a best of, but answer your questions about the future! In this episode, find out what the future of city centres could look like, why the desire for ownership is so great despite the omnipresent buzzword 'flexibilisation' or what the biggest stress and disruption factors are in leisure time. We also give you a preview of what to expect in the next season.<\/p>","protected":false},"author":1,"featured_media":0,"comment_status":"closed","ping_status":"open","sticky":false,"template":"","format":"standard","meta":{"_acf_changed":false,"footnotes":""},"categories":[55],"tags":[67],"class_list":["post-2751","post","type-post","status-publish","format-standard","hentry","category-podcast","tag-zukunftserwartungen"],"acf":{"ausgabe_nummer":"Podcast, Staffel 1 - Folge 10","pdf-download_dateiname":"www.stiftungfuerzukunftsfragen.de_podcast-unsere-zukunft-eure-fragen-das-staffelfinale.pdf","podcast_embed_code":"<iframe style=\"border-radius:12px\" src=\"https:\/\/open.spotify.com\/embed\/episode\/2mn8JoxkT0qaTV4h7aK38F?utm_source=generator&theme=0\" width=\"100%\" height=\"152\" frameBorder=\"0\" allowfullscreen=\"\" allow=\"autoplay; clipboard-write; encrypted-media; fullscreen; picture-in-picture\" loading=\"lazy\"><\/iframe>","pdf-clean":false,"markdown":"","hidden_html":""},"yoast_head":"<!-- This site is optimized with the Yoast SEO plugin v27.1.1 - https:\/\/yoast.com\/product\/yoast-seo-wordpress\/ -->\n<title>Podcast: Unsere Zukunft \u2013 eure Fragen. Das Staffelfinale - Stiftung f\u00fcr Zukunftsfragen<\/title>\n<meta name=\"robots\" content=\"index, follow, max-snippet:-1, max-image-preview:large, max-video-preview:-1\" \/>\n<link rel=\"canonical\" href=\"https:\/\/www.stiftungfuerzukunftsfragen.de\/en\/podcast-our-future-your-questions-the-season-finale\/\" \/>\n<meta property=\"og:locale\" content=\"en_GB\" \/>\n<meta property=\"og:type\" content=\"article\" \/>\n<meta property=\"og:title\" content=\"Podcast: Unsere Zukunft \u2013 eure Fragen. Das Staffelfinale - Stiftung f\u00fcr Zukunftsfragen\" \/>\n<meta property=\"og:description\" content=\"In der 10. Folge machen wir nicht einfach ein Best of, sondern beantworten eure Zukunftsfragen! Erfahre in dieser Folge, wie die Zukunft der Innenst\u00e4dte aussehen k\u00f6nnte, wieso trotz des omnipr\u00e4senten Schlagworts \u201aFlexibilisierung\u2019 der Wunsch nach Eigentum so gro\u00df ist oder was die gr\u00f6\u00dften Stress- und St\u00f6rfaktoren in der Freizeit sind. Zudem geben wir einen Ausblick, was euch in der n\u00e4chsten Staffel erwarten wird.\" \/>\n<meta property=\"og:url\" content=\"https:\/\/www.stiftungfuerzukunftsfragen.de\/en\/podcast-our-future-your-questions-the-season-finale\/\" \/>\n<meta property=\"og:site_name\" content=\"Stiftung f\u00fcr Zukunftsfragen\" \/>\n<meta property=\"article:publisher\" content=\"https:\/\/www.facebook.com\/pages\/Stiftung-fr-Zukunftsfragen\/207485789294838\" \/>\n<meta property=\"article:published_time\" content=\"2022-06-21T13:52:52+00:00\" \/>\n<meta property=\"article:modified_time\" content=\"2025-10-30T14:16:19+00:00\" \/>\n<meta name=\"author\" content=\"p622181\" \/>\n<meta name=\"twitter:card\" content=\"summary_large_image\" \/>\n<meta name=\"twitter:label1\" content=\"Written by\" \/>\n\t<meta name=\"twitter:data1\" content=\"p622181\" \/>\n\t<meta name=\"twitter:label2\" content=\"Estimated reading time\" \/>\n\t<meta name=\"twitter:data2\" content=\"1 minute\" \/>\n<script type=\"application\/ld+json\" class=\"yoast-schema-graph\">{\"@context\":\"https:\/\/schema.org\",\"@graph\":[{\"@type\":\"Article\",\"@id\":\"https:\/\/www.stiftungfuerzukunftsfragen.de\/podcast-unsere-zukunft-eure-fragen-das-staffelfinale\/#article\",\"isPartOf\":{\"@id\":\"https:\/\/www.stiftungfuerzukunftsfragen.de\/podcast-unsere-zukunft-eure-fragen-das-staffelfinale\/\"},\"author\":{\"name\":\"p622181\",\"@id\":\"https:\/\/www.stiftungfuerzukunftsfragen.de\/#\/schema\/person\/a84ed841adee9fac0b041775288b1723\"},\"headline\":\"Podcast: Unsere Zukunft \u2013 eure Fragen. Das Staffelfinale\",\"datePublished\":\"2022-06-21T13:52:52+00:00\",\"dateModified\":\"2025-10-30T14:16:19+00:00\",\"mainEntityOfPage\":{\"@id\":\"https:\/\/www.stiftungfuerzukunftsfragen.de\/podcast-unsere-zukunft-eure-fragen-das-staffelfinale\/\"},\"wordCount\":7,\"publisher\":{\"@id\":\"https:\/\/www.stiftungfuerzukunftsfragen.de\/#organization\"},\"keywords\":[\"Zukunftserwartungen\"],\"articleSection\":[\"Podcast\"],\"inLanguage\":\"en-GB\"},{\"@type\":\"WebPage\",\"@id\":\"https:\/\/www.stiftungfuerzukunftsfragen.de\/podcast-unsere-zukunft-eure-fragen-das-staffelfinale\/\",\"url\":\"https:\/\/www.stiftungfuerzukunftsfragen.de\/podcast-unsere-zukunft-eure-fragen-das-staffelfinale\/\",\"name\":\"Podcast: Unsere Zukunft \u2013 eure Fragen. Das Staffelfinale - Stiftung f\u00fcr Zukunftsfragen\",\"isPartOf\":{\"@id\":\"https:\/\/www.stiftungfuerzukunftsfragen.de\/#website\"},\"datePublished\":\"2022-06-21T13:52:52+00:00\",\"dateModified\":\"2025-10-30T14:16:19+00:00\",\"breadcrumb\":{\"@id\":\"https:\/\/www.stiftungfuerzukunftsfragen.de\/podcast-unsere-zukunft-eure-fragen-das-staffelfinale\/#breadcrumb\"},\"inLanguage\":\"en-GB\",\"potentialAction\":[{\"@type\":\"ReadAction\",\"target\":[\"https:\/\/www.stiftungfuerzukunftsfragen.de\/podcast-unsere-zukunft-eure-fragen-das-staffelfinale\/\"]}]},{\"@type\":\"BreadcrumbList\",\"@id\":\"https:\/\/www.stiftungfuerzukunftsfragen.de\/podcast-unsere-zukunft-eure-fragen-das-staffelfinale\/#breadcrumb\",\"itemListElement\":[{\"@type\":\"ListItem\",\"position\":1,\"name\":\"Startseite\",\"item\":\"https:\/\/www.stiftungfuerzukunftsfragen.de\/\"},{\"@type\":\"ListItem\",\"position\":2,\"name\":\"Podcast: Unsere Zukunft \u2013 eure Fragen. Das Staffelfinale\"}]},{\"@type\":\"WebSite\",\"@id\":\"https:\/\/www.stiftungfuerzukunftsfragen.de\/#website\",\"url\":\"https:\/\/www.stiftungfuerzukunftsfragen.de\/\",\"name\":\"Stiftung f\u00fcr Zukunftsfragen\",\"description\":\"Eine Initiative von BAT\",\"publisher\":{\"@id\":\"https:\/\/www.stiftungfuerzukunftsfragen.de\/#organization\"},\"potentialAction\":[{\"@type\":\"SearchAction\",\"target\":{\"@type\":\"EntryPoint\",\"urlTemplate\":\"https:\/\/www.stiftungfuerzukunftsfragen.de\/?s={search_term_string}\"},\"query-input\":{\"@type\":\"PropertyValueSpecification\",\"valueRequired\":true,\"valueName\":\"search_term_string\"}}],\"inLanguage\":\"en-GB\"},{\"@type\":\"Organization\",\"@id\":\"https:\/\/www.stiftungfuerzukunftsfragen.de\/#organization\",\"name\":\"Stiftung f\u00fcr Zukunftsfragen\",\"url\":\"https:\/\/www.stiftungfuerzukunftsfragen.de\/\",\"logo\":{\"@type\":\"ImageObject\",\"inLanguage\":\"en-GB\",\"@id\":\"https:\/\/www.stiftungfuerzukunftsfragen.de\/#\/schema\/logo\/image\/\",\"url\":\"https:\/\/www.stiftungfuerzukunftsfragen.de\/wp-content\/uploads\/Stiftung-fuer-Zukunftsfragen-Logo-e1662668075158.png\",\"contentUrl\":\"https:\/\/www.stiftungfuerzukunftsfragen.de\/wp-content\/uploads\/Stiftung-fuer-Zukunftsfragen-Logo-e1662668075158.png\",\"width\":609,\"height\":144,\"caption\":\"Stiftung f\u00fcr Zukunftsfragen\"},\"image\":{\"@id\":\"https:\/\/www.stiftungfuerzukunftsfragen.de\/#\/schema\/logo\/image\/\"},\"sameAs\":[\"https:\/\/www.facebook.com\/pages\/Stiftung-fr-Zukunftsfragen\/207485789294838\"]},{\"@type\":\"Person\",\"@id\":\"https:\/\/www.stiftungfuerzukunftsfragen.de\/#\/schema\/person\/a84ed841adee9fac0b041775288b1723\",\"name\":\"p622181\"}]}<\/script>\n<!-- \/ Yoast SEO plugin. -->","yoast_head_json":{"title":"Podcast: Our future - your questions. The season finale - Stiftung f\u00fcr Zukunftsfragen","robots":{"index":"index","follow":"follow","max-snippet":"max-snippet:-1","max-image-preview":"max-image-preview:large","max-video-preview":"max-video-preview:-1"},"canonical":"https:\/\/www.stiftungfuerzukunftsfragen.de\/en\/podcast-our-future-your-questions-the-season-finale\/","og_locale":"en_GB","og_type":"article","og_title":"Podcast: Unsere Zukunft \u2013 eure Fragen. Das Staffelfinale - Stiftung f\u00fcr Zukunftsfragen","og_description":"In der 10. Folge machen wir nicht einfach ein Best of, sondern beantworten eure Zukunftsfragen! Erfahre in dieser Folge, wie die Zukunft der Innenst\u00e4dte aussehen k\u00f6nnte, wieso trotz des omnipr\u00e4senten Schlagworts \u201aFlexibilisierung\u2019 der Wunsch nach Eigentum so gro\u00df ist oder was die gr\u00f6\u00dften Stress- und St\u00f6rfaktoren in der Freizeit sind. Zudem geben wir einen Ausblick, was euch in der n\u00e4chsten Staffel erwarten wird.","og_url":"https:\/\/www.stiftungfuerzukunftsfragen.de\/en\/podcast-our-future-your-questions-the-season-finale\/","og_site_name":"Stiftung f\u00fcr Zukunftsfragen","article_publisher":"https:\/\/www.facebook.com\/pages\/Stiftung-fr-Zukunftsfragen\/207485789294838","article_published_time":"2022-06-21T13:52:52+00:00","article_modified_time":"2025-10-30T14:16:19+00:00","author":"p622181","twitter_card":"summary_large_image","twitter_misc":{"Written by":"p622181","Estimated reading time":"1 minute"},"schema":{"@context":"https:\/\/schema.org","@graph":[{"@type":"Article","@id":"https:\/\/www.stiftungfuerzukunftsfragen.de\/podcast-unsere-zukunft-eure-fragen-das-staffelfinale\/#article","isPartOf":{"@id":"https:\/\/www.stiftungfuerzukunftsfragen.de\/podcast-unsere-zukunft-eure-fragen-das-staffelfinale\/"},"author":{"name":"p622181","@id":"https:\/\/www.stiftungfuerzukunftsfragen.de\/#\/schema\/person\/a84ed841adee9fac0b041775288b1723"},"headline":"Podcast: Unsere Zukunft \u2013 eure Fragen. Das Staffelfinale","datePublished":"2022-06-21T13:52:52+00:00","dateModified":"2025-10-30T14:16:19+00:00","mainEntityOfPage":{"@id":"https:\/\/www.stiftungfuerzukunftsfragen.de\/podcast-unsere-zukunft-eure-fragen-das-staffelfinale\/"},"wordCount":7,"publisher":{"@id":"https:\/\/www.stiftungfuerzukunftsfragen.de\/#organization"},"keywords":["Zukunftserwartungen"],"articleSection":["Podcast"],"inLanguage":"en-GB"},{"@type":"WebPage","@id":"https:\/\/www.stiftungfuerzukunftsfragen.de\/podcast-unsere-zukunft-eure-fragen-das-staffelfinale\/","url":"https:\/\/www.stiftungfuerzukunftsfragen.de\/podcast-unsere-zukunft-eure-fragen-das-staffelfinale\/","name":"Podcast: Our future - your questions. The season finale - Stiftung f\u00fcr Zukunftsfragen","isPartOf":{"@id":"https:\/\/www.stiftungfuerzukunftsfragen.de\/#website"},"datePublished":"2022-06-21T13:52:52+00:00","dateModified":"2025-10-30T14:16:19+00:00","breadcrumb":{"@id":"https:\/\/www.stiftungfuerzukunftsfragen.de\/podcast-unsere-zukunft-eure-fragen-das-staffelfinale\/#breadcrumb"},"inLanguage":"en-GB","potentialAction":[{"@type":"ReadAction","target":["https:\/\/www.stiftungfuerzukunftsfragen.de\/podcast-unsere-zukunft-eure-fragen-das-staffelfinale\/"]}]},{"@type":"BreadcrumbList","@id":"https:\/\/www.stiftungfuerzukunftsfragen.de\/podcast-unsere-zukunft-eure-fragen-das-staffelfinale\/#breadcrumb","itemListElement":[{"@type":"ListItem","position":1,"name":"Startseite","item":"https:\/\/www.stiftungfuerzukunftsfragen.de\/"},{"@type":"ListItem","position":2,"name":"Podcast: Unsere Zukunft \u2013 eure Fragen. Das Staffelfinale"}]},{"@type":"WebSite","@id":"https:\/\/www.stiftungfuerzukunftsfragen.de\/#website","url":"https:\/\/www.stiftungfuerzukunftsfragen.de\/","name":"Foundation for Future Issues","description":"An initiative by BAT","publisher":{"@id":"https:\/\/www.stiftungfuerzukunftsfragen.de\/#organization"},"potentialAction":[{"@type":"SearchAction","target":{"@type":"EntryPoint","urlTemplate":"https:\/\/www.stiftungfuerzukunftsfragen.de\/?s={search_term_string}"},"query-input":{"@type":"PropertyValueSpecification","valueRequired":true,"valueName":"search_term_string"}}],"inLanguage":"en-GB"},{"@type":"Organization","@id":"https:\/\/www.stiftungfuerzukunftsfragen.de\/#organization","name":"Foundation for Future Issues","url":"https:\/\/www.stiftungfuerzukunftsfragen.de\/","logo":{"@type":"ImageObject","inLanguage":"en-GB","@id":"https:\/\/www.stiftungfuerzukunftsfragen.de\/#\/schema\/logo\/image\/","url":"https:\/\/www.stiftungfuerzukunftsfragen.de\/wp-content\/uploads\/Stiftung-fuer-Zukunftsfragen-Logo-e1662668075158.png","contentUrl":"https:\/\/www.stiftungfuerzukunftsfragen.de\/wp-content\/uploads\/Stiftung-fuer-Zukunftsfragen-Logo-e1662668075158.png","width":609,"height":144,"caption":"Stiftung f\u00fcr Zukunftsfragen"},"image":{"@id":"https:\/\/www.stiftungfuerzukunftsfragen.de\/#\/schema\/logo\/image\/"},"sameAs":["https:\/\/www.facebook.com\/pages\/Stiftung-fr-Zukunftsfragen\/207485789294838"]},{"@type":"Person","@id":"https:\/\/www.stiftungfuerzukunftsfragen.de\/#\/schema\/person\/a84ed841adee9fac0b041775288b1723","name":"p622181"}]}},"_links":{"self":[{"href":"https:\/\/www.stiftungfuerzukunftsfragen.de\/en\/wp-json\/wp\/v2\/posts\/2751","targetHints":{"allow":["GET"]}}],"collection":[{"href":"https:\/\/www.stiftungfuerzukunftsfragen.de\/en\/wp-json\/wp\/v2\/posts"}],"about":[{"href":"https:\/\/www.stiftungfuerzukunftsfragen.de\/en\/wp-json\/wp\/v2\/types\/post"}],"author":[{"embeddable":true,"href":"https:\/\/www.stiftungfuerzukunftsfragen.de\/en\/wp-json\/wp\/v2\/users\/1"}],"replies":[{"embeddable":true,"href":"https:\/\/www.stiftungfuerzukunftsfragen.de\/en\/wp-json\/wp\/v2\/comments?post=2751"}],"version-history":[{"count":3,"href":"https:\/\/www.stiftungfuerzukunftsfragen.de\/en\/wp-json\/wp\/v2\/posts\/2751\/revisions"}],"predecessor-version":[{"id":5854,"href":"https:\/\/www.stiftungfuerzukunftsfragen.de\/en\/wp-json\/wp\/v2\/posts\/2751\/revisions\/5854"}],"wp:attachment":[{"href":"https:\/\/www.stiftungfuerzukunftsfragen.de\/en\/wp-json\/wp\/v2\/media?parent=2751"}],"wp:term":[{"taxonomy":"category","embeddable":true,"href":"https:\/\/www.stiftungfuerzukunftsfragen.de\/en\/wp-json\/wp\/v2\/categories?post=2751"},{"taxonomy":"post_tag","embeddable":true,"href":"https:\/\/www.stiftungfuerzukunftsfragen.de\/en\/wp-json\/wp\/v2\/tags?post=2751"}],"curies":[{"name":"wp","href":"https:\/\/api.w.org\/{rel}","templated":true}]}}