{"id":3047,"date":"2022-06-07T11:08:35","date_gmt":"2022-06-07T09:08:35","guid":{"rendered":"https:\/\/zukunft.ideenbude.de\/?p=3047"},"modified":"2025-10-30T15:16:20","modified_gmt":"2025-10-30T14:16:20","slug":"podcast-the-future-of-education-prepares-you-well-for-tomorrow","status":"publish","type":"post","link":"https:\/\/www.stiftungfuerzukunftsfragen.de\/en\/podcast-die-zukunft-der-bildung-bereitet-sie-gut-auf-das-morgen-vor\/","title":{"rendered":"Podcast: The future of education - does it prepare well for tomorrow?"},"content":{"rendered":"","protected":false},"excerpt":{"rendered":"<p>What purpose does education actually serve? Are its form and content still up to date and what should it look like in the future? In this episode, find out in which areas education is changing, why lifelong learning should not remain an empty phrase and why a visit to the amusement park definitely has an educational purpose. We also talk about the increasing importance of learning for life rather than for work, the end of face-to-face teaching and the power of language.<\/p>","protected":false},"author":1,"featured_media":0,"comment_status":"closed","ping_status":"open","sticky":false,"template":"","format":"standard","meta":{"_acf_changed":false,"footnotes":""},"categories":[55],"tags":[69],"class_list":["post-3047","post","type-post","status-publish","format-standard","hentry","category-podcast","tag-wirtschaft-politik"],"acf":{"ausgabe_nummer":"Podcast, Staffel 1 - Folge 09","pdf-download_dateiname":"www.stiftungfuerzukunftsfragen.de_podcast-die-zukunft-der-bildung-bereitet-sie-gut-auf-das-morgen-vor.pdf","podcast_embed_code":"<iframe style=\"border-radius:12px\" src=\"https:\/\/open.spotify.com\/embed\/episode\/1qhZFXPxfZ3SuEXKWh1XhY?utm_source=generator&theme=0\" width=\"100%\" height=\"152\" frameBorder=\"0\" allowfullscreen=\"\" allow=\"autoplay; clipboard-write; encrypted-media; fullscreen; picture-in-picture\"><\/iframe>","pdf-clean":false,"markdown":"","hidden_html":""},"yoast_head":"<!-- This site is optimized with the Yoast SEO plugin v27.1.1 - https:\/\/yoast.com\/product\/yoast-seo-wordpress\/ -->\n<title>Podcast: Die Zukunft der Bildung \u2013 bereitet sie gut auf das Morgen vor? - Stiftung f\u00fcr Zukunftsfragen<\/title>\n<meta name=\"robots\" content=\"index, follow, max-snippet:-1, max-image-preview:large, max-video-preview:-1\" \/>\n<link rel=\"canonical\" href=\"https:\/\/www.stiftungfuerzukunftsfragen.de\/en\/podcast-the-future-of-education-prepares-you-well-for-tomorrow\/\" \/>\n<meta property=\"og:locale\" content=\"en_GB\" \/>\n<meta property=\"og:type\" content=\"article\" \/>\n<meta property=\"og:title\" content=\"Podcast: Die Zukunft der Bildung \u2013 bereitet sie gut auf das Morgen vor? - Stiftung f\u00fcr Zukunftsfragen\" \/>\n<meta property=\"og:description\" content=\"Welchem Zweck dient Bildung eigentlich? Sind Form und Inhalt noch zeitgem\u00e4\u00df und wie sollte sie zuk\u00fcnftig aussehen? Erfahre in dieser Folge, in welchen Bereichen sich Bildung ver\u00e4ndert, wieso lebenslanges Lernen keine Floskel bleiben darf und ein Besuch im Freizeitpark durchaus einen Bildungsanspruch hat. Wir sprechen zudem \u00fcber die zunehmende Bedeutung des Lernens f\u00fcrs Leben statt den Beruf, das Ende des Frontalunterrichts und die Macht der Sprache.\" \/>\n<meta property=\"og:url\" content=\"https:\/\/www.stiftungfuerzukunftsfragen.de\/en\/podcast-the-future-of-education-prepares-you-well-for-tomorrow\/\" \/>\n<meta property=\"og:site_name\" content=\"Stiftung f\u00fcr Zukunftsfragen\" \/>\n<meta property=\"article:publisher\" content=\"https:\/\/www.facebook.com\/pages\/Stiftung-fr-Zukunftsfragen\/207485789294838\" \/>\n<meta property=\"article:published_time\" content=\"2022-06-07T09:08:35+00:00\" \/>\n<meta property=\"article:modified_time\" content=\"2025-10-30T14:16:20+00:00\" \/>\n<meta name=\"author\" content=\"p622181\" \/>\n<meta name=\"twitter:card\" content=\"summary_large_image\" \/>\n<meta name=\"twitter:label1\" content=\"Written by\" \/>\n\t<meta name=\"twitter:data1\" content=\"p622181\" \/>\n\t<meta name=\"twitter:label2\" content=\"Estimated reading time\" \/>\n\t<meta name=\"twitter:data2\" content=\"1 minute\" \/>\n<script type=\"application\/ld+json\" class=\"yoast-schema-graph\">{\"@context\":\"https:\/\/schema.org\",\"@graph\":[{\"@type\":\"Article\",\"@id\":\"https:\/\/www.stiftungfuerzukunftsfragen.de\/podcast-die-zukunft-der-bildung-bereitet-sie-gut-auf-das-morgen-vor\/#article\",\"isPartOf\":{\"@id\":\"https:\/\/www.stiftungfuerzukunftsfragen.de\/podcast-die-zukunft-der-bildung-bereitet-sie-gut-auf-das-morgen-vor\/\"},\"author\":{\"name\":\"p622181\",\"@id\":\"https:\/\/www.stiftungfuerzukunftsfragen.de\/#\/schema\/person\/a84ed841adee9fac0b041775288b1723\"},\"headline\":\"Podcast: Die Zukunft der Bildung \u2013 bereitet sie gut auf das Morgen vor?\",\"datePublished\":\"2022-06-07T09:08:35+00:00\",\"dateModified\":\"2025-10-30T14:16:20+00:00\",\"mainEntityOfPage\":{\"@id\":\"https:\/\/www.stiftungfuerzukunftsfragen.de\/podcast-die-zukunft-der-bildung-bereitet-sie-gut-auf-das-morgen-vor\/\"},\"wordCount\":12,\"publisher\":{\"@id\":\"https:\/\/www.stiftungfuerzukunftsfragen.de\/#organization\"},\"keywords\":[\"Wirtschaft &amp; Politik\"],\"articleSection\":[\"Podcast\"],\"inLanguage\":\"en-GB\"},{\"@type\":\"WebPage\",\"@id\":\"https:\/\/www.stiftungfuerzukunftsfragen.de\/podcast-die-zukunft-der-bildung-bereitet-sie-gut-auf-das-morgen-vor\/\",\"url\":\"https:\/\/www.stiftungfuerzukunftsfragen.de\/podcast-die-zukunft-der-bildung-bereitet-sie-gut-auf-das-morgen-vor\/\",\"name\":\"Podcast: Die Zukunft der Bildung \u2013 bereitet sie gut auf das Morgen vor? - Stiftung f\u00fcr Zukunftsfragen\",\"isPartOf\":{\"@id\":\"https:\/\/www.stiftungfuerzukunftsfragen.de\/#website\"},\"datePublished\":\"2022-06-07T09:08:35+00:00\",\"dateModified\":\"2025-10-30T14:16:20+00:00\",\"breadcrumb\":{\"@id\":\"https:\/\/www.stiftungfuerzukunftsfragen.de\/podcast-die-zukunft-der-bildung-bereitet-sie-gut-auf-das-morgen-vor\/#breadcrumb\"},\"inLanguage\":\"en-GB\",\"potentialAction\":[{\"@type\":\"ReadAction\",\"target\":[\"https:\/\/www.stiftungfuerzukunftsfragen.de\/podcast-die-zukunft-der-bildung-bereitet-sie-gut-auf-das-morgen-vor\/\"]}]},{\"@type\":\"BreadcrumbList\",\"@id\":\"https:\/\/www.stiftungfuerzukunftsfragen.de\/podcast-die-zukunft-der-bildung-bereitet-sie-gut-auf-das-morgen-vor\/#breadcrumb\",\"itemListElement\":[{\"@type\":\"ListItem\",\"position\":1,\"name\":\"Startseite\",\"item\":\"https:\/\/www.stiftungfuerzukunftsfragen.de\/\"},{\"@type\":\"ListItem\",\"position\":2,\"name\":\"Podcast: Die Zukunft der Bildung \u2013 bereitet sie gut auf das Morgen vor?\"}]},{\"@type\":\"WebSite\",\"@id\":\"https:\/\/www.stiftungfuerzukunftsfragen.de\/#website\",\"url\":\"https:\/\/www.stiftungfuerzukunftsfragen.de\/\",\"name\":\"Stiftung f\u00fcr Zukunftsfragen\",\"description\":\"Eine Initiative von BAT\",\"publisher\":{\"@id\":\"https:\/\/www.stiftungfuerzukunftsfragen.de\/#organization\"},\"potentialAction\":[{\"@type\":\"SearchAction\",\"target\":{\"@type\":\"EntryPoint\",\"urlTemplate\":\"https:\/\/www.stiftungfuerzukunftsfragen.de\/?s={search_term_string}\"},\"query-input\":{\"@type\":\"PropertyValueSpecification\",\"valueRequired\":true,\"valueName\":\"search_term_string\"}}],\"inLanguage\":\"en-GB\"},{\"@type\":\"Organization\",\"@id\":\"https:\/\/www.stiftungfuerzukunftsfragen.de\/#organization\",\"name\":\"Stiftung f\u00fcr Zukunftsfragen\",\"url\":\"https:\/\/www.stiftungfuerzukunftsfragen.de\/\",\"logo\":{\"@type\":\"ImageObject\",\"inLanguage\":\"en-GB\",\"@id\":\"https:\/\/www.stiftungfuerzukunftsfragen.de\/#\/schema\/logo\/image\/\",\"url\":\"https:\/\/www.stiftungfuerzukunftsfragen.de\/wp-content\/uploads\/Stiftung-fuer-Zukunftsfragen-Logo-e1662668075158.png\",\"contentUrl\":\"https:\/\/www.stiftungfuerzukunftsfragen.de\/wp-content\/uploads\/Stiftung-fuer-Zukunftsfragen-Logo-e1662668075158.png\",\"width\":609,\"height\":144,\"caption\":\"Stiftung f\u00fcr Zukunftsfragen\"},\"image\":{\"@id\":\"https:\/\/www.stiftungfuerzukunftsfragen.de\/#\/schema\/logo\/image\/\"},\"sameAs\":[\"https:\/\/www.facebook.com\/pages\/Stiftung-fr-Zukunftsfragen\/207485789294838\"]},{\"@type\":\"Person\",\"@id\":\"https:\/\/www.stiftungfuerzukunftsfragen.de\/#\/schema\/person\/a84ed841adee9fac0b041775288b1723\",\"name\":\"p622181\"}]}<\/script>\n<!-- \/ Yoast SEO plugin. -->","yoast_head_json":{"title":"Podcast: The future of education - does it prepare well for tomorrow? - Foundation for Future Studies","robots":{"index":"index","follow":"follow","max-snippet":"max-snippet:-1","max-image-preview":"max-image-preview:large","max-video-preview":"max-video-preview:-1"},"canonical":"https:\/\/www.stiftungfuerzukunftsfragen.de\/en\/podcast-the-future-of-education-prepares-you-well-for-tomorrow\/","og_locale":"en_GB","og_type":"article","og_title":"Podcast: Die Zukunft der Bildung \u2013 bereitet sie gut auf das Morgen vor? - Stiftung f\u00fcr Zukunftsfragen","og_description":"Welchem Zweck dient Bildung eigentlich? Sind Form und Inhalt noch zeitgem\u00e4\u00df und wie sollte sie zuk\u00fcnftig aussehen? Erfahre in dieser Folge, in welchen Bereichen sich Bildung ver\u00e4ndert, wieso lebenslanges Lernen keine Floskel bleiben darf und ein Besuch im Freizeitpark durchaus einen Bildungsanspruch hat. Wir sprechen zudem \u00fcber die zunehmende Bedeutung des Lernens f\u00fcrs Leben statt den Beruf, das Ende des Frontalunterrichts und die Macht der Sprache.","og_url":"https:\/\/www.stiftungfuerzukunftsfragen.de\/en\/podcast-the-future-of-education-prepares-you-well-for-tomorrow\/","og_site_name":"Stiftung f\u00fcr Zukunftsfragen","article_publisher":"https:\/\/www.facebook.com\/pages\/Stiftung-fr-Zukunftsfragen\/207485789294838","article_published_time":"2022-06-07T09:08:35+00:00","article_modified_time":"2025-10-30T14:16:20+00:00","author":"p622181","twitter_card":"summary_large_image","twitter_misc":{"Written by":"p622181","Estimated reading time":"1 minute"},"schema":{"@context":"https:\/\/schema.org","@graph":[{"@type":"Article","@id":"https:\/\/www.stiftungfuerzukunftsfragen.de\/podcast-die-zukunft-der-bildung-bereitet-sie-gut-auf-das-morgen-vor\/#article","isPartOf":{"@id":"https:\/\/www.stiftungfuerzukunftsfragen.de\/podcast-die-zukunft-der-bildung-bereitet-sie-gut-auf-das-morgen-vor\/"},"author":{"name":"p622181","@id":"https:\/\/www.stiftungfuerzukunftsfragen.de\/#\/schema\/person\/a84ed841adee9fac0b041775288b1723"},"headline":"Podcast: Die Zukunft der Bildung \u2013 bereitet sie gut auf das Morgen vor?","datePublished":"2022-06-07T09:08:35+00:00","dateModified":"2025-10-30T14:16:20+00:00","mainEntityOfPage":{"@id":"https:\/\/www.stiftungfuerzukunftsfragen.de\/podcast-die-zukunft-der-bildung-bereitet-sie-gut-auf-das-morgen-vor\/"},"wordCount":12,"publisher":{"@id":"https:\/\/www.stiftungfuerzukunftsfragen.de\/#organization"},"keywords":["Wirtschaft &amp; Politik"],"articleSection":["Podcast"],"inLanguage":"en-GB"},{"@type":"WebPage","@id":"https:\/\/www.stiftungfuerzukunftsfragen.de\/podcast-die-zukunft-der-bildung-bereitet-sie-gut-auf-das-morgen-vor\/","url":"https:\/\/www.stiftungfuerzukunftsfragen.de\/podcast-die-zukunft-der-bildung-bereitet-sie-gut-auf-das-morgen-vor\/","name":"Podcast: The future of education - does it prepare well for tomorrow? - Foundation for Future Studies","isPartOf":{"@id":"https:\/\/www.stiftungfuerzukunftsfragen.de\/#website"},"datePublished":"2022-06-07T09:08:35+00:00","dateModified":"2025-10-30T14:16:20+00:00","breadcrumb":{"@id":"https:\/\/www.stiftungfuerzukunftsfragen.de\/podcast-die-zukunft-der-bildung-bereitet-sie-gut-auf-das-morgen-vor\/#breadcrumb"},"inLanguage":"en-GB","potentialAction":[{"@type":"ReadAction","target":["https:\/\/www.stiftungfuerzukunftsfragen.de\/podcast-die-zukunft-der-bildung-bereitet-sie-gut-auf-das-morgen-vor\/"]}]},{"@type":"BreadcrumbList","@id":"https:\/\/www.stiftungfuerzukunftsfragen.de\/podcast-die-zukunft-der-bildung-bereitet-sie-gut-auf-das-morgen-vor\/#breadcrumb","itemListElement":[{"@type":"ListItem","position":1,"name":"Startseite","item":"https:\/\/www.stiftungfuerzukunftsfragen.de\/"},{"@type":"ListItem","position":2,"name":"Podcast: Die Zukunft der Bildung \u2013 bereitet sie gut auf das Morgen vor?"}]},{"@type":"WebSite","@id":"https:\/\/www.stiftungfuerzukunftsfragen.de\/#website","url":"https:\/\/www.stiftungfuerzukunftsfragen.de\/","name":"Foundation for Future Issues","description":"An initiative by BAT","publisher":{"@id":"https:\/\/www.stiftungfuerzukunftsfragen.de\/#organization"},"potentialAction":[{"@type":"SearchAction","target":{"@type":"EntryPoint","urlTemplate":"https:\/\/www.stiftungfuerzukunftsfragen.de\/?s={search_term_string}"},"query-input":{"@type":"PropertyValueSpecification","valueRequired":true,"valueName":"search_term_string"}}],"inLanguage":"en-GB"},{"@type":"Organization","@id":"https:\/\/www.stiftungfuerzukunftsfragen.de\/#organization","name":"Foundation for Future Issues","url":"https:\/\/www.stiftungfuerzukunftsfragen.de\/","logo":{"@type":"ImageObject","inLanguage":"en-GB","@id":"https:\/\/www.stiftungfuerzukunftsfragen.de\/#\/schema\/logo\/image\/","url":"https:\/\/www.stiftungfuerzukunftsfragen.de\/wp-content\/uploads\/Stiftung-fuer-Zukunftsfragen-Logo-e1662668075158.png","contentUrl":"https:\/\/www.stiftungfuerzukunftsfragen.de\/wp-content\/uploads\/Stiftung-fuer-Zukunftsfragen-Logo-e1662668075158.png","width":609,"height":144,"caption":"Stiftung f\u00fcr Zukunftsfragen"},"image":{"@id":"https:\/\/www.stiftungfuerzukunftsfragen.de\/#\/schema\/logo\/image\/"},"sameAs":["https:\/\/www.facebook.com\/pages\/Stiftung-fr-Zukunftsfragen\/207485789294838"]},{"@type":"Person","@id":"https:\/\/www.stiftungfuerzukunftsfragen.de\/#\/schema\/person\/a84ed841adee9fac0b041775288b1723","name":"p622181"}]}},"_links":{"self":[{"href":"https:\/\/www.stiftungfuerzukunftsfragen.de\/en\/wp-json\/wp\/v2\/posts\/3047","targetHints":{"allow":["GET"]}}],"collection":[{"href":"https:\/\/www.stiftungfuerzukunftsfragen.de\/en\/wp-json\/wp\/v2\/posts"}],"about":[{"href":"https:\/\/www.stiftungfuerzukunftsfragen.de\/en\/wp-json\/wp\/v2\/types\/post"}],"author":[{"embeddable":true,"href":"https:\/\/www.stiftungfuerzukunftsfragen.de\/en\/wp-json\/wp\/v2\/users\/1"}],"replies":[{"embeddable":true,"href":"https:\/\/www.stiftungfuerzukunftsfragen.de\/en\/wp-json\/wp\/v2\/comments?post=3047"}],"version-history":[{"count":2,"href":"https:\/\/www.stiftungfuerzukunftsfragen.de\/en\/wp-json\/wp\/v2\/posts\/3047\/revisions"}],"predecessor-version":[{"id":5855,"href":"https:\/\/www.stiftungfuerzukunftsfragen.de\/en\/wp-json\/wp\/v2\/posts\/3047\/revisions\/5855"}],"wp:attachment":[{"href":"https:\/\/www.stiftungfuerzukunftsfragen.de\/en\/wp-json\/wp\/v2\/media?parent=3047"}],"wp:term":[{"taxonomy":"category","embeddable":true,"href":"https:\/\/www.stiftungfuerzukunftsfragen.de\/en\/wp-json\/wp\/v2\/categories?post=3047"},{"taxonomy":"post_tag","embeddable":true,"href":"https:\/\/www.stiftungfuerzukunftsfragen.de\/en\/wp-json\/wp\/v2\/tags?post=3047"}],"curies":[{"name":"wp","href":"https:\/\/api.w.org\/{rel}","templated":true}]}}