{"id":3697,"date":"2022-02-03T21:25:09","date_gmt":"2022-02-03T20:25:09","guid":{"rendered":"https:\/\/zukunft.ideenbude.de\/?p=3697"},"modified":"2025-10-30T15:16:32","modified_gmt":"2025-10-30T14:16:32","slug":"podcast-later-everything-was-better-the-future-podcast","status":"publish","type":"post","link":"https:\/\/www.stiftungfuerzukunftsfragen.de\/en\/podcast-spaeter-war-alles-besser-der-zukunftspodcast\/","title":{"rendered":"Podcast: Everything was better later - The future podcast"},"content":{"rendered":"","protected":false},"excerpt":{"rendered":"<p>Everything was better later - The future podcast starts on 15 February 2022!<br \/>\nHow will we live in the future? Or rather, how do we want to live in the future? In this podcast, Ayaan G\u00fcls, spokesperson for the Stiftung f\u00fcr Zukunftsfragen, asks the scientific director and futurologist, Professor Dr Ulrich Reinhardt, these and many other questions. And he provides answers and well-founded predictions for the future.<br \/>\nSubscribe to the podcast now and never miss an episode!<\/p>","protected":false},"author":34,"featured_media":0,"comment_status":"closed","ping_status":"open","sticky":false,"template":"","format":"standard","meta":{"_acf_changed":false,"footnotes":""},"categories":[55],"tags":[67],"class_list":["post-3697","post","type-post","status-publish","format-standard","hentry","category-podcast","tag-zukunftserwartungen"],"acf":{"ausgabe_nummer":"Podcast, Staffel 1 - Trailer","pdf-download_dateiname":"www.stiftungfuerzukunftsfragen.de_podcast-spaeter-war-alles-besser-der-zukunftspodcast.pdf","podcast_embed_code":"<iframe style=\"border-radius:12px\" src=\"https:\/\/open.spotify.com\/embed\/episode\/0mZPE0rSxx6QYS4anE9h8t?utm_source=generator&theme=0\" width=\"100%\" height=\"152\" frameBorder=\"0\" allowfullscreen=\"\" allow=\"autoplay; clipboard-write; encrypted-media; fullscreen; picture-in-picture\" loading=\"lazy\"><\/iframe>","pdf-clean":false,"markdown":"","hidden_html":""},"yoast_head":"<!-- This site is optimized with the Yoast SEO plugin v27.1.1 - https:\/\/yoast.com\/product\/yoast-seo-wordpress\/ -->\n<title>Podcast: Sp\u00e4ter war alles besser - Der Zukunftspodcast - Stiftung f\u00fcr Zukunftsfragen<\/title>\n<meta name=\"robots\" content=\"index, follow, max-snippet:-1, max-image-preview:large, max-video-preview:-1\" \/>\n<link rel=\"canonical\" href=\"https:\/\/www.stiftungfuerzukunftsfragen.de\/en\/podcast-later-everything-was-better-the-future-podcast\/\" \/>\n<meta property=\"og:locale\" content=\"en_GB\" \/>\n<meta property=\"og:type\" content=\"article\" \/>\n<meta property=\"og:title\" content=\"Podcast: Sp\u00e4ter war alles besser - Der Zukunftspodcast - Stiftung f\u00fcr Zukunftsfragen\" \/>\n<meta property=\"og:description\" content=\"Sp\u00e4ter war alles besser - Der Zukunftspodcast startet am 15. Februar 2022! Wie\u202fwerden wir in Zukunft leben? Oder besser gesagt, wie\u202fwollen\u202fwir in Zukunft leben? In diesem Podcast stellt Ayaan G\u00fcls, Pressesprecherin der Stiftung f\u00fcr Zukunftsfragen, dem wissenschaftlichen Leiter und Zukunftsforscher,\u202fProfessor Dr. Ulrich Reinhardt, diese und viele weitere Fragen. Und er gibt Antworten sowie fundierte Zukunftsprognosen. Jetzt den Podcast abonnieren und keine Episode verpassen!\" \/>\n<meta property=\"og:url\" content=\"https:\/\/www.stiftungfuerzukunftsfragen.de\/en\/podcast-later-everything-was-better-the-future-podcast\/\" \/>\n<meta property=\"og:site_name\" content=\"Stiftung f\u00fcr Zukunftsfragen\" \/>\n<meta property=\"article:publisher\" content=\"https:\/\/www.facebook.com\/pages\/Stiftung-fr-Zukunftsfragen\/207485789294838\" \/>\n<meta property=\"article:published_time\" content=\"2022-02-03T20:25:09+00:00\" \/>\n<meta property=\"article:modified_time\" content=\"2025-10-30T14:16:32+00:00\" \/>\n<meta name=\"author\" content=\"Katharina\" \/>\n<meta name=\"twitter:card\" content=\"summary_large_image\" \/>\n<meta name=\"twitter:label1\" content=\"Written by\" \/>\n\t<meta name=\"twitter:data1\" content=\"Katharina\" \/>\n\t<meta name=\"twitter:label2\" content=\"Estimated reading time\" \/>\n\t<meta name=\"twitter:data2\" content=\"1 minute\" \/>\n<script type=\"application\/ld+json\" class=\"yoast-schema-graph\">{\"@context\":\"https:\/\/schema.org\",\"@graph\":[{\"@type\":\"Article\",\"@id\":\"https:\/\/www.stiftungfuerzukunftsfragen.de\/podcast-spaeter-war-alles-besser-der-zukunftspodcast\/#article\",\"isPartOf\":{\"@id\":\"https:\/\/www.stiftungfuerzukunftsfragen.de\/podcast-spaeter-war-alles-besser-der-zukunftspodcast\/\"},\"author\":{\"name\":\"Katharina\",\"@id\":\"https:\/\/www.stiftungfuerzukunftsfragen.de\/#\/schema\/person\/b14fb02cfaa3876e71eae1309e9746d7\"},\"headline\":\"Podcast: Sp\u00e4ter war alles besser &#8211; Der Zukunftspodcast\",\"datePublished\":\"2022-02-03T20:25:09+00:00\",\"dateModified\":\"2025-10-30T14:16:32+00:00\",\"mainEntityOfPage\":{\"@id\":\"https:\/\/www.stiftungfuerzukunftsfragen.de\/podcast-spaeter-war-alles-besser-der-zukunftspodcast\/\"},\"wordCount\":9,\"publisher\":{\"@id\":\"https:\/\/www.stiftungfuerzukunftsfragen.de\/#organization\"},\"keywords\":[\"Zukunftserwartungen\"],\"articleSection\":[\"Podcast\"],\"inLanguage\":\"en-GB\"},{\"@type\":\"WebPage\",\"@id\":\"https:\/\/www.stiftungfuerzukunftsfragen.de\/podcast-spaeter-war-alles-besser-der-zukunftspodcast\/\",\"url\":\"https:\/\/www.stiftungfuerzukunftsfragen.de\/podcast-spaeter-war-alles-besser-der-zukunftspodcast\/\",\"name\":\"Podcast: Sp\u00e4ter war alles besser - Der Zukunftspodcast - Stiftung f\u00fcr Zukunftsfragen\",\"isPartOf\":{\"@id\":\"https:\/\/www.stiftungfuerzukunftsfragen.de\/#website\"},\"datePublished\":\"2022-02-03T20:25:09+00:00\",\"dateModified\":\"2025-10-30T14:16:32+00:00\",\"breadcrumb\":{\"@id\":\"https:\/\/www.stiftungfuerzukunftsfragen.de\/podcast-spaeter-war-alles-besser-der-zukunftspodcast\/#breadcrumb\"},\"inLanguage\":\"en-GB\",\"potentialAction\":[{\"@type\":\"ReadAction\",\"target\":[\"https:\/\/www.stiftungfuerzukunftsfragen.de\/podcast-spaeter-war-alles-besser-der-zukunftspodcast\/\"]}]},{\"@type\":\"BreadcrumbList\",\"@id\":\"https:\/\/www.stiftungfuerzukunftsfragen.de\/podcast-spaeter-war-alles-besser-der-zukunftspodcast\/#breadcrumb\",\"itemListElement\":[{\"@type\":\"ListItem\",\"position\":1,\"name\":\"Startseite\",\"item\":\"https:\/\/www.stiftungfuerzukunftsfragen.de\/\"},{\"@type\":\"ListItem\",\"position\":2,\"name\":\"Podcast: Sp\u00e4ter war alles besser &#8211; Der Zukunftspodcast\"}]},{\"@type\":\"WebSite\",\"@id\":\"https:\/\/www.stiftungfuerzukunftsfragen.de\/#website\",\"url\":\"https:\/\/www.stiftungfuerzukunftsfragen.de\/\",\"name\":\"Stiftung f\u00fcr Zukunftsfragen\",\"description\":\"Eine Initiative von BAT\",\"publisher\":{\"@id\":\"https:\/\/www.stiftungfuerzukunftsfragen.de\/#organization\"},\"potentialAction\":[{\"@type\":\"SearchAction\",\"target\":{\"@type\":\"EntryPoint\",\"urlTemplate\":\"https:\/\/www.stiftungfuerzukunftsfragen.de\/?s={search_term_string}\"},\"query-input\":{\"@type\":\"PropertyValueSpecification\",\"valueRequired\":true,\"valueName\":\"search_term_string\"}}],\"inLanguage\":\"en-GB\"},{\"@type\":\"Organization\",\"@id\":\"https:\/\/www.stiftungfuerzukunftsfragen.de\/#organization\",\"name\":\"Stiftung f\u00fcr Zukunftsfragen\",\"url\":\"https:\/\/www.stiftungfuerzukunftsfragen.de\/\",\"logo\":{\"@type\":\"ImageObject\",\"inLanguage\":\"en-GB\",\"@id\":\"https:\/\/www.stiftungfuerzukunftsfragen.de\/#\/schema\/logo\/image\/\",\"url\":\"https:\/\/www.stiftungfuerzukunftsfragen.de\/wp-content\/uploads\/Stiftung-fuer-Zukunftsfragen-Logo-e1662668075158.png\",\"contentUrl\":\"https:\/\/www.stiftungfuerzukunftsfragen.de\/wp-content\/uploads\/Stiftung-fuer-Zukunftsfragen-Logo-e1662668075158.png\",\"width\":609,\"height\":144,\"caption\":\"Stiftung f\u00fcr Zukunftsfragen\"},\"image\":{\"@id\":\"https:\/\/www.stiftungfuerzukunftsfragen.de\/#\/schema\/logo\/image\/\"},\"sameAs\":[\"https:\/\/www.facebook.com\/pages\/Stiftung-fr-Zukunftsfragen\/207485789294838\"]},{\"@type\":\"Person\",\"@id\":\"https:\/\/www.stiftungfuerzukunftsfragen.de\/#\/schema\/person\/b14fb02cfaa3876e71eae1309e9746d7\",\"name\":\"Katharina\"}]}<\/script>\n<!-- \/ Yoast SEO plugin. -->","yoast_head_json":{"title":"Podcast: Everything was better later - The Future Podcast - Stiftung f\u00fcr Zukunftsfragen","robots":{"index":"index","follow":"follow","max-snippet":"max-snippet:-1","max-image-preview":"max-image-preview:large","max-video-preview":"max-video-preview:-1"},"canonical":"https:\/\/www.stiftungfuerzukunftsfragen.de\/en\/podcast-later-everything-was-better-the-future-podcast\/","og_locale":"en_GB","og_type":"article","og_title":"Podcast: Sp\u00e4ter war alles besser - Der Zukunftspodcast - Stiftung f\u00fcr Zukunftsfragen","og_description":"Sp\u00e4ter war alles besser - Der Zukunftspodcast startet am 15. Februar 2022! Wie\u202fwerden wir in Zukunft leben? Oder besser gesagt, wie\u202fwollen\u202fwir in Zukunft leben? In diesem Podcast stellt Ayaan G\u00fcls, Pressesprecherin der Stiftung f\u00fcr Zukunftsfragen, dem wissenschaftlichen Leiter und Zukunftsforscher,\u202fProfessor Dr. Ulrich Reinhardt, diese und viele weitere Fragen. Und er gibt Antworten sowie fundierte Zukunftsprognosen. Jetzt den Podcast abonnieren und keine Episode verpassen!","og_url":"https:\/\/www.stiftungfuerzukunftsfragen.de\/en\/podcast-later-everything-was-better-the-future-podcast\/","og_site_name":"Stiftung f\u00fcr Zukunftsfragen","article_publisher":"https:\/\/www.facebook.com\/pages\/Stiftung-fr-Zukunftsfragen\/207485789294838","article_published_time":"2022-02-03T20:25:09+00:00","article_modified_time":"2025-10-30T14:16:32+00:00","author":"Katharina","twitter_card":"summary_large_image","twitter_misc":{"Written by":"Katharina","Estimated reading time":"1 minute"},"schema":{"@context":"https:\/\/schema.org","@graph":[{"@type":"Article","@id":"https:\/\/www.stiftungfuerzukunftsfragen.de\/podcast-spaeter-war-alles-besser-der-zukunftspodcast\/#article","isPartOf":{"@id":"https:\/\/www.stiftungfuerzukunftsfragen.de\/podcast-spaeter-war-alles-besser-der-zukunftspodcast\/"},"author":{"name":"Katharina","@id":"https:\/\/www.stiftungfuerzukunftsfragen.de\/#\/schema\/person\/b14fb02cfaa3876e71eae1309e9746d7"},"headline":"Podcast: Sp\u00e4ter war alles besser &#8211; Der Zukunftspodcast","datePublished":"2022-02-03T20:25:09+00:00","dateModified":"2025-10-30T14:16:32+00:00","mainEntityOfPage":{"@id":"https:\/\/www.stiftungfuerzukunftsfragen.de\/podcast-spaeter-war-alles-besser-der-zukunftspodcast\/"},"wordCount":9,"publisher":{"@id":"https:\/\/www.stiftungfuerzukunftsfragen.de\/#organization"},"keywords":["Zukunftserwartungen"],"articleSection":["Podcast"],"inLanguage":"en-GB"},{"@type":"WebPage","@id":"https:\/\/www.stiftungfuerzukunftsfragen.de\/podcast-spaeter-war-alles-besser-der-zukunftspodcast\/","url":"https:\/\/www.stiftungfuerzukunftsfragen.de\/podcast-spaeter-war-alles-besser-der-zukunftspodcast\/","name":"Podcast: Everything was better later - The Future Podcast - Stiftung f\u00fcr Zukunftsfragen","isPartOf":{"@id":"https:\/\/www.stiftungfuerzukunftsfragen.de\/#website"},"datePublished":"2022-02-03T20:25:09+00:00","dateModified":"2025-10-30T14:16:32+00:00","breadcrumb":{"@id":"https:\/\/www.stiftungfuerzukunftsfragen.de\/podcast-spaeter-war-alles-besser-der-zukunftspodcast\/#breadcrumb"},"inLanguage":"en-GB","potentialAction":[{"@type":"ReadAction","target":["https:\/\/www.stiftungfuerzukunftsfragen.de\/podcast-spaeter-war-alles-besser-der-zukunftspodcast\/"]}]},{"@type":"BreadcrumbList","@id":"https:\/\/www.stiftungfuerzukunftsfragen.de\/podcast-spaeter-war-alles-besser-der-zukunftspodcast\/#breadcrumb","itemListElement":[{"@type":"ListItem","position":1,"name":"Startseite","item":"https:\/\/www.stiftungfuerzukunftsfragen.de\/"},{"@type":"ListItem","position":2,"name":"Podcast: Sp\u00e4ter war alles besser &#8211; Der Zukunftspodcast"}]},{"@type":"WebSite","@id":"https:\/\/www.stiftungfuerzukunftsfragen.de\/#website","url":"https:\/\/www.stiftungfuerzukunftsfragen.de\/","name":"Foundation for Future Issues","description":"An initiative by BAT","publisher":{"@id":"https:\/\/www.stiftungfuerzukunftsfragen.de\/#organization"},"potentialAction":[{"@type":"SearchAction","target":{"@type":"EntryPoint","urlTemplate":"https:\/\/www.stiftungfuerzukunftsfragen.de\/?s={search_term_string}"},"query-input":{"@type":"PropertyValueSpecification","valueRequired":true,"valueName":"search_term_string"}}],"inLanguage":"en-GB"},{"@type":"Organization","@id":"https:\/\/www.stiftungfuerzukunftsfragen.de\/#organization","name":"Foundation for Future Issues","url":"https:\/\/www.stiftungfuerzukunftsfragen.de\/","logo":{"@type":"ImageObject","inLanguage":"en-GB","@id":"https:\/\/www.stiftungfuerzukunftsfragen.de\/#\/schema\/logo\/image\/","url":"https:\/\/www.stiftungfuerzukunftsfragen.de\/wp-content\/uploads\/Stiftung-fuer-Zukunftsfragen-Logo-e1662668075158.png","contentUrl":"https:\/\/www.stiftungfuerzukunftsfragen.de\/wp-content\/uploads\/Stiftung-fuer-Zukunftsfragen-Logo-e1662668075158.png","width":609,"height":144,"caption":"Stiftung f\u00fcr Zukunftsfragen"},"image":{"@id":"https:\/\/www.stiftungfuerzukunftsfragen.de\/#\/schema\/logo\/image\/"},"sameAs":["https:\/\/www.facebook.com\/pages\/Stiftung-fr-Zukunftsfragen\/207485789294838"]},{"@type":"Person","@id":"https:\/\/www.stiftungfuerzukunftsfragen.de\/#\/schema\/person\/b14fb02cfaa3876e71eae1309e9746d7","name":"Catherine"}]}},"_links":{"self":[{"href":"https:\/\/www.stiftungfuerzukunftsfragen.de\/en\/wp-json\/wp\/v2\/posts\/3697","targetHints":{"allow":["GET"]}}],"collection":[{"href":"https:\/\/www.stiftungfuerzukunftsfragen.de\/en\/wp-json\/wp\/v2\/posts"}],"about":[{"href":"https:\/\/www.stiftungfuerzukunftsfragen.de\/en\/wp-json\/wp\/v2\/types\/post"}],"author":[{"embeddable":true,"href":"https:\/\/www.stiftungfuerzukunftsfragen.de\/en\/wp-json\/wp\/v2\/users\/34"}],"replies":[{"embeddable":true,"href":"https:\/\/www.stiftungfuerzukunftsfragen.de\/en\/wp-json\/wp\/v2\/comments?post=3697"}],"version-history":[{"count":2,"href":"https:\/\/www.stiftungfuerzukunftsfragen.de\/en\/wp-json\/wp\/v2\/posts\/3697\/revisions"}],"predecessor-version":[{"id":5864,"href":"https:\/\/www.stiftungfuerzukunftsfragen.de\/en\/wp-json\/wp\/v2\/posts\/3697\/revisions\/5864"}],"wp:attachment":[{"href":"https:\/\/www.stiftungfuerzukunftsfragen.de\/en\/wp-json\/wp\/v2\/media?parent=3697"}],"wp:term":[{"taxonomy":"category","embeddable":true,"href":"https:\/\/www.stiftungfuerzukunftsfragen.de\/en\/wp-json\/wp\/v2\/categories?post=3697"},{"taxonomy":"post_tag","embeddable":true,"href":"https:\/\/www.stiftungfuerzukunftsfragen.de\/en\/wp-json\/wp\/v2\/tags?post=3697"}],"curies":[{"name":"wp","href":"https:\/\/api.w.org\/{rel}","templated":true}]}}