{"id":3921,"date":"2022-06-04T00:00:00","date_gmt":"2022-06-03T22:00:00","guid":{"rendered":"http:\/\/tourismus.raketen.info\/?p=3700"},"modified":"2025-10-30T15:16:21","modified_gmt":"2025-10-30T14:16:21","slug":"dependence-on-instagram-co","status":"publish","type":"post","link":"https:\/\/www.stiftungfuerzukunftsfragen.de\/en\/abhaengigkeit-von-instagram-co\/","title":{"rendered":"Dependence on Instagram &amp; Co."},"content":{"rendered":"<h2>Dependence on Instagram &amp; Co.: More than one in two people are critical of their own social media activities<\/h2>\n<p><img decoding=\"async\" class=\"lazyload alignnone size-full wp-image-3805\" role=\"img\" src=\"data:image\/svg+xml,%3Csvg%20xmlns%3D%27http%3A%2F%2Fwww.w3.org%2F2000%2Fsvg%27%20width%3D%27600%27%20height%3D%27292%27%20viewBox%3D%270%200%20600%20292%27%3E%3Crect%20width%3D%27600%27%20height%3D%27292%27%20fill-opacity%3D%220%22%2F%3E%3C%2Fsvg%3E\" data-orig-src=\"https:\/\/www.stiftungfuerzukunftsfragen.de\/wp-content\/uploads\/Stiftung-fuer-Zukunftsfragen_Zukunfts-Monitor-2022_Abhaengigkeit-von-Instagram-und-Co..svg\" alt=\"\" width=\"600\" height=\"292\" \/><\/p>\n<p>Whether Facebook, Instagram, TikTok or Twitter: social media play a major role in the everyday lives of many people. However, as their importance increases, so does dependency - and this now bothers more than half of all users. This is the conclusion of the latest study by the BAT FOUNDATION FOR FUTURE QUESTIONS, for which a representative survey of over 2,000 German citizens aged 18 and over was conducted in April 2022.<\/p>\n<p>55 per cent state that they are more dependent on social media (Facebook, Instagram, etc.) in their free time than they would like. The younger generation in particular is critical of their own behaviour. Older people, on the other hand, are less critical of their online behaviour.<\/p>\n<p>In addition to age, gender and region also play a role. While young East German women, for example, express the highest dissatisfaction with their social media activities at almost 90 per cent, the figure for young West German women is \u201eonly\u201c 72 per cent.<\/p>\n<p>According to Professor Dr Ulrich Reinhardt, Scientific Director of the Foundation for Future Studies, the reasons for involuntary addiction vary from person to person and range from fear of cyberbullying or missing out on something to lack of time and sleep to social pressure.<\/p>\n<p>Professor Reinhardt: \u201eLikes, comments and reactions to your own posts are like a reward. Many people are prepared to edit and embellish their own lives on social media for these rewards. This not only costs time and nerves, but often also leads to stress and dissatisfaction.\u201c<\/p>\n<p><img decoding=\"async\" class=\"lazyload alignnone size-full wp-image-3804\" role=\"img\" src=\"data:image\/svg+xml,%3Csvg%20xmlns%3D%27http%3A%2F%2Fwww.w3.org%2F2000%2Fsvg%27%20width%3D%27600%27%20height%3D%27367%27%20viewBox%3D%270%200%20600%20367%27%3E%3Crect%20width%3D%27600%27%20height%3D%27367%27%20fill-opacity%3D%220%22%2F%3E%3C%2Fsvg%3E\" data-orig-src=\"https:\/\/www.stiftungfuerzukunftsfragen.de\/wp-content\/uploads\/Stiftung-fuer-Zukunftsfragen_Zukunfts-Monitor-2022_Aufmerksamkeit-ohne-Ablenkung.svg\" alt=\"\" width=\"600\" height=\"367\" \/><\/p>\n<h2>Attention without distraction: 57 per cent want public areas without the internet<\/h2>\n<p>An undisturbed dinner in a restaurant or a shopping trip without phone calls? That's what more than half of the population would like. Many people long to have the full attention of others and not be constantly distracted.<\/p>\n<p>This is already possible in other countries. If mobile phones are switched off and guests remain offline, you get a free drink in some bars in the USA, in some restaurants in England children under the age of twelve even eat for free and in Australia the entire bill is sometimes reduced by ten per cent.<\/p>\n<p>Professor Reinhardt can also imagine the creation of such services in Germany. On the one hand, this creates a differentiation from other providers, while on the other, many people want more dialogue and more intensive conversations with family and friends - and not just because of the two-year pandemic.<\/p>\n<p>\u201eAnyone who chats, surfs, posts or calls in the presence of others is signalling that something else is more important than the conversation and contact with those present. And yet it is precisely attention that many people crave so much in personal dialogue,\u201c says Professor Reinhardt.<\/p>","protected":false},"excerpt":{"rendered":"<p>Abh\u00e4ngigkeit von Instagram &amp; Co.: Mehr als jeder Zweite sieht eigene Social-Media-Aktivit\u00e4ten kritisch Ob  [&#8230;]<\/p>\n","protected":false},"author":1,"featured_media":0,"comment_status":"closed","ping_status":"open","sticky":false,"template":"","format":"standard","meta":{"_acf_changed":false,"footnotes":""},"categories":[25],"tags":[67],"class_list":["post-3921","post","type-post","status-publish","format-standard","hentry","category-zukunftserwartungen","tag-zukunftserwartungen"],"acf":{"ausgabe_nummer":"Zukunftserwartungen - Ausg. 11","pdf-download_dateiname":"www.stiftungfuerzukunftsfragen.de_abhaengigkeit-von-instagram-co.pdf"},"yoast_head":"<!-- This site is optimized with the Yoast SEO plugin v27.1.1 - https:\/\/yoast.com\/product\/yoast-seo-wordpress\/ -->\n<title>Abh\u00e4ngigkeit von Instagram &amp; Co. - Stiftung f\u00fcr Zukunftsfragen<\/title>\n<meta name=\"robots\" content=\"index, follow, max-snippet:-1, max-image-preview:large, max-video-preview:-1\" \/>\n<link rel=\"canonical\" href=\"https:\/\/www.stiftungfuerzukunftsfragen.de\/en\/dependence-on-instagram-co\/\" \/>\n<meta property=\"og:locale\" content=\"en_GB\" \/>\n<meta property=\"og:type\" content=\"article\" \/>\n<meta property=\"og:title\" content=\"Abh\u00e4ngigkeit von Instagram &amp; Co. - Stiftung f\u00fcr Zukunftsfragen\" \/>\n<meta property=\"og:description\" content=\"Abh\u00e4ngigkeit von Instagram &amp; Co.: Mehr als jeder Zweite sieht eigene Social-Media-Aktivit\u00e4ten kritisch Ob [...]\" \/>\n<meta property=\"og:url\" content=\"https:\/\/www.stiftungfuerzukunftsfragen.de\/en\/dependence-on-instagram-co\/\" \/>\n<meta property=\"og:site_name\" content=\"Stiftung f\u00fcr Zukunftsfragen\" \/>\n<meta property=\"article:publisher\" content=\"https:\/\/www.facebook.com\/pages\/Stiftung-fr-Zukunftsfragen\/207485789294838\" \/>\n<meta property=\"article:published_time\" content=\"2022-06-03T22:00:00+00:00\" \/>\n<meta property=\"article:modified_time\" content=\"2025-10-30T14:16:21+00:00\" \/>\n<meta property=\"og:image\" content=\"https:\/\/www.stiftungfuerzukunftsfragen.de\/wp-content\/uploads\/Stiftung-fuer-Zukunftsfragen_Zukunfts-Monitor-2022_Abhaengigkeit-von-Instagram-und-Co..svg\" \/>\n<meta name=\"author\" content=\"p622181\" \/>\n<meta name=\"twitter:card\" content=\"summary_large_image\" \/>\n<meta name=\"twitter:label1\" content=\"Written by\" \/>\n\t<meta name=\"twitter:data1\" content=\"p622181\" \/>\n\t<meta name=\"twitter:label2\" content=\"Estimated reading time\" \/>\n\t<meta name=\"twitter:data2\" content=\"3 minutes\" \/>\n<script type=\"application\/ld+json\" class=\"yoast-schema-graph\">{\"@context\":\"https:\/\/schema.org\",\"@graph\":[{\"@type\":\"Article\",\"@id\":\"https:\/\/www.stiftungfuerzukunftsfragen.de\/abhaengigkeit-von-instagram-co\/#article\",\"isPartOf\":{\"@id\":\"https:\/\/www.stiftungfuerzukunftsfragen.de\/abhaengigkeit-von-instagram-co\/\"},\"author\":{\"name\":\"p622181\",\"@id\":\"https:\/\/www.stiftungfuerzukunftsfragen.de\/#\/schema\/person\/a84ed841adee9fac0b041775288b1723\"},\"headline\":\"Abh\u00e4ngigkeit von Instagram &#038; Co.\",\"datePublished\":\"2022-06-03T22:00:00+00:00\",\"dateModified\":\"2025-10-30T14:16:21+00:00\",\"mainEntityOfPage\":{\"@id\":\"https:\/\/www.stiftungfuerzukunftsfragen.de\/abhaengigkeit-von-instagram-co\/\"},\"wordCount\":460,\"publisher\":{\"@id\":\"https:\/\/www.stiftungfuerzukunftsfragen.de\/#organization\"},\"image\":{\"@id\":\"https:\/\/www.stiftungfuerzukunftsfragen.de\/abhaengigkeit-von-instagram-co\/#primaryimage\"},\"thumbnailUrl\":\"https:\/\/www.stiftungfuerzukunftsfragen.de\/wp-content\/uploads\/Stiftung-fuer-Zukunftsfragen_Zukunfts-Monitor-2022_Abhaengigkeit-von-Instagram-und-Co..svg\",\"keywords\":[\"Zukunftserwartungen\"],\"articleSection\":[\"Zukunftserwartungen\"],\"inLanguage\":\"en-GB\"},{\"@type\":\"WebPage\",\"@id\":\"https:\/\/www.stiftungfuerzukunftsfragen.de\/abhaengigkeit-von-instagram-co\/\",\"url\":\"https:\/\/www.stiftungfuerzukunftsfragen.de\/abhaengigkeit-von-instagram-co\/\",\"name\":\"Abh\u00e4ngigkeit von Instagram & Co. - Stiftung f\u00fcr Zukunftsfragen\",\"isPartOf\":{\"@id\":\"https:\/\/www.stiftungfuerzukunftsfragen.de\/#website\"},\"primaryImageOfPage\":{\"@id\":\"https:\/\/www.stiftungfuerzukunftsfragen.de\/abhaengigkeit-von-instagram-co\/#primaryimage\"},\"image\":{\"@id\":\"https:\/\/www.stiftungfuerzukunftsfragen.de\/abhaengigkeit-von-instagram-co\/#primaryimage\"},\"thumbnailUrl\":\"https:\/\/www.stiftungfuerzukunftsfragen.de\/wp-content\/uploads\/Stiftung-fuer-Zukunftsfragen_Zukunfts-Monitor-2022_Abhaengigkeit-von-Instagram-und-Co..svg\",\"datePublished\":\"2022-06-03T22:00:00+00:00\",\"dateModified\":\"2025-10-30T14:16:21+00:00\",\"breadcrumb\":{\"@id\":\"https:\/\/www.stiftungfuerzukunftsfragen.de\/abhaengigkeit-von-instagram-co\/#breadcrumb\"},\"inLanguage\":\"en-GB\",\"potentialAction\":[{\"@type\":\"ReadAction\",\"target\":[\"https:\/\/www.stiftungfuerzukunftsfragen.de\/abhaengigkeit-von-instagram-co\/\"]}]},{\"@type\":\"ImageObject\",\"inLanguage\":\"en-GB\",\"@id\":\"https:\/\/www.stiftungfuerzukunftsfragen.de\/abhaengigkeit-von-instagram-co\/#primaryimage\",\"url\":\"https:\/\/www.stiftungfuerzukunftsfragen.de\/wp-content\/uploads\/Stiftung-fuer-Zukunftsfragen_Zukunfts-Monitor-2022_Abhaengigkeit-von-Instagram-und-Co..svg\",\"contentUrl\":\"https:\/\/www.stiftungfuerzukunftsfragen.de\/wp-content\/uploads\/Stiftung-fuer-Zukunftsfragen_Zukunfts-Monitor-2022_Abhaengigkeit-von-Instagram-und-Co..svg\"},{\"@type\":\"BreadcrumbList\",\"@id\":\"https:\/\/www.stiftungfuerzukunftsfragen.de\/abhaengigkeit-von-instagram-co\/#breadcrumb\",\"itemListElement\":[{\"@type\":\"ListItem\",\"position\":1,\"name\":\"Startseite\",\"item\":\"https:\/\/www.stiftungfuerzukunftsfragen.de\/\"},{\"@type\":\"ListItem\",\"position\":2,\"name\":\"Abh\u00e4ngigkeit von Instagram &#038; Co.\"}]},{\"@type\":\"WebSite\",\"@id\":\"https:\/\/www.stiftungfuerzukunftsfragen.de\/#website\",\"url\":\"https:\/\/www.stiftungfuerzukunftsfragen.de\/\",\"name\":\"Stiftung f\u00fcr Zukunftsfragen\",\"description\":\"Eine Initiative von BAT\",\"publisher\":{\"@id\":\"https:\/\/www.stiftungfuerzukunftsfragen.de\/#organization\"},\"potentialAction\":[{\"@type\":\"SearchAction\",\"target\":{\"@type\":\"EntryPoint\",\"urlTemplate\":\"https:\/\/www.stiftungfuerzukunftsfragen.de\/?s={search_term_string}\"},\"query-input\":{\"@type\":\"PropertyValueSpecification\",\"valueRequired\":true,\"valueName\":\"search_term_string\"}}],\"inLanguage\":\"en-GB\"},{\"@type\":\"Organization\",\"@id\":\"https:\/\/www.stiftungfuerzukunftsfragen.de\/#organization\",\"name\":\"Stiftung f\u00fcr Zukunftsfragen\",\"url\":\"https:\/\/www.stiftungfuerzukunftsfragen.de\/\",\"logo\":{\"@type\":\"ImageObject\",\"inLanguage\":\"en-GB\",\"@id\":\"https:\/\/www.stiftungfuerzukunftsfragen.de\/#\/schema\/logo\/image\/\",\"url\":\"https:\/\/www.stiftungfuerzukunftsfragen.de\/wp-content\/uploads\/Stiftung-fuer-Zukunftsfragen-Logo-e1662668075158.png\",\"contentUrl\":\"https:\/\/www.stiftungfuerzukunftsfragen.de\/wp-content\/uploads\/Stiftung-fuer-Zukunftsfragen-Logo-e1662668075158.png\",\"width\":609,\"height\":144,\"caption\":\"Stiftung f\u00fcr Zukunftsfragen\"},\"image\":{\"@id\":\"https:\/\/www.stiftungfuerzukunftsfragen.de\/#\/schema\/logo\/image\/\"},\"sameAs\":[\"https:\/\/www.facebook.com\/pages\/Stiftung-fr-Zukunftsfragen\/207485789294838\"]},{\"@type\":\"Person\",\"@id\":\"https:\/\/www.stiftungfuerzukunftsfragen.de\/#\/schema\/person\/a84ed841adee9fac0b041775288b1723\",\"name\":\"p622181\"}]}<\/script>\n<!-- \/ Yoast SEO plugin. -->","yoast_head_json":{"title":"Dependence on Instagram &amp; Co. - Foundation for Future Studies","robots":{"index":"index","follow":"follow","max-snippet":"max-snippet:-1","max-image-preview":"max-image-preview:large","max-video-preview":"max-video-preview:-1"},"canonical":"https:\/\/www.stiftungfuerzukunftsfragen.de\/en\/dependence-on-instagram-co\/","og_locale":"en_GB","og_type":"article","og_title":"Abh\u00e4ngigkeit von Instagram & Co. - Stiftung f\u00fcr Zukunftsfragen","og_description":"Abh\u00e4ngigkeit von Instagram &amp; Co.: Mehr als jeder Zweite sieht eigene Social-Media-Aktivit\u00e4ten kritisch Ob [...]","og_url":"https:\/\/www.stiftungfuerzukunftsfragen.de\/en\/dependence-on-instagram-co\/","og_site_name":"Stiftung f\u00fcr Zukunftsfragen","article_publisher":"https:\/\/www.facebook.com\/pages\/Stiftung-fr-Zukunftsfragen\/207485789294838","article_published_time":"2022-06-03T22:00:00+00:00","article_modified_time":"2025-10-30T14:16:21+00:00","og_image":[{"url":"https:\/\/www.stiftungfuerzukunftsfragen.de\/wp-content\/uploads\/Stiftung-fuer-Zukunftsfragen_Zukunfts-Monitor-2022_Abhaengigkeit-von-Instagram-und-Co..svg","type":"","width":"","height":""}],"author":"p622181","twitter_card":"summary_large_image","twitter_misc":{"Written by":"p622181","Estimated reading time":"3 minutes"},"schema":{"@context":"https:\/\/schema.org","@graph":[{"@type":"Article","@id":"https:\/\/www.stiftungfuerzukunftsfragen.de\/abhaengigkeit-von-instagram-co\/#article","isPartOf":{"@id":"https:\/\/www.stiftungfuerzukunftsfragen.de\/abhaengigkeit-von-instagram-co\/"},"author":{"name":"p622181","@id":"https:\/\/www.stiftungfuerzukunftsfragen.de\/#\/schema\/person\/a84ed841adee9fac0b041775288b1723"},"headline":"Abh\u00e4ngigkeit von Instagram &#038; Co.","datePublished":"2022-06-03T22:00:00+00:00","dateModified":"2025-10-30T14:16:21+00:00","mainEntityOfPage":{"@id":"https:\/\/www.stiftungfuerzukunftsfragen.de\/abhaengigkeit-von-instagram-co\/"},"wordCount":460,"publisher":{"@id":"https:\/\/www.stiftungfuerzukunftsfragen.de\/#organization"},"image":{"@id":"https:\/\/www.stiftungfuerzukunftsfragen.de\/abhaengigkeit-von-instagram-co\/#primaryimage"},"thumbnailUrl":"https:\/\/www.stiftungfuerzukunftsfragen.de\/wp-content\/uploads\/Stiftung-fuer-Zukunftsfragen_Zukunfts-Monitor-2022_Abhaengigkeit-von-Instagram-und-Co..svg","keywords":["Zukunftserwartungen"],"articleSection":["Zukunftserwartungen"],"inLanguage":"en-GB"},{"@type":"WebPage","@id":"https:\/\/www.stiftungfuerzukunftsfragen.de\/abhaengigkeit-von-instagram-co\/","url":"https:\/\/www.stiftungfuerzukunftsfragen.de\/abhaengigkeit-von-instagram-co\/","name":"Dependence on Instagram &amp; Co. - Foundation for Future Studies","isPartOf":{"@id":"https:\/\/www.stiftungfuerzukunftsfragen.de\/#website"},"primaryImageOfPage":{"@id":"https:\/\/www.stiftungfuerzukunftsfragen.de\/abhaengigkeit-von-instagram-co\/#primaryimage"},"image":{"@id":"https:\/\/www.stiftungfuerzukunftsfragen.de\/abhaengigkeit-von-instagram-co\/#primaryimage"},"thumbnailUrl":"https:\/\/www.stiftungfuerzukunftsfragen.de\/wp-content\/uploads\/Stiftung-fuer-Zukunftsfragen_Zukunfts-Monitor-2022_Abhaengigkeit-von-Instagram-und-Co..svg","datePublished":"2022-06-03T22:00:00+00:00","dateModified":"2025-10-30T14:16:21+00:00","breadcrumb":{"@id":"https:\/\/www.stiftungfuerzukunftsfragen.de\/abhaengigkeit-von-instagram-co\/#breadcrumb"},"inLanguage":"en-GB","potentialAction":[{"@type":"ReadAction","target":["https:\/\/www.stiftungfuerzukunftsfragen.de\/abhaengigkeit-von-instagram-co\/"]}]},{"@type":"ImageObject","inLanguage":"en-GB","@id":"https:\/\/www.stiftungfuerzukunftsfragen.de\/abhaengigkeit-von-instagram-co\/#primaryimage","url":"https:\/\/www.stiftungfuerzukunftsfragen.de\/wp-content\/uploads\/Stiftung-fuer-Zukunftsfragen_Zukunfts-Monitor-2022_Abhaengigkeit-von-Instagram-und-Co..svg","contentUrl":"https:\/\/www.stiftungfuerzukunftsfragen.de\/wp-content\/uploads\/Stiftung-fuer-Zukunftsfragen_Zukunfts-Monitor-2022_Abhaengigkeit-von-Instagram-und-Co..svg"},{"@type":"BreadcrumbList","@id":"https:\/\/www.stiftungfuerzukunftsfragen.de\/abhaengigkeit-von-instagram-co\/#breadcrumb","itemListElement":[{"@type":"ListItem","position":1,"name":"Startseite","item":"https:\/\/www.stiftungfuerzukunftsfragen.de\/"},{"@type":"ListItem","position":2,"name":"Abh\u00e4ngigkeit von Instagram &#038; Co."}]},{"@type":"WebSite","@id":"https:\/\/www.stiftungfuerzukunftsfragen.de\/#website","url":"https:\/\/www.stiftungfuerzukunftsfragen.de\/","name":"Foundation for Future Issues","description":"An initiative by BAT","publisher":{"@id":"https:\/\/www.stiftungfuerzukunftsfragen.de\/#organization"},"potentialAction":[{"@type":"SearchAction","target":{"@type":"EntryPoint","urlTemplate":"https:\/\/www.stiftungfuerzukunftsfragen.de\/?s={search_term_string}"},"query-input":{"@type":"PropertyValueSpecification","valueRequired":true,"valueName":"search_term_string"}}],"inLanguage":"en-GB"},{"@type":"Organization","@id":"https:\/\/www.stiftungfuerzukunftsfragen.de\/#organization","name":"Foundation for Future Issues","url":"https:\/\/www.stiftungfuerzukunftsfragen.de\/","logo":{"@type":"ImageObject","inLanguage":"en-GB","@id":"https:\/\/www.stiftungfuerzukunftsfragen.de\/#\/schema\/logo\/image\/","url":"https:\/\/www.stiftungfuerzukunftsfragen.de\/wp-content\/uploads\/Stiftung-fuer-Zukunftsfragen-Logo-e1662668075158.png","contentUrl":"https:\/\/www.stiftungfuerzukunftsfragen.de\/wp-content\/uploads\/Stiftung-fuer-Zukunftsfragen-Logo-e1662668075158.png","width":609,"height":144,"caption":"Stiftung f\u00fcr Zukunftsfragen"},"image":{"@id":"https:\/\/www.stiftungfuerzukunftsfragen.de\/#\/schema\/logo\/image\/"},"sameAs":["https:\/\/www.facebook.com\/pages\/Stiftung-fr-Zukunftsfragen\/207485789294838"]},{"@type":"Person","@id":"https:\/\/www.stiftungfuerzukunftsfragen.de\/#\/schema\/person\/a84ed841adee9fac0b041775288b1723","name":"p622181"}]}},"_links":{"self":[{"href":"https:\/\/www.stiftungfuerzukunftsfragen.de\/en\/wp-json\/wp\/v2\/posts\/3921","targetHints":{"allow":["GET"]}}],"collection":[{"href":"https:\/\/www.stiftungfuerzukunftsfragen.de\/en\/wp-json\/wp\/v2\/posts"}],"about":[{"href":"https:\/\/www.stiftungfuerzukunftsfragen.de\/en\/wp-json\/wp\/v2\/types\/post"}],"author":[{"embeddable":true,"href":"https:\/\/www.stiftungfuerzukunftsfragen.de\/en\/wp-json\/wp\/v2\/users\/1"}],"replies":[{"embeddable":true,"href":"https:\/\/www.stiftungfuerzukunftsfragen.de\/en\/wp-json\/wp\/v2\/comments?post=3921"}],"version-history":[{"count":1,"href":"https:\/\/www.stiftungfuerzukunftsfragen.de\/en\/wp-json\/wp\/v2\/posts\/3921\/revisions"}],"predecessor-version":[{"id":4509,"href":"https:\/\/www.stiftungfuerzukunftsfragen.de\/en\/wp-json\/wp\/v2\/posts\/3921\/revisions\/4509"}],"wp:attachment":[{"href":"https:\/\/www.stiftungfuerzukunftsfragen.de\/en\/wp-json\/wp\/v2\/media?parent=3921"}],"wp:term":[{"taxonomy":"category","embeddable":true,"href":"https:\/\/www.stiftungfuerzukunftsfragen.de\/en\/wp-json\/wp\/v2\/categories?post=3921"},{"taxonomy":"post_tag","embeddable":true,"href":"https:\/\/www.stiftungfuerzukunftsfragen.de\/en\/wp-json\/wp\/v2\/tags?post=3921"}],"curies":[{"name":"wp","href":"https:\/\/api.w.org\/{rel}","templated":true}]}}