{"id":3925,"date":"2021-04-29T00:00:00","date_gmt":"2021-04-28T22:00:00","guid":{"rendered":"http:\/\/tourismus.raketen.info\/?p=3704"},"modified":"2025-10-30T15:16:43","modified_gmt":"2025-10-30T14:16:43","slug":"more-and-more-germans-feel-european","status":"publish","type":"post","link":"https:\/\/www.stiftungfuerzukunftsfragen.de\/en\/immer-mehr-deutsche-fuehlen-sich-als-europaeer\/","title":{"rendered":"More and more Germans feel European"},"content":{"rendered":"<p><img decoding=\"async\" class=\"lazyload alignnone size-full wp-image-3793\" role=\"img\" src=\"data:image\/svg+xml,%3Csvg%20xmlns%3D%27http%3A%2F%2Fwww.w3.org%2F2000%2Fsvg%27%20width%3D%27600%27%20height%3D%27292%27%20viewBox%3D%270%200%20600%20292%27%3E%3Crect%20width%3D%27600%27%20height%3D%27292%27%20fill-opacity%3D%220%22%2F%3E%3C%2Fsvg%3E\" data-orig-src=\"https:\/\/www.stiftungfuerzukunftsfragen.de\/wp-content\/uploads\/Stiftung-fuer-Zukunftsfragen_Zukunfts-Monitor-2021_Immer-mehr-Buerger-fuehlen-sich-als-Europaeer.svg\" alt=\"\" width=\"600\" height=\"292\" \/><\/p>\n<div id=\"c5143\" class=\"frame frame-default frame-type-text frame-layout-0\">\n<p>Currently, two out of three Germans feel European. But this wasn&#039;t always the case. During the euro and financial crisis, less than two out of five Germans agreed with this statement. The current coronavirus pandemic, therefore, has not had a negative impact on this fundamental sense of European identity. Quite the contrary, in fact, because parallel to the growing personal feeling of belonging to Europe, the desire within the population for Germany to focus more on German and less on European interests has fallen by 22 percentage points in the last five years.<\/p>\n<p>These figures are encouraging, because a key prerequisite for the success of the European Community lies in the emotional connection people have with their continent. However, the image of the European Union often remains vague, and its strengths are not easily grasped. For many citizens, the EU seems abstract, lacking in substance, and bureaucratic.<\/p>\n<p>An even more positive perspective on Europe could be achieved if the potential for positive identification were already recognized as inherent in the citizen and built upon. The identity of each individual is not immutable or a biological given, but is shaped and influenced by socialization, group affiliation, and social roles.<\/p>\n<p><img decoding=\"async\" class=\"lazyload alignnone size-full wp-image-3792\" role=\"img\" src=\"data:image\/svg+xml,%3Csvg%20xmlns%3D%27http%3A%2F%2Fwww.w3.org%2F2000%2Fsvg%27%20width%3D%27600%27%20height%3D%27492%27%20viewBox%3D%270%200%20600%20492%27%3E%3Crect%20width%3D%27600%27%20height%3D%27492%27%20fill-opacity%3D%220%22%2F%3E%3C%2Fsvg%3E\" data-orig-src=\"https:\/\/www.stiftungfuerzukunftsfragen.de\/wp-content\/uploads\/Stiftung-fuer-Zukunftsfragen_Zukunfts-Monitor-2021_Wer-sich-mit-Europa-identifiziert.svg\" alt=\"\" width=\"600\" height=\"492\" \/><\/p>\n<div id=\"c5140\" class=\"frame frame-default frame-type-text frame-layout-0\">\n<p>Differentiation from others is also an important social behavior for developing self-awareness. This differentiation, however, does not imply rejection or devaluation of others. It fosters engagement, exchange, and the experience of commonalities and differences. Important spaces for this engagement include family and friends, as well as institutions such as schools, universities, and businesses. A continuous exchange of experiences leads to greater self-knowledge and a more complex identity, one that does not exist in a single form but adapts in diverse ways to the respective social demands. After all, one is not only a father or mother, a doctor or caregiver, a Spaniard or a Finn, but also a daughter or son, a neighbor, a friend, and a European.<\/p>\n<p>Therefore, a forward-looking approach would be to create better institutional frameworks that strengthen a positive emotional connection to Europe, allowing every citizen to flourish. This could include, for example, improved transparency and clarification of structural processes, more intensive communication of successful decisions, concepts, and agreements, visible joint action in openness and solidarity, and greater participation from civil society. If more societal forces \u2013 from politics and business to science and culture, and the general public \u2013 collaborate on this, a strong European identity could and would develop.<\/p>\n<p>&nbsp;<\/p>\n<\/div>\n<p><img decoding=\"async\" class=\"lazyload alignnone size-full wp-image-3791\" role=\"img\" src=\"data:image\/svg+xml,%3Csvg%20xmlns%3D%27http%3A%2F%2Fwww.w3.org%2F2000%2Fsvg%27%20width%3D%27600%27%20height%3D%27567%27%20viewBox%3D%270%200%20600%20567%27%3E%3Crect%20width%3D%27600%27%20height%3D%27567%27%20fill-opacity%3D%220%22%2F%3E%3C%2Fsvg%3E\" data-orig-src=\"https:\/\/www.stiftungfuerzukunftsfragen.de\/wp-content\/uploads\/Stiftung-fuer-Zukunftsfragen_Zukunfts-Monitor-2021_Fokus-auf-deutsche-oder-europaeische-Interessen.svg\" alt=\"\" width=\"600\" height=\"567\" \/><\/p>\n<p>The goal of &quot;More Europe&quot; is undoubtedly one of the most important societal issues of the future, and therefore must be addressed with foresight and responsible future-oriented thinking in order to seize the opportunities and minimize the risks. Europe is now far more than just a guarantor of peace. The EU ensures consumer protection, jobs, fair competition, security, and environmental protection. It enables all Europeans to live and work anywhere within the EU and, with its shared values, offers the world a benchmark for human rights, democracy, social cohesion, and equal opportunities. It is therefore more urgent than ever to shape Europe&#039;s role in the world and its future positively through creative, innovative, and forward-looking solutions.<\/p>\n<\/div>","protected":false},"excerpt":{"rendered":"<p>Aktuell f\u00fchlen sich zwei von drei Bundesb\u00fcrgern als Europ\u00e4er. Doch das war nicht immer  [&#8230;]<\/p>\n","protected":false},"author":1,"featured_media":0,"comment_status":"closed","ping_status":"open","sticky":false,"template":"","format":"standard","meta":{"_acf_changed":false,"footnotes":""},"categories":[25],"tags":[67],"class_list":["post-3925","post","type-post","status-publish","format-standard","hentry","category-zukunftserwartungen","tag-zukunftserwartungen"],"acf":{"ausgabe_nummer":"Zukunftserwartungen - Ausg. 05","pdf-download_dateiname":"www.stiftungfuerzukunftsfragen.de_immer-mehr-deutsche-fuehlen-sich-als-europaeer.pdf"},"yoast_head":"<!-- This site is optimized with the Yoast SEO plugin v27.1.1 - https:\/\/yoast.com\/product\/yoast-seo-wordpress\/ -->\n<title>Immer mehr Deutsche f\u00fchlen sich als Europ\u00e4er - Stiftung f\u00fcr Zukunftsfragen<\/title>\n<meta name=\"robots\" content=\"index, follow, max-snippet:-1, max-image-preview:large, max-video-preview:-1\" \/>\n<link rel=\"canonical\" href=\"https:\/\/www.stiftungfuerzukunftsfragen.de\/en\/more-and-more-germans-feel-european\/\" \/>\n<meta property=\"og:locale\" content=\"en_GB\" \/>\n<meta property=\"og:type\" content=\"article\" \/>\n<meta property=\"og:title\" content=\"Immer mehr Deutsche f\u00fchlen sich als Europ\u00e4er - Stiftung f\u00fcr Zukunftsfragen\" \/>\n<meta property=\"og:description\" content=\"Aktuell f\u00fchlen sich zwei von drei Bundesb\u00fcrgern als Europ\u00e4er. Doch das war nicht immer [...]\" \/>\n<meta property=\"og:url\" content=\"https:\/\/www.stiftungfuerzukunftsfragen.de\/en\/more-and-more-germans-feel-european\/\" \/>\n<meta property=\"og:site_name\" content=\"Stiftung f\u00fcr Zukunftsfragen\" \/>\n<meta property=\"article:publisher\" content=\"https:\/\/www.facebook.com\/pages\/Stiftung-fr-Zukunftsfragen\/207485789294838\" \/>\n<meta property=\"article:published_time\" content=\"2021-04-28T22:00:00+00:00\" \/>\n<meta property=\"article:modified_time\" content=\"2025-10-30T14:16:43+00:00\" \/>\n<meta property=\"og:image\" content=\"https:\/\/www.stiftungfuerzukunftsfragen.de\/wp-content\/uploads\/Stiftung-fuer-Zukunftsfragen_Zukunfts-Monitor-2021_Immer-mehr-Buerger-fuehlen-sich-als-Europaeer.svg\" \/>\n<meta name=\"author\" content=\"p622181\" \/>\n<meta name=\"twitter:card\" content=\"summary_large_image\" \/>\n<meta name=\"twitter:label1\" content=\"Written by\" \/>\n\t<meta name=\"twitter:data1\" content=\"p622181\" \/>\n\t<meta name=\"twitter:label2\" content=\"Estimated reading time\" \/>\n\t<meta name=\"twitter:data2\" content=\"4 minutes\" \/>\n<script type=\"application\/ld+json\" class=\"yoast-schema-graph\">{\"@context\":\"https:\/\/schema.org\",\"@graph\":[{\"@type\":\"Article\",\"@id\":\"https:\/\/www.stiftungfuerzukunftsfragen.de\/immer-mehr-deutsche-fuehlen-sich-als-europaeer\/#article\",\"isPartOf\":{\"@id\":\"https:\/\/www.stiftungfuerzukunftsfragen.de\/immer-mehr-deutsche-fuehlen-sich-als-europaeer\/\"},\"author\":{\"name\":\"p622181\",\"@id\":\"https:\/\/www.stiftungfuerzukunftsfragen.de\/#\/schema\/person\/a84ed841adee9fac0b041775288b1723\"},\"headline\":\"Immer mehr Deutsche f\u00fchlen sich als Europ\u00e4er\",\"datePublished\":\"2021-04-28T22:00:00+00:00\",\"dateModified\":\"2025-10-30T14:16:43+00:00\",\"mainEntityOfPage\":{\"@id\":\"https:\/\/www.stiftungfuerzukunftsfragen.de\/immer-mehr-deutsche-fuehlen-sich-als-europaeer\/\"},\"wordCount\":563,\"publisher\":{\"@id\":\"https:\/\/www.stiftungfuerzukunftsfragen.de\/#organization\"},\"image\":{\"@id\":\"https:\/\/www.stiftungfuerzukunftsfragen.de\/immer-mehr-deutsche-fuehlen-sich-als-europaeer\/#primaryimage\"},\"thumbnailUrl\":\"https:\/\/www.stiftungfuerzukunftsfragen.de\/wp-content\/uploads\/Stiftung-fuer-Zukunftsfragen_Zukunfts-Monitor-2021_Immer-mehr-Buerger-fuehlen-sich-als-Europaeer.svg\",\"keywords\":[\"Zukunftserwartungen\"],\"articleSection\":[\"Zukunftserwartungen\"],\"inLanguage\":\"en-GB\"},{\"@type\":\"WebPage\",\"@id\":\"https:\/\/www.stiftungfuerzukunftsfragen.de\/immer-mehr-deutsche-fuehlen-sich-als-europaeer\/\",\"url\":\"https:\/\/www.stiftungfuerzukunftsfragen.de\/immer-mehr-deutsche-fuehlen-sich-als-europaeer\/\",\"name\":\"Immer mehr Deutsche f\u00fchlen sich als Europ\u00e4er - Stiftung f\u00fcr Zukunftsfragen\",\"isPartOf\":{\"@id\":\"https:\/\/www.stiftungfuerzukunftsfragen.de\/#website\"},\"primaryImageOfPage\":{\"@id\":\"https:\/\/www.stiftungfuerzukunftsfragen.de\/immer-mehr-deutsche-fuehlen-sich-als-europaeer\/#primaryimage\"},\"image\":{\"@id\":\"https:\/\/www.stiftungfuerzukunftsfragen.de\/immer-mehr-deutsche-fuehlen-sich-als-europaeer\/#primaryimage\"},\"thumbnailUrl\":\"https:\/\/www.stiftungfuerzukunftsfragen.de\/wp-content\/uploads\/Stiftung-fuer-Zukunftsfragen_Zukunfts-Monitor-2021_Immer-mehr-Buerger-fuehlen-sich-als-Europaeer.svg\",\"datePublished\":\"2021-04-28T22:00:00+00:00\",\"dateModified\":\"2025-10-30T14:16:43+00:00\",\"breadcrumb\":{\"@id\":\"https:\/\/www.stiftungfuerzukunftsfragen.de\/immer-mehr-deutsche-fuehlen-sich-als-europaeer\/#breadcrumb\"},\"inLanguage\":\"en-GB\",\"potentialAction\":[{\"@type\":\"ReadAction\",\"target\":[\"https:\/\/www.stiftungfuerzukunftsfragen.de\/immer-mehr-deutsche-fuehlen-sich-als-europaeer\/\"]}]},{\"@type\":\"ImageObject\",\"inLanguage\":\"en-GB\",\"@id\":\"https:\/\/www.stiftungfuerzukunftsfragen.de\/immer-mehr-deutsche-fuehlen-sich-als-europaeer\/#primaryimage\",\"url\":\"https:\/\/www.stiftungfuerzukunftsfragen.de\/wp-content\/uploads\/Stiftung-fuer-Zukunftsfragen_Zukunfts-Monitor-2021_Immer-mehr-Buerger-fuehlen-sich-als-Europaeer.svg\",\"contentUrl\":\"https:\/\/www.stiftungfuerzukunftsfragen.de\/wp-content\/uploads\/Stiftung-fuer-Zukunftsfragen_Zukunfts-Monitor-2021_Immer-mehr-Buerger-fuehlen-sich-als-Europaeer.svg\"},{\"@type\":\"BreadcrumbList\",\"@id\":\"https:\/\/www.stiftungfuerzukunftsfragen.de\/immer-mehr-deutsche-fuehlen-sich-als-europaeer\/#breadcrumb\",\"itemListElement\":[{\"@type\":\"ListItem\",\"position\":1,\"name\":\"Startseite\",\"item\":\"https:\/\/www.stiftungfuerzukunftsfragen.de\/\"},{\"@type\":\"ListItem\",\"position\":2,\"name\":\"Immer mehr Deutsche f\u00fchlen sich als Europ\u00e4er\"}]},{\"@type\":\"WebSite\",\"@id\":\"https:\/\/www.stiftungfuerzukunftsfragen.de\/#website\",\"url\":\"https:\/\/www.stiftungfuerzukunftsfragen.de\/\",\"name\":\"Stiftung f\u00fcr Zukunftsfragen\",\"description\":\"Eine Initiative von BAT\",\"publisher\":{\"@id\":\"https:\/\/www.stiftungfuerzukunftsfragen.de\/#organization\"},\"potentialAction\":[{\"@type\":\"SearchAction\",\"target\":{\"@type\":\"EntryPoint\",\"urlTemplate\":\"https:\/\/www.stiftungfuerzukunftsfragen.de\/?s={search_term_string}\"},\"query-input\":{\"@type\":\"PropertyValueSpecification\",\"valueRequired\":true,\"valueName\":\"search_term_string\"}}],\"inLanguage\":\"en-GB\"},{\"@type\":\"Organization\",\"@id\":\"https:\/\/www.stiftungfuerzukunftsfragen.de\/#organization\",\"name\":\"Stiftung f\u00fcr Zukunftsfragen\",\"url\":\"https:\/\/www.stiftungfuerzukunftsfragen.de\/\",\"logo\":{\"@type\":\"ImageObject\",\"inLanguage\":\"en-GB\",\"@id\":\"https:\/\/www.stiftungfuerzukunftsfragen.de\/#\/schema\/logo\/image\/\",\"url\":\"https:\/\/www.stiftungfuerzukunftsfragen.de\/wp-content\/uploads\/Stiftung-fuer-Zukunftsfragen-Logo-e1662668075158.png\",\"contentUrl\":\"https:\/\/www.stiftungfuerzukunftsfragen.de\/wp-content\/uploads\/Stiftung-fuer-Zukunftsfragen-Logo-e1662668075158.png\",\"width\":609,\"height\":144,\"caption\":\"Stiftung f\u00fcr Zukunftsfragen\"},\"image\":{\"@id\":\"https:\/\/www.stiftungfuerzukunftsfragen.de\/#\/schema\/logo\/image\/\"},\"sameAs\":[\"https:\/\/www.facebook.com\/pages\/Stiftung-fr-Zukunftsfragen\/207485789294838\"]},{\"@type\":\"Person\",\"@id\":\"https:\/\/www.stiftungfuerzukunftsfragen.de\/#\/schema\/person\/a84ed841adee9fac0b041775288b1723\",\"name\":\"p622181\"}]}<\/script>\n<!-- \/ Yoast SEO plugin. -->","yoast_head_json":{"title":"More and more Germans feel European - Stiftung f\u00fcr Zukunftsfragen","robots":{"index":"index","follow":"follow","max-snippet":"max-snippet:-1","max-image-preview":"max-image-preview:large","max-video-preview":"max-video-preview:-1"},"canonical":"https:\/\/www.stiftungfuerzukunftsfragen.de\/en\/more-and-more-germans-feel-european\/","og_locale":"en_GB","og_type":"article","og_title":"Immer mehr Deutsche f\u00fchlen sich als Europ\u00e4er - Stiftung f\u00fcr Zukunftsfragen","og_description":"Aktuell f\u00fchlen sich zwei von drei Bundesb\u00fcrgern als Europ\u00e4er. Doch das war nicht immer [...]","og_url":"https:\/\/www.stiftungfuerzukunftsfragen.de\/en\/more-and-more-germans-feel-european\/","og_site_name":"Stiftung f\u00fcr Zukunftsfragen","article_publisher":"https:\/\/www.facebook.com\/pages\/Stiftung-fr-Zukunftsfragen\/207485789294838","article_published_time":"2021-04-28T22:00:00+00:00","article_modified_time":"2025-10-30T14:16:43+00:00","og_image":[{"url":"https:\/\/www.stiftungfuerzukunftsfragen.de\/wp-content\/uploads\/Stiftung-fuer-Zukunftsfragen_Zukunfts-Monitor-2021_Immer-mehr-Buerger-fuehlen-sich-als-Europaeer.svg","type":"","width":"","height":""}],"author":"p622181","twitter_card":"summary_large_image","twitter_misc":{"Written by":"p622181","Estimated reading time":"4 minutes"},"schema":{"@context":"https:\/\/schema.org","@graph":[{"@type":"Article","@id":"https:\/\/www.stiftungfuerzukunftsfragen.de\/immer-mehr-deutsche-fuehlen-sich-als-europaeer\/#article","isPartOf":{"@id":"https:\/\/www.stiftungfuerzukunftsfragen.de\/immer-mehr-deutsche-fuehlen-sich-als-europaeer\/"},"author":{"name":"p622181","@id":"https:\/\/www.stiftungfuerzukunftsfragen.de\/#\/schema\/person\/a84ed841adee9fac0b041775288b1723"},"headline":"Immer mehr Deutsche f\u00fchlen sich als Europ\u00e4er","datePublished":"2021-04-28T22:00:00+00:00","dateModified":"2025-10-30T14:16:43+00:00","mainEntityOfPage":{"@id":"https:\/\/www.stiftungfuerzukunftsfragen.de\/immer-mehr-deutsche-fuehlen-sich-als-europaeer\/"},"wordCount":563,"publisher":{"@id":"https:\/\/www.stiftungfuerzukunftsfragen.de\/#organization"},"image":{"@id":"https:\/\/www.stiftungfuerzukunftsfragen.de\/immer-mehr-deutsche-fuehlen-sich-als-europaeer\/#primaryimage"},"thumbnailUrl":"https:\/\/www.stiftungfuerzukunftsfragen.de\/wp-content\/uploads\/Stiftung-fuer-Zukunftsfragen_Zukunfts-Monitor-2021_Immer-mehr-Buerger-fuehlen-sich-als-Europaeer.svg","keywords":["Zukunftserwartungen"],"articleSection":["Zukunftserwartungen"],"inLanguage":"en-GB"},{"@type":"WebPage","@id":"https:\/\/www.stiftungfuerzukunftsfragen.de\/immer-mehr-deutsche-fuehlen-sich-als-europaeer\/","url":"https:\/\/www.stiftungfuerzukunftsfragen.de\/immer-mehr-deutsche-fuehlen-sich-als-europaeer\/","name":"More and more Germans feel European - Stiftung f\u00fcr Zukunftsfragen","isPartOf":{"@id":"https:\/\/www.stiftungfuerzukunftsfragen.de\/#website"},"primaryImageOfPage":{"@id":"https:\/\/www.stiftungfuerzukunftsfragen.de\/immer-mehr-deutsche-fuehlen-sich-als-europaeer\/#primaryimage"},"image":{"@id":"https:\/\/www.stiftungfuerzukunftsfragen.de\/immer-mehr-deutsche-fuehlen-sich-als-europaeer\/#primaryimage"},"thumbnailUrl":"https:\/\/www.stiftungfuerzukunftsfragen.de\/wp-content\/uploads\/Stiftung-fuer-Zukunftsfragen_Zukunfts-Monitor-2021_Immer-mehr-Buerger-fuehlen-sich-als-Europaeer.svg","datePublished":"2021-04-28T22:00:00+00:00","dateModified":"2025-10-30T14:16:43+00:00","breadcrumb":{"@id":"https:\/\/www.stiftungfuerzukunftsfragen.de\/immer-mehr-deutsche-fuehlen-sich-als-europaeer\/#breadcrumb"},"inLanguage":"en-GB","potentialAction":[{"@type":"ReadAction","target":["https:\/\/www.stiftungfuerzukunftsfragen.de\/immer-mehr-deutsche-fuehlen-sich-als-europaeer\/"]}]},{"@type":"ImageObject","inLanguage":"en-GB","@id":"https:\/\/www.stiftungfuerzukunftsfragen.de\/immer-mehr-deutsche-fuehlen-sich-als-europaeer\/#primaryimage","url":"https:\/\/www.stiftungfuerzukunftsfragen.de\/wp-content\/uploads\/Stiftung-fuer-Zukunftsfragen_Zukunfts-Monitor-2021_Immer-mehr-Buerger-fuehlen-sich-als-Europaeer.svg","contentUrl":"https:\/\/www.stiftungfuerzukunftsfragen.de\/wp-content\/uploads\/Stiftung-fuer-Zukunftsfragen_Zukunfts-Monitor-2021_Immer-mehr-Buerger-fuehlen-sich-als-Europaeer.svg"},{"@type":"BreadcrumbList","@id":"https:\/\/www.stiftungfuerzukunftsfragen.de\/immer-mehr-deutsche-fuehlen-sich-als-europaeer\/#breadcrumb","itemListElement":[{"@type":"ListItem","position":1,"name":"Startseite","item":"https:\/\/www.stiftungfuerzukunftsfragen.de\/"},{"@type":"ListItem","position":2,"name":"Immer mehr Deutsche f\u00fchlen sich als Europ\u00e4er"}]},{"@type":"WebSite","@id":"https:\/\/www.stiftungfuerzukunftsfragen.de\/#website","url":"https:\/\/www.stiftungfuerzukunftsfragen.de\/","name":"Foundation for Future Issues","description":"An initiative by BAT","publisher":{"@id":"https:\/\/www.stiftungfuerzukunftsfragen.de\/#organization"},"potentialAction":[{"@type":"SearchAction","target":{"@type":"EntryPoint","urlTemplate":"https:\/\/www.stiftungfuerzukunftsfragen.de\/?s={search_term_string}"},"query-input":{"@type":"PropertyValueSpecification","valueRequired":true,"valueName":"search_term_string"}}],"inLanguage":"en-GB"},{"@type":"Organization","@id":"https:\/\/www.stiftungfuerzukunftsfragen.de\/#organization","name":"Foundation for Future Issues","url":"https:\/\/www.stiftungfuerzukunftsfragen.de\/","logo":{"@type":"ImageObject","inLanguage":"en-GB","@id":"https:\/\/www.stiftungfuerzukunftsfragen.de\/#\/schema\/logo\/image\/","url":"https:\/\/www.stiftungfuerzukunftsfragen.de\/wp-content\/uploads\/Stiftung-fuer-Zukunftsfragen-Logo-e1662668075158.png","contentUrl":"https:\/\/www.stiftungfuerzukunftsfragen.de\/wp-content\/uploads\/Stiftung-fuer-Zukunftsfragen-Logo-e1662668075158.png","width":609,"height":144,"caption":"Stiftung f\u00fcr Zukunftsfragen"},"image":{"@id":"https:\/\/www.stiftungfuerzukunftsfragen.de\/#\/schema\/logo\/image\/"},"sameAs":["https:\/\/www.facebook.com\/pages\/Stiftung-fr-Zukunftsfragen\/207485789294838"]},{"@type":"Person","@id":"https:\/\/www.stiftungfuerzukunftsfragen.de\/#\/schema\/person\/a84ed841adee9fac0b041775288b1723","name":"p622181"}]}},"_links":{"self":[{"href":"https:\/\/www.stiftungfuerzukunftsfragen.de\/en\/wp-json\/wp\/v2\/posts\/3925","targetHints":{"allow":["GET"]}}],"collection":[{"href":"https:\/\/www.stiftungfuerzukunftsfragen.de\/en\/wp-json\/wp\/v2\/posts"}],"about":[{"href":"https:\/\/www.stiftungfuerzukunftsfragen.de\/en\/wp-json\/wp\/v2\/types\/post"}],"author":[{"embeddable":true,"href":"https:\/\/www.stiftungfuerzukunftsfragen.de\/en\/wp-json\/wp\/v2\/users\/1"}],"replies":[{"embeddable":true,"href":"https:\/\/www.stiftungfuerzukunftsfragen.de\/en\/wp-json\/wp\/v2\/comments?post=3925"}],"version-history":[{"count":1,"href":"https:\/\/www.stiftungfuerzukunftsfragen.de\/en\/wp-json\/wp\/v2\/posts\/3925\/revisions"}],"predecessor-version":[{"id":4515,"href":"https:\/\/www.stiftungfuerzukunftsfragen.de\/en\/wp-json\/wp\/v2\/posts\/3925\/revisions\/4515"}],"wp:attachment":[{"href":"https:\/\/www.stiftungfuerzukunftsfragen.de\/en\/wp-json\/wp\/v2\/media?parent=3925"}],"wp:term":[{"taxonomy":"category","embeddable":true,"href":"https:\/\/www.stiftungfuerzukunftsfragen.de\/en\/wp-json\/wp\/v2\/categories?post=3925"},{"taxonomy":"post_tag","embeddable":true,"href":"https:\/\/www.stiftungfuerzukunftsfragen.de\/en\/wp-json\/wp\/v2\/tags?post=3925"}],"curies":[{"name":"wp","href":"https:\/\/api.w.org\/{rel}","templated":true}]}}