{"id":4073,"date":"2022-09-26T17:52:55","date_gmt":"2022-09-26T15:52:55","guid":{"rendered":"https:\/\/www.stiftungfuerzukunftsfragen.de\/?p=4073"},"modified":"2025-10-31T08:09:43","modified_gmt":"2025-10-31T07:09:43","slug":"how-important-is-the-car","status":"publish","type":"post","link":"https:\/\/www.stiftungfuerzukunftsfragen.de\/en\/wie-wichtig-ist-das-auto-noch\/","title":{"rendered":"How important is the car?"},"content":{"rendered":"<div class=\"infogram-embed\" data-id=\"a0308032-09c5-4789-99a0-a530cf21af00\" data-type=\"interactive\"><\/div><script>!function(e,t,s,i){var n=\"InfogramEmbeds\",o=e.getElementsByTagName(\"script\"),d=o[0],r=\/^http:\/.test(e.location)?\"http:\":\"https:\";if(\/^\\\/{2}\/.test(i)&&(i=r+i),window[n]&&window[n].initialized)window[n].process&&window[n].process();else if(!e.getElementById(s)){var a=e.createElement(\"script\");a.async=1,a.id=s,a.src=i,d.parentNode.insertBefore(a,d)}}(document,0,\"infogram-async\",\"\/\/e.infogram.com\/js\/dist\/embed-loader-min.js\");<\/script>\n<p><strong>Ergebnis<\/strong><\/p>\n<p>\n<span style=\"line-height: 27.52px;\" data-fusion-font=\"true\">F\u00fcr vier von zehn Bundesb\u00fcrgern hat die Bedeutung von Autos in den letzten Jahren abgenommen. Der Stellenwert auf dem Land ist dabei deutlich gr\u00f6\u00dfer als in den Metropolen. Beim Alter sind es nicht die J\u00fcngeren, f\u00fcr die \u00fcberdurchschnittlich oft das Auto unwichtiger geworden ist, sondern eher die \u00c4lteren. Allerdings spielt auch beim Alter die Ortsgr\u00f6\u00dfe die entscheidende Rolle.<\/span><\/p>\n<p><strong>Gr\u00fcnde<\/strong><\/p>\n<p>\nDeutschland war und ist ein Autoland \u2013 aber nicht ausschlie\u00dflich. Zwar stieg auch in den vergangenen Jahren die Anzahl von PKWs pro Bundesb\u00fcrger weiter an (2021: 58 PKW auf 100 Einwohner), aber hohe Spritpreise, das \u201e9-Euro-Ticket\u201c, Zusch\u00fcsse f\u00fcr alternative Antriebe, immer mehr Carsharing-Angebote oder ausgebaute Radwege, sorgen f\u00fcr ein Umdenken. Gro\u00df bleibt derzeit noch das Stadt-Landgef\u00e4lle: Wenn der n\u00e4chste Bus erst in zwei Stunden f\u00e4hrt, bleibt die Abh\u00e4ngigkeit von einem eigenen PKW bestehen.<\/p>\n<p><strong>Prognose<\/strong><\/p>\n<p>\nEine Mobilit\u00e4tswende zeichnet sich langsam, aber sicher ab. Der politische Willen ist vorhanden, die technologische Entwicklung schreitet voran und die gesellschaftliche Akzeptanz nimmt zu. Voraussetzung ist \u2013 neben der Bezahlbarkeit \u2013 die Vernetzung des Individualverkehrs und des \u00f6ffentlichen Personennahverkehrs. Wenn dies geschieht, wird eine Mehrheit der B\u00fcrger bereit sein noch \u00f6fter auf das eigene Auto zu verzichten.<\/p>\n<p>[\/fusion_text][\/fusion_builder_column][\/fusion_builder_row][\/fusion_builder_container]<\/p>\n","protected":false},"excerpt":{"rendered":"<p>Ergebnis F\u00fcr vier von zehn Bundesb\u00fcrgern hat die Bedeutung von Autos in den letzten  [&#8230;]<\/p>\n","protected":false},"author":34,"featured_media":4076,"comment_status":"closed","ping_status":"open","sticky":false,"template":"","format":"standard","meta":{"_acf_changed":false,"footnotes":""},"categories":[53],"tags":[67],"class_list":["post-4073","post","type-post","status-publish","format-standard","has-post-thumbnail","hentry","category-chart-der-woche","tag-zukunftserwartungen"],"acf":{"ausgabe_nummer":"Chart der Woche, 2022-KW39","pdf-download_dateiname":"www.stiftungfuerzukunftsfragen.de_wie-wichtig-ist-das-auto-noch.pdf","pdf-clean":false,"markdown":"","hidden_html":""},"yoast_head":"<!-- This site is optimized with the Yoast SEO plugin v27.1.1 - https:\/\/yoast.com\/product\/yoast-seo-wordpress\/ -->\n<title>Wie wichtig ist das Auto noch? - Stiftung f\u00fcr Zukunftsfragen<\/title>\n<meta name=\"robots\" content=\"index, follow, max-snippet:-1, max-image-preview:large, max-video-preview:-1\" \/>\n<link rel=\"canonical\" href=\"https:\/\/www.stiftungfuerzukunftsfragen.de\/en\/how-important-is-the-car\/\" \/>\n<meta property=\"og:locale\" content=\"en_GB\" \/>\n<meta property=\"og:type\" content=\"article\" \/>\n<meta property=\"og:title\" content=\"Wie wichtig ist das Auto noch? - Stiftung f\u00fcr Zukunftsfragen\" \/>\n<meta property=\"og:description\" content=\"Ergebnis F\u00fcr vier von zehn Bundesb\u00fcrgern hat die Bedeutung von Autos in den letzten [...]\" \/>\n<meta property=\"og:url\" content=\"https:\/\/www.stiftungfuerzukunftsfragen.de\/en\/how-important-is-the-car\/\" \/>\n<meta property=\"og:site_name\" content=\"Stiftung f\u00fcr Zukunftsfragen\" \/>\n<meta property=\"article:publisher\" content=\"https:\/\/www.facebook.com\/pages\/Stiftung-fr-Zukunftsfragen\/207485789294838\" \/>\n<meta property=\"article:published_time\" content=\"2022-09-26T15:52:55+00:00\" \/>\n<meta property=\"article:modified_time\" content=\"2025-10-31T07:09:43+00:00\" \/>\n<meta property=\"og:image\" content=\"https:\/\/www.stiftungfuerzukunftsfragen.de\/wp-content\/uploads\/why-kei-8e2gal_GIE8-unsplash.jpg\" \/>\n\t<meta property=\"og:image:width\" content=\"1920\" \/>\n\t<meta property=\"og:image:height\" content=\"1280\" \/>\n\t<meta property=\"og:image:type\" content=\"image\/jpeg\" \/>\n<meta name=\"author\" content=\"Katharina\" \/>\n<meta name=\"twitter:card\" content=\"summary_large_image\" \/>\n<meta name=\"twitter:label1\" content=\"Written by\" \/>\n\t<meta name=\"twitter:data1\" content=\"Katharina\" \/>\n\t<meta name=\"twitter:label2\" content=\"Estimated reading time\" \/>\n\t<meta name=\"twitter:data2\" content=\"2 minutes\" \/>\n<script type=\"application\/ld+json\" class=\"yoast-schema-graph\">{\"@context\":\"https:\/\/schema.org\",\"@graph\":[{\"@type\":\"Article\",\"@id\":\"https:\/\/www.stiftungfuerzukunftsfragen.de\/wie-wichtig-ist-das-auto-noch\/#article\",\"isPartOf\":{\"@id\":\"https:\/\/www.stiftungfuerzukunftsfragen.de\/wie-wichtig-ist-das-auto-noch\/\"},\"author\":{\"name\":\"Katharina\",\"@id\":\"https:\/\/www.stiftungfuerzukunftsfragen.de\/#\/schema\/person\/b14fb02cfaa3876e71eae1309e9746d7\"},\"headline\":\"Wie wichtig ist das Auto noch?\",\"datePublished\":\"2022-09-26T15:52:55+00:00\",\"dateModified\":\"2025-10-31T07:09:43+00:00\",\"mainEntityOfPage\":{\"@id\":\"https:\/\/www.stiftungfuerzukunftsfragen.de\/wie-wichtig-ist-das-auto-noch\/\"},\"wordCount\":244,\"publisher\":{\"@id\":\"https:\/\/www.stiftungfuerzukunftsfragen.de\/#organization\"},\"image\":{\"@id\":\"https:\/\/www.stiftungfuerzukunftsfragen.de\/wie-wichtig-ist-das-auto-noch\/#primaryimage\"},\"thumbnailUrl\":\"https:\/\/www.stiftungfuerzukunftsfragen.de\/wp-content\/uploads\/why-kei-8e2gal_GIE8-unsplash.jpg\",\"keywords\":[\"Zukunftserwartungen\"],\"articleSection\":[\"Chart der Woche\"],\"inLanguage\":\"en-GB\"},{\"@type\":\"WebPage\",\"@id\":\"https:\/\/www.stiftungfuerzukunftsfragen.de\/wie-wichtig-ist-das-auto-noch\/\",\"url\":\"https:\/\/www.stiftungfuerzukunftsfragen.de\/wie-wichtig-ist-das-auto-noch\/\",\"name\":\"Wie wichtig ist das Auto noch? - Stiftung f\u00fcr Zukunftsfragen\",\"isPartOf\":{\"@id\":\"https:\/\/www.stiftungfuerzukunftsfragen.de\/#website\"},\"primaryImageOfPage\":{\"@id\":\"https:\/\/www.stiftungfuerzukunftsfragen.de\/wie-wichtig-ist-das-auto-noch\/#primaryimage\"},\"image\":{\"@id\":\"https:\/\/www.stiftungfuerzukunftsfragen.de\/wie-wichtig-ist-das-auto-noch\/#primaryimage\"},\"thumbnailUrl\":\"https:\/\/www.stiftungfuerzukunftsfragen.de\/wp-content\/uploads\/why-kei-8e2gal_GIE8-unsplash.jpg\",\"datePublished\":\"2022-09-26T15:52:55+00:00\",\"dateModified\":\"2025-10-31T07:09:43+00:00\",\"breadcrumb\":{\"@id\":\"https:\/\/www.stiftungfuerzukunftsfragen.de\/wie-wichtig-ist-das-auto-noch\/#breadcrumb\"},\"inLanguage\":\"en-GB\",\"potentialAction\":[{\"@type\":\"ReadAction\",\"target\":[\"https:\/\/www.stiftungfuerzukunftsfragen.de\/wie-wichtig-ist-das-auto-noch\/\"]}]},{\"@type\":\"ImageObject\",\"inLanguage\":\"en-GB\",\"@id\":\"https:\/\/www.stiftungfuerzukunftsfragen.de\/wie-wichtig-ist-das-auto-noch\/#primaryimage\",\"url\":\"https:\/\/www.stiftungfuerzukunftsfragen.de\/wp-content\/uploads\/why-kei-8e2gal_GIE8-unsplash.jpg\",\"contentUrl\":\"https:\/\/www.stiftungfuerzukunftsfragen.de\/wp-content\/uploads\/why-kei-8e2gal_GIE8-unsplash.jpg\",\"width\":1920,\"height\":1280},{\"@type\":\"BreadcrumbList\",\"@id\":\"https:\/\/www.stiftungfuerzukunftsfragen.de\/wie-wichtig-ist-das-auto-noch\/#breadcrumb\",\"itemListElement\":[{\"@type\":\"ListItem\",\"position\":1,\"name\":\"Startseite\",\"item\":\"https:\/\/www.stiftungfuerzukunftsfragen.de\/\"},{\"@type\":\"ListItem\",\"position\":2,\"name\":\"Wie wichtig ist das Auto noch?\"}]},{\"@type\":\"WebSite\",\"@id\":\"https:\/\/www.stiftungfuerzukunftsfragen.de\/#website\",\"url\":\"https:\/\/www.stiftungfuerzukunftsfragen.de\/\",\"name\":\"Stiftung f\u00fcr Zukunftsfragen\",\"description\":\"Eine Initiative von BAT\",\"publisher\":{\"@id\":\"https:\/\/www.stiftungfuerzukunftsfragen.de\/#organization\"},\"potentialAction\":[{\"@type\":\"SearchAction\",\"target\":{\"@type\":\"EntryPoint\",\"urlTemplate\":\"https:\/\/www.stiftungfuerzukunftsfragen.de\/?s={search_term_string}\"},\"query-input\":{\"@type\":\"PropertyValueSpecification\",\"valueRequired\":true,\"valueName\":\"search_term_string\"}}],\"inLanguage\":\"en-GB\"},{\"@type\":\"Organization\",\"@id\":\"https:\/\/www.stiftungfuerzukunftsfragen.de\/#organization\",\"name\":\"Stiftung f\u00fcr Zukunftsfragen\",\"url\":\"https:\/\/www.stiftungfuerzukunftsfragen.de\/\",\"logo\":{\"@type\":\"ImageObject\",\"inLanguage\":\"en-GB\",\"@id\":\"https:\/\/www.stiftungfuerzukunftsfragen.de\/#\/schema\/logo\/image\/\",\"url\":\"https:\/\/www.stiftungfuerzukunftsfragen.de\/wp-content\/uploads\/Stiftung-fuer-Zukunftsfragen-Logo-e1662668075158.png\",\"contentUrl\":\"https:\/\/www.stiftungfuerzukunftsfragen.de\/wp-content\/uploads\/Stiftung-fuer-Zukunftsfragen-Logo-e1662668075158.png\",\"width\":609,\"height\":144,\"caption\":\"Stiftung f\u00fcr Zukunftsfragen\"},\"image\":{\"@id\":\"https:\/\/www.stiftungfuerzukunftsfragen.de\/#\/schema\/logo\/image\/\"},\"sameAs\":[\"https:\/\/www.facebook.com\/pages\/Stiftung-fr-Zukunftsfragen\/207485789294838\"]},{\"@type\":\"Person\",\"@id\":\"https:\/\/www.stiftungfuerzukunftsfragen.de\/#\/schema\/person\/b14fb02cfaa3876e71eae1309e9746d7\",\"name\":\"Katharina\"}]}<\/script>\n<!-- \/ Yoast SEO plugin. -->","yoast_head_json":{"title":"How important is the car? - Foundation for Future Issues","robots":{"index":"index","follow":"follow","max-snippet":"max-snippet:-1","max-image-preview":"max-image-preview:large","max-video-preview":"max-video-preview:-1"},"canonical":"https:\/\/www.stiftungfuerzukunftsfragen.de\/en\/how-important-is-the-car\/","og_locale":"en_GB","og_type":"article","og_title":"Wie wichtig ist das Auto noch? - Stiftung f\u00fcr Zukunftsfragen","og_description":"Ergebnis F\u00fcr vier von zehn Bundesb\u00fcrgern hat die Bedeutung von Autos in den letzten [...]","og_url":"https:\/\/www.stiftungfuerzukunftsfragen.de\/en\/how-important-is-the-car\/","og_site_name":"Stiftung f\u00fcr Zukunftsfragen","article_publisher":"https:\/\/www.facebook.com\/pages\/Stiftung-fr-Zukunftsfragen\/207485789294838","article_published_time":"2022-09-26T15:52:55+00:00","article_modified_time":"2025-10-31T07:09:43+00:00","og_image":[{"width":1920,"height":1280,"url":"https:\/\/www.stiftungfuerzukunftsfragen.de\/wp-content\/uploads\/why-kei-8e2gal_GIE8-unsplash.jpg","type":"image\/jpeg"}],"author":"Katharina","twitter_card":"summary_large_image","twitter_misc":{"Written by":"Katharina","Estimated reading time":"2 minutes"},"schema":{"@context":"https:\/\/schema.org","@graph":[{"@type":"Article","@id":"https:\/\/www.stiftungfuerzukunftsfragen.de\/wie-wichtig-ist-das-auto-noch\/#article","isPartOf":{"@id":"https:\/\/www.stiftungfuerzukunftsfragen.de\/wie-wichtig-ist-das-auto-noch\/"},"author":{"name":"Katharina","@id":"https:\/\/www.stiftungfuerzukunftsfragen.de\/#\/schema\/person\/b14fb02cfaa3876e71eae1309e9746d7"},"headline":"Wie wichtig ist das Auto noch?","datePublished":"2022-09-26T15:52:55+00:00","dateModified":"2025-10-31T07:09:43+00:00","mainEntityOfPage":{"@id":"https:\/\/www.stiftungfuerzukunftsfragen.de\/wie-wichtig-ist-das-auto-noch\/"},"wordCount":244,"publisher":{"@id":"https:\/\/www.stiftungfuerzukunftsfragen.de\/#organization"},"image":{"@id":"https:\/\/www.stiftungfuerzukunftsfragen.de\/wie-wichtig-ist-das-auto-noch\/#primaryimage"},"thumbnailUrl":"https:\/\/www.stiftungfuerzukunftsfragen.de\/wp-content\/uploads\/why-kei-8e2gal_GIE8-unsplash.jpg","keywords":["Zukunftserwartungen"],"articleSection":["Chart der Woche"],"inLanguage":"en-GB"},{"@type":"WebPage","@id":"https:\/\/www.stiftungfuerzukunftsfragen.de\/wie-wichtig-ist-das-auto-noch\/","url":"https:\/\/www.stiftungfuerzukunftsfragen.de\/wie-wichtig-ist-das-auto-noch\/","name":"How important is the car? - Foundation for Future Issues","isPartOf":{"@id":"https:\/\/www.stiftungfuerzukunftsfragen.de\/#website"},"primaryImageOfPage":{"@id":"https:\/\/www.stiftungfuerzukunftsfragen.de\/wie-wichtig-ist-das-auto-noch\/#primaryimage"},"image":{"@id":"https:\/\/www.stiftungfuerzukunftsfragen.de\/wie-wichtig-ist-das-auto-noch\/#primaryimage"},"thumbnailUrl":"https:\/\/www.stiftungfuerzukunftsfragen.de\/wp-content\/uploads\/why-kei-8e2gal_GIE8-unsplash.jpg","datePublished":"2022-09-26T15:52:55+00:00","dateModified":"2025-10-31T07:09:43+00:00","breadcrumb":{"@id":"https:\/\/www.stiftungfuerzukunftsfragen.de\/wie-wichtig-ist-das-auto-noch\/#breadcrumb"},"inLanguage":"en-GB","potentialAction":[{"@type":"ReadAction","target":["https:\/\/www.stiftungfuerzukunftsfragen.de\/wie-wichtig-ist-das-auto-noch\/"]}]},{"@type":"ImageObject","inLanguage":"en-GB","@id":"https:\/\/www.stiftungfuerzukunftsfragen.de\/wie-wichtig-ist-das-auto-noch\/#primaryimage","url":"https:\/\/www.stiftungfuerzukunftsfragen.de\/wp-content\/uploads\/why-kei-8e2gal_GIE8-unsplash.jpg","contentUrl":"https:\/\/www.stiftungfuerzukunftsfragen.de\/wp-content\/uploads\/why-kei-8e2gal_GIE8-unsplash.jpg","width":1920,"height":1280},{"@type":"BreadcrumbList","@id":"https:\/\/www.stiftungfuerzukunftsfragen.de\/wie-wichtig-ist-das-auto-noch\/#breadcrumb","itemListElement":[{"@type":"ListItem","position":1,"name":"Startseite","item":"https:\/\/www.stiftungfuerzukunftsfragen.de\/"},{"@type":"ListItem","position":2,"name":"Wie wichtig ist das Auto noch?"}]},{"@type":"WebSite","@id":"https:\/\/www.stiftungfuerzukunftsfragen.de\/#website","url":"https:\/\/www.stiftungfuerzukunftsfragen.de\/","name":"Foundation for Future Issues","description":"An initiative by BAT","publisher":{"@id":"https:\/\/www.stiftungfuerzukunftsfragen.de\/#organization"},"potentialAction":[{"@type":"SearchAction","target":{"@type":"EntryPoint","urlTemplate":"https:\/\/www.stiftungfuerzukunftsfragen.de\/?s={search_term_string}"},"query-input":{"@type":"PropertyValueSpecification","valueRequired":true,"valueName":"search_term_string"}}],"inLanguage":"en-GB"},{"@type":"Organization","@id":"https:\/\/www.stiftungfuerzukunftsfragen.de\/#organization","name":"Foundation for Future Issues","url":"https:\/\/www.stiftungfuerzukunftsfragen.de\/","logo":{"@type":"ImageObject","inLanguage":"en-GB","@id":"https:\/\/www.stiftungfuerzukunftsfragen.de\/#\/schema\/logo\/image\/","url":"https:\/\/www.stiftungfuerzukunftsfragen.de\/wp-content\/uploads\/Stiftung-fuer-Zukunftsfragen-Logo-e1662668075158.png","contentUrl":"https:\/\/www.stiftungfuerzukunftsfragen.de\/wp-content\/uploads\/Stiftung-fuer-Zukunftsfragen-Logo-e1662668075158.png","width":609,"height":144,"caption":"Stiftung f\u00fcr Zukunftsfragen"},"image":{"@id":"https:\/\/www.stiftungfuerzukunftsfragen.de\/#\/schema\/logo\/image\/"},"sameAs":["https:\/\/www.facebook.com\/pages\/Stiftung-fr-Zukunftsfragen\/207485789294838"]},{"@type":"Person","@id":"https:\/\/www.stiftungfuerzukunftsfragen.de\/#\/schema\/person\/b14fb02cfaa3876e71eae1309e9746d7","name":"Catherine"}]}},"_links":{"self":[{"href":"https:\/\/www.stiftungfuerzukunftsfragen.de\/en\/wp-json\/wp\/v2\/posts\/4073","targetHints":{"allow":["GET"]}}],"collection":[{"href":"https:\/\/www.stiftungfuerzukunftsfragen.de\/en\/wp-json\/wp\/v2\/posts"}],"about":[{"href":"https:\/\/www.stiftungfuerzukunftsfragen.de\/en\/wp-json\/wp\/v2\/types\/post"}],"author":[{"embeddable":true,"href":"https:\/\/www.stiftungfuerzukunftsfragen.de\/en\/wp-json\/wp\/v2\/users\/34"}],"replies":[{"embeddable":true,"href":"https:\/\/www.stiftungfuerzukunftsfragen.de\/en\/wp-json\/wp\/v2\/comments?post=4073"}],"version-history":[{"count":2,"href":"https:\/\/www.stiftungfuerzukunftsfragen.de\/en\/wp-json\/wp\/v2\/posts\/4073\/revisions"}],"predecessor-version":[{"id":6184,"href":"https:\/\/www.stiftungfuerzukunftsfragen.de\/en\/wp-json\/wp\/v2\/posts\/4073\/revisions\/6184"}],"wp:featuredmedia":[{"embeddable":true,"href":"https:\/\/www.stiftungfuerzukunftsfragen.de\/en\/wp-json\/wp\/v2\/media\/4076"}],"wp:attachment":[{"href":"https:\/\/www.stiftungfuerzukunftsfragen.de\/en\/wp-json\/wp\/v2\/media?parent=4073"}],"wp:term":[{"taxonomy":"category","embeddable":true,"href":"https:\/\/www.stiftungfuerzukunftsfragen.de\/en\/wp-json\/wp\/v2\/categories?post=4073"},{"taxonomy":"post_tag","embeddable":true,"href":"https:\/\/www.stiftungfuerzukunftsfragen.de\/en\/wp-json\/wp\/v2\/tags?post=4073"}],"curies":[{"name":"wp","href":"https:\/\/api.w.org\/{rel}","templated":true}]}}