{"id":4107,"date":"2022-10-17T14:41:13","date_gmt":"2022-10-17T12:41:13","guid":{"rendered":"https:\/\/www.stiftungfuerzukunftsfragen.de\/?p=4107"},"modified":"2025-10-31T08:09:35","modified_gmt":"2025-10-31T07:09:35","slug":"the-comeback-of-the-good-neighbours","status":"publish","type":"post","link":"https:\/\/www.stiftungfuerzukunftsfragen.de\/en\/das-comeback-der-guten-nachbarn\/","title":{"rendered":"The comeback of the good neighbours?"},"content":{"rendered":"<div class=\"infogram-embed\" data-id=\"das-comeback-der-guten-nachbarn-1h7z2l8q3xzgx6o\" data-type=\"interactive\"><\/div><script>!function(e,t,s,i){var n=\"InfogramEmbeds\",o=e.getElementsByTagName(\"script\"),d=o[0],r=\/^http:\/.test(e.location)?\"http:\":\"https:\";if(\/^\\\/{2}\/.test(i)&&(i=r+i),window[n]&&window[n].initialized)window[n].process&&window[n].process();else if(!e.getElementById(s)){var a=e.createElement(\"script\");a.async=1,a.id=s,a.src=i,d.parentNode.insertBefore(a,d)}}(document,0,\"infogram-async\",\"\/\/e.infogram.com\/js\/dist\/embed-loader-min.js\");<\/script>\n<p style=\"font-weight: 400;\"><strong>Ergebnis<\/strong><\/p>\n<p style=\"font-weight: 400;\">Vor knapp zehn Jahren w\u00fcnschten sich etwa zwei Drittel der Bundesb\u00fcrger eine Renaissance der Nachbarschaft. Gegenw\u00e4rtig sind es fast neun von zehn, die den Wunsch nach einer offenen und hilfsbereiten Nachbarschaft versp\u00fcren. Allen voran sch\u00e4tzen Jungsenioren und Ruhest\u00e4ndler ein freundliches Miteinander und legen viel Wert auf Hilfsbereitschaft. Aber auch in allen anderen Lebensphasen ist der Stellenwert des unmittelbaren Wohnumfeldes hoch \u2013 v\u00f6llig unabh\u00e4ngig ob Single-, Zweiparteien- oder Familienhaushalt, alle wollen Kontakt zu den Nachbarn.<\/p>\n<p>&nbsp;<\/p>\n<p style=\"font-weight: 400;\"><strong>Gr\u00fcnde<\/strong><\/p>\n<p style=\"font-weight: 400;\">In Zeiten gef\u00fchlter Unsicherheit und gef\u00f6rdert durch den demografischen Wandel (Versingelung und kleinere Familienstrukturen) w\u00e4chst bei vielen B\u00fcrgern wieder das Bed\u00fcrfnis nach \u00fcberschaubaren, nahr\u00e4umlichen Beziehungen gepaart mit der Sehnsucht nach Verbindlichkeiten, Gemeinschaft und Zusammenhalt.<\/p>\n<p style=\"font-weight: 400;\">Neben dem Gemeinschaftsgedanke spielen mitunter aber auch finanzielle Gr\u00fcnde eine Rolle: Gemeinschaftsr\u00e4ume bei einem Wohnprojekt, das Nutzen statt Besitzen in einer WG oder die gegenseitige Unterst\u00fctzung in einem Mehrgenerationenhaus.<\/p>\n<p style=\"font-weight: 400;\">Die Corona Pandemie und der Krieg in der Ukraine haben das Bed\u00fcrfnis nach einem st\u00e4rkeren Zusammenhalt in der Nachbarschaft noch einmal verst\u00e4rkt. Gemeinsam statt Einsam wollen die B\u00fcrger die Herausforderungen der Gegenwart bestehen und sind hierf\u00fcr bereit selbst aktiv zu werden.<\/p>\n<p>&nbsp;<\/p>\n<p style=\"font-weight: 400;\"><strong>Prognose<\/strong><\/p>\n<p style=\"font-weight: 400;\">Die Jahrzehnte der Individualisierung n\u00e4hern sich ihrem Ende und Gemeinschaft sowie Zusammenhalt erleben ein Comeback. Und je st\u00e4rker Institutionen wie Parteien, Vereine, Kirche oder Medien an Bedeutung und Glaubw\u00fcrdigkeit verlieren, desto wichtiger wird die Nachbarschaft.<\/p>\n<p style=\"font-weight: 400;\">Die B\u00fcrger leben und erleben im direkten Wohnumfeld eine neue Art der Solidarit\u00e4t auf der Basis von Hilfsbereitschaft und Freundschaft. Gegenseitige Unterst\u00fctzung findet wieder h\u00e4ufiger statt, getreu dem Grundsatz: \u201eIch helfe dir, dann wird auch mir geholfen\u201c.<\/p>\n<p style=\"font-weight: 400;\">Durch immer weniger Angeh\u00f6rige vor Ort, wird die Nachbarschaft zu einer Art Ersatzfamilie und \u00fcbernimmt deren Aufgaben &#8211; diese reichen vom sozialen Austausch bis zur Unterst\u00fctzung im Bedarfsfall.<\/p>\n","protected":false},"excerpt":{"rendered":"<p>Ergebnis Vor knapp zehn Jahren w\u00fcnschten sich etwa zwei Drittel der Bundesb\u00fcrger eine Renaissance  [&#8230;]<\/p>\n","protected":false},"author":37,"featured_media":4118,"comment_status":"closed","ping_status":"open","sticky":false,"template":"","format":"standard","meta":{"_acf_changed":false,"footnotes":""},"categories":[53],"tags":[],"class_list":["post-4107","post","type-post","status-publish","format-standard","has-post-thumbnail","hentry","category-chart-der-woche"],"acf":{"ausgabe_nummer":"Chart der Woche, 2022-KW42","pdf-download_dateiname":"www.stiftungfuerzukunftsfragen.de_das-comeback-der-guten-nachbarn.pdf","pdf-clean":false,"markdown":"","hidden_html":""},"yoast_head":"<!-- This site is optimized with the Yoast SEO plugin v27.1.1 - https:\/\/yoast.com\/product\/yoast-seo-wordpress\/ -->\n<title>Das Comeback der guten Nachbarn? - Stiftung f\u00fcr Zukunftsfragen<\/title>\n<meta name=\"robots\" content=\"index, follow, max-snippet:-1, max-image-preview:large, max-video-preview:-1\" \/>\n<link rel=\"canonical\" href=\"https:\/\/www.stiftungfuerzukunftsfragen.de\/en\/the-comeback-of-the-good-neighbours\/\" \/>\n<meta property=\"og:locale\" content=\"en_GB\" \/>\n<meta property=\"og:type\" content=\"article\" \/>\n<meta property=\"og:title\" content=\"Das Comeback der guten Nachbarn? - Stiftung f\u00fcr Zukunftsfragen\" \/>\n<meta property=\"og:description\" content=\"Ergebnis Vor knapp zehn Jahren w\u00fcnschten sich etwa zwei Drittel der Bundesb\u00fcrger eine Renaissance [...]\" \/>\n<meta property=\"og:url\" content=\"https:\/\/www.stiftungfuerzukunftsfragen.de\/en\/the-comeback-of-the-good-neighbours\/\" \/>\n<meta property=\"og:site_name\" content=\"Stiftung f\u00fcr Zukunftsfragen\" \/>\n<meta property=\"article:publisher\" content=\"https:\/\/www.facebook.com\/pages\/Stiftung-fr-Zukunftsfragen\/207485789294838\" \/>\n<meta property=\"article:published_time\" content=\"2022-10-17T12:41:13+00:00\" \/>\n<meta property=\"article:modified_time\" content=\"2025-10-31T07:09:35+00:00\" \/>\n<meta property=\"og:image\" content=\"https:\/\/www.stiftungfuerzukunftsfragen.de\/wp-content\/uploads\/pexels-daniel-frank-688835-1.jpg\" \/>\n\t<meta property=\"og:image:width\" content=\"1920\" \/>\n\t<meta property=\"og:image:height\" content=\"1280\" \/>\n\t<meta property=\"og:image:type\" content=\"image\/jpeg\" \/>\n<meta name=\"author\" content=\"Carina M\u00f6nkemeyer\" \/>\n<meta name=\"twitter:card\" content=\"summary_large_image\" \/>\n<meta name=\"twitter:label1\" content=\"Written by\" \/>\n\t<meta name=\"twitter:data1\" content=\"Carina M\u00f6nkemeyer\" \/>\n\t<meta name=\"twitter:label2\" content=\"Estimated reading time\" \/>\n\t<meta name=\"twitter:data2\" content=\"2 minutes\" \/>\n<script type=\"application\/ld+json\" class=\"yoast-schema-graph\">{\"@context\":\"https:\/\/schema.org\",\"@graph\":[{\"@type\":\"Article\",\"@id\":\"https:\/\/www.stiftungfuerzukunftsfragen.de\/das-comeback-der-guten-nachbarn\/#article\",\"isPartOf\":{\"@id\":\"https:\/\/www.stiftungfuerzukunftsfragen.de\/das-comeback-der-guten-nachbarn\/\"},\"author\":{\"name\":\"Carina M\u00f6nkemeyer\",\"@id\":\"https:\/\/www.stiftungfuerzukunftsfragen.de\/#\/schema\/person\/fbe6a089bb71e464b6e9e91caaa06daa\"},\"headline\":\"Das Comeback der guten Nachbarn?\",\"datePublished\":\"2022-10-17T12:41:13+00:00\",\"dateModified\":\"2025-10-31T07:09:35+00:00\",\"mainEntityOfPage\":{\"@id\":\"https:\/\/www.stiftungfuerzukunftsfragen.de\/das-comeback-der-guten-nachbarn\/\"},\"wordCount\":330,\"publisher\":{\"@id\":\"https:\/\/www.stiftungfuerzukunftsfragen.de\/#organization\"},\"image\":{\"@id\":\"https:\/\/www.stiftungfuerzukunftsfragen.de\/das-comeback-der-guten-nachbarn\/#primaryimage\"},\"thumbnailUrl\":\"https:\/\/www.stiftungfuerzukunftsfragen.de\/wp-content\/uploads\/pexels-daniel-frank-688835-1.jpg\",\"articleSection\":[\"Chart der Woche\"],\"inLanguage\":\"en-GB\"},{\"@type\":\"WebPage\",\"@id\":\"https:\/\/www.stiftungfuerzukunftsfragen.de\/das-comeback-der-guten-nachbarn\/\",\"url\":\"https:\/\/www.stiftungfuerzukunftsfragen.de\/das-comeback-der-guten-nachbarn\/\",\"name\":\"Das Comeback der guten Nachbarn? - Stiftung f\u00fcr Zukunftsfragen\",\"isPartOf\":{\"@id\":\"https:\/\/www.stiftungfuerzukunftsfragen.de\/#website\"},\"primaryImageOfPage\":{\"@id\":\"https:\/\/www.stiftungfuerzukunftsfragen.de\/das-comeback-der-guten-nachbarn\/#primaryimage\"},\"image\":{\"@id\":\"https:\/\/www.stiftungfuerzukunftsfragen.de\/das-comeback-der-guten-nachbarn\/#primaryimage\"},\"thumbnailUrl\":\"https:\/\/www.stiftungfuerzukunftsfragen.de\/wp-content\/uploads\/pexels-daniel-frank-688835-1.jpg\",\"datePublished\":\"2022-10-17T12:41:13+00:00\",\"dateModified\":\"2025-10-31T07:09:35+00:00\",\"breadcrumb\":{\"@id\":\"https:\/\/www.stiftungfuerzukunftsfragen.de\/das-comeback-der-guten-nachbarn\/#breadcrumb\"},\"inLanguage\":\"en-GB\",\"potentialAction\":[{\"@type\":\"ReadAction\",\"target\":[\"https:\/\/www.stiftungfuerzukunftsfragen.de\/das-comeback-der-guten-nachbarn\/\"]}]},{\"@type\":\"ImageObject\",\"inLanguage\":\"en-GB\",\"@id\":\"https:\/\/www.stiftungfuerzukunftsfragen.de\/das-comeback-der-guten-nachbarn\/#primaryimage\",\"url\":\"https:\/\/www.stiftungfuerzukunftsfragen.de\/wp-content\/uploads\/pexels-daniel-frank-688835-1.jpg\",\"contentUrl\":\"https:\/\/www.stiftungfuerzukunftsfragen.de\/wp-content\/uploads\/pexels-daniel-frank-688835-1.jpg\",\"width\":1920,\"height\":1280},{\"@type\":\"BreadcrumbList\",\"@id\":\"https:\/\/www.stiftungfuerzukunftsfragen.de\/das-comeback-der-guten-nachbarn\/#breadcrumb\",\"itemListElement\":[{\"@type\":\"ListItem\",\"position\":1,\"name\":\"Startseite\",\"item\":\"https:\/\/www.stiftungfuerzukunftsfragen.de\/\"},{\"@type\":\"ListItem\",\"position\":2,\"name\":\"Das Comeback der guten Nachbarn?\"}]},{\"@type\":\"WebSite\",\"@id\":\"https:\/\/www.stiftungfuerzukunftsfragen.de\/#website\",\"url\":\"https:\/\/www.stiftungfuerzukunftsfragen.de\/\",\"name\":\"Stiftung f\u00fcr Zukunftsfragen\",\"description\":\"Eine Initiative von BAT\",\"publisher\":{\"@id\":\"https:\/\/www.stiftungfuerzukunftsfragen.de\/#organization\"},\"potentialAction\":[{\"@type\":\"SearchAction\",\"target\":{\"@type\":\"EntryPoint\",\"urlTemplate\":\"https:\/\/www.stiftungfuerzukunftsfragen.de\/?s={search_term_string}\"},\"query-input\":{\"@type\":\"PropertyValueSpecification\",\"valueRequired\":true,\"valueName\":\"search_term_string\"}}],\"inLanguage\":\"en-GB\"},{\"@type\":\"Organization\",\"@id\":\"https:\/\/www.stiftungfuerzukunftsfragen.de\/#organization\",\"name\":\"Stiftung f\u00fcr Zukunftsfragen\",\"url\":\"https:\/\/www.stiftungfuerzukunftsfragen.de\/\",\"logo\":{\"@type\":\"ImageObject\",\"inLanguage\":\"en-GB\",\"@id\":\"https:\/\/www.stiftungfuerzukunftsfragen.de\/#\/schema\/logo\/image\/\",\"url\":\"https:\/\/www.stiftungfuerzukunftsfragen.de\/wp-content\/uploads\/Stiftung-fuer-Zukunftsfragen-Logo-e1662668075158.png\",\"contentUrl\":\"https:\/\/www.stiftungfuerzukunftsfragen.de\/wp-content\/uploads\/Stiftung-fuer-Zukunftsfragen-Logo-e1662668075158.png\",\"width\":609,\"height\":144,\"caption\":\"Stiftung f\u00fcr Zukunftsfragen\"},\"image\":{\"@id\":\"https:\/\/www.stiftungfuerzukunftsfragen.de\/#\/schema\/logo\/image\/\"},\"sameAs\":[\"https:\/\/www.facebook.com\/pages\/Stiftung-fr-Zukunftsfragen\/207485789294838\"]},{\"@type\":\"Person\",\"@id\":\"https:\/\/www.stiftungfuerzukunftsfragen.de\/#\/schema\/person\/fbe6a089bb71e464b6e9e91caaa06daa\",\"name\":\"Carina M\u00f6nkemeyer\"}]}<\/script>\n<!-- \/ Yoast SEO plugin. -->","yoast_head_json":{"title":"The comeback of good neighbours? - Foundation for Future Issues","robots":{"index":"index","follow":"follow","max-snippet":"max-snippet:-1","max-image-preview":"max-image-preview:large","max-video-preview":"max-video-preview:-1"},"canonical":"https:\/\/www.stiftungfuerzukunftsfragen.de\/en\/the-comeback-of-the-good-neighbours\/","og_locale":"en_GB","og_type":"article","og_title":"Das Comeback der guten Nachbarn? - Stiftung f\u00fcr Zukunftsfragen","og_description":"Ergebnis Vor knapp zehn Jahren w\u00fcnschten sich etwa zwei Drittel der Bundesb\u00fcrger eine Renaissance [...]","og_url":"https:\/\/www.stiftungfuerzukunftsfragen.de\/en\/the-comeback-of-the-good-neighbours\/","og_site_name":"Stiftung f\u00fcr Zukunftsfragen","article_publisher":"https:\/\/www.facebook.com\/pages\/Stiftung-fr-Zukunftsfragen\/207485789294838","article_published_time":"2022-10-17T12:41:13+00:00","article_modified_time":"2025-10-31T07:09:35+00:00","og_image":[{"width":1920,"height":1280,"url":"https:\/\/www.stiftungfuerzukunftsfragen.de\/wp-content\/uploads\/pexels-daniel-frank-688835-1.jpg","type":"image\/jpeg"}],"author":"Carina M\u00f6nkemeyer","twitter_card":"summary_large_image","twitter_misc":{"Written by":"Carina M\u00f6nkemeyer","Estimated reading time":"2 minutes"},"schema":{"@context":"https:\/\/schema.org","@graph":[{"@type":"Article","@id":"https:\/\/www.stiftungfuerzukunftsfragen.de\/das-comeback-der-guten-nachbarn\/#article","isPartOf":{"@id":"https:\/\/www.stiftungfuerzukunftsfragen.de\/das-comeback-der-guten-nachbarn\/"},"author":{"name":"Carina M\u00f6nkemeyer","@id":"https:\/\/www.stiftungfuerzukunftsfragen.de\/#\/schema\/person\/fbe6a089bb71e464b6e9e91caaa06daa"},"headline":"Das Comeback der guten Nachbarn?","datePublished":"2022-10-17T12:41:13+00:00","dateModified":"2025-10-31T07:09:35+00:00","mainEntityOfPage":{"@id":"https:\/\/www.stiftungfuerzukunftsfragen.de\/das-comeback-der-guten-nachbarn\/"},"wordCount":330,"publisher":{"@id":"https:\/\/www.stiftungfuerzukunftsfragen.de\/#organization"},"image":{"@id":"https:\/\/www.stiftungfuerzukunftsfragen.de\/das-comeback-der-guten-nachbarn\/#primaryimage"},"thumbnailUrl":"https:\/\/www.stiftungfuerzukunftsfragen.de\/wp-content\/uploads\/pexels-daniel-frank-688835-1.jpg","articleSection":["Chart der Woche"],"inLanguage":"en-GB"},{"@type":"WebPage","@id":"https:\/\/www.stiftungfuerzukunftsfragen.de\/das-comeback-der-guten-nachbarn\/","url":"https:\/\/www.stiftungfuerzukunftsfragen.de\/das-comeback-der-guten-nachbarn\/","name":"The comeback of good neighbours? - Foundation for Future Issues","isPartOf":{"@id":"https:\/\/www.stiftungfuerzukunftsfragen.de\/#website"},"primaryImageOfPage":{"@id":"https:\/\/www.stiftungfuerzukunftsfragen.de\/das-comeback-der-guten-nachbarn\/#primaryimage"},"image":{"@id":"https:\/\/www.stiftungfuerzukunftsfragen.de\/das-comeback-der-guten-nachbarn\/#primaryimage"},"thumbnailUrl":"https:\/\/www.stiftungfuerzukunftsfragen.de\/wp-content\/uploads\/pexels-daniel-frank-688835-1.jpg","datePublished":"2022-10-17T12:41:13+00:00","dateModified":"2025-10-31T07:09:35+00:00","breadcrumb":{"@id":"https:\/\/www.stiftungfuerzukunftsfragen.de\/das-comeback-der-guten-nachbarn\/#breadcrumb"},"inLanguage":"en-GB","potentialAction":[{"@type":"ReadAction","target":["https:\/\/www.stiftungfuerzukunftsfragen.de\/das-comeback-der-guten-nachbarn\/"]}]},{"@type":"ImageObject","inLanguage":"en-GB","@id":"https:\/\/www.stiftungfuerzukunftsfragen.de\/das-comeback-der-guten-nachbarn\/#primaryimage","url":"https:\/\/www.stiftungfuerzukunftsfragen.de\/wp-content\/uploads\/pexels-daniel-frank-688835-1.jpg","contentUrl":"https:\/\/www.stiftungfuerzukunftsfragen.de\/wp-content\/uploads\/pexels-daniel-frank-688835-1.jpg","width":1920,"height":1280},{"@type":"BreadcrumbList","@id":"https:\/\/www.stiftungfuerzukunftsfragen.de\/das-comeback-der-guten-nachbarn\/#breadcrumb","itemListElement":[{"@type":"ListItem","position":1,"name":"Startseite","item":"https:\/\/www.stiftungfuerzukunftsfragen.de\/"},{"@type":"ListItem","position":2,"name":"Das Comeback der guten Nachbarn?"}]},{"@type":"WebSite","@id":"https:\/\/www.stiftungfuerzukunftsfragen.de\/#website","url":"https:\/\/www.stiftungfuerzukunftsfragen.de\/","name":"Foundation for Future Issues","description":"An initiative by BAT","publisher":{"@id":"https:\/\/www.stiftungfuerzukunftsfragen.de\/#organization"},"potentialAction":[{"@type":"SearchAction","target":{"@type":"EntryPoint","urlTemplate":"https:\/\/www.stiftungfuerzukunftsfragen.de\/?s={search_term_string}"},"query-input":{"@type":"PropertyValueSpecification","valueRequired":true,"valueName":"search_term_string"}}],"inLanguage":"en-GB"},{"@type":"Organization","@id":"https:\/\/www.stiftungfuerzukunftsfragen.de\/#organization","name":"Foundation for Future Issues","url":"https:\/\/www.stiftungfuerzukunftsfragen.de\/","logo":{"@type":"ImageObject","inLanguage":"en-GB","@id":"https:\/\/www.stiftungfuerzukunftsfragen.de\/#\/schema\/logo\/image\/","url":"https:\/\/www.stiftungfuerzukunftsfragen.de\/wp-content\/uploads\/Stiftung-fuer-Zukunftsfragen-Logo-e1662668075158.png","contentUrl":"https:\/\/www.stiftungfuerzukunftsfragen.de\/wp-content\/uploads\/Stiftung-fuer-Zukunftsfragen-Logo-e1662668075158.png","width":609,"height":144,"caption":"Stiftung f\u00fcr Zukunftsfragen"},"image":{"@id":"https:\/\/www.stiftungfuerzukunftsfragen.de\/#\/schema\/logo\/image\/"},"sameAs":["https:\/\/www.facebook.com\/pages\/Stiftung-fr-Zukunftsfragen\/207485789294838"]},{"@type":"Person","@id":"https:\/\/www.stiftungfuerzukunftsfragen.de\/#\/schema\/person\/fbe6a089bb71e464b6e9e91caaa06daa","name":"Carina M\u00f6nkemeyer"}]}},"_links":{"self":[{"href":"https:\/\/www.stiftungfuerzukunftsfragen.de\/en\/wp-json\/wp\/v2\/posts\/4107","targetHints":{"allow":["GET"]}}],"collection":[{"href":"https:\/\/www.stiftungfuerzukunftsfragen.de\/en\/wp-json\/wp\/v2\/posts"}],"about":[{"href":"https:\/\/www.stiftungfuerzukunftsfragen.de\/en\/wp-json\/wp\/v2\/types\/post"}],"author":[{"embeddable":true,"href":"https:\/\/www.stiftungfuerzukunftsfragen.de\/en\/wp-json\/wp\/v2\/users\/37"}],"replies":[{"embeddable":true,"href":"https:\/\/www.stiftungfuerzukunftsfragen.de\/en\/wp-json\/wp\/v2\/comments?post=4107"}],"version-history":[{"count":10,"href":"https:\/\/www.stiftungfuerzukunftsfragen.de\/en\/wp-json\/wp\/v2\/posts\/4107\/revisions"}],"predecessor-version":[{"id":6321,"href":"https:\/\/www.stiftungfuerzukunftsfragen.de\/en\/wp-json\/wp\/v2\/posts\/4107\/revisions\/6321"}],"wp:featuredmedia":[{"embeddable":true,"href":"https:\/\/www.stiftungfuerzukunftsfragen.de\/en\/wp-json\/wp\/v2\/media\/4118"}],"wp:attachment":[{"href":"https:\/\/www.stiftungfuerzukunftsfragen.de\/en\/wp-json\/wp\/v2\/media?parent=4107"}],"wp:term":[{"taxonomy":"category","embeddable":true,"href":"https:\/\/www.stiftungfuerzukunftsfragen.de\/en\/wp-json\/wp\/v2\/categories?post=4107"},{"taxonomy":"post_tag","embeddable":true,"href":"https:\/\/www.stiftungfuerzukunftsfragen.de\/en\/wp-json\/wp\/v2\/tags?post=4107"}],"curies":[{"name":"wp","href":"https:\/\/api.w.org\/{rel}","templated":true}]}}