{"id":4143,"date":"2022-10-24T09:47:27","date_gmt":"2022-10-24T07:47:27","guid":{"rendered":"https:\/\/www.stiftungfuerzukunftsfragen.de\/?p=4143"},"modified":"2025-10-31T08:09:31","modified_gmt":"2025-10-31T07:09:31","slug":"the-future-plans-of-the-germans-who-is-dealing-with-tomorrow","status":"publish","type":"post","link":"https:\/\/www.stiftungfuerzukunftsfragen.de\/en\/die-zukunftsplaene-der-deutschen-wer-setzt-sich-mit-dem-morgen-auseinander\/","title":{"rendered":"Germans' plans for the future - who is thinking about tomorrow?"},"content":{"rendered":"<div class=\"infogram-embed\" data-id=\"zukunftsplane-1hd12yx1memqx6k\" data-type=\"interactive\"><\/div><script>!function(e,t,s,i){var n=\"InfogramEmbeds\",o=e.getElementsByTagName(\"script\"),d=o[0],r=\/^http:\/.test(e.location)?\"http:\":\"https:\";if(\/^\\\/{2}\/.test(i)&&(i=r+i),window[n]&&window[n].initialized)window[n].process&&window[n].process();else if(!e.getElementById(s)){var a=e.createElement(\"script\");a.async=1,a.id=s,a.src=i,d.parentNode.insertBefore(a,d)}}(document,0,\"infogram-async\",\"\/\/e.infogram.com\/js\/dist\/embed-loader-min.js\");<\/script>\n<p><strong>Ergebnis<\/strong><\/p>\n<p>Knapp die H\u00e4lfte aller Bundesb\u00fcrger setzt sich wenigstens einmal pro Monat mit der eigenen Zukunft auseinander, jeder vierte (25%) macht dieses sogar w\u00f6chentlich. Allerdings schmieden auch ebenso viele B\u00fcrger (25%) so gut wie nie Pl\u00e4ne f\u00fcr die Zukunft. Innerhalb der Bev\u00f6lkerung offenbaren sich besonders beim Einkommen und Alter Unterschiede: Je h\u00f6her der monatliche Gehaltscheck desto eher finden Gespr\u00e4che \u00fcber die kommenden Monate und Jahre statt. Beim Alter sinkt mit den Jahren das Interesse langsam, aber stetig.<\/p>\n<p>&nbsp;<\/p>\n<p><strong>Gr\u00fcnde<\/strong><\/p>\n<p>In der Zeitung, im Fernsehen oder Internet, bei Gespr\u00e4ch mit Nachbarn, Kollegen, Freunden oder innerhalb der Familie, \u00fcberall wird sich \u00fcber das Leben im hier und jetzt ausgetauscht. Nicht selten wird der Blick dabei auch auf zuk\u00fcnftige Entwicklungen im privaten Umfeld, im eigenen Land oder auch auf globaler Ebene gerichtet. Entsprechend wollen sich viele Bundesb\u00fcrger auf die kommende Zeit vorbereiten, wollen vorsorgen oder Pl\u00e4ne machen. Dieses kann die eigene Lebenssituation ebenso betreffen, wie die Planungen f\u00fcr den kommenden Urlaub, den n\u00e4chsten Karriereschritt oder den n\u00e4chsten Geburtstag der Schwester \u2013 gemeinsam ist all diesen Gedanken, dass die Umsetzung erst in Zukunft eintritt.<\/p>\n<p>&nbsp;<\/p>\n<p><strong>Prognose<\/strong><\/p>\n<p>Globale Herausforderungen vom Klimawandel bis hin zu Kriegen, dazu noch die Sorge vor Altersarmut oder Einsamkeit \u2013 viele B\u00fcrger blicken derzeit pessimistisch auf die Zukunft. Dieser Zukunftsangst muss von Seiten der Politik, Bildungseinrichtungen und Medien entgegengewirkt werden und Zukunftsbilder im Spannungsfeld zwischen Gefahren und L\u00f6sungsans\u00e4tzen pr\u00e4sentiert werden. Gefordert ist aber auch jeder B\u00fcrger selbst: So sollte es bei individuellen Zukunftsplanungen einerseits immer um eine realistische Bewertung von Ressourcen und Kompetenzen gehen, anderseits aber auch um W\u00fcnsche und Visionen f\u00fcr die eigene Zukunft. Denn die Verantwortung f\u00fcr diese wird auch zuk\u00fcnftig bei jedem selbst liegen.<\/p>\n","protected":false},"excerpt":{"rendered":"<p>Ergebnis Knapp die H\u00e4lfte aller Bundesb\u00fcrger setzt sich wenigstens einmal pro Monat mit der  [&#8230;]<\/p>\n","protected":false},"author":37,"featured_media":4146,"comment_status":"closed","ping_status":"open","sticky":false,"template":"","format":"standard","meta":{"_acf_changed":false,"footnotes":""},"categories":[53],"tags":[],"class_list":["post-4143","post","type-post","status-publish","format-standard","has-post-thumbnail","hentry","category-chart-der-woche"],"acf":{"ausgabe_nummer":"Chart der Woche, 2022-KW43","pdf-download_dateiname":"www.stiftungfuerzukunftsfragen.de_die-zukunftsplaene-der-deutschen-wer-setzt-sich-mit-dem-morgen-auseinander.pdf","pdf-clean":false,"markdown":"","hidden_html":""},"yoast_head":"<!-- This site is optimized with the Yoast SEO plugin v27.1.1 - https:\/\/yoast.com\/product\/yoast-seo-wordpress\/ -->\n<title>Die Zukunftspl\u00e4ne der Deutschen \u2013 wer setzt sich mit dem Morgen auseinander? - Stiftung f\u00fcr Zukunftsfragen<\/title>\n<meta name=\"robots\" content=\"index, follow, max-snippet:-1, max-image-preview:large, max-video-preview:-1\" \/>\n<link rel=\"canonical\" href=\"https:\/\/www.stiftungfuerzukunftsfragen.de\/en\/the-future-plans-of-the-germans-who-is-dealing-with-tomorrow\/\" \/>\n<meta property=\"og:locale\" content=\"en_GB\" \/>\n<meta property=\"og:type\" content=\"article\" \/>\n<meta property=\"og:title\" content=\"Die Zukunftspl\u00e4ne der Deutschen \u2013 wer setzt sich mit dem Morgen auseinander? - Stiftung f\u00fcr Zukunftsfragen\" \/>\n<meta property=\"og:description\" content=\"Ergebnis Knapp die H\u00e4lfte aller Bundesb\u00fcrger setzt sich wenigstens einmal pro Monat mit der [...]\" \/>\n<meta property=\"og:url\" content=\"https:\/\/www.stiftungfuerzukunftsfragen.de\/en\/the-future-plans-of-the-germans-who-is-dealing-with-tomorrow\/\" \/>\n<meta property=\"og:site_name\" content=\"Stiftung f\u00fcr Zukunftsfragen\" \/>\n<meta property=\"article:publisher\" content=\"https:\/\/www.facebook.com\/pages\/Stiftung-fr-Zukunftsfragen\/207485789294838\" \/>\n<meta property=\"article:published_time\" content=\"2022-10-24T07:47:27+00:00\" \/>\n<meta property=\"article:modified_time\" content=\"2025-10-31T07:09:31+00:00\" \/>\n<meta property=\"og:image\" content=\"https:\/\/www.stiftungfuerzukunftsfragen.de\/wp-content\/uploads\/LFA5814.jpg\" \/>\n\t<meta property=\"og:image:width\" content=\"1920\" \/>\n\t<meta property=\"og:image:height\" content=\"1327\" \/>\n\t<meta property=\"og:image:type\" content=\"image\/jpeg\" \/>\n<meta name=\"author\" content=\"Carina M\u00f6nkemeyer\" \/>\n<meta name=\"twitter:card\" content=\"summary_large_image\" \/>\n<meta name=\"twitter:label1\" content=\"Written by\" \/>\n\t<meta name=\"twitter:data1\" content=\"Carina M\u00f6nkemeyer\" \/>\n\t<meta name=\"twitter:label2\" content=\"Estimated reading time\" \/>\n\t<meta name=\"twitter:data2\" content=\"2 minutes\" \/>\n<script type=\"application\/ld+json\" class=\"yoast-schema-graph\">{\"@context\":\"https:\/\/schema.org\",\"@graph\":[{\"@type\":\"Article\",\"@id\":\"https:\/\/www.stiftungfuerzukunftsfragen.de\/die-zukunftsplaene-der-deutschen-wer-setzt-sich-mit-dem-morgen-auseinander\/#article\",\"isPartOf\":{\"@id\":\"https:\/\/www.stiftungfuerzukunftsfragen.de\/die-zukunftsplaene-der-deutschen-wer-setzt-sich-mit-dem-morgen-auseinander\/\"},\"author\":{\"name\":\"Carina M\u00f6nkemeyer\",\"@id\":\"https:\/\/www.stiftungfuerzukunftsfragen.de\/#\/schema\/person\/fbe6a089bb71e464b6e9e91caaa06daa\"},\"headline\":\"Die Zukunftspl\u00e4ne der Deutschen \u2013 wer setzt sich mit dem Morgen auseinander?\",\"datePublished\":\"2022-10-24T07:47:27+00:00\",\"dateModified\":\"2025-10-31T07:09:31+00:00\",\"mainEntityOfPage\":{\"@id\":\"https:\/\/www.stiftungfuerzukunftsfragen.de\/die-zukunftsplaene-der-deutschen-wer-setzt-sich-mit-dem-morgen-auseinander\/\"},\"wordCount\":319,\"publisher\":{\"@id\":\"https:\/\/www.stiftungfuerzukunftsfragen.de\/#organization\"},\"image\":{\"@id\":\"https:\/\/www.stiftungfuerzukunftsfragen.de\/die-zukunftsplaene-der-deutschen-wer-setzt-sich-mit-dem-morgen-auseinander\/#primaryimage\"},\"thumbnailUrl\":\"https:\/\/www.stiftungfuerzukunftsfragen.de\/wp-content\/uploads\/LFA5814.jpg\",\"articleSection\":[\"Chart der Woche\"],\"inLanguage\":\"en-GB\"},{\"@type\":\"WebPage\",\"@id\":\"https:\/\/www.stiftungfuerzukunftsfragen.de\/die-zukunftsplaene-der-deutschen-wer-setzt-sich-mit-dem-morgen-auseinander\/\",\"url\":\"https:\/\/www.stiftungfuerzukunftsfragen.de\/die-zukunftsplaene-der-deutschen-wer-setzt-sich-mit-dem-morgen-auseinander\/\",\"name\":\"Die Zukunftspl\u00e4ne der Deutschen \u2013 wer setzt sich mit dem Morgen auseinander? - Stiftung f\u00fcr Zukunftsfragen\",\"isPartOf\":{\"@id\":\"https:\/\/www.stiftungfuerzukunftsfragen.de\/#website\"},\"primaryImageOfPage\":{\"@id\":\"https:\/\/www.stiftungfuerzukunftsfragen.de\/die-zukunftsplaene-der-deutschen-wer-setzt-sich-mit-dem-morgen-auseinander\/#primaryimage\"},\"image\":{\"@id\":\"https:\/\/www.stiftungfuerzukunftsfragen.de\/die-zukunftsplaene-der-deutschen-wer-setzt-sich-mit-dem-morgen-auseinander\/#primaryimage\"},\"thumbnailUrl\":\"https:\/\/www.stiftungfuerzukunftsfragen.de\/wp-content\/uploads\/LFA5814.jpg\",\"datePublished\":\"2022-10-24T07:47:27+00:00\",\"dateModified\":\"2025-10-31T07:09:31+00:00\",\"breadcrumb\":{\"@id\":\"https:\/\/www.stiftungfuerzukunftsfragen.de\/die-zukunftsplaene-der-deutschen-wer-setzt-sich-mit-dem-morgen-auseinander\/#breadcrumb\"},\"inLanguage\":\"en-GB\",\"potentialAction\":[{\"@type\":\"ReadAction\",\"target\":[\"https:\/\/www.stiftungfuerzukunftsfragen.de\/die-zukunftsplaene-der-deutschen-wer-setzt-sich-mit-dem-morgen-auseinander\/\"]}]},{\"@type\":\"ImageObject\",\"inLanguage\":\"en-GB\",\"@id\":\"https:\/\/www.stiftungfuerzukunftsfragen.de\/die-zukunftsplaene-der-deutschen-wer-setzt-sich-mit-dem-morgen-auseinander\/#primaryimage\",\"url\":\"https:\/\/www.stiftungfuerzukunftsfragen.de\/wp-content\/uploads\/LFA5814.jpg\",\"contentUrl\":\"https:\/\/www.stiftungfuerzukunftsfragen.de\/wp-content\/uploads\/LFA5814.jpg\",\"width\":1920,\"height\":1327},{\"@type\":\"BreadcrumbList\",\"@id\":\"https:\/\/www.stiftungfuerzukunftsfragen.de\/die-zukunftsplaene-der-deutschen-wer-setzt-sich-mit-dem-morgen-auseinander\/#breadcrumb\",\"itemListElement\":[{\"@type\":\"ListItem\",\"position\":1,\"name\":\"Startseite\",\"item\":\"https:\/\/www.stiftungfuerzukunftsfragen.de\/\"},{\"@type\":\"ListItem\",\"position\":2,\"name\":\"Die Zukunftspl\u00e4ne der Deutschen \u2013 wer setzt sich mit dem Morgen auseinander?\"}]},{\"@type\":\"WebSite\",\"@id\":\"https:\/\/www.stiftungfuerzukunftsfragen.de\/#website\",\"url\":\"https:\/\/www.stiftungfuerzukunftsfragen.de\/\",\"name\":\"Stiftung f\u00fcr Zukunftsfragen\",\"description\":\"Eine Initiative von BAT\",\"publisher\":{\"@id\":\"https:\/\/www.stiftungfuerzukunftsfragen.de\/#organization\"},\"potentialAction\":[{\"@type\":\"SearchAction\",\"target\":{\"@type\":\"EntryPoint\",\"urlTemplate\":\"https:\/\/www.stiftungfuerzukunftsfragen.de\/?s={search_term_string}\"},\"query-input\":{\"@type\":\"PropertyValueSpecification\",\"valueRequired\":true,\"valueName\":\"search_term_string\"}}],\"inLanguage\":\"en-GB\"},{\"@type\":\"Organization\",\"@id\":\"https:\/\/www.stiftungfuerzukunftsfragen.de\/#organization\",\"name\":\"Stiftung f\u00fcr Zukunftsfragen\",\"url\":\"https:\/\/www.stiftungfuerzukunftsfragen.de\/\",\"logo\":{\"@type\":\"ImageObject\",\"inLanguage\":\"en-GB\",\"@id\":\"https:\/\/www.stiftungfuerzukunftsfragen.de\/#\/schema\/logo\/image\/\",\"url\":\"https:\/\/www.stiftungfuerzukunftsfragen.de\/wp-content\/uploads\/Stiftung-fuer-Zukunftsfragen-Logo-e1662668075158.png\",\"contentUrl\":\"https:\/\/www.stiftungfuerzukunftsfragen.de\/wp-content\/uploads\/Stiftung-fuer-Zukunftsfragen-Logo-e1662668075158.png\",\"width\":609,\"height\":144,\"caption\":\"Stiftung f\u00fcr Zukunftsfragen\"},\"image\":{\"@id\":\"https:\/\/www.stiftungfuerzukunftsfragen.de\/#\/schema\/logo\/image\/\"},\"sameAs\":[\"https:\/\/www.facebook.com\/pages\/Stiftung-fr-Zukunftsfragen\/207485789294838\"]},{\"@type\":\"Person\",\"@id\":\"https:\/\/www.stiftungfuerzukunftsfragen.de\/#\/schema\/person\/fbe6a089bb71e464b6e9e91caaa06daa\",\"name\":\"Carina M\u00f6nkemeyer\"}]}<\/script>\n<!-- \/ Yoast SEO plugin. -->","yoast_head_json":{"title":"Germans' plans for the future - who is thinking about tomorrow? - Foundation for Future Issues","robots":{"index":"index","follow":"follow","max-snippet":"max-snippet:-1","max-image-preview":"max-image-preview:large","max-video-preview":"max-video-preview:-1"},"canonical":"https:\/\/www.stiftungfuerzukunftsfragen.de\/en\/the-future-plans-of-the-germans-who-is-dealing-with-tomorrow\/","og_locale":"en_GB","og_type":"article","og_title":"Die Zukunftspl\u00e4ne der Deutschen \u2013 wer setzt sich mit dem Morgen auseinander? - Stiftung f\u00fcr Zukunftsfragen","og_description":"Ergebnis Knapp die H\u00e4lfte aller Bundesb\u00fcrger setzt sich wenigstens einmal pro Monat mit der [...]","og_url":"https:\/\/www.stiftungfuerzukunftsfragen.de\/en\/the-future-plans-of-the-germans-who-is-dealing-with-tomorrow\/","og_site_name":"Stiftung f\u00fcr Zukunftsfragen","article_publisher":"https:\/\/www.facebook.com\/pages\/Stiftung-fr-Zukunftsfragen\/207485789294838","article_published_time":"2022-10-24T07:47:27+00:00","article_modified_time":"2025-10-31T07:09:31+00:00","og_image":[{"width":1920,"height":1327,"url":"https:\/\/www.stiftungfuerzukunftsfragen.de\/wp-content\/uploads\/LFA5814.jpg","type":"image\/jpeg"}],"author":"Carina M\u00f6nkemeyer","twitter_card":"summary_large_image","twitter_misc":{"Written by":"Carina M\u00f6nkemeyer","Estimated reading time":"2 minutes"},"schema":{"@context":"https:\/\/schema.org","@graph":[{"@type":"Article","@id":"https:\/\/www.stiftungfuerzukunftsfragen.de\/die-zukunftsplaene-der-deutschen-wer-setzt-sich-mit-dem-morgen-auseinander\/#article","isPartOf":{"@id":"https:\/\/www.stiftungfuerzukunftsfragen.de\/die-zukunftsplaene-der-deutschen-wer-setzt-sich-mit-dem-morgen-auseinander\/"},"author":{"name":"Carina M\u00f6nkemeyer","@id":"https:\/\/www.stiftungfuerzukunftsfragen.de\/#\/schema\/person\/fbe6a089bb71e464b6e9e91caaa06daa"},"headline":"Die Zukunftspl\u00e4ne der Deutschen \u2013 wer setzt sich mit dem Morgen auseinander?","datePublished":"2022-10-24T07:47:27+00:00","dateModified":"2025-10-31T07:09:31+00:00","mainEntityOfPage":{"@id":"https:\/\/www.stiftungfuerzukunftsfragen.de\/die-zukunftsplaene-der-deutschen-wer-setzt-sich-mit-dem-morgen-auseinander\/"},"wordCount":319,"publisher":{"@id":"https:\/\/www.stiftungfuerzukunftsfragen.de\/#organization"},"image":{"@id":"https:\/\/www.stiftungfuerzukunftsfragen.de\/die-zukunftsplaene-der-deutschen-wer-setzt-sich-mit-dem-morgen-auseinander\/#primaryimage"},"thumbnailUrl":"https:\/\/www.stiftungfuerzukunftsfragen.de\/wp-content\/uploads\/LFA5814.jpg","articleSection":["Chart der Woche"],"inLanguage":"en-GB"},{"@type":"WebPage","@id":"https:\/\/www.stiftungfuerzukunftsfragen.de\/die-zukunftsplaene-der-deutschen-wer-setzt-sich-mit-dem-morgen-auseinander\/","url":"https:\/\/www.stiftungfuerzukunftsfragen.de\/die-zukunftsplaene-der-deutschen-wer-setzt-sich-mit-dem-morgen-auseinander\/","name":"Germans' plans for the future - who is thinking about tomorrow? - Foundation for Future Issues","isPartOf":{"@id":"https:\/\/www.stiftungfuerzukunftsfragen.de\/#website"},"primaryImageOfPage":{"@id":"https:\/\/www.stiftungfuerzukunftsfragen.de\/die-zukunftsplaene-der-deutschen-wer-setzt-sich-mit-dem-morgen-auseinander\/#primaryimage"},"image":{"@id":"https:\/\/www.stiftungfuerzukunftsfragen.de\/die-zukunftsplaene-der-deutschen-wer-setzt-sich-mit-dem-morgen-auseinander\/#primaryimage"},"thumbnailUrl":"https:\/\/www.stiftungfuerzukunftsfragen.de\/wp-content\/uploads\/LFA5814.jpg","datePublished":"2022-10-24T07:47:27+00:00","dateModified":"2025-10-31T07:09:31+00:00","breadcrumb":{"@id":"https:\/\/www.stiftungfuerzukunftsfragen.de\/die-zukunftsplaene-der-deutschen-wer-setzt-sich-mit-dem-morgen-auseinander\/#breadcrumb"},"inLanguage":"en-GB","potentialAction":[{"@type":"ReadAction","target":["https:\/\/www.stiftungfuerzukunftsfragen.de\/die-zukunftsplaene-der-deutschen-wer-setzt-sich-mit-dem-morgen-auseinander\/"]}]},{"@type":"ImageObject","inLanguage":"en-GB","@id":"https:\/\/www.stiftungfuerzukunftsfragen.de\/die-zukunftsplaene-der-deutschen-wer-setzt-sich-mit-dem-morgen-auseinander\/#primaryimage","url":"https:\/\/www.stiftungfuerzukunftsfragen.de\/wp-content\/uploads\/LFA5814.jpg","contentUrl":"https:\/\/www.stiftungfuerzukunftsfragen.de\/wp-content\/uploads\/LFA5814.jpg","width":1920,"height":1327},{"@type":"BreadcrumbList","@id":"https:\/\/www.stiftungfuerzukunftsfragen.de\/die-zukunftsplaene-der-deutschen-wer-setzt-sich-mit-dem-morgen-auseinander\/#breadcrumb","itemListElement":[{"@type":"ListItem","position":1,"name":"Startseite","item":"https:\/\/www.stiftungfuerzukunftsfragen.de\/"},{"@type":"ListItem","position":2,"name":"Die Zukunftspl\u00e4ne der Deutschen \u2013 wer setzt sich mit dem Morgen auseinander?"}]},{"@type":"WebSite","@id":"https:\/\/www.stiftungfuerzukunftsfragen.de\/#website","url":"https:\/\/www.stiftungfuerzukunftsfragen.de\/","name":"Foundation for Future Issues","description":"An initiative by BAT","publisher":{"@id":"https:\/\/www.stiftungfuerzukunftsfragen.de\/#organization"},"potentialAction":[{"@type":"SearchAction","target":{"@type":"EntryPoint","urlTemplate":"https:\/\/www.stiftungfuerzukunftsfragen.de\/?s={search_term_string}"},"query-input":{"@type":"PropertyValueSpecification","valueRequired":true,"valueName":"search_term_string"}}],"inLanguage":"en-GB"},{"@type":"Organization","@id":"https:\/\/www.stiftungfuerzukunftsfragen.de\/#organization","name":"Foundation for Future Issues","url":"https:\/\/www.stiftungfuerzukunftsfragen.de\/","logo":{"@type":"ImageObject","inLanguage":"en-GB","@id":"https:\/\/www.stiftungfuerzukunftsfragen.de\/#\/schema\/logo\/image\/","url":"https:\/\/www.stiftungfuerzukunftsfragen.de\/wp-content\/uploads\/Stiftung-fuer-Zukunftsfragen-Logo-e1662668075158.png","contentUrl":"https:\/\/www.stiftungfuerzukunftsfragen.de\/wp-content\/uploads\/Stiftung-fuer-Zukunftsfragen-Logo-e1662668075158.png","width":609,"height":144,"caption":"Stiftung f\u00fcr Zukunftsfragen"},"image":{"@id":"https:\/\/www.stiftungfuerzukunftsfragen.de\/#\/schema\/logo\/image\/"},"sameAs":["https:\/\/www.facebook.com\/pages\/Stiftung-fr-Zukunftsfragen\/207485789294838"]},{"@type":"Person","@id":"https:\/\/www.stiftungfuerzukunftsfragen.de\/#\/schema\/person\/fbe6a089bb71e464b6e9e91caaa06daa","name":"Carina M\u00f6nkemeyer"}]}},"_links":{"self":[{"href":"https:\/\/www.stiftungfuerzukunftsfragen.de\/en\/wp-json\/wp\/v2\/posts\/4143","targetHints":{"allow":["GET"]}}],"collection":[{"href":"https:\/\/www.stiftungfuerzukunftsfragen.de\/en\/wp-json\/wp\/v2\/posts"}],"about":[{"href":"https:\/\/www.stiftungfuerzukunftsfragen.de\/en\/wp-json\/wp\/v2\/types\/post"}],"author":[{"embeddable":true,"href":"https:\/\/www.stiftungfuerzukunftsfragen.de\/en\/wp-json\/wp\/v2\/users\/37"}],"replies":[{"embeddable":true,"href":"https:\/\/www.stiftungfuerzukunftsfragen.de\/en\/wp-json\/wp\/v2\/comments?post=4143"}],"version-history":[{"count":5,"href":"https:\/\/www.stiftungfuerzukunftsfragen.de\/en\/wp-json\/wp\/v2\/posts\/4143\/revisions"}],"predecessor-version":[{"id":6320,"href":"https:\/\/www.stiftungfuerzukunftsfragen.de\/en\/wp-json\/wp\/v2\/posts\/4143\/revisions\/6320"}],"wp:featuredmedia":[{"embeddable":true,"href":"https:\/\/www.stiftungfuerzukunftsfragen.de\/en\/wp-json\/wp\/v2\/media\/4146"}],"wp:attachment":[{"href":"https:\/\/www.stiftungfuerzukunftsfragen.de\/en\/wp-json\/wp\/v2\/media?parent=4143"}],"wp:term":[{"taxonomy":"category","embeddable":true,"href":"https:\/\/www.stiftungfuerzukunftsfragen.de\/en\/wp-json\/wp\/v2\/categories?post=4143"},{"taxonomy":"post_tag","embeddable":true,"href":"https:\/\/www.stiftungfuerzukunftsfragen.de\/en\/wp-json\/wp\/v2\/tags?post=4143"}],"curies":[{"name":"wp","href":"https:\/\/api.w.org\/{rel}","templated":true}]}}