{"id":4179,"date":"2022-11-10T08:00:17","date_gmt":"2022-11-10T07:00:17","guid":{"rendered":"https:\/\/www.stiftungfuerzukunftsfragen.de\/?p=4179"},"modified":"2025-10-30T15:16:05","modified_gmt":"2025-10-30T14:16:05","slug":"challenges-of-the-present-and-the-future-burden-many-citizens","status":"publish","type":"post","link":"https:\/\/www.stiftungfuerzukunftsfragen.de\/en\/herausforderungen-der-gegenwart-und-zukunft-belasten-viele-buerger\/","title":{"rendered":"Challenges of the present and future are a burden for many citizens"},"content":{"rendered":"<p><img decoding=\"async\" class=\"lazyload alignnone size-full wp-image-4184\" src=\"https:\/\/www.stiftungfuerzukunftsfragen.de\/wp-content\/uploads\/hd-wallpaper-g773529654_1920.jpg\" data-orig-src=\"https:\/\/www.stiftungfuerzukunftsfragen.de\/wp-content\/uploads\/hd-wallpaper-g773529654_1920.jpg\" alt=\"\" width=\"1920\" height=\"1143\" srcset=\"data:image\/svg+xml,%3Csvg%20xmlns%3D%27http%3A%2F%2Fwww.w3.org%2F2000%2Fsvg%27%20width%3D%271920%27%20height%3D%271143%27%20viewBox%3D%270%200%201920%201143%27%3E%3Crect%20width%3D%271920%27%20height%3D%271143%27%20fill-opacity%3D%220%22%2F%3E%3C%2Fsvg%3E\" data-srcset=\"https:\/\/www.stiftungfuerzukunftsfragen.de\/wp-content\/uploads\/hd-wallpaper-g773529654_1920-200x119.jpg 200w, https:\/\/www.stiftungfuerzukunftsfragen.de\/wp-content\/uploads\/hd-wallpaper-g773529654_1920-300x179.jpg 300w, https:\/\/www.stiftungfuerzukunftsfragen.de\/wp-content\/uploads\/hd-wallpaper-g773529654_1920-400x238.jpg 400w, https:\/\/www.stiftungfuerzukunftsfragen.de\/wp-content\/uploads\/hd-wallpaper-g773529654_1920-600x357.jpg 600w, https:\/\/www.stiftungfuerzukunftsfragen.de\/wp-content\/uploads\/hd-wallpaper-g773529654_1920-768x457.jpg 768w, https:\/\/www.stiftungfuerzukunftsfragen.de\/wp-content\/uploads\/hd-wallpaper-g773529654_1920-800x476.jpg 800w, https:\/\/www.stiftungfuerzukunftsfragen.de\/wp-content\/uploads\/hd-wallpaper-g773529654_1920-1024x610.jpg 1024w, https:\/\/www.stiftungfuerzukunftsfragen.de\/wp-content\/uploads\/hd-wallpaper-g773529654_1920-1200x714.jpg 1200w, https:\/\/www.stiftungfuerzukunftsfragen.de\/wp-content\/uploads\/hd-wallpaper-g773529654_1920-1536x914.jpg 1536w, https:\/\/www.stiftungfuerzukunftsfragen.de\/wp-content\/uploads\/hd-wallpaper-g773529654_1920.jpg 1920w\" data-sizes=\"auto\" data-orig-sizes=\"(max-width: 1920px) 100vw, 1920px\" \/><\/p>\n<p>&nbsp;<\/p>\n<p><strong>Klimawandel, Pandemie, Krieg<\/strong> \u2013 viele B\u00fcrger haben das Gef\u00fchl in fortgesetzten Krisenzeiten zu leben. Die globalen Krisen stellen demnach nicht nur die politischen und wirtschaftlichen Verantwortlichen vor Herausforderungen, sondern gehen auch f\u00fcr viele B\u00fcrger mit Belastungen einher. Zu diesem Ergebnis kommt die neueste Untersuchung der gemeinn\u00fctzigen BAT-Stiftung f\u00fcr Zukunftsfragen, f\u00fcr die repr\u00e4sentativ 2.000 Bundesb\u00fcrger befragt wurden.<\/p>\n<h2 align=\"left\">Kernergebnisse<\/h2>\n<ul>\n<li>Fast zwei Drittel stresst die unsichere Zukunft<\/li>\n<li>Hinsichtlich der Zumutung durch die Pandemie leiden die B\u00fcrger nicht nur unter den gesundheitlichen Risiken: Fast die H\u00e4lfte klagt \u00fcber Einschr\u00e4nkungen in ihrem Alltag, insbesondere hinsichtlich ihrer Freizeitaktivit\u00e4ten<\/li>\n<li>F\u00fcr fast jeden Dritten f\u00fchrt die Angst vor einer Ansteckung zu einem ver\u00e4nderten Freizeitverhalten<\/li>\n<\/ul>\n<div><\/div>\n<div><div class=\"infogram-embed\" data-id=\"forschung-aktuell-unsere-unsichere-zukunft-stresst-fast-zwei-drittel-1h0r6rpdwwxrw2e\" data-type=\"interactive\"><\/div><script>!function(e,t,s,i){var n=\"InfogramEmbeds\",o=e.getElementsByTagName(\"script\"),d=o[0],r=\/^http:\/.test(e.location)?\"http:\":\"https:\";if(\/^\\\/{2}\/.test(i)&&(i=r+i),window[n]&&window[n].initialized)window[n].process&&window[n].process();else if(!e.getElementById(s)){var a=e.createElement(\"script\");a.async=1,a.id=s,a.src=i,d.parentNode.insertBefore(a,d)}}(document,0,\"infogram-async\",\"\/\/e.infogram.com\/js\/dist\/embed-loader-min.js\");<\/script><\/div>\n<p>&nbsp;<\/p>\n<p>F\u00fcr den wissenschaftlichen Leiter der Stiftung, Professor Dr. Ulrich Reinhardt <strong>stellen der Klimawandel, Kriege und pandemische Ereignisse sowohl eine indirekte als auch direkte Ver\u00e4nderung des allt\u00e4glichen Lebens dar, die viele mit Unsicherheit, R\u00fcckzug und Stress verbinden.<\/strong> Hierbei sind Abstufungen zu erkennen. Der Klimawandel wird als dringende, globale Problematik gesehen, die aber (noch) nicht das allt\u00e4gliche Leben beeintr\u00e4chtigt. Durch Berichte \u00fcber Extremwetterereignisse r\u00fcckt diese zwar immer st\u00e4rker in das Bewusstsein, ohne jedoch das praktische Verhalten bisher nachhaltig zu ver\u00e4ndern. Der Stressfaktor ist so eher auf theoretischer, gedanklicher Ebene zu verorten.<\/p>\n<p>Kriegerische Auseinandersetzungen werden umso belastender empfunden, je n\u00e4her die geographische Grenze zu ihnen ist, je h\u00e4ufiger \u00fcber sie medial berichtet wird und je st\u00e4rker individuelle Einschr\u00e4nkungen hiermit verbunden sind. Der Krieg in der Ukraine zeigt diese Auspr\u00e4gungen hinsichtlich finanzieller Sorgen, Sicherheitsbedenken und \u2013 besonders bei der \u00e4lteren Bev\u00f6lkerung \u2013 bez\u00fcglich belastender Erinnerungen. In Verbindung mit einem zunehmenden Gef\u00fchl vor weiterreichenden Herausforderungen (z.B. zunehmende Spaltung der Gesellschaft, Radikalisierung von Teilgruppen, \u00dcberforderung oder einem schwindenden Grundkonsens) verst\u00e4rken sie das Gef\u00fchl der Belastung zunehmend.<\/p>\n<p>&nbsp;<\/p>\n<div class=\"infogram-embed\" data-id=\"copy-forschung-aktuell-klimawandel-krieg-und-pandemie-1hxj48pzqq8852v\" data-type=\"interactive\"><\/div><script>!function(e,t,s,i){var n=\"InfogramEmbeds\",o=e.getElementsByTagName(\"script\"),d=o[0],r=\/^http:\/.test(e.location)?\"http:\":\"https:\";if(\/^\\\/{2}\/.test(i)&&(i=r+i),window[n]&&window[n].initialized)window[n].process&&window[n].process();else if(!e.getElementById(s)){var a=e.createElement(\"script\");a.async=1,a.id=s,a.src=i,d.parentNode.insertBefore(a,d)}}(document,0,\"infogram-async\",\"\/\/e.infogram.com\/js\/dist\/embed-loader-min.js\");<\/script>\n<p>&nbsp;<\/p>\n<p>Die Pandemie betrifft die individuelle Befindlichkeit in besonderem Ma\u00dfe, da mit ihr direkte Einschr\u00e4nkungen und Ver\u00e4nderungen verbunden werden. <strong>So gibt fast jeder zweite B\u00fcrger an, seine gewohnten Freizeitaktivit\u00e4ten nicht durchf\u00fchren zu k\u00f6nnen.<\/strong> Grund hierf\u00fcr sind sowohl externe als auch interne Faktoren: Zu den \u00e4u\u00dferen Faktoren geh\u00f6ren u.a. neue Regelungen, Verbote, reduziertes Angebot von organisierten und offenen Freizeitm\u00f6glichkeiten oder finanzielle Mehrkosten. Zu den inneren Motiven z\u00e4hlt vor allem die Angst vor Ansteckung, die f\u00fcr ein Drittel der Befragten zu einem modifizierten Freizeitverhalten, neue Priorit\u00e4tensetzung oder Frustrationen \u00fcber Einschr\u00e4nkungen f\u00fchrt.<\/p>\n<p>&nbsp;<\/p>\n<div class=\"infogram-embed\" data-id=\"forschung-aktuell-zwei-drittel-haben-keine-angst-mehr-vor-einer-coronainfektion-1h984wo7117rz6p\" data-type=\"interactive\"><\/div><script>!function(e,t,s,i){var n=\"InfogramEmbeds\",o=e.getElementsByTagName(\"script\"),d=o[0],r=\/^http:\/.test(e.location)?\"http:\":\"https:\";if(\/^\\\/{2}\/.test(i)&&(i=r+i),window[n]&&window[n].initialized)window[n].process&&window[n].process();else if(!e.getElementById(s)){var a=e.createElement(\"script\");a.async=1,a.id=s,a.src=i,d.parentNode.insertBefore(a,d)}}(document,0,\"infogram-async\",\"\/\/e.infogram.com\/js\/dist\/embed-loader-min.js\");<\/script>\n<p>&nbsp;<\/p>\n<p>Trotz allen Herausforderungen und negativen Zahlen betont Reinhardt auch die positiven Aspekte der Untersuchung: \u201e<strong>Ein Drittel empfindet die aktuellen Herausforderungen und Krisen als nicht belastend oder hat Mittel und Wege gefunden, diesen zu begegnen.<\/strong> Die H\u00e4lfte der Bev\u00f6lkerung hat sich an die Gegebenheiten angepasst und f\u00fchrt weiterhin (oder wieder) ein unbeschwertes und aktives Freizeitleben. Und zwei Drittel haben mittlerweile keine Angst mehr vor einer Ansteckung\u201c.<\/p>\n","protected":false},"excerpt":{"rendered":"<p>&nbsp; Klimawandel, Pandemie, Krieg \u2013 viele B\u00fcrger haben das Gef\u00fchl in fortgesetzten Krisenzeiten zu  [&#8230;]<\/p>\n","protected":false},"author":37,"featured_media":0,"comment_status":"closed","ping_status":"open","sticky":false,"template":"","format":"standard","meta":{"_acf_changed":false,"footnotes":""},"categories":[1],"tags":[67],"class_list":["post-4179","post","type-post","status-publish","format-standard","hentry","category-forschung-aktuell","tag-zukunftserwartungen"],"acf":{"ausgabe_nummer":"Forschung aktuell, 298","pdf-download_dateiname":"www.stiftungfuerzukunftsfragen.de_herausforderungen-der-gegenwart-und-zukunft-belasten-viele-buerger.pdf"},"yoast_head":"<!-- This site is optimized with the Yoast SEO plugin v27.1.1 - https:\/\/yoast.com\/product\/yoast-seo-wordpress\/ -->\n<title>Herausforderungen der Gegenwart und Zukunft belasten viele B\u00fcrger - Stiftung f\u00fcr Zukunftsfragen<\/title>\n<meta name=\"robots\" content=\"index, follow, max-snippet:-1, max-image-preview:large, max-video-preview:-1\" \/>\n<link rel=\"canonical\" href=\"https:\/\/www.stiftungfuerzukunftsfragen.de\/en\/challenges-of-the-present-and-the-future-burden-many-citizens\/\" \/>\n<meta property=\"og:locale\" content=\"en_GB\" \/>\n<meta property=\"og:type\" content=\"article\" \/>\n<meta property=\"og:title\" content=\"Herausforderungen der Gegenwart und Zukunft belasten viele B\u00fcrger - Stiftung f\u00fcr Zukunftsfragen\" \/>\n<meta property=\"og:description\" content=\"&nbsp; Klimawandel, Pandemie, Krieg \u2013 viele B\u00fcrger haben das Gef\u00fchl in fortgesetzten Krisenzeiten zu [...]\" \/>\n<meta property=\"og:url\" content=\"https:\/\/www.stiftungfuerzukunftsfragen.de\/en\/challenges-of-the-present-and-the-future-burden-many-citizens\/\" \/>\n<meta property=\"og:site_name\" content=\"Stiftung f\u00fcr Zukunftsfragen\" \/>\n<meta property=\"article:publisher\" content=\"https:\/\/www.facebook.com\/pages\/Stiftung-fr-Zukunftsfragen\/207485789294838\" \/>\n<meta property=\"article:published_time\" content=\"2022-11-10T07:00:17+00:00\" \/>\n<meta property=\"article:modified_time\" content=\"2025-10-30T14:16:05+00:00\" \/>\n<meta property=\"og:image\" content=\"https:\/\/www.stiftungfuerzukunftsfragen.de\/wp-content\/uploads\/hd-wallpaper-g773529654_1920.jpg\" \/>\n\t<meta property=\"og:image:width\" content=\"1920\" \/>\n\t<meta property=\"og:image:height\" content=\"1143\" \/>\n\t<meta property=\"og:image:type\" content=\"image\/jpeg\" \/>\n<meta name=\"author\" content=\"Carina M\u00f6nkemeyer\" \/>\n<meta name=\"twitter:card\" content=\"summary_large_image\" \/>\n<meta name=\"twitter:label1\" content=\"Written by\" \/>\n\t<meta name=\"twitter:data1\" content=\"Carina M\u00f6nkemeyer\" \/>\n\t<meta name=\"twitter:label2\" content=\"Estimated reading time\" \/>\n\t<meta name=\"twitter:data2\" content=\"3 minutes\" \/>\n<script type=\"application\/ld+json\" class=\"yoast-schema-graph\">{\"@context\":\"https:\/\/schema.org\",\"@graph\":[{\"@type\":\"Article\",\"@id\":\"https:\/\/www.stiftungfuerzukunftsfragen.de\/herausforderungen-der-gegenwart-und-zukunft-belasten-viele-buerger\/#article\",\"isPartOf\":{\"@id\":\"https:\/\/www.stiftungfuerzukunftsfragen.de\/herausforderungen-der-gegenwart-und-zukunft-belasten-viele-buerger\/\"},\"author\":{\"name\":\"Carina M\u00f6nkemeyer\",\"@id\":\"https:\/\/www.stiftungfuerzukunftsfragen.de\/#\/schema\/person\/fbe6a089bb71e464b6e9e91caaa06daa\"},\"headline\":\"Herausforderungen der Gegenwart und Zukunft belasten viele B\u00fcrger\",\"datePublished\":\"2022-11-10T07:00:17+00:00\",\"dateModified\":\"2025-10-30T14:16:05+00:00\",\"mainEntityOfPage\":{\"@id\":\"https:\/\/www.stiftungfuerzukunftsfragen.de\/herausforderungen-der-gegenwart-und-zukunft-belasten-viele-buerger\/\"},\"wordCount\":522,\"publisher\":{\"@id\":\"https:\/\/www.stiftungfuerzukunftsfragen.de\/#organization\"},\"image\":{\"@id\":\"https:\/\/www.stiftungfuerzukunftsfragen.de\/herausforderungen-der-gegenwart-und-zukunft-belasten-viele-buerger\/#primaryimage\"},\"thumbnailUrl\":\"https:\/\/www.stiftungfuerzukunftsfragen.de\/wp-content\/uploads\/hd-wallpaper-g773529654_1920.jpg\",\"keywords\":[\"Zukunftserwartungen\"],\"articleSection\":[\"Forschung aktuell\"],\"inLanguage\":\"en-GB\"},{\"@type\":\"WebPage\",\"@id\":\"https:\/\/www.stiftungfuerzukunftsfragen.de\/herausforderungen-der-gegenwart-und-zukunft-belasten-viele-buerger\/\",\"url\":\"https:\/\/www.stiftungfuerzukunftsfragen.de\/herausforderungen-der-gegenwart-und-zukunft-belasten-viele-buerger\/\",\"name\":\"Herausforderungen der Gegenwart und Zukunft belasten viele B\u00fcrger - Stiftung f\u00fcr Zukunftsfragen\",\"isPartOf\":{\"@id\":\"https:\/\/www.stiftungfuerzukunftsfragen.de\/#website\"},\"primaryImageOfPage\":{\"@id\":\"https:\/\/www.stiftungfuerzukunftsfragen.de\/herausforderungen-der-gegenwart-und-zukunft-belasten-viele-buerger\/#primaryimage\"},\"image\":{\"@id\":\"https:\/\/www.stiftungfuerzukunftsfragen.de\/herausforderungen-der-gegenwart-und-zukunft-belasten-viele-buerger\/#primaryimage\"},\"thumbnailUrl\":\"https:\/\/www.stiftungfuerzukunftsfragen.de\/wp-content\/uploads\/hd-wallpaper-g773529654_1920.jpg\",\"datePublished\":\"2022-11-10T07:00:17+00:00\",\"dateModified\":\"2025-10-30T14:16:05+00:00\",\"breadcrumb\":{\"@id\":\"https:\/\/www.stiftungfuerzukunftsfragen.de\/herausforderungen-der-gegenwart-und-zukunft-belasten-viele-buerger\/#breadcrumb\"},\"inLanguage\":\"en-GB\",\"potentialAction\":[{\"@type\":\"ReadAction\",\"target\":[\"https:\/\/www.stiftungfuerzukunftsfragen.de\/herausforderungen-der-gegenwart-und-zukunft-belasten-viele-buerger\/\"]}]},{\"@type\":\"ImageObject\",\"inLanguage\":\"en-GB\",\"@id\":\"https:\/\/www.stiftungfuerzukunftsfragen.de\/herausforderungen-der-gegenwart-und-zukunft-belasten-viele-buerger\/#primaryimage\",\"url\":\"https:\/\/www.stiftungfuerzukunftsfragen.de\/wp-content\/uploads\/hd-wallpaper-g773529654_1920.jpg\",\"contentUrl\":\"https:\/\/www.stiftungfuerzukunftsfragen.de\/wp-content\/uploads\/hd-wallpaper-g773529654_1920.jpg\"},{\"@type\":\"BreadcrumbList\",\"@id\":\"https:\/\/www.stiftungfuerzukunftsfragen.de\/herausforderungen-der-gegenwart-und-zukunft-belasten-viele-buerger\/#breadcrumb\",\"itemListElement\":[{\"@type\":\"ListItem\",\"position\":1,\"name\":\"Startseite\",\"item\":\"https:\/\/www.stiftungfuerzukunftsfragen.de\/\"},{\"@type\":\"ListItem\",\"position\":2,\"name\":\"Herausforderungen der Gegenwart und Zukunft belasten viele B\u00fcrger\"}]},{\"@type\":\"WebSite\",\"@id\":\"https:\/\/www.stiftungfuerzukunftsfragen.de\/#website\",\"url\":\"https:\/\/www.stiftungfuerzukunftsfragen.de\/\",\"name\":\"Stiftung f\u00fcr Zukunftsfragen\",\"description\":\"Eine Initiative von BAT\",\"publisher\":{\"@id\":\"https:\/\/www.stiftungfuerzukunftsfragen.de\/#organization\"},\"potentialAction\":[{\"@type\":\"SearchAction\",\"target\":{\"@type\":\"EntryPoint\",\"urlTemplate\":\"https:\/\/www.stiftungfuerzukunftsfragen.de\/?s={search_term_string}\"},\"query-input\":{\"@type\":\"PropertyValueSpecification\",\"valueRequired\":true,\"valueName\":\"search_term_string\"}}],\"inLanguage\":\"en-GB\"},{\"@type\":\"Organization\",\"@id\":\"https:\/\/www.stiftungfuerzukunftsfragen.de\/#organization\",\"name\":\"Stiftung f\u00fcr Zukunftsfragen\",\"url\":\"https:\/\/www.stiftungfuerzukunftsfragen.de\/\",\"logo\":{\"@type\":\"ImageObject\",\"inLanguage\":\"en-GB\",\"@id\":\"https:\/\/www.stiftungfuerzukunftsfragen.de\/#\/schema\/logo\/image\/\",\"url\":\"https:\/\/www.stiftungfuerzukunftsfragen.de\/wp-content\/uploads\/Stiftung-fuer-Zukunftsfragen-Logo-e1662668075158.png\",\"contentUrl\":\"https:\/\/www.stiftungfuerzukunftsfragen.de\/wp-content\/uploads\/Stiftung-fuer-Zukunftsfragen-Logo-e1662668075158.png\",\"width\":609,\"height\":144,\"caption\":\"Stiftung f\u00fcr Zukunftsfragen\"},\"image\":{\"@id\":\"https:\/\/www.stiftungfuerzukunftsfragen.de\/#\/schema\/logo\/image\/\"},\"sameAs\":[\"https:\/\/www.facebook.com\/pages\/Stiftung-fr-Zukunftsfragen\/207485789294838\"]},{\"@type\":\"Person\",\"@id\":\"https:\/\/www.stiftungfuerzukunftsfragen.de\/#\/schema\/person\/fbe6a089bb71e464b6e9e91caaa06daa\",\"name\":\"Carina M\u00f6nkemeyer\"}]}<\/script>\n<!-- \/ Yoast SEO plugin. -->","yoast_head_json":{"title":"Challenges of the present and future are a burden for many citizens - Stiftung f\u00fcr Zukunftsfragen","robots":{"index":"index","follow":"follow","max-snippet":"max-snippet:-1","max-image-preview":"max-image-preview:large","max-video-preview":"max-video-preview:-1"},"canonical":"https:\/\/www.stiftungfuerzukunftsfragen.de\/en\/challenges-of-the-present-and-the-future-burden-many-citizens\/","og_locale":"en_GB","og_type":"article","og_title":"Herausforderungen der Gegenwart und Zukunft belasten viele B\u00fcrger - Stiftung f\u00fcr Zukunftsfragen","og_description":"&nbsp; Klimawandel, Pandemie, Krieg \u2013 viele B\u00fcrger haben das Gef\u00fchl in fortgesetzten Krisenzeiten zu [...]","og_url":"https:\/\/www.stiftungfuerzukunftsfragen.de\/en\/challenges-of-the-present-and-the-future-burden-many-citizens\/","og_site_name":"Stiftung f\u00fcr Zukunftsfragen","article_publisher":"https:\/\/www.facebook.com\/pages\/Stiftung-fr-Zukunftsfragen\/207485789294838","article_published_time":"2022-11-10T07:00:17+00:00","article_modified_time":"2025-10-30T14:16:05+00:00","og_image":[{"width":1920,"height":1143,"url":"https:\/\/www.stiftungfuerzukunftsfragen.de\/wp-content\/uploads\/hd-wallpaper-g773529654_1920.jpg","type":"image\/jpeg"}],"author":"Carina M\u00f6nkemeyer","twitter_card":"summary_large_image","twitter_misc":{"Written by":"Carina M\u00f6nkemeyer","Estimated reading time":"3 minutes"},"schema":{"@context":"https:\/\/schema.org","@graph":[{"@type":"Article","@id":"https:\/\/www.stiftungfuerzukunftsfragen.de\/herausforderungen-der-gegenwart-und-zukunft-belasten-viele-buerger\/#article","isPartOf":{"@id":"https:\/\/www.stiftungfuerzukunftsfragen.de\/herausforderungen-der-gegenwart-und-zukunft-belasten-viele-buerger\/"},"author":{"name":"Carina M\u00f6nkemeyer","@id":"https:\/\/www.stiftungfuerzukunftsfragen.de\/#\/schema\/person\/fbe6a089bb71e464b6e9e91caaa06daa"},"headline":"Herausforderungen der Gegenwart und Zukunft belasten viele B\u00fcrger","datePublished":"2022-11-10T07:00:17+00:00","dateModified":"2025-10-30T14:16:05+00:00","mainEntityOfPage":{"@id":"https:\/\/www.stiftungfuerzukunftsfragen.de\/herausforderungen-der-gegenwart-und-zukunft-belasten-viele-buerger\/"},"wordCount":522,"publisher":{"@id":"https:\/\/www.stiftungfuerzukunftsfragen.de\/#organization"},"image":{"@id":"https:\/\/www.stiftungfuerzukunftsfragen.de\/herausforderungen-der-gegenwart-und-zukunft-belasten-viele-buerger\/#primaryimage"},"thumbnailUrl":"https:\/\/www.stiftungfuerzukunftsfragen.de\/wp-content\/uploads\/hd-wallpaper-g773529654_1920.jpg","keywords":["Zukunftserwartungen"],"articleSection":["Forschung aktuell"],"inLanguage":"en-GB"},{"@type":"WebPage","@id":"https:\/\/www.stiftungfuerzukunftsfragen.de\/herausforderungen-der-gegenwart-und-zukunft-belasten-viele-buerger\/","url":"https:\/\/www.stiftungfuerzukunftsfragen.de\/herausforderungen-der-gegenwart-und-zukunft-belasten-viele-buerger\/","name":"Challenges of the present and future are a burden for many citizens - Stiftung f\u00fcr Zukunftsfragen","isPartOf":{"@id":"https:\/\/www.stiftungfuerzukunftsfragen.de\/#website"},"primaryImageOfPage":{"@id":"https:\/\/www.stiftungfuerzukunftsfragen.de\/herausforderungen-der-gegenwart-und-zukunft-belasten-viele-buerger\/#primaryimage"},"image":{"@id":"https:\/\/www.stiftungfuerzukunftsfragen.de\/herausforderungen-der-gegenwart-und-zukunft-belasten-viele-buerger\/#primaryimage"},"thumbnailUrl":"https:\/\/www.stiftungfuerzukunftsfragen.de\/wp-content\/uploads\/hd-wallpaper-g773529654_1920.jpg","datePublished":"2022-11-10T07:00:17+00:00","dateModified":"2025-10-30T14:16:05+00:00","breadcrumb":{"@id":"https:\/\/www.stiftungfuerzukunftsfragen.de\/herausforderungen-der-gegenwart-und-zukunft-belasten-viele-buerger\/#breadcrumb"},"inLanguage":"en-GB","potentialAction":[{"@type":"ReadAction","target":["https:\/\/www.stiftungfuerzukunftsfragen.de\/herausforderungen-der-gegenwart-und-zukunft-belasten-viele-buerger\/"]}]},{"@type":"ImageObject","inLanguage":"en-GB","@id":"https:\/\/www.stiftungfuerzukunftsfragen.de\/herausforderungen-der-gegenwart-und-zukunft-belasten-viele-buerger\/#primaryimage","url":"https:\/\/www.stiftungfuerzukunftsfragen.de\/wp-content\/uploads\/hd-wallpaper-g773529654_1920.jpg","contentUrl":"https:\/\/www.stiftungfuerzukunftsfragen.de\/wp-content\/uploads\/hd-wallpaper-g773529654_1920.jpg"},{"@type":"BreadcrumbList","@id":"https:\/\/www.stiftungfuerzukunftsfragen.de\/herausforderungen-der-gegenwart-und-zukunft-belasten-viele-buerger\/#breadcrumb","itemListElement":[{"@type":"ListItem","position":1,"name":"Startseite","item":"https:\/\/www.stiftungfuerzukunftsfragen.de\/"},{"@type":"ListItem","position":2,"name":"Herausforderungen der Gegenwart und Zukunft belasten viele B\u00fcrger"}]},{"@type":"WebSite","@id":"https:\/\/www.stiftungfuerzukunftsfragen.de\/#website","url":"https:\/\/www.stiftungfuerzukunftsfragen.de\/","name":"Foundation for Future Issues","description":"An initiative by BAT","publisher":{"@id":"https:\/\/www.stiftungfuerzukunftsfragen.de\/#organization"},"potentialAction":[{"@type":"SearchAction","target":{"@type":"EntryPoint","urlTemplate":"https:\/\/www.stiftungfuerzukunftsfragen.de\/?s={search_term_string}"},"query-input":{"@type":"PropertyValueSpecification","valueRequired":true,"valueName":"search_term_string"}}],"inLanguage":"en-GB"},{"@type":"Organization","@id":"https:\/\/www.stiftungfuerzukunftsfragen.de\/#organization","name":"Foundation for Future Issues","url":"https:\/\/www.stiftungfuerzukunftsfragen.de\/","logo":{"@type":"ImageObject","inLanguage":"en-GB","@id":"https:\/\/www.stiftungfuerzukunftsfragen.de\/#\/schema\/logo\/image\/","url":"https:\/\/www.stiftungfuerzukunftsfragen.de\/wp-content\/uploads\/Stiftung-fuer-Zukunftsfragen-Logo-e1662668075158.png","contentUrl":"https:\/\/www.stiftungfuerzukunftsfragen.de\/wp-content\/uploads\/Stiftung-fuer-Zukunftsfragen-Logo-e1662668075158.png","width":609,"height":144,"caption":"Stiftung f\u00fcr Zukunftsfragen"},"image":{"@id":"https:\/\/www.stiftungfuerzukunftsfragen.de\/#\/schema\/logo\/image\/"},"sameAs":["https:\/\/www.facebook.com\/pages\/Stiftung-fr-Zukunftsfragen\/207485789294838"]},{"@type":"Person","@id":"https:\/\/www.stiftungfuerzukunftsfragen.de\/#\/schema\/person\/fbe6a089bb71e464b6e9e91caaa06daa","name":"Carina M\u00f6nkemeyer"}]}},"_links":{"self":[{"href":"https:\/\/www.stiftungfuerzukunftsfragen.de\/en\/wp-json\/wp\/v2\/posts\/4179","targetHints":{"allow":["GET"]}}],"collection":[{"href":"https:\/\/www.stiftungfuerzukunftsfragen.de\/en\/wp-json\/wp\/v2\/posts"}],"about":[{"href":"https:\/\/www.stiftungfuerzukunftsfragen.de\/en\/wp-json\/wp\/v2\/types\/post"}],"author":[{"embeddable":true,"href":"https:\/\/www.stiftungfuerzukunftsfragen.de\/en\/wp-json\/wp\/v2\/users\/37"}],"replies":[{"embeddable":true,"href":"https:\/\/www.stiftungfuerzukunftsfragen.de\/en\/wp-json\/wp\/v2\/comments?post=4179"}],"version-history":[{"count":5,"href":"https:\/\/www.stiftungfuerzukunftsfragen.de\/en\/wp-json\/wp\/v2\/posts\/4179\/revisions"}],"predecessor-version":[{"id":4207,"href":"https:\/\/www.stiftungfuerzukunftsfragen.de\/en\/wp-json\/wp\/v2\/posts\/4179\/revisions\/4207"}],"wp:attachment":[{"href":"https:\/\/www.stiftungfuerzukunftsfragen.de\/en\/wp-json\/wp\/v2\/media?parent=4179"}],"wp:term":[{"taxonomy":"category","embeddable":true,"href":"https:\/\/www.stiftungfuerzukunftsfragen.de\/en\/wp-json\/wp\/v2\/categories?post=4179"},{"taxonomy":"post_tag","embeddable":true,"href":"https:\/\/www.stiftungfuerzukunftsfragen.de\/en\/wp-json\/wp\/v2\/tags?post=4179"}],"curies":[{"name":"wp","href":"https:\/\/api.w.org\/{rel}","templated":true}]}}