{"id":4273,"date":"2022-12-22T07:30:58","date_gmt":"2022-12-22T06:30:58","guid":{"rendered":"https:\/\/www.stiftungfuerzukunftsfragen.de\/?p=4273"},"modified":"2025-10-31T08:09:06","modified_gmt":"2025-10-31T07:09:06","slug":"every-fourth-citizen-goes-to-church-this-year","status":"publish","type":"post","link":"https:\/\/www.stiftungfuerzukunftsfragen.de\/en\/jeder-vierte-buerger-geht-dieses-jahr-in-die-kirche\/","title":{"rendered":"Every fourth citizen goes to church this year"},"content":{"rendered":"<div class=\"infogram-embed\" data-id=\"jeder-vierte-burger-geht-dieses-jahr-in-die-kirche-1h1749vglkkgq6z\" data-type=\"interactive\"><\/div><script>!function(e,t,s,i){var n=\"InfogramEmbeds\",o=e.getElementsByTagName(\"script\"),d=o[0],r=\/^http:\/.test(e.location)?\"http:\":\"https:\";if(\/^\\\/{2}\/.test(i)&&(i=r+i),window[n]&&window[n].initialized)window[n].process&&window[n].process();else if(!e.getElementById(s)){var a=e.createElement(\"script\");a.async=1,a.id=s,a.src=i,d.parentNode.insertBefore(a,d)}}(document,0,\"infogram-async\",\"\/\/e.infogram.com\/js\/dist\/embed-loader-min.js\");<\/script>\n<p>&nbsp;<\/p>\n<p><strong>Ergebnis<\/strong><\/p>\n<p>Vieles an Weihnachten hat Tradition: die Geschenke unterm Tannenbaum, das gemeinsame Singen und Essen, die Familienfeier und der Gottesdienst &#8211; wobei letzterer von immer weniger Bundesb\u00fcrgern besucht wird. So geht aktuell lediglich jeder vierte Bundesb\u00fcrger wenigstens einmal pro Jahr in die Kirche, vor Corona waren es noch fast zwei von f\u00fcnf. Innerhalb der Bev\u00f6lkerung begeben sich besonders Eltern und junge Erwachsene auf den Weg zur Kirche, daf\u00fcr weniger Jungsenioren und Pension\u00e4re. Die Anzahl der \u00e4lteren Bundesb\u00fcrger ist damit zwar geringer, doch daf\u00fcr wird der Gottesdienst von Ruhest\u00e4ndlern h\u00e4ufiger bzw. regelm\u00e4\u00dfiger besucht.<\/p>\n<p>&nbsp;<\/p>\n<p><strong>Gr\u00fcnde<\/strong><\/p>\n<p>Seit Jahren nimmt die Anzahl von Kirchenbesuchen ab. Die Ursachen waren und sind individuell unterschiedlich, wobei \u00e4u\u00dfere Gr\u00fcnde, wie Missbrauchsvorf\u00e4lle oder Kirchensteuer, oftmals eine gr\u00f6\u00dfere Rolle spielen, als fehlender Glaube selbst. Auch die Einschr\u00e4nkungen durch Corona haben Weihnachtstraditionen ver\u00e4ndert und immer mehr B\u00fcrgern reicht die Besinnlichkeit im eigenen Wohnzimmer.<\/p>\n<p>&nbsp;<\/p>\n<p><strong>Prognose<\/strong><\/p>\n<p>In den kommenden Jahren wird die Anzahl von Kirchenbesuchen ebenso weiter zur\u00fcckgehen, wie die Zahl der Gemeindeglieder, der ehrenamtlich T\u00e4tigen und der Pfarrerinnen und Pfarrer. Gleichzeitig kann die Kirche aber weiterhin ein Ort sein, der \u2013 gerade in gef\u00fchlt unsicheren Zeiten \u2013 Antworten auf die Fragen des Lebens offeriert. Entscheidend f\u00fcr die Kirche wird es dabei sein, sich den ver\u00e4nderten gesellschaftlichen Rahmenbedingungen sowie Bed\u00fcrfnissen und Verhaltensweisen ihre Gemeindemitglieder anzupassen. Schafft sie diese Transformation (wie sie es auch schon im Mittelalter, der Aufkl\u00e4rung und Neuzeit getan hat) und bleibt sich gleichzeitig in zentralen Fragestellungen treu, wird die Kirche eine Renaissance erleben.<\/p>\n<p>P.S. Das Vertrauen in Gott ist weiterhin gro\u00df, er ist der Einzige, der von jedem Bundesb\u00fcrger geduzt wird :-)<\/p>\n","protected":false},"excerpt":{"rendered":"<p>Many aspects of Christmas are steeped in tradition: the presents under the Christmas tree, singing and eating together, the family celebration, and church services \u2013 although fewer and fewer Germans attend church. Currently, only one in four Germans goes to church at least once a year; before the pandemic, it was almost two out of five. Within the population, parents and young adults are particularly likely to attend church, while fewer young seniors and pensioners do so.<\/p>","protected":false},"author":37,"featured_media":4301,"comment_status":"closed","ping_status":"open","sticky":false,"template":"","format":"standard","meta":{"_acf_changed":false,"footnotes":""},"categories":[53],"tags":[67],"class_list":["post-4273","post","type-post","status-publish","format-standard","has-post-thumbnail","hentry","category-chart-der-woche","tag-zukunftserwartungen"],"acf":{"ausgabe_nummer":"Chart der Woche, 2022-KW51","pdf-download_dateiname":"www.stiftungfuerzukunftsfragen.de_jeder-vierte-buerger-geht-dieses-jahr-in-die-kirche.pdf"},"yoast_head":"<!-- This site is optimized with the Yoast SEO plugin v27.1.1 - https:\/\/yoast.com\/product\/yoast-seo-wordpress\/ -->\n<title>Jeder vierte B\u00fcrger geht dieses Jahr in die Kirche - Stiftung f\u00fcr Zukunftsfragen<\/title>\n<meta name=\"robots\" content=\"index, follow, max-snippet:-1, max-image-preview:large, max-video-preview:-1\" \/>\n<link rel=\"canonical\" href=\"https:\/\/www.stiftungfuerzukunftsfragen.de\/en\/every-fourth-citizen-goes-to-church-this-year\/\" \/>\n<meta property=\"og:locale\" content=\"en_GB\" \/>\n<meta property=\"og:type\" content=\"article\" \/>\n<meta property=\"og:title\" content=\"Jeder vierte B\u00fcrger geht dieses Jahr in die Kirche - Stiftung f\u00fcr Zukunftsfragen\" \/>\n<meta property=\"og:description\" content=\"Vieles an Weihnachten hat Tradition: die Geschenke unterm Tannenbaum, das gemeinsame Singen und Essen, die Familienfeier und der Gottesdienst - wobei letzterer von immer weniger Bundesb\u00fcrgern besucht wird. So geht aktuell lediglich jeder vierte Bundesb\u00fcrger wenigstens einmal pro Jahr in die Kirche, vor Corona waren es noch fast zwei von f\u00fcnf. Innerhalb der Bev\u00f6lkerung begeben sich besonders Eltern und junge Erwachsene auf den Weg zur Kirche, daf\u00fcr weniger Jungsenioren und Pension\u00e4re.\" \/>\n<meta property=\"og:url\" content=\"https:\/\/www.stiftungfuerzukunftsfragen.de\/en\/every-fourth-citizen-goes-to-church-this-year\/\" \/>\n<meta property=\"og:site_name\" content=\"Stiftung f\u00fcr Zukunftsfragen\" \/>\n<meta property=\"article:publisher\" content=\"https:\/\/www.facebook.com\/pages\/Stiftung-fr-Zukunftsfragen\/207485789294838\" \/>\n<meta property=\"article:published_time\" content=\"2022-12-22T06:30:58+00:00\" \/>\n<meta property=\"article:modified_time\" content=\"2025-10-31T07:09:06+00:00\" \/>\n<meta property=\"og:image\" content=\"https:\/\/www.stiftungfuerzukunftsfragen.de\/wp-content\/uploads\/church-gc936ce349_1920.jpg\" \/>\n\t<meta property=\"og:image:width\" content=\"1920\" \/>\n\t<meta property=\"og:image:height\" content=\"1278\" \/>\n\t<meta property=\"og:image:type\" content=\"image\/jpeg\" \/>\n<meta name=\"author\" content=\"Carina M\u00f6nkemeyer\" \/>\n<meta name=\"twitter:card\" content=\"summary_large_image\" \/>\n<meta name=\"twitter:label1\" content=\"Written by\" \/>\n\t<meta name=\"twitter:data1\" content=\"Carina M\u00f6nkemeyer\" \/>\n\t<meta name=\"twitter:label2\" content=\"Estimated reading time\" \/>\n\t<meta name=\"twitter:data2\" content=\"2 minutes\" \/>\n<script type=\"application\/ld+json\" class=\"yoast-schema-graph\">{\"@context\":\"https:\/\/schema.org\",\"@graph\":[{\"@type\":\"Article\",\"@id\":\"https:\/\/www.stiftungfuerzukunftsfragen.de\/jeder-vierte-buerger-geht-dieses-jahr-in-die-kirche\/#article\",\"isPartOf\":{\"@id\":\"https:\/\/www.stiftungfuerzukunftsfragen.de\/jeder-vierte-buerger-geht-dieses-jahr-in-die-kirche\/\"},\"author\":{\"name\":\"Carina M\u00f6nkemeyer\",\"@id\":\"https:\/\/www.stiftungfuerzukunftsfragen.de\/#\/schema\/person\/fbe6a089bb71e464b6e9e91caaa06daa\"},\"headline\":\"Jeder vierte B\u00fcrger geht dieses Jahr in die Kirche\",\"datePublished\":\"2022-12-22T06:30:58+00:00\",\"dateModified\":\"2025-10-31T07:09:06+00:00\",\"mainEntityOfPage\":{\"@id\":\"https:\/\/www.stiftungfuerzukunftsfragen.de\/jeder-vierte-buerger-geht-dieses-jahr-in-die-kirche\/\"},\"wordCount\":309,\"publisher\":{\"@id\":\"https:\/\/www.stiftungfuerzukunftsfragen.de\/#organization\"},\"image\":{\"@id\":\"https:\/\/www.stiftungfuerzukunftsfragen.de\/jeder-vierte-buerger-geht-dieses-jahr-in-die-kirche\/#primaryimage\"},\"thumbnailUrl\":\"https:\/\/www.stiftungfuerzukunftsfragen.de\/wp-content\/uploads\/church-gc936ce349_1920.jpg\",\"keywords\":[\"Zukunftserwartungen\"],\"articleSection\":[\"Chart der Woche\"],\"inLanguage\":\"en-GB\"},{\"@type\":\"WebPage\",\"@id\":\"https:\/\/www.stiftungfuerzukunftsfragen.de\/jeder-vierte-buerger-geht-dieses-jahr-in-die-kirche\/\",\"url\":\"https:\/\/www.stiftungfuerzukunftsfragen.de\/jeder-vierte-buerger-geht-dieses-jahr-in-die-kirche\/\",\"name\":\"Jeder vierte B\u00fcrger geht dieses Jahr in die Kirche - Stiftung f\u00fcr Zukunftsfragen\",\"isPartOf\":{\"@id\":\"https:\/\/www.stiftungfuerzukunftsfragen.de\/#website\"},\"primaryImageOfPage\":{\"@id\":\"https:\/\/www.stiftungfuerzukunftsfragen.de\/jeder-vierte-buerger-geht-dieses-jahr-in-die-kirche\/#primaryimage\"},\"image\":{\"@id\":\"https:\/\/www.stiftungfuerzukunftsfragen.de\/jeder-vierte-buerger-geht-dieses-jahr-in-die-kirche\/#primaryimage\"},\"thumbnailUrl\":\"https:\/\/www.stiftungfuerzukunftsfragen.de\/wp-content\/uploads\/church-gc936ce349_1920.jpg\",\"datePublished\":\"2022-12-22T06:30:58+00:00\",\"dateModified\":\"2025-10-31T07:09:06+00:00\",\"breadcrumb\":{\"@id\":\"https:\/\/www.stiftungfuerzukunftsfragen.de\/jeder-vierte-buerger-geht-dieses-jahr-in-die-kirche\/#breadcrumb\"},\"inLanguage\":\"en-GB\",\"potentialAction\":[{\"@type\":\"ReadAction\",\"target\":[\"https:\/\/www.stiftungfuerzukunftsfragen.de\/jeder-vierte-buerger-geht-dieses-jahr-in-die-kirche\/\"]}]},{\"@type\":\"ImageObject\",\"inLanguage\":\"en-GB\",\"@id\":\"https:\/\/www.stiftungfuerzukunftsfragen.de\/jeder-vierte-buerger-geht-dieses-jahr-in-die-kirche\/#primaryimage\",\"url\":\"https:\/\/www.stiftungfuerzukunftsfragen.de\/wp-content\/uploads\/church-gc936ce349_1920.jpg\",\"contentUrl\":\"https:\/\/www.stiftungfuerzukunftsfragen.de\/wp-content\/uploads\/church-gc936ce349_1920.jpg\",\"width\":1920,\"height\":1278},{\"@type\":\"BreadcrumbList\",\"@id\":\"https:\/\/www.stiftungfuerzukunftsfragen.de\/jeder-vierte-buerger-geht-dieses-jahr-in-die-kirche\/#breadcrumb\",\"itemListElement\":[{\"@type\":\"ListItem\",\"position\":1,\"name\":\"Startseite\",\"item\":\"https:\/\/www.stiftungfuerzukunftsfragen.de\/\"},{\"@type\":\"ListItem\",\"position\":2,\"name\":\"Jeder vierte B\u00fcrger geht dieses Jahr in die Kirche\"}]},{\"@type\":\"WebSite\",\"@id\":\"https:\/\/www.stiftungfuerzukunftsfragen.de\/#website\",\"url\":\"https:\/\/www.stiftungfuerzukunftsfragen.de\/\",\"name\":\"Stiftung f\u00fcr Zukunftsfragen\",\"description\":\"Eine Initiative von BAT\",\"publisher\":{\"@id\":\"https:\/\/www.stiftungfuerzukunftsfragen.de\/#organization\"},\"potentialAction\":[{\"@type\":\"SearchAction\",\"target\":{\"@type\":\"EntryPoint\",\"urlTemplate\":\"https:\/\/www.stiftungfuerzukunftsfragen.de\/?s={search_term_string}\"},\"query-input\":{\"@type\":\"PropertyValueSpecification\",\"valueRequired\":true,\"valueName\":\"search_term_string\"}}],\"inLanguage\":\"en-GB\"},{\"@type\":\"Organization\",\"@id\":\"https:\/\/www.stiftungfuerzukunftsfragen.de\/#organization\",\"name\":\"Stiftung f\u00fcr Zukunftsfragen\",\"url\":\"https:\/\/www.stiftungfuerzukunftsfragen.de\/\",\"logo\":{\"@type\":\"ImageObject\",\"inLanguage\":\"en-GB\",\"@id\":\"https:\/\/www.stiftungfuerzukunftsfragen.de\/#\/schema\/logo\/image\/\",\"url\":\"https:\/\/www.stiftungfuerzukunftsfragen.de\/wp-content\/uploads\/Stiftung-fuer-Zukunftsfragen-Logo-e1662668075158.png\",\"contentUrl\":\"https:\/\/www.stiftungfuerzukunftsfragen.de\/wp-content\/uploads\/Stiftung-fuer-Zukunftsfragen-Logo-e1662668075158.png\",\"width\":609,\"height\":144,\"caption\":\"Stiftung f\u00fcr Zukunftsfragen\"},\"image\":{\"@id\":\"https:\/\/www.stiftungfuerzukunftsfragen.de\/#\/schema\/logo\/image\/\"},\"sameAs\":[\"https:\/\/www.facebook.com\/pages\/Stiftung-fr-Zukunftsfragen\/207485789294838\"]},{\"@type\":\"Person\",\"@id\":\"https:\/\/www.stiftungfuerzukunftsfragen.de\/#\/schema\/person\/fbe6a089bb71e464b6e9e91caaa06daa\",\"name\":\"Carina M\u00f6nkemeyer\"}]}<\/script>\n<!-- \/ Yoast SEO plugin. -->","yoast_head_json":{"title":"One in four people will go to church this year - Stiftung f\u00fcr Zukunftsfragen","robots":{"index":"index","follow":"follow","max-snippet":"max-snippet:-1","max-image-preview":"max-image-preview:large","max-video-preview":"max-video-preview:-1"},"canonical":"https:\/\/www.stiftungfuerzukunftsfragen.de\/en\/every-fourth-citizen-goes-to-church-this-year\/","og_locale":"en_GB","og_type":"article","og_title":"Jeder vierte B\u00fcrger geht dieses Jahr in die Kirche - Stiftung f\u00fcr Zukunftsfragen","og_description":"Vieles an Weihnachten hat Tradition: die Geschenke unterm Tannenbaum, das gemeinsame Singen und Essen, die Familienfeier und der Gottesdienst - wobei letzterer von immer weniger Bundesb\u00fcrgern besucht wird. So geht aktuell lediglich jeder vierte Bundesb\u00fcrger wenigstens einmal pro Jahr in die Kirche, vor Corona waren es noch fast zwei von f\u00fcnf. Innerhalb der Bev\u00f6lkerung begeben sich besonders Eltern und junge Erwachsene auf den Weg zur Kirche, daf\u00fcr weniger Jungsenioren und Pension\u00e4re.","og_url":"https:\/\/www.stiftungfuerzukunftsfragen.de\/en\/every-fourth-citizen-goes-to-church-this-year\/","og_site_name":"Stiftung f\u00fcr Zukunftsfragen","article_publisher":"https:\/\/www.facebook.com\/pages\/Stiftung-fr-Zukunftsfragen\/207485789294838","article_published_time":"2022-12-22T06:30:58+00:00","article_modified_time":"2025-10-31T07:09:06+00:00","og_image":[{"width":1920,"height":1278,"url":"https:\/\/www.stiftungfuerzukunftsfragen.de\/wp-content\/uploads\/church-gc936ce349_1920.jpg","type":"image\/jpeg"}],"author":"Carina M\u00f6nkemeyer","twitter_card":"summary_large_image","twitter_misc":{"Written by":"Carina M\u00f6nkemeyer","Estimated reading time":"2 minutes"},"schema":{"@context":"https:\/\/schema.org","@graph":[{"@type":"Article","@id":"https:\/\/www.stiftungfuerzukunftsfragen.de\/jeder-vierte-buerger-geht-dieses-jahr-in-die-kirche\/#article","isPartOf":{"@id":"https:\/\/www.stiftungfuerzukunftsfragen.de\/jeder-vierte-buerger-geht-dieses-jahr-in-die-kirche\/"},"author":{"name":"Carina M\u00f6nkemeyer","@id":"https:\/\/www.stiftungfuerzukunftsfragen.de\/#\/schema\/person\/fbe6a089bb71e464b6e9e91caaa06daa"},"headline":"Jeder vierte B\u00fcrger geht dieses Jahr in die Kirche","datePublished":"2022-12-22T06:30:58+00:00","dateModified":"2025-10-31T07:09:06+00:00","mainEntityOfPage":{"@id":"https:\/\/www.stiftungfuerzukunftsfragen.de\/jeder-vierte-buerger-geht-dieses-jahr-in-die-kirche\/"},"wordCount":309,"publisher":{"@id":"https:\/\/www.stiftungfuerzukunftsfragen.de\/#organization"},"image":{"@id":"https:\/\/www.stiftungfuerzukunftsfragen.de\/jeder-vierte-buerger-geht-dieses-jahr-in-die-kirche\/#primaryimage"},"thumbnailUrl":"https:\/\/www.stiftungfuerzukunftsfragen.de\/wp-content\/uploads\/church-gc936ce349_1920.jpg","keywords":["Zukunftserwartungen"],"articleSection":["Chart der Woche"],"inLanguage":"en-GB"},{"@type":"WebPage","@id":"https:\/\/www.stiftungfuerzukunftsfragen.de\/jeder-vierte-buerger-geht-dieses-jahr-in-die-kirche\/","url":"https:\/\/www.stiftungfuerzukunftsfragen.de\/jeder-vierte-buerger-geht-dieses-jahr-in-die-kirche\/","name":"One in four people will go to church this year - Stiftung f\u00fcr Zukunftsfragen","isPartOf":{"@id":"https:\/\/www.stiftungfuerzukunftsfragen.de\/#website"},"primaryImageOfPage":{"@id":"https:\/\/www.stiftungfuerzukunftsfragen.de\/jeder-vierte-buerger-geht-dieses-jahr-in-die-kirche\/#primaryimage"},"image":{"@id":"https:\/\/www.stiftungfuerzukunftsfragen.de\/jeder-vierte-buerger-geht-dieses-jahr-in-die-kirche\/#primaryimage"},"thumbnailUrl":"https:\/\/www.stiftungfuerzukunftsfragen.de\/wp-content\/uploads\/church-gc936ce349_1920.jpg","datePublished":"2022-12-22T06:30:58+00:00","dateModified":"2025-10-31T07:09:06+00:00","breadcrumb":{"@id":"https:\/\/www.stiftungfuerzukunftsfragen.de\/jeder-vierte-buerger-geht-dieses-jahr-in-die-kirche\/#breadcrumb"},"inLanguage":"en-GB","potentialAction":[{"@type":"ReadAction","target":["https:\/\/www.stiftungfuerzukunftsfragen.de\/jeder-vierte-buerger-geht-dieses-jahr-in-die-kirche\/"]}]},{"@type":"ImageObject","inLanguage":"en-GB","@id":"https:\/\/www.stiftungfuerzukunftsfragen.de\/jeder-vierte-buerger-geht-dieses-jahr-in-die-kirche\/#primaryimage","url":"https:\/\/www.stiftungfuerzukunftsfragen.de\/wp-content\/uploads\/church-gc936ce349_1920.jpg","contentUrl":"https:\/\/www.stiftungfuerzukunftsfragen.de\/wp-content\/uploads\/church-gc936ce349_1920.jpg","width":1920,"height":1278},{"@type":"BreadcrumbList","@id":"https:\/\/www.stiftungfuerzukunftsfragen.de\/jeder-vierte-buerger-geht-dieses-jahr-in-die-kirche\/#breadcrumb","itemListElement":[{"@type":"ListItem","position":1,"name":"Startseite","item":"https:\/\/www.stiftungfuerzukunftsfragen.de\/"},{"@type":"ListItem","position":2,"name":"Jeder vierte B\u00fcrger geht dieses Jahr in die Kirche"}]},{"@type":"WebSite","@id":"https:\/\/www.stiftungfuerzukunftsfragen.de\/#website","url":"https:\/\/www.stiftungfuerzukunftsfragen.de\/","name":"Foundation for Future Issues","description":"An initiative by BAT","publisher":{"@id":"https:\/\/www.stiftungfuerzukunftsfragen.de\/#organization"},"potentialAction":[{"@type":"SearchAction","target":{"@type":"EntryPoint","urlTemplate":"https:\/\/www.stiftungfuerzukunftsfragen.de\/?s={search_term_string}"},"query-input":{"@type":"PropertyValueSpecification","valueRequired":true,"valueName":"search_term_string"}}],"inLanguage":"en-GB"},{"@type":"Organization","@id":"https:\/\/www.stiftungfuerzukunftsfragen.de\/#organization","name":"Foundation for Future Issues","url":"https:\/\/www.stiftungfuerzukunftsfragen.de\/","logo":{"@type":"ImageObject","inLanguage":"en-GB","@id":"https:\/\/www.stiftungfuerzukunftsfragen.de\/#\/schema\/logo\/image\/","url":"https:\/\/www.stiftungfuerzukunftsfragen.de\/wp-content\/uploads\/Stiftung-fuer-Zukunftsfragen-Logo-e1662668075158.png","contentUrl":"https:\/\/www.stiftungfuerzukunftsfragen.de\/wp-content\/uploads\/Stiftung-fuer-Zukunftsfragen-Logo-e1662668075158.png","width":609,"height":144,"caption":"Stiftung f\u00fcr Zukunftsfragen"},"image":{"@id":"https:\/\/www.stiftungfuerzukunftsfragen.de\/#\/schema\/logo\/image\/"},"sameAs":["https:\/\/www.facebook.com\/pages\/Stiftung-fr-Zukunftsfragen\/207485789294838"]},{"@type":"Person","@id":"https:\/\/www.stiftungfuerzukunftsfragen.de\/#\/schema\/person\/fbe6a089bb71e464b6e9e91caaa06daa","name":"Carina M\u00f6nkemeyer"}]}},"_links":{"self":[{"href":"https:\/\/www.stiftungfuerzukunftsfragen.de\/en\/wp-json\/wp\/v2\/posts\/4273","targetHints":{"allow":["GET"]}}],"collection":[{"href":"https:\/\/www.stiftungfuerzukunftsfragen.de\/en\/wp-json\/wp\/v2\/posts"}],"about":[{"href":"https:\/\/www.stiftungfuerzukunftsfragen.de\/en\/wp-json\/wp\/v2\/types\/post"}],"author":[{"embeddable":true,"href":"https:\/\/www.stiftungfuerzukunftsfragen.de\/en\/wp-json\/wp\/v2\/users\/37"}],"replies":[{"embeddable":true,"href":"https:\/\/www.stiftungfuerzukunftsfragen.de\/en\/wp-json\/wp\/v2\/comments?post=4273"}],"version-history":[{"count":8,"href":"https:\/\/www.stiftungfuerzukunftsfragen.de\/en\/wp-json\/wp\/v2\/posts\/4273\/revisions"}],"predecessor-version":[{"id":6312,"href":"https:\/\/www.stiftungfuerzukunftsfragen.de\/en\/wp-json\/wp\/v2\/posts\/4273\/revisions\/6312"}],"wp:featuredmedia":[{"embeddable":true,"href":"https:\/\/www.stiftungfuerzukunftsfragen.de\/en\/wp-json\/wp\/v2\/media\/4301"}],"wp:attachment":[{"href":"https:\/\/www.stiftungfuerzukunftsfragen.de\/en\/wp-json\/wp\/v2\/media?parent=4273"}],"wp:term":[{"taxonomy":"category","embeddable":true,"href":"https:\/\/www.stiftungfuerzukunftsfragen.de\/en\/wp-json\/wp\/v2\/categories?post=4273"},{"taxonomy":"post_tag","embeddable":true,"href":"https:\/\/www.stiftungfuerzukunftsfragen.de\/en\/wp-json\/wp\/v2\/tags?post=4273"}],"curies":[{"name":"wp","href":"https:\/\/api.w.org\/{rel}","templated":true}]}}