{"id":4319,"date":"2023-01-12T07:30:18","date_gmt":"2023-01-12T06:30:18","guid":{"rendered":"https:\/\/www.stiftungfuerzukunftsfragen.de\/?p=4319"},"modified":"2025-10-31T08:08:58","modified_gmt":"2025-10-31T07:08:58","slug":"is-bad-news-really-good-news","status":"publish","type":"post","link":"https:\/\/www.stiftungfuerzukunftsfragen.de\/en\/sind-bad-news-wirklich-good-news\/","title":{"rendered":"Is \"bad news\" really \"good news\"?"},"content":{"rendered":"<div class=\"infogram-embed\" data-id=\"bad-news-are-good-news-wie-nehmen-die-bundesburger-nachrichten-war-1h984wor1gdjd6p\" data-type=\"interactive\"><\/div><script>!function(e,t,s,i){var n=\"InfogramEmbeds\",o=e.getElementsByTagName(\"script\"),d=o[0],r=\/^http:\/.test(e.location)?\"http:\":\"https:\";if(\/^\\\/{2}\/.test(i)&&(i=r+i),window[n]&&window[n].initialized)window[n].process&&window[n].process();else if(!e.getElementById(s)){var a=e.createElement(\"script\");a.async=1,a.id=s,a.src=i,d.parentNode.insertBefore(a,d)}}(document,0,\"infogram-async\",\"\/\/e.infogram.com\/js\/dist\/embed-loader-min.js\");<\/script>\n<p>&nbsp;<\/p>\n<p><strong>Ergebnis<\/strong><\/p>\n<p>Aktuell sind mehr als acht von zehn Bundesb\u00fcrger davon \u00fcberzeugt, in den Nachrichten \u00fcberwiegend negative Schlagzeilen zu sehen, zu h\u00f6ren oder zu lesen. Innerhalb der Bev\u00f6lkerung herrscht dabei weitestgehend Einigkeit und das Geschlecht, der Wohnort, das Einkommen oder der Bildungshintergrund spielen keine Rolle.<\/p>\n<p>&nbsp;<\/p>\n<p><strong>Gr\u00fcnde<\/strong><\/p>\n<p>\u201eOnly bad news are good news\u201d ist ein bekannter Satz aus der Medienbranche. Schlechte Neuigkeiten verkaufen sich dieser Annahme nach besser als gute und erreichen h\u00e4ufig schneller die Aufmerksamkeit der Bev\u00f6lkerung. Der Inhalt der Nachrichten ist dabei nicht entscheidend und kann von wirtschaftlichen Abschw\u00fcngen \u00fcber Naturkatastrophen bis hin zu pers\u00f6nlichen Trag\u00f6dien oder Verfehlungen reichen. Auch wenn manche schlechte Nachrichten durchaus positive Auswirkungen haben k\u00f6nnen (z. B. als Warnung dienend oder zur Anregung von Ma\u00dfnahmen, um eine Verbesserung zu erreichen), so gehen diese fast immer mit negativen Folgen einher. Eine der gravierendsten ist der emotionale Tribut, den sie bei vielen B\u00fcrgern fordern k\u00f6nnen. Wenn sich die meisten Berichte um Kriege, Rezessionen, Klimakatastrophen, politische Verfehlungen, Skandale, Spaltungen und \u00e4hnliches drehen entsteht bei vielen ein Gef\u00fchl der Angst und der Hoffnungslosigkeit. Nicht selten gehen hiermit auch wirtschaftliche Sorgen einher, was wiederrum zu einer h\u00f6heren Sparquote f\u00fchrt. Dies kann dann bei Firmen mit dem Abbau von Arbeitspl\u00e4tzen enden und so wird die Abw\u00e4rtsspirale beschleunigt. Auch k\u00f6nnen zu viele schlechte Nachrichten einen Vertrauensverlust in Politiker, die Medien oder andere Institutionen ausl\u00f6sen und eine &#8222;Wir-gegen-sie&#8220;-Mentalit\u00e4t f\u00f6rdern. Diese Polarisierung erschwert es, Probleme auf konstruktive Weise anzugehen.<\/p>\n<p>&nbsp;<\/p>\n<p><strong>Prognose<\/strong><\/p>\n<p>Krisen und Herausforderungen hat es stets und wird es auch immer geben \u2013 und damit auch die negativen Schlagzeilen. Die Berichterstattung hierdr\u00fcber ist wichtig und richtig. Allerdings sehnt sich die gro\u00dfe Mehrheit der Bev\u00f6lkerung zus\u00e4tzlich auch nach positiven Mitteilungen, will Perspektiven erfahren sowie sich an Erfolgen und Sch\u00f6nem erfreuen. Zuk\u00fcnftig wird in Zeitungen, im Internet, bei Fernseh- und Radiosendern daher auch diesen Bed\u00fcrfnissen nachgekommen werden. Statt also nur \u00fcber Arbeitsplatzabbau wird in Zukunft auch \u00fcber neue Einstellungen zu lesen sein, statt nur von Hungersn\u00f6ten und Kriegstoten zu berichten, wird auch \u00fcber Entwicklungen und Verbesserungen informiert und statt einseitig nur Herausforderungen zu thematisieren wird auch von Chancen und M\u00f6glichkeiten zu lesen und zu h\u00f6ren sein.<\/p>\n","protected":false},"excerpt":{"rendered":"<p>Currently, more than eight out of ten German citizens are convinced that they see, hear or read predominantly negative headlines in the news. There is widespread agreement within the population and gender, place of residence, income or educational background do not play a role.<\/p>","protected":false},"author":37,"featured_media":4327,"comment_status":"closed","ping_status":"open","sticky":false,"template":"","format":"standard","meta":{"_acf_changed":false,"footnotes":""},"categories":[53],"tags":[67],"class_list":["post-4319","post","type-post","status-publish","format-standard","has-post-thumbnail","hentry","category-chart-der-woche","tag-zukunftserwartungen"],"acf":{"ausgabe_nummer":"Chart der Woche, 2023-KW02","pdf-download_dateiname":"www.stiftungfuerzukunftsfragen.de_sind-bad-news-wirklich-good-news.pdf"},"yoast_head":"<!-- This site is optimized with the Yoast SEO plugin v27.1.1 - https:\/\/yoast.com\/product\/yoast-seo-wordpress\/ -->\n<title>Sind \u201eBad News\u201c wirklich \u201eGood News&quot;? - Stiftung f\u00fcr Zukunftsfragen<\/title>\n<meta name=\"robots\" content=\"index, follow, max-snippet:-1, max-image-preview:large, max-video-preview:-1\" \/>\n<link rel=\"canonical\" href=\"https:\/\/www.stiftungfuerzukunftsfragen.de\/en\/is-bad-news-really-good-news\/\" \/>\n<meta property=\"og:locale\" content=\"en_GB\" \/>\n<meta property=\"og:type\" content=\"article\" \/>\n<meta property=\"og:title\" content=\"Sind \u201eBad News\u201c wirklich \u201eGood News&quot;? - Stiftung f\u00fcr Zukunftsfragen\" \/>\n<meta property=\"og:description\" content=\"Aktuell sind mehr als acht von zehn Bundesb\u00fcrger davon \u00fcberzeugt, in den Nachrichten \u00fcberwiegend negative Schlagzeilen zu sehen, zu h\u00f6ren oder zu lesen. Innerhalb der Bev\u00f6lkerung herrscht dabei weitestgehend Einigkeit und das Geschlecht, der Wohnort, das Einkommen oder der Bildungshintergrund spielen keine Rolle.\" \/>\n<meta property=\"og:url\" content=\"https:\/\/www.stiftungfuerzukunftsfragen.de\/en\/is-bad-news-really-good-news\/\" \/>\n<meta property=\"og:site_name\" content=\"Stiftung f\u00fcr Zukunftsfragen\" \/>\n<meta property=\"article:publisher\" content=\"https:\/\/www.facebook.com\/pages\/Stiftung-fr-Zukunftsfragen\/207485789294838\" \/>\n<meta property=\"article:published_time\" content=\"2023-01-12T06:30:18+00:00\" \/>\n<meta property=\"article:modified_time\" content=\"2025-10-31T07:08:58+00:00\" \/>\n<meta property=\"og:image\" content=\"https:\/\/www.stiftungfuerzukunftsfragen.de\/wp-content\/uploads\/roman-kraft-_Zua2hyvTBk-unsplash.jpg\" \/>\n\t<meta property=\"og:image:width\" content=\"1920\" \/>\n\t<meta property=\"og:image:height\" content=\"1282\" \/>\n\t<meta property=\"og:image:type\" content=\"image\/jpeg\" \/>\n<meta name=\"author\" content=\"Carina M\u00f6nkemeyer\" \/>\n<meta name=\"twitter:card\" content=\"summary_large_image\" \/>\n<meta name=\"twitter:label1\" content=\"Written by\" \/>\n\t<meta name=\"twitter:data1\" content=\"Carina M\u00f6nkemeyer\" \/>\n\t<meta name=\"twitter:label2\" content=\"Estimated reading time\" \/>\n\t<meta name=\"twitter:data2\" content=\"3 minutes\" \/>\n<script type=\"application\/ld+json\" class=\"yoast-schema-graph\">{\"@context\":\"https:\/\/schema.org\",\"@graph\":[{\"@type\":\"Article\",\"@id\":\"https:\/\/www.stiftungfuerzukunftsfragen.de\/sind-bad-news-wirklich-good-news\/#article\",\"isPartOf\":{\"@id\":\"https:\/\/www.stiftungfuerzukunftsfragen.de\/sind-bad-news-wirklich-good-news\/\"},\"author\":{\"name\":\"Carina M\u00f6nkemeyer\",\"@id\":\"https:\/\/www.stiftungfuerzukunftsfragen.de\/#\/schema\/person\/fbe6a089bb71e464b6e9e91caaa06daa\"},\"headline\":\"Sind \u201eBad News\u201c wirklich \u201eGood News&#8220;?\",\"datePublished\":\"2023-01-12T06:30:18+00:00\",\"dateModified\":\"2025-10-31T07:08:58+00:00\",\"mainEntityOfPage\":{\"@id\":\"https:\/\/www.stiftungfuerzukunftsfragen.de\/sind-bad-news-wirklich-good-news\/\"},\"wordCount\":399,\"publisher\":{\"@id\":\"https:\/\/www.stiftungfuerzukunftsfragen.de\/#organization\"},\"image\":{\"@id\":\"https:\/\/www.stiftungfuerzukunftsfragen.de\/sind-bad-news-wirklich-good-news\/#primaryimage\"},\"thumbnailUrl\":\"https:\/\/www.stiftungfuerzukunftsfragen.de\/wp-content\/uploads\/roman-kraft-_Zua2hyvTBk-unsplash.jpg\",\"keywords\":[\"Zukunftserwartungen\"],\"articleSection\":[\"Chart der Woche\"],\"inLanguage\":\"en-GB\"},{\"@type\":\"WebPage\",\"@id\":\"https:\/\/www.stiftungfuerzukunftsfragen.de\/sind-bad-news-wirklich-good-news\/\",\"url\":\"https:\/\/www.stiftungfuerzukunftsfragen.de\/sind-bad-news-wirklich-good-news\/\",\"name\":\"Sind \u201eBad News\u201c wirklich \u201eGood News\\\"? - Stiftung f\u00fcr Zukunftsfragen\",\"isPartOf\":{\"@id\":\"https:\/\/www.stiftungfuerzukunftsfragen.de\/#website\"},\"primaryImageOfPage\":{\"@id\":\"https:\/\/www.stiftungfuerzukunftsfragen.de\/sind-bad-news-wirklich-good-news\/#primaryimage\"},\"image\":{\"@id\":\"https:\/\/www.stiftungfuerzukunftsfragen.de\/sind-bad-news-wirklich-good-news\/#primaryimage\"},\"thumbnailUrl\":\"https:\/\/www.stiftungfuerzukunftsfragen.de\/wp-content\/uploads\/roman-kraft-_Zua2hyvTBk-unsplash.jpg\",\"datePublished\":\"2023-01-12T06:30:18+00:00\",\"dateModified\":\"2025-10-31T07:08:58+00:00\",\"breadcrumb\":{\"@id\":\"https:\/\/www.stiftungfuerzukunftsfragen.de\/sind-bad-news-wirklich-good-news\/#breadcrumb\"},\"inLanguage\":\"en-GB\",\"potentialAction\":[{\"@type\":\"ReadAction\",\"target\":[\"https:\/\/www.stiftungfuerzukunftsfragen.de\/sind-bad-news-wirklich-good-news\/\"]}]},{\"@type\":\"ImageObject\",\"inLanguage\":\"en-GB\",\"@id\":\"https:\/\/www.stiftungfuerzukunftsfragen.de\/sind-bad-news-wirklich-good-news\/#primaryimage\",\"url\":\"https:\/\/www.stiftungfuerzukunftsfragen.de\/wp-content\/uploads\/roman-kraft-_Zua2hyvTBk-unsplash.jpg\",\"contentUrl\":\"https:\/\/www.stiftungfuerzukunftsfragen.de\/wp-content\/uploads\/roman-kraft-_Zua2hyvTBk-unsplash.jpg\",\"width\":1920,\"height\":1282},{\"@type\":\"BreadcrumbList\",\"@id\":\"https:\/\/www.stiftungfuerzukunftsfragen.de\/sind-bad-news-wirklich-good-news\/#breadcrumb\",\"itemListElement\":[{\"@type\":\"ListItem\",\"position\":1,\"name\":\"Startseite\",\"item\":\"https:\/\/www.stiftungfuerzukunftsfragen.de\/\"},{\"@type\":\"ListItem\",\"position\":2,\"name\":\"Sind \u201eBad News\u201c wirklich \u201eGood News&#8221;?\"}]},{\"@type\":\"WebSite\",\"@id\":\"https:\/\/www.stiftungfuerzukunftsfragen.de\/#website\",\"url\":\"https:\/\/www.stiftungfuerzukunftsfragen.de\/\",\"name\":\"Stiftung f\u00fcr Zukunftsfragen\",\"description\":\"Eine Initiative von BAT\",\"publisher\":{\"@id\":\"https:\/\/www.stiftungfuerzukunftsfragen.de\/#organization\"},\"potentialAction\":[{\"@type\":\"SearchAction\",\"target\":{\"@type\":\"EntryPoint\",\"urlTemplate\":\"https:\/\/www.stiftungfuerzukunftsfragen.de\/?s={search_term_string}\"},\"query-input\":{\"@type\":\"PropertyValueSpecification\",\"valueRequired\":true,\"valueName\":\"search_term_string\"}}],\"inLanguage\":\"en-GB\"},{\"@type\":\"Organization\",\"@id\":\"https:\/\/www.stiftungfuerzukunftsfragen.de\/#organization\",\"name\":\"Stiftung f\u00fcr Zukunftsfragen\",\"url\":\"https:\/\/www.stiftungfuerzukunftsfragen.de\/\",\"logo\":{\"@type\":\"ImageObject\",\"inLanguage\":\"en-GB\",\"@id\":\"https:\/\/www.stiftungfuerzukunftsfragen.de\/#\/schema\/logo\/image\/\",\"url\":\"https:\/\/www.stiftungfuerzukunftsfragen.de\/wp-content\/uploads\/Stiftung-fuer-Zukunftsfragen-Logo-e1662668075158.png\",\"contentUrl\":\"https:\/\/www.stiftungfuerzukunftsfragen.de\/wp-content\/uploads\/Stiftung-fuer-Zukunftsfragen-Logo-e1662668075158.png\",\"width\":609,\"height\":144,\"caption\":\"Stiftung f\u00fcr Zukunftsfragen\"},\"image\":{\"@id\":\"https:\/\/www.stiftungfuerzukunftsfragen.de\/#\/schema\/logo\/image\/\"},\"sameAs\":[\"https:\/\/www.facebook.com\/pages\/Stiftung-fr-Zukunftsfragen\/207485789294838\"]},{\"@type\":\"Person\",\"@id\":\"https:\/\/www.stiftungfuerzukunftsfragen.de\/#\/schema\/person\/fbe6a089bb71e464b6e9e91caaa06daa\",\"name\":\"Carina M\u00f6nkemeyer\"}]}<\/script>\n<!-- \/ Yoast SEO plugin. -->","yoast_head_json":{"title":"Is \"bad news\" really \"good news\"? - Foundation for Future Issues","robots":{"index":"index","follow":"follow","max-snippet":"max-snippet:-1","max-image-preview":"max-image-preview:large","max-video-preview":"max-video-preview:-1"},"canonical":"https:\/\/www.stiftungfuerzukunftsfragen.de\/en\/is-bad-news-really-good-news\/","og_locale":"en_GB","og_type":"article","og_title":"Sind \u201eBad News\u201c wirklich \u201eGood News\"? - Stiftung f\u00fcr Zukunftsfragen","og_description":"Aktuell sind mehr als acht von zehn Bundesb\u00fcrger davon \u00fcberzeugt, in den Nachrichten \u00fcberwiegend negative Schlagzeilen zu sehen, zu h\u00f6ren oder zu lesen. Innerhalb der Bev\u00f6lkerung herrscht dabei weitestgehend Einigkeit und das Geschlecht, der Wohnort, das Einkommen oder der Bildungshintergrund spielen keine Rolle.","og_url":"https:\/\/www.stiftungfuerzukunftsfragen.de\/en\/is-bad-news-really-good-news\/","og_site_name":"Stiftung f\u00fcr Zukunftsfragen","article_publisher":"https:\/\/www.facebook.com\/pages\/Stiftung-fr-Zukunftsfragen\/207485789294838","article_published_time":"2023-01-12T06:30:18+00:00","article_modified_time":"2025-10-31T07:08:58+00:00","og_image":[{"width":1920,"height":1282,"url":"https:\/\/www.stiftungfuerzukunftsfragen.de\/wp-content\/uploads\/roman-kraft-_Zua2hyvTBk-unsplash.jpg","type":"image\/jpeg"}],"author":"Carina M\u00f6nkemeyer","twitter_card":"summary_large_image","twitter_misc":{"Written by":"Carina M\u00f6nkemeyer","Estimated reading time":"3 minutes"},"schema":{"@context":"https:\/\/schema.org","@graph":[{"@type":"Article","@id":"https:\/\/www.stiftungfuerzukunftsfragen.de\/sind-bad-news-wirklich-good-news\/#article","isPartOf":{"@id":"https:\/\/www.stiftungfuerzukunftsfragen.de\/sind-bad-news-wirklich-good-news\/"},"author":{"name":"Carina M\u00f6nkemeyer","@id":"https:\/\/www.stiftungfuerzukunftsfragen.de\/#\/schema\/person\/fbe6a089bb71e464b6e9e91caaa06daa"},"headline":"Sind \u201eBad News\u201c wirklich \u201eGood News&#8220;?","datePublished":"2023-01-12T06:30:18+00:00","dateModified":"2025-10-31T07:08:58+00:00","mainEntityOfPage":{"@id":"https:\/\/www.stiftungfuerzukunftsfragen.de\/sind-bad-news-wirklich-good-news\/"},"wordCount":399,"publisher":{"@id":"https:\/\/www.stiftungfuerzukunftsfragen.de\/#organization"},"image":{"@id":"https:\/\/www.stiftungfuerzukunftsfragen.de\/sind-bad-news-wirklich-good-news\/#primaryimage"},"thumbnailUrl":"https:\/\/www.stiftungfuerzukunftsfragen.de\/wp-content\/uploads\/roman-kraft-_Zua2hyvTBk-unsplash.jpg","keywords":["Zukunftserwartungen"],"articleSection":["Chart der Woche"],"inLanguage":"en-GB"},{"@type":"WebPage","@id":"https:\/\/www.stiftungfuerzukunftsfragen.de\/sind-bad-news-wirklich-good-news\/","url":"https:\/\/www.stiftungfuerzukunftsfragen.de\/sind-bad-news-wirklich-good-news\/","name":"Is \"bad news\" really \"good news\"? - Foundation for Future Issues","isPartOf":{"@id":"https:\/\/www.stiftungfuerzukunftsfragen.de\/#website"},"primaryImageOfPage":{"@id":"https:\/\/www.stiftungfuerzukunftsfragen.de\/sind-bad-news-wirklich-good-news\/#primaryimage"},"image":{"@id":"https:\/\/www.stiftungfuerzukunftsfragen.de\/sind-bad-news-wirklich-good-news\/#primaryimage"},"thumbnailUrl":"https:\/\/www.stiftungfuerzukunftsfragen.de\/wp-content\/uploads\/roman-kraft-_Zua2hyvTBk-unsplash.jpg","datePublished":"2023-01-12T06:30:18+00:00","dateModified":"2025-10-31T07:08:58+00:00","breadcrumb":{"@id":"https:\/\/www.stiftungfuerzukunftsfragen.de\/sind-bad-news-wirklich-good-news\/#breadcrumb"},"inLanguage":"en-GB","potentialAction":[{"@type":"ReadAction","target":["https:\/\/www.stiftungfuerzukunftsfragen.de\/sind-bad-news-wirklich-good-news\/"]}]},{"@type":"ImageObject","inLanguage":"en-GB","@id":"https:\/\/www.stiftungfuerzukunftsfragen.de\/sind-bad-news-wirklich-good-news\/#primaryimage","url":"https:\/\/www.stiftungfuerzukunftsfragen.de\/wp-content\/uploads\/roman-kraft-_Zua2hyvTBk-unsplash.jpg","contentUrl":"https:\/\/www.stiftungfuerzukunftsfragen.de\/wp-content\/uploads\/roman-kraft-_Zua2hyvTBk-unsplash.jpg","width":1920,"height":1282},{"@type":"BreadcrumbList","@id":"https:\/\/www.stiftungfuerzukunftsfragen.de\/sind-bad-news-wirklich-good-news\/#breadcrumb","itemListElement":[{"@type":"ListItem","position":1,"name":"Startseite","item":"https:\/\/www.stiftungfuerzukunftsfragen.de\/"},{"@type":"ListItem","position":2,"name":"Sind \u201eBad News\u201c wirklich \u201eGood News&#8221;?"}]},{"@type":"WebSite","@id":"https:\/\/www.stiftungfuerzukunftsfragen.de\/#website","url":"https:\/\/www.stiftungfuerzukunftsfragen.de\/","name":"Foundation for Future Issues","description":"An initiative by BAT","publisher":{"@id":"https:\/\/www.stiftungfuerzukunftsfragen.de\/#organization"},"potentialAction":[{"@type":"SearchAction","target":{"@type":"EntryPoint","urlTemplate":"https:\/\/www.stiftungfuerzukunftsfragen.de\/?s={search_term_string}"},"query-input":{"@type":"PropertyValueSpecification","valueRequired":true,"valueName":"search_term_string"}}],"inLanguage":"en-GB"},{"@type":"Organization","@id":"https:\/\/www.stiftungfuerzukunftsfragen.de\/#organization","name":"Foundation for Future Issues","url":"https:\/\/www.stiftungfuerzukunftsfragen.de\/","logo":{"@type":"ImageObject","inLanguage":"en-GB","@id":"https:\/\/www.stiftungfuerzukunftsfragen.de\/#\/schema\/logo\/image\/","url":"https:\/\/www.stiftungfuerzukunftsfragen.de\/wp-content\/uploads\/Stiftung-fuer-Zukunftsfragen-Logo-e1662668075158.png","contentUrl":"https:\/\/www.stiftungfuerzukunftsfragen.de\/wp-content\/uploads\/Stiftung-fuer-Zukunftsfragen-Logo-e1662668075158.png","width":609,"height":144,"caption":"Stiftung f\u00fcr Zukunftsfragen"},"image":{"@id":"https:\/\/www.stiftungfuerzukunftsfragen.de\/#\/schema\/logo\/image\/"},"sameAs":["https:\/\/www.facebook.com\/pages\/Stiftung-fr-Zukunftsfragen\/207485789294838"]},{"@type":"Person","@id":"https:\/\/www.stiftungfuerzukunftsfragen.de\/#\/schema\/person\/fbe6a089bb71e464b6e9e91caaa06daa","name":"Carina M\u00f6nkemeyer"}]}},"_links":{"self":[{"href":"https:\/\/www.stiftungfuerzukunftsfragen.de\/en\/wp-json\/wp\/v2\/posts\/4319","targetHints":{"allow":["GET"]}}],"collection":[{"href":"https:\/\/www.stiftungfuerzukunftsfragen.de\/en\/wp-json\/wp\/v2\/posts"}],"about":[{"href":"https:\/\/www.stiftungfuerzukunftsfragen.de\/en\/wp-json\/wp\/v2\/types\/post"}],"author":[{"embeddable":true,"href":"https:\/\/www.stiftungfuerzukunftsfragen.de\/en\/wp-json\/wp\/v2\/users\/37"}],"replies":[{"embeddable":true,"href":"https:\/\/www.stiftungfuerzukunftsfragen.de\/en\/wp-json\/wp\/v2\/comments?post=4319"}],"version-history":[{"count":6,"href":"https:\/\/www.stiftungfuerzukunftsfragen.de\/en\/wp-json\/wp\/v2\/posts\/4319\/revisions"}],"predecessor-version":[{"id":6309,"href":"https:\/\/www.stiftungfuerzukunftsfragen.de\/en\/wp-json\/wp\/v2\/posts\/4319\/revisions\/6309"}],"wp:featuredmedia":[{"embeddable":true,"href":"https:\/\/www.stiftungfuerzukunftsfragen.de\/en\/wp-json\/wp\/v2\/media\/4327"}],"wp:attachment":[{"href":"https:\/\/www.stiftungfuerzukunftsfragen.de\/en\/wp-json\/wp\/v2\/media?parent=4319"}],"wp:term":[{"taxonomy":"category","embeddable":true,"href":"https:\/\/www.stiftungfuerzukunftsfragen.de\/en\/wp-json\/wp\/v2\/categories?post=4319"},{"taxonomy":"post_tag","embeddable":true,"href":"https:\/\/www.stiftungfuerzukunftsfragen.de\/en\/wp-json\/wp\/v2\/tags?post=4319"}],"curies":[{"name":"wp","href":"https:\/\/api.w.org\/{rel}","templated":true}]}}