{"id":4362,"date":"2023-01-26T07:30:05","date_gmt":"2023-01-26T06:30:05","guid":{"rendered":"https:\/\/www.stiftungfuerzukunftsfragen.de\/?p=4362"},"modified":"2025-10-31T08:08:51","modified_gmt":"2025-10-31T07:08:51","slug":"diy-and-diy-in-your-spare-time-more-and-more-people-in-germany-are-turning-to-tools","status":"publish","type":"post","link":"https:\/\/www.stiftungfuerzukunftsfragen.de\/en\/heimwerken-und-diy-in-der-freizeit-immer-mehr-bundesbuerger-greifen-zum-werkzeug\/","title":{"rendered":"Home improvement and DIY in leisure time: More and more Germans are picking up tools"},"content":{"rendered":"<div class=\"infogram-embed\" data-id=\"heimwerken-und-diy-in-der-freizeit-immer-mehr-bundesburger-greifen-zum-werkzeug-1hnp27mr03q8y2g\" data-type=\"interactive\"><\/div><script>!function(e,t,s,i){var n=\"InfogramEmbeds\",o=e.getElementsByTagName(\"script\"),d=o[0],r=\/^http:\/.test(e.location)?\"http:\":\"https:\";if(\/^\\\/{2}\/.test(i)&&(i=r+i),window[n]&&window[n].initialized)window[n].process&&window[n].process();else if(!e.getElementById(s)){var a=e.createElement(\"script\");a.async=1,a.id=s,a.src=i,d.parentNode.insertBefore(a,d)}}(document,0,\"infogram-async\",\"\/\/e.infogram.com\/js\/dist\/embed-loader-min.js\");<\/script>\n<p>&nbsp;<\/p>\n<p><strong>Ergebnis<\/strong><\/p>\n<p>Zwei von f\u00fcnf Bundesb\u00fcrger sind regelm\u00e4\u00dfig (mindestens einmal im Monat) am heimwerken, versch\u00f6nern ihr Zuhause oder stellen kreativ etwas her. Jeder Siebte (14%) geht sogar wenigstens einmal pro Woche dieser Freizeitbesch\u00e4ftigung nach und bastelt, repariert, streicht, pflanzt oder gestalten etwas ganz nach seinen eigenen W\u00fcnschen.<br \/>\n\u00dcberdurchschnittlich aktiv sind hierbei M\u00e4nner sowie unter 34-J\u00e4hrige, doch auch Landbewohner und Besserverdienende gehen besonders h\u00e4ufig dieser Aktivit\u00e4t nach. Im Zeitvergleich hat diese Freizeitbesch\u00e4ftigung im Laufe der letzten zehn Jahre um rund 25 Prozentpunkte zugenommen.<\/p>\n<p>&nbsp;<\/p>\n<p><strong>Gr\u00fcnde<\/strong><\/p>\n<p>Die Gr\u00fcnde f\u00fcr die Beliebtheit des Heimwerkens sind individuell unterschiedlich. F\u00fcr den einen ist es die Selbstverwirklichung, das gute Gef\u00fchl und der Stolz ein Problem selbst zu l\u00f6sen oder etwas mit eigenen H\u00e4nden zu fertigen. F\u00fcr den anderen geht es eher um den Stressabbau und einen Kontrast zum Arbeitsalltag. Ein weiteres Motiv ist die M\u00f6glichkeit, Kosten zu sparen, indem man Dinge selbst repariert, anstatt sie neu zu kaufen oder durch einen Handwerker in Ordnung bringen zu lassen.<\/p>\n<p>Doch auch \u00e4u\u00dfere Faktoren spielen eine Rolle f\u00fcr die steigende Beliebtheit des Handwerkens. So haben viele B\u00fcrger w\u00e4hrend der COVID-19 Pandemie mehr Zeit zu Hause verbracht und sich zahlreichen innerh\u00e4uslichen Aktivit\u00e4ten bzw. Projekten gewidmet. Und auch die Medien \u00fcben einen gro\u00dfen Einfluss aus: Seien es Berichte im Fernsehen, Zeitschriften f\u00fcr fast jede Art des DIY-Interesses oder die Verf\u00fcgbarkeit von Anleitungen und Tutorials im Internet durch die sich viele inspiriert und bef\u00e4higt f\u00fchlen Heimwerksprojekte selbst anzugehen.<\/p>\n<p>&nbsp;<\/p>\n<p><strong>Prognose<\/strong><\/p>\n<p>Die angef\u00fchrten Gr\u00fcnde sprechen f\u00fcr eine anhaltende Popularit\u00e4t des Heimwerkens sowie der DIY-Arbeiten. Auch eine zunehmende Bedeutung von Nachhaltigkeitsaspekten wird dazu beitragen, dass Dinge in der Freizeit repariert und selbst gestaltet werden. Und die B\u00fcrger selbst? Diese wollen gerne \u00f6fter Heimwerken \u2013 bereits gegenw\u00e4rtig m\u00f6chte fast jeder F\u00fcnfte h\u00e4ufiger in seiner Freizeit den Hobel, Pinsel oder Schraubenzieher in die Hand nehmen.<\/p>\n","protected":false},"excerpt":{"rendered":"<p>Two in five Germans regularly (at least once a month) do DIY, decorate their home or make something creative. One in seven (14%) even indulge in this leisure activity at least once a week, crafting, repairing, painting, planting or designing something entirely according to their own wishes.<\/p>","protected":false},"author":37,"featured_media":4388,"comment_status":"closed","ping_status":"open","sticky":false,"template":"","format":"standard","meta":{"_acf_changed":false,"footnotes":""},"categories":[53],"tags":[67],"class_list":["post-4362","post","type-post","status-publish","format-standard","has-post-thumbnail","hentry","category-chart-der-woche","tag-zukunftserwartungen"],"acf":{"ausgabe_nummer":"Chart der Woche, 2023-KW04","pdf-download_dateiname":"www.stiftungfuerzukunftsfragen.de_heimwerken-und-diy-in-der-freizeit-immer-mehr-bundesbuerger-greifen-zum-werkzeug.pdf"},"yoast_head":"<!-- This site is optimized with the Yoast SEO plugin v27.1.1 - https:\/\/yoast.com\/product\/yoast-seo-wordpress\/ -->\n<title>Heimwerken und DIY in der Freizeit: Immer mehr Bundesb\u00fcrger greifen zum Werkzeug - Stiftung f\u00fcr Zukunftsfragen<\/title>\n<meta name=\"robots\" content=\"index, follow, max-snippet:-1, max-image-preview:large, max-video-preview:-1\" \/>\n<link rel=\"canonical\" href=\"https:\/\/www.stiftungfuerzukunftsfragen.de\/en\/diy-and-diy-in-your-spare-time-more-and-more-people-in-germany-are-turning-to-tools\/\" \/>\n<meta property=\"og:locale\" content=\"en_GB\" \/>\n<meta property=\"og:type\" content=\"article\" \/>\n<meta property=\"og:title\" content=\"Heimwerken und DIY in der Freizeit: Immer mehr Bundesb\u00fcrger greifen zum Werkzeug - Stiftung f\u00fcr Zukunftsfragen\" \/>\n<meta property=\"og:description\" content=\"Zwei von f\u00fcnf Bundesb\u00fcrger sind regelm\u00e4\u00dfig (mindestens einmal im Monat) am heimwerken, versch\u00f6nern ihr Zuhause oder stellen kreativ etwas her. Jeder Siebte (14%) geht sogar wenigstens einmal pro Woche dieser Freizeitbesch\u00e4ftigung nach und bastelt, repariert, streicht, pflanzt oder gestalten etwas ganz nach seinen eigenen W\u00fcnschen.\" \/>\n<meta property=\"og:url\" content=\"https:\/\/www.stiftungfuerzukunftsfragen.de\/en\/diy-and-diy-in-your-spare-time-more-and-more-people-in-germany-are-turning-to-tools\/\" \/>\n<meta property=\"og:site_name\" content=\"Stiftung f\u00fcr Zukunftsfragen\" \/>\n<meta property=\"article:publisher\" content=\"https:\/\/www.facebook.com\/pages\/Stiftung-fr-Zukunftsfragen\/207485789294838\" \/>\n<meta property=\"article:published_time\" content=\"2023-01-26T06:30:05+00:00\" \/>\n<meta property=\"article:modified_time\" content=\"2025-10-31T07:08:51+00:00\" \/>\n<meta property=\"og:image\" content=\"https:\/\/www.stiftungfuerzukunftsfragen.de\/wp-content\/uploads\/roselyn-tirado-GDWmu0bFfS4-unsplash.jpg\" \/>\n\t<meta property=\"og:image:width\" content=\"1920\" \/>\n\t<meta property=\"og:image:height\" content=\"1280\" \/>\n\t<meta property=\"og:image:type\" content=\"image\/jpeg\" \/>\n<meta name=\"author\" content=\"Carina M\u00f6nkemeyer\" \/>\n<meta name=\"twitter:card\" content=\"summary_large_image\" \/>\n<meta name=\"twitter:label1\" content=\"Written by\" \/>\n\t<meta name=\"twitter:data1\" content=\"Carina M\u00f6nkemeyer\" \/>\n\t<meta name=\"twitter:label2\" content=\"Estimated reading time\" \/>\n\t<meta name=\"twitter:data2\" content=\"2 minutes\" \/>\n<script type=\"application\/ld+json\" class=\"yoast-schema-graph\">{\"@context\":\"https:\/\/schema.org\",\"@graph\":[{\"@type\":\"Article\",\"@id\":\"https:\/\/www.stiftungfuerzukunftsfragen.de\/heimwerken-und-diy-in-der-freizeit-immer-mehr-bundesbuerger-greifen-zum-werkzeug\/#article\",\"isPartOf\":{\"@id\":\"https:\/\/www.stiftungfuerzukunftsfragen.de\/heimwerken-und-diy-in-der-freizeit-immer-mehr-bundesbuerger-greifen-zum-werkzeug\/\"},\"author\":{\"name\":\"Carina M\u00f6nkemeyer\",\"@id\":\"https:\/\/www.stiftungfuerzukunftsfragen.de\/#\/schema\/person\/fbe6a089bb71e464b6e9e91caaa06daa\"},\"headline\":\"Heimwerken und DIY in der Freizeit: Immer mehr Bundesb\u00fcrger greifen zum Werkzeug\",\"datePublished\":\"2023-01-26T06:30:05+00:00\",\"dateModified\":\"2025-10-31T07:08:51+00:00\",\"mainEntityOfPage\":{\"@id\":\"https:\/\/www.stiftungfuerzukunftsfragen.de\/heimwerken-und-diy-in-der-freizeit-immer-mehr-bundesbuerger-greifen-zum-werkzeug\/\"},\"wordCount\":359,\"publisher\":{\"@id\":\"https:\/\/www.stiftungfuerzukunftsfragen.de\/#organization\"},\"image\":{\"@id\":\"https:\/\/www.stiftungfuerzukunftsfragen.de\/heimwerken-und-diy-in-der-freizeit-immer-mehr-bundesbuerger-greifen-zum-werkzeug\/#primaryimage\"},\"thumbnailUrl\":\"https:\/\/www.stiftungfuerzukunftsfragen.de\/wp-content\/uploads\/roselyn-tirado-GDWmu0bFfS4-unsplash.jpg\",\"keywords\":[\"Zukunftserwartungen\"],\"articleSection\":[\"Chart der Woche\"],\"inLanguage\":\"en-GB\"},{\"@type\":\"WebPage\",\"@id\":\"https:\/\/www.stiftungfuerzukunftsfragen.de\/heimwerken-und-diy-in-der-freizeit-immer-mehr-bundesbuerger-greifen-zum-werkzeug\/\",\"url\":\"https:\/\/www.stiftungfuerzukunftsfragen.de\/heimwerken-und-diy-in-der-freizeit-immer-mehr-bundesbuerger-greifen-zum-werkzeug\/\",\"name\":\"Heimwerken und DIY in der Freizeit: Immer mehr Bundesb\u00fcrger greifen zum Werkzeug - Stiftung f\u00fcr Zukunftsfragen\",\"isPartOf\":{\"@id\":\"https:\/\/www.stiftungfuerzukunftsfragen.de\/#website\"},\"primaryImageOfPage\":{\"@id\":\"https:\/\/www.stiftungfuerzukunftsfragen.de\/heimwerken-und-diy-in-der-freizeit-immer-mehr-bundesbuerger-greifen-zum-werkzeug\/#primaryimage\"},\"image\":{\"@id\":\"https:\/\/www.stiftungfuerzukunftsfragen.de\/heimwerken-und-diy-in-der-freizeit-immer-mehr-bundesbuerger-greifen-zum-werkzeug\/#primaryimage\"},\"thumbnailUrl\":\"https:\/\/www.stiftungfuerzukunftsfragen.de\/wp-content\/uploads\/roselyn-tirado-GDWmu0bFfS4-unsplash.jpg\",\"datePublished\":\"2023-01-26T06:30:05+00:00\",\"dateModified\":\"2025-10-31T07:08:51+00:00\",\"breadcrumb\":{\"@id\":\"https:\/\/www.stiftungfuerzukunftsfragen.de\/heimwerken-und-diy-in-der-freizeit-immer-mehr-bundesbuerger-greifen-zum-werkzeug\/#breadcrumb\"},\"inLanguage\":\"en-GB\",\"potentialAction\":[{\"@type\":\"ReadAction\",\"target\":[\"https:\/\/www.stiftungfuerzukunftsfragen.de\/heimwerken-und-diy-in-der-freizeit-immer-mehr-bundesbuerger-greifen-zum-werkzeug\/\"]}]},{\"@type\":\"ImageObject\",\"inLanguage\":\"en-GB\",\"@id\":\"https:\/\/www.stiftungfuerzukunftsfragen.de\/heimwerken-und-diy-in-der-freizeit-immer-mehr-bundesbuerger-greifen-zum-werkzeug\/#primaryimage\",\"url\":\"https:\/\/www.stiftungfuerzukunftsfragen.de\/wp-content\/uploads\/roselyn-tirado-GDWmu0bFfS4-unsplash.jpg\",\"contentUrl\":\"https:\/\/www.stiftungfuerzukunftsfragen.de\/wp-content\/uploads\/roselyn-tirado-GDWmu0bFfS4-unsplash.jpg\",\"width\":1920,\"height\":1280},{\"@type\":\"BreadcrumbList\",\"@id\":\"https:\/\/www.stiftungfuerzukunftsfragen.de\/heimwerken-und-diy-in-der-freizeit-immer-mehr-bundesbuerger-greifen-zum-werkzeug\/#breadcrumb\",\"itemListElement\":[{\"@type\":\"ListItem\",\"position\":1,\"name\":\"Startseite\",\"item\":\"https:\/\/www.stiftungfuerzukunftsfragen.de\/\"},{\"@type\":\"ListItem\",\"position\":2,\"name\":\"Heimwerken und DIY in der Freizeit: Immer mehr Bundesb\u00fcrger greifen zum Werkzeug\"}]},{\"@type\":\"WebSite\",\"@id\":\"https:\/\/www.stiftungfuerzukunftsfragen.de\/#website\",\"url\":\"https:\/\/www.stiftungfuerzukunftsfragen.de\/\",\"name\":\"Stiftung f\u00fcr Zukunftsfragen\",\"description\":\"Eine Initiative von BAT\",\"publisher\":{\"@id\":\"https:\/\/www.stiftungfuerzukunftsfragen.de\/#organization\"},\"potentialAction\":[{\"@type\":\"SearchAction\",\"target\":{\"@type\":\"EntryPoint\",\"urlTemplate\":\"https:\/\/www.stiftungfuerzukunftsfragen.de\/?s={search_term_string}\"},\"query-input\":{\"@type\":\"PropertyValueSpecification\",\"valueRequired\":true,\"valueName\":\"search_term_string\"}}],\"inLanguage\":\"en-GB\"},{\"@type\":\"Organization\",\"@id\":\"https:\/\/www.stiftungfuerzukunftsfragen.de\/#organization\",\"name\":\"Stiftung f\u00fcr Zukunftsfragen\",\"url\":\"https:\/\/www.stiftungfuerzukunftsfragen.de\/\",\"logo\":{\"@type\":\"ImageObject\",\"inLanguage\":\"en-GB\",\"@id\":\"https:\/\/www.stiftungfuerzukunftsfragen.de\/#\/schema\/logo\/image\/\",\"url\":\"https:\/\/www.stiftungfuerzukunftsfragen.de\/wp-content\/uploads\/Stiftung-fuer-Zukunftsfragen-Logo-e1662668075158.png\",\"contentUrl\":\"https:\/\/www.stiftungfuerzukunftsfragen.de\/wp-content\/uploads\/Stiftung-fuer-Zukunftsfragen-Logo-e1662668075158.png\",\"width\":609,\"height\":144,\"caption\":\"Stiftung f\u00fcr Zukunftsfragen\"},\"image\":{\"@id\":\"https:\/\/www.stiftungfuerzukunftsfragen.de\/#\/schema\/logo\/image\/\"},\"sameAs\":[\"https:\/\/www.facebook.com\/pages\/Stiftung-fr-Zukunftsfragen\/207485789294838\"]},{\"@type\":\"Person\",\"@id\":\"https:\/\/www.stiftungfuerzukunftsfragen.de\/#\/schema\/person\/fbe6a089bb71e464b6e9e91caaa06daa\",\"name\":\"Carina M\u00f6nkemeyer\"}]}<\/script>\n<!-- \/ Yoast SEO plugin. -->","yoast_head_json":{"title":"Home improvement and DIY in leisure time: More and more Germans are picking up tools - Stiftung f\u00fcr Zukunftsfragen","robots":{"index":"index","follow":"follow","max-snippet":"max-snippet:-1","max-image-preview":"max-image-preview:large","max-video-preview":"max-video-preview:-1"},"canonical":"https:\/\/www.stiftungfuerzukunftsfragen.de\/en\/diy-and-diy-in-your-spare-time-more-and-more-people-in-germany-are-turning-to-tools\/","og_locale":"en_GB","og_type":"article","og_title":"Heimwerken und DIY in der Freizeit: Immer mehr Bundesb\u00fcrger greifen zum Werkzeug - Stiftung f\u00fcr Zukunftsfragen","og_description":"Zwei von f\u00fcnf Bundesb\u00fcrger sind regelm\u00e4\u00dfig (mindestens einmal im Monat) am heimwerken, versch\u00f6nern ihr Zuhause oder stellen kreativ etwas her. Jeder Siebte (14%) geht sogar wenigstens einmal pro Woche dieser Freizeitbesch\u00e4ftigung nach und bastelt, repariert, streicht, pflanzt oder gestalten etwas ganz nach seinen eigenen W\u00fcnschen.","og_url":"https:\/\/www.stiftungfuerzukunftsfragen.de\/en\/diy-and-diy-in-your-spare-time-more-and-more-people-in-germany-are-turning-to-tools\/","og_site_name":"Stiftung f\u00fcr Zukunftsfragen","article_publisher":"https:\/\/www.facebook.com\/pages\/Stiftung-fr-Zukunftsfragen\/207485789294838","article_published_time":"2023-01-26T06:30:05+00:00","article_modified_time":"2025-10-31T07:08:51+00:00","og_image":[{"width":1920,"height":1280,"url":"https:\/\/www.stiftungfuerzukunftsfragen.de\/wp-content\/uploads\/roselyn-tirado-GDWmu0bFfS4-unsplash.jpg","type":"image\/jpeg"}],"author":"Carina M\u00f6nkemeyer","twitter_card":"summary_large_image","twitter_misc":{"Written by":"Carina M\u00f6nkemeyer","Estimated reading time":"2 minutes"},"schema":{"@context":"https:\/\/schema.org","@graph":[{"@type":"Article","@id":"https:\/\/www.stiftungfuerzukunftsfragen.de\/heimwerken-und-diy-in-der-freizeit-immer-mehr-bundesbuerger-greifen-zum-werkzeug\/#article","isPartOf":{"@id":"https:\/\/www.stiftungfuerzukunftsfragen.de\/heimwerken-und-diy-in-der-freizeit-immer-mehr-bundesbuerger-greifen-zum-werkzeug\/"},"author":{"name":"Carina M\u00f6nkemeyer","@id":"https:\/\/www.stiftungfuerzukunftsfragen.de\/#\/schema\/person\/fbe6a089bb71e464b6e9e91caaa06daa"},"headline":"Heimwerken und DIY in der Freizeit: Immer mehr Bundesb\u00fcrger greifen zum Werkzeug","datePublished":"2023-01-26T06:30:05+00:00","dateModified":"2025-10-31T07:08:51+00:00","mainEntityOfPage":{"@id":"https:\/\/www.stiftungfuerzukunftsfragen.de\/heimwerken-und-diy-in-der-freizeit-immer-mehr-bundesbuerger-greifen-zum-werkzeug\/"},"wordCount":359,"publisher":{"@id":"https:\/\/www.stiftungfuerzukunftsfragen.de\/#organization"},"image":{"@id":"https:\/\/www.stiftungfuerzukunftsfragen.de\/heimwerken-und-diy-in-der-freizeit-immer-mehr-bundesbuerger-greifen-zum-werkzeug\/#primaryimage"},"thumbnailUrl":"https:\/\/www.stiftungfuerzukunftsfragen.de\/wp-content\/uploads\/roselyn-tirado-GDWmu0bFfS4-unsplash.jpg","keywords":["Zukunftserwartungen"],"articleSection":["Chart der Woche"],"inLanguage":"en-GB"},{"@type":"WebPage","@id":"https:\/\/www.stiftungfuerzukunftsfragen.de\/heimwerken-und-diy-in-der-freizeit-immer-mehr-bundesbuerger-greifen-zum-werkzeug\/","url":"https:\/\/www.stiftungfuerzukunftsfragen.de\/heimwerken-und-diy-in-der-freizeit-immer-mehr-bundesbuerger-greifen-zum-werkzeug\/","name":"Home improvement and DIY in leisure time: More and more Germans are picking up tools - Stiftung f\u00fcr Zukunftsfragen","isPartOf":{"@id":"https:\/\/www.stiftungfuerzukunftsfragen.de\/#website"},"primaryImageOfPage":{"@id":"https:\/\/www.stiftungfuerzukunftsfragen.de\/heimwerken-und-diy-in-der-freizeit-immer-mehr-bundesbuerger-greifen-zum-werkzeug\/#primaryimage"},"image":{"@id":"https:\/\/www.stiftungfuerzukunftsfragen.de\/heimwerken-und-diy-in-der-freizeit-immer-mehr-bundesbuerger-greifen-zum-werkzeug\/#primaryimage"},"thumbnailUrl":"https:\/\/www.stiftungfuerzukunftsfragen.de\/wp-content\/uploads\/roselyn-tirado-GDWmu0bFfS4-unsplash.jpg","datePublished":"2023-01-26T06:30:05+00:00","dateModified":"2025-10-31T07:08:51+00:00","breadcrumb":{"@id":"https:\/\/www.stiftungfuerzukunftsfragen.de\/heimwerken-und-diy-in-der-freizeit-immer-mehr-bundesbuerger-greifen-zum-werkzeug\/#breadcrumb"},"inLanguage":"en-GB","potentialAction":[{"@type":"ReadAction","target":["https:\/\/www.stiftungfuerzukunftsfragen.de\/heimwerken-und-diy-in-der-freizeit-immer-mehr-bundesbuerger-greifen-zum-werkzeug\/"]}]},{"@type":"ImageObject","inLanguage":"en-GB","@id":"https:\/\/www.stiftungfuerzukunftsfragen.de\/heimwerken-und-diy-in-der-freizeit-immer-mehr-bundesbuerger-greifen-zum-werkzeug\/#primaryimage","url":"https:\/\/www.stiftungfuerzukunftsfragen.de\/wp-content\/uploads\/roselyn-tirado-GDWmu0bFfS4-unsplash.jpg","contentUrl":"https:\/\/www.stiftungfuerzukunftsfragen.de\/wp-content\/uploads\/roselyn-tirado-GDWmu0bFfS4-unsplash.jpg","width":1920,"height":1280},{"@type":"BreadcrumbList","@id":"https:\/\/www.stiftungfuerzukunftsfragen.de\/heimwerken-und-diy-in-der-freizeit-immer-mehr-bundesbuerger-greifen-zum-werkzeug\/#breadcrumb","itemListElement":[{"@type":"ListItem","position":1,"name":"Startseite","item":"https:\/\/www.stiftungfuerzukunftsfragen.de\/"},{"@type":"ListItem","position":2,"name":"Heimwerken und DIY in der Freizeit: Immer mehr Bundesb\u00fcrger greifen zum Werkzeug"}]},{"@type":"WebSite","@id":"https:\/\/www.stiftungfuerzukunftsfragen.de\/#website","url":"https:\/\/www.stiftungfuerzukunftsfragen.de\/","name":"Foundation for Future Issues","description":"An initiative by BAT","publisher":{"@id":"https:\/\/www.stiftungfuerzukunftsfragen.de\/#organization"},"potentialAction":[{"@type":"SearchAction","target":{"@type":"EntryPoint","urlTemplate":"https:\/\/www.stiftungfuerzukunftsfragen.de\/?s={search_term_string}"},"query-input":{"@type":"PropertyValueSpecification","valueRequired":true,"valueName":"search_term_string"}}],"inLanguage":"en-GB"},{"@type":"Organization","@id":"https:\/\/www.stiftungfuerzukunftsfragen.de\/#organization","name":"Foundation for Future Issues","url":"https:\/\/www.stiftungfuerzukunftsfragen.de\/","logo":{"@type":"ImageObject","inLanguage":"en-GB","@id":"https:\/\/www.stiftungfuerzukunftsfragen.de\/#\/schema\/logo\/image\/","url":"https:\/\/www.stiftungfuerzukunftsfragen.de\/wp-content\/uploads\/Stiftung-fuer-Zukunftsfragen-Logo-e1662668075158.png","contentUrl":"https:\/\/www.stiftungfuerzukunftsfragen.de\/wp-content\/uploads\/Stiftung-fuer-Zukunftsfragen-Logo-e1662668075158.png","width":609,"height":144,"caption":"Stiftung f\u00fcr Zukunftsfragen"},"image":{"@id":"https:\/\/www.stiftungfuerzukunftsfragen.de\/#\/schema\/logo\/image\/"},"sameAs":["https:\/\/www.facebook.com\/pages\/Stiftung-fr-Zukunftsfragen\/207485789294838"]},{"@type":"Person","@id":"https:\/\/www.stiftungfuerzukunftsfragen.de\/#\/schema\/person\/fbe6a089bb71e464b6e9e91caaa06daa","name":"Carina M\u00f6nkemeyer"}]}},"_links":{"self":[{"href":"https:\/\/www.stiftungfuerzukunftsfragen.de\/en\/wp-json\/wp\/v2\/posts\/4362","targetHints":{"allow":["GET"]}}],"collection":[{"href":"https:\/\/www.stiftungfuerzukunftsfragen.de\/en\/wp-json\/wp\/v2\/posts"}],"about":[{"href":"https:\/\/www.stiftungfuerzukunftsfragen.de\/en\/wp-json\/wp\/v2\/types\/post"}],"author":[{"embeddable":true,"href":"https:\/\/www.stiftungfuerzukunftsfragen.de\/en\/wp-json\/wp\/v2\/users\/37"}],"replies":[{"embeddable":true,"href":"https:\/\/www.stiftungfuerzukunftsfragen.de\/en\/wp-json\/wp\/v2\/comments?post=4362"}],"version-history":[{"count":6,"href":"https:\/\/www.stiftungfuerzukunftsfragen.de\/en\/wp-json\/wp\/v2\/posts\/4362\/revisions"}],"predecessor-version":[{"id":6307,"href":"https:\/\/www.stiftungfuerzukunftsfragen.de\/en\/wp-json\/wp\/v2\/posts\/4362\/revisions\/6307"}],"wp:featuredmedia":[{"embeddable":true,"href":"https:\/\/www.stiftungfuerzukunftsfragen.de\/en\/wp-json\/wp\/v2\/media\/4388"}],"wp:attachment":[{"href":"https:\/\/www.stiftungfuerzukunftsfragen.de\/en\/wp-json\/wp\/v2\/media?parent=4362"}],"wp:term":[{"taxonomy":"category","embeddable":true,"href":"https:\/\/www.stiftungfuerzukunftsfragen.de\/en\/wp-json\/wp\/v2\/categories?post=4362"},{"taxonomy":"post_tag","embeddable":true,"href":"https:\/\/www.stiftungfuerzukunftsfragen.de\/en\/wp-json\/wp\/v2\/tags?post=4362"}],"curies":[{"name":"wp","href":"https:\/\/api.w.org\/{rel}","templated":true}]}}