{"id":4393,"date":"2023-02-02T07:30:40","date_gmt":"2023-02-02T06:30:40","guid":{"rendered":"https:\/\/www.stiftungfuerzukunftsfragen.de\/?p=4393"},"modified":"2026-07-21T19:03:35","modified_gmt":"2026-07-21T17:03:35","slug":"more-than-half-of-all-people-are-saving-for-their-vacation","status":"publish","type":"post","link":"https:\/\/www.stiftungfuerzukunftsfragen.de\/en\/mehr-als-jeder-zweite-spart-fuer-den-urlaub\/","title":{"rendered":"More than one in two people save for holidays"},"content":{"rendered":"<figure class=\"sfz-chart sfz-chart--poster\" id=\"chart-mehr-als-jeder-zweite-spart-fur-den-urlaub-1hmr6g7r5rk8o6n\"><p class=\"sfz-chart-title\">More than one in two people save for holidays<\/p><img class=\"lazyload\" src=\"data:image\/gif;base64,R0lGODlhAQABAAAAACH5BAEKAAEALAAAAAABAAEAAAICTAEAOw==\" data-orig-src=\"https:\/\/www.stiftungfuerzukunftsfragen.de\/wp-content\/uploads\/sfz-charts\/mehr-als-jeder-zweite-spart-fur-den-urlaub-1hmr6g7r5rk8o6n\/poster.png\" alt=\"More than half of all people save for their holidays \u2013 infographic; all values are listed in the data table below the graphic.\" loading=\"lazy\" decoding=\"async\"><p class=\"sfz-chart-statement\">Out of every 100 respondents, they say they restrict themselves in their daily lives in order to be able to travel:<\/p><p class=\"sfz-chart-statement\">More than half<\/p><p class=\"sfz-chart-statement\">Tourism Analysis 2023: Further study results will be announced at our online press conference on February 7, 2023.<\/p><details class=\"sfz-chart-data\"><summary>Data as table<\/summary><table>\n  <caption>More than half of all people are saving for their holidays \u2014 More than<\/caption>\n  <thead><tr><th><\/th><th>Year<\/th><th>Portion<\/th><\/tr><\/thead>\n  <tbody>\n    <tr><td>Total<\/td><td>2023<\/td><td>53<\/td><\/tr>\n    <tr><td>18-34 years<\/td><td>2023<\/td><td>65<\/td><\/tr>\n    <tr><td>35-54 years<\/td><td>2023<\/td><td>54<\/td><\/tr>\n    <tr><td>55-74 years<\/td><td>2023<\/td><td>44<\/td><\/tr>\n  <\/tbody>\n<\/table>\n<\/details><div class=\"sfz-chart-download\"><span>Download chart:<\/span><a class=\"sfz-chart-dl-btn\" href=\"https:\/\/www.stiftungfuerzukunftsfragen.de\/wp-content\/uploads\/sfz-charts\/mehr-als-jeder-zweite-spart-fur-den-urlaub-1hmr6g7r5rk8o6n\/poster.png\" download=\"sfz-chart-mehr-als-jeder-zweite-spart-fur-den-urlaub-1hmr6g7r5rk8o6n.png\">PNG<\/a><\/div><\/figure>\n<p><strong>Result<\/strong><\/p>\n<p>More than half of Germans are cutting back in their daily lives to avoid spending the best weeks of the year at home. The younger generation is particularly likely to report saving for vacations, postponing purchases, going out less often, or consuming less. In contrast, this willingness is less pronounced among many older people, or is less frequently necessary or even possible. Differences can also be observed between various income groups, although these are smaller than perhaps expected \u2013 even 45 percent of higher earners report saving for their vacation.<\/p>\n<p><strong>Reasons<\/strong><\/p>\n<p>Although the reasons are undoubtedly numerous and vary from person to person, two key points can be identified.<\/p>\n<p>First, there&#039;s the sheer necessity. Vacation expenses are high and usually can&#039;t be covered by regular income. Simply saving vacation money isn&#039;t often enough; it requires making compromises and cutting back in other areas of life. Income level isn&#039;t the deciding factor here, as higher salaries generally increase vacation entitlement, duration, and cost.<\/p>\n<p>Secondly: the importance of vacation. For many people, vacation is and remains the highlight of the year. They work, plan, look forward to it, and save up, all to finally pack their bags and travel. The demands placed on vacation are correspondingly high, ranging from the desire for relaxation and the search for adventure to new impressions, new acquaintances, or time for oneself and family \u2013 the main thing is that the vacation offers a contrast to everyday life at home.<\/p>\n<p><strong>Forecast<\/strong><\/p>\n<p>The allure of vacations will remain strong in the future \u2013 however, they must also be affordable. Increasingly, more and more people will have to make sacrifices in their daily lives to be able to travel.<\/p>\n<p>P.S. We will present information on Tuesday about how much money citizens are currently spending on holidays, how long they stay, where they travel most frequently, and what their travel plans for 2023 look like., <strong>February 7, 2023 at 10:00 AM<\/strong>, at an online press conference.<\/p>\n<p>On the <a href=\"https:\/\/fh-westkueste-de.zoom.us\/j\/85266789873\">link<\/a> You can access the online press conference here. The meeting room will open on the specified day \u2013 no prior registration is required.<\/p>","protected":false},"excerpt":{"rendered":"<p>More than half of Germans are cutting back in their daily lives to avoid spending the best weeks of the year at home. The younger generation is particularly likely to report saving for vacations, postponing purchases, going out less often, or consuming less. In contrast, this willingness is less pronounced among many older people, or is less frequently necessary or even possible.<\/p>","protected":false},"author":37,"featured_media":4396,"comment_status":"closed","ping_status":"open","sticky":false,"template":"","format":"standard","meta":{"_acf_changed":false,"footnotes":"","_et_pb_custom_css":""},"categories":[53],"tags":[67],"class_list":["post-4393","post","type-post","status-publish","format-standard","has-post-thumbnail","hentry","category-chart-der-woche","tag-zukunftserwartungen"],"acf":{"ausgabe_nummer":"Chart der Woche, 2023-KW05","pdf-download_dateiname":"SFZ-PDF-4393.pdf"},"_et_pb_custom_css":"","yoast_head":"<!-- This site is optimized with the Yoast SEO plugin v28.3 - https:\/\/yoast.com\/product\/yoast-seo-wordpress\/ -->\n<title>Mehr als jeder Zweite spart f\u00fcr den Urlaub - Stiftung f\u00fcr Zukunftsfragen<\/title>\n<meta name=\"description\" content=\"Mehr als die H\u00e4lfte der Bundesb\u00fcrger schr\u00e4nkt sich im Alltag ein, um die besten Wochen des Jahres nicht daheim verbringen m\u00fcssen.\" \/>\n<meta name=\"robots\" content=\"index, follow, max-snippet:-1, max-image-preview:large, max-video-preview:-1\" \/>\n<link rel=\"canonical\" href=\"https:\/\/www.stiftungfuerzukunftsfragen.de\/en\/more-than-half-of-all-people-are-saving-for-their-vacation\/\" \/>\n<meta property=\"og:locale\" content=\"en_GB\" \/>\n<meta property=\"og:type\" content=\"article\" \/>\n<meta property=\"og:title\" content=\"Mehr als jeder Zweite spart f\u00fcr den Urlaub - Stiftung f\u00fcr Zukunftsfragen\" \/>\n<meta property=\"og:description\" content=\"Mehr als die H\u00e4lfte der Bundesb\u00fcrger schr\u00e4nkt sich im Alltag ein, um die besten Wochen des Jahres nicht daheim verbringen m\u00fcssen.\" \/>\n<meta property=\"og:url\" content=\"https:\/\/www.stiftungfuerzukunftsfragen.de\/en\/more-than-half-of-all-people-are-saving-for-their-vacation\/\" \/>\n<meta property=\"og:site_name\" content=\"Stiftung f\u00fcr Zukunftsfragen\" \/>\n<meta property=\"article:publisher\" content=\"https:\/\/www.facebook.com\/pages\/Stiftung-fr-Zukunftsfragen\/207485789294838\" \/>\n<meta property=\"article:published_time\" content=\"2023-02-02T06:30:40+00:00\" \/>\n<meta property=\"article:modified_time\" content=\"2026-07-21T17:03:35+00:00\" \/>\n<meta property=\"og:image\" content=\"https:\/\/www.stiftungfuerzukunftsfragen.de\/wp-content\/uploads\/clock-g4d3e8804c_1920.jpg\" \/>\n\t<meta property=\"og:image:width\" content=\"1920\" \/>\n\t<meta property=\"og:image:height\" content=\"1229\" \/>\n\t<meta property=\"og:image:type\" content=\"image\/jpeg\" \/>\n<meta name=\"author\" content=\"Carina M\u00f6nkemeyer\" \/>\n<meta name=\"twitter:card\" content=\"summary_large_image\" \/>\n<meta name=\"twitter:label1\" content=\"Written by\" \/>\n\t<meta name=\"twitter:data1\" content=\"Carina M\u00f6nkemeyer\" \/>\n\t<meta name=\"twitter:label2\" content=\"Estimated reading time\" \/>\n\t<meta name=\"twitter:data2\" content=\"3 minutes\" \/>\n<script type=\"application\/ld+json\" class=\"yoast-schema-graph\">{\"@context\":\"https:\\\/\\\/schema.org\",\"@graph\":[{\"@type\":\"Article\",\"@id\":\"https:\\\/\\\/www.stiftungfuerzukunftsfragen.de\\\/mehr-als-jeder-zweite-spart-fuer-den-urlaub\\\/#article\",\"isPartOf\":{\"@id\":\"https:\\\/\\\/www.stiftungfuerzukunftsfragen.de\\\/mehr-als-jeder-zweite-spart-fuer-den-urlaub\\\/\"},\"author\":{\"name\":\"Carina M\u00f6nkemeyer\",\"@id\":\"https:\\\/\\\/www.stiftungfuerzukunftsfragen.de\\\/#\\\/schema\\\/person\\\/fbe6a089bb71e464b6e9e91caaa06daa\"},\"headline\":\"Mehr als jeder Zweite spart f\u00fcr den Urlaub\",\"datePublished\":\"2023-02-02T06:30:40+00:00\",\"dateModified\":\"2026-07-21T17:03:35+00:00\",\"mainEntityOfPage\":{\"@id\":\"https:\\\/\\\/www.stiftungfuerzukunftsfragen.de\\\/mehr-als-jeder-zweite-spart-fuer-den-urlaub\\\/\"},\"wordCount\":405,\"publisher\":{\"@id\":\"https:\\\/\\\/www.stiftungfuerzukunftsfragen.de\\\/#organization\"},\"image\":{\"@id\":\"https:\\\/\\\/www.stiftungfuerzukunftsfragen.de\\\/mehr-als-jeder-zweite-spart-fuer-den-urlaub\\\/#primaryimage\"},\"thumbnailUrl\":\"https:\\\/\\\/www.stiftungfuerzukunftsfragen.de\\\/wp-content\\\/uploads\\\/clock-g4d3e8804c_1920.jpg\",\"keywords\":[\"Zukunftserwartungen\"],\"articleSection\":[\"Chart der Woche\"],\"inLanguage\":\"en-GB\"},{\"@type\":\"WebPage\",\"@id\":\"https:\\\/\\\/www.stiftungfuerzukunftsfragen.de\\\/mehr-als-jeder-zweite-spart-fuer-den-urlaub\\\/\",\"url\":\"https:\\\/\\\/www.stiftungfuerzukunftsfragen.de\\\/mehr-als-jeder-zweite-spart-fuer-den-urlaub\\\/\",\"name\":\"Mehr als jeder Zweite spart f\u00fcr den Urlaub - Stiftung f\u00fcr Zukunftsfragen\",\"isPartOf\":{\"@id\":\"https:\\\/\\\/www.stiftungfuerzukunftsfragen.de\\\/#website\"},\"primaryImageOfPage\":{\"@id\":\"https:\\\/\\\/www.stiftungfuerzukunftsfragen.de\\\/mehr-als-jeder-zweite-spart-fuer-den-urlaub\\\/#primaryimage\"},\"image\":{\"@id\":\"https:\\\/\\\/www.stiftungfuerzukunftsfragen.de\\\/mehr-als-jeder-zweite-spart-fuer-den-urlaub\\\/#primaryimage\"},\"thumbnailUrl\":\"https:\\\/\\\/www.stiftungfuerzukunftsfragen.de\\\/wp-content\\\/uploads\\\/clock-g4d3e8804c_1920.jpg\",\"datePublished\":\"2023-02-02T06:30:40+00:00\",\"dateModified\":\"2026-07-21T17:03:35+00:00\",\"description\":\"Mehr als die H\u00e4lfte der Bundesb\u00fcrger schr\u00e4nkt sich im Alltag ein, um die besten Wochen des Jahres nicht daheim verbringen m\u00fcssen.\",\"breadcrumb\":{\"@id\":\"https:\\\/\\\/www.stiftungfuerzukunftsfragen.de\\\/mehr-als-jeder-zweite-spart-fuer-den-urlaub\\\/#breadcrumb\"},\"inLanguage\":\"en-GB\",\"potentialAction\":[{\"@type\":\"ReadAction\",\"target\":[\"https:\\\/\\\/www.stiftungfuerzukunftsfragen.de\\\/mehr-als-jeder-zweite-spart-fuer-den-urlaub\\\/\"]}]},{\"@type\":\"ImageObject\",\"inLanguage\":\"en-GB\",\"@id\":\"https:\\\/\\\/www.stiftungfuerzukunftsfragen.de\\\/mehr-als-jeder-zweite-spart-fuer-den-urlaub\\\/#primaryimage\",\"url\":\"https:\\\/\\\/www.stiftungfuerzukunftsfragen.de\\\/wp-content\\\/uploads\\\/clock-g4d3e8804c_1920.jpg\",\"contentUrl\":\"https:\\\/\\\/www.stiftungfuerzukunftsfragen.de\\\/wp-content\\\/uploads\\\/clock-g4d3e8804c_1920.jpg\",\"width\":1920,\"height\":1229},{\"@type\":\"BreadcrumbList\",\"@id\":\"https:\\\/\\\/www.stiftungfuerzukunftsfragen.de\\\/mehr-als-jeder-zweite-spart-fuer-den-urlaub\\\/#breadcrumb\",\"itemListElement\":[{\"@type\":\"ListItem\",\"position\":1,\"name\":\"Startseite\",\"item\":\"https:\\\/\\\/www.stiftungfuerzukunftsfragen.de\\\/\"},{\"@type\":\"ListItem\",\"position\":2,\"name\":\"Mehr als jeder Zweite spart f\u00fcr den Urlaub\"}]},{\"@type\":\"WebSite\",\"@id\":\"https:\\\/\\\/www.stiftungfuerzukunftsfragen.de\\\/#website\",\"url\":\"https:\\\/\\\/www.stiftungfuerzukunftsfragen.de\\\/\",\"name\":\"Stiftung f\u00fcr Zukunftsfragen\",\"description\":\"Eine Initiative von BAT\",\"publisher\":{\"@id\":\"https:\\\/\\\/www.stiftungfuerzukunftsfragen.de\\\/#organization\"},\"potentialAction\":[{\"@type\":\"SearchAction\",\"target\":{\"@type\":\"EntryPoint\",\"urlTemplate\":\"https:\\\/\\\/www.stiftungfuerzukunftsfragen.de\\\/?s={search_term_string}\"},\"query-input\":{\"@type\":\"PropertyValueSpecification\",\"valueRequired\":true,\"valueName\":\"search_term_string\"}}],\"inLanguage\":\"en-GB\"},{\"@type\":\"Organization\",\"@id\":\"https:\\\/\\\/www.stiftungfuerzukunftsfragen.de\\\/#organization\",\"name\":\"Stiftung f\u00fcr Zukunftsfragen\",\"url\":\"https:\\\/\\\/www.stiftungfuerzukunftsfragen.de\\\/\",\"logo\":{\"@type\":\"ImageObject\",\"inLanguage\":\"en-GB\",\"@id\":\"https:\\\/\\\/www.stiftungfuerzukunftsfragen.de\\\/#\\\/schema\\\/logo\\\/image\\\/\",\"url\":\"https:\\\/\\\/www.stiftungfuerzukunftsfragen.de\\\/wp-content\\\/uploads\\\/Stiftung-fuer-Zukunftsfragen-Logo-e1662668075158.png\",\"contentUrl\":\"https:\\\/\\\/www.stiftungfuerzukunftsfragen.de\\\/wp-content\\\/uploads\\\/Stiftung-fuer-Zukunftsfragen-Logo-e1662668075158.png\",\"width\":609,\"height\":144,\"caption\":\"Stiftung f\u00fcr Zukunftsfragen\"},\"image\":{\"@id\":\"https:\\\/\\\/www.stiftungfuerzukunftsfragen.de\\\/#\\\/schema\\\/logo\\\/image\\\/\"},\"sameAs\":[\"https:\\\/\\\/www.facebook.com\\\/pages\\\/Stiftung-fr-Zukunftsfragen\\\/207485789294838\"]},{\"@type\":\"Person\",\"@id\":\"https:\\\/\\\/www.stiftungfuerzukunftsfragen.de\\\/#\\\/schema\\\/person\\\/fbe6a089bb71e464b6e9e91caaa06daa\",\"name\":\"Carina M\u00f6nkemeyer\"}]}<\/script>\n<!-- \/ Yoast SEO plugin. -->","yoast_head_json":{"title":"More than half of all people are saving for their holidays - Foundation for Future Issues","description":"More than half of German citizens restrict themselves in their daily lives so as not to have to spend the best weeks of the year at home.","robots":{"index":"index","follow":"follow","max-snippet":"max-snippet:-1","max-image-preview":"max-image-preview:large","max-video-preview":"max-video-preview:-1"},"canonical":"https:\/\/www.stiftungfuerzukunftsfragen.de\/en\/more-than-half-of-all-people-are-saving-for-their-vacation\/","og_locale":"en_GB","og_type":"article","og_title":"Mehr als jeder Zweite spart f\u00fcr den Urlaub - Stiftung f\u00fcr Zukunftsfragen","og_description":"Mehr als die H\u00e4lfte der Bundesb\u00fcrger schr\u00e4nkt sich im Alltag ein, um die besten Wochen des Jahres nicht daheim verbringen m\u00fcssen.","og_url":"https:\/\/www.stiftungfuerzukunftsfragen.de\/en\/more-than-half-of-all-people-are-saving-for-their-vacation\/","og_site_name":"Stiftung f\u00fcr Zukunftsfragen","article_publisher":"https:\/\/www.facebook.com\/pages\/Stiftung-fr-Zukunftsfragen\/207485789294838","article_published_time":"2023-02-02T06:30:40+00:00","article_modified_time":"2026-07-21T17:03:35+00:00","og_image":[{"width":1920,"height":1229,"url":"https:\/\/www.stiftungfuerzukunftsfragen.de\/wp-content\/uploads\/clock-g4d3e8804c_1920.jpg","type":"image\/jpeg"}],"author":"Carina M\u00f6nkemeyer","twitter_card":"summary_large_image","twitter_misc":{"Written by":"Carina M\u00f6nkemeyer","Estimated reading time":"3 minutes"},"schema":{"@context":"https:\/\/schema.org","@graph":[{"@type":"Article","@id":"https:\/\/www.stiftungfuerzukunftsfragen.de\/mehr-als-jeder-zweite-spart-fuer-den-urlaub\/#article","isPartOf":{"@id":"https:\/\/www.stiftungfuerzukunftsfragen.de\/mehr-als-jeder-zweite-spart-fuer-den-urlaub\/"},"author":{"name":"Carina M\u00f6nkemeyer","@id":"https:\/\/www.stiftungfuerzukunftsfragen.de\/#\/schema\/person\/fbe6a089bb71e464b6e9e91caaa06daa"},"headline":"Mehr als jeder Zweite spart f\u00fcr den Urlaub","datePublished":"2023-02-02T06:30:40+00:00","dateModified":"2026-07-21T17:03:35+00:00","mainEntityOfPage":{"@id":"https:\/\/www.stiftungfuerzukunftsfragen.de\/mehr-als-jeder-zweite-spart-fuer-den-urlaub\/"},"wordCount":405,"publisher":{"@id":"https:\/\/www.stiftungfuerzukunftsfragen.de\/#organization"},"image":{"@id":"https:\/\/www.stiftungfuerzukunftsfragen.de\/mehr-als-jeder-zweite-spart-fuer-den-urlaub\/#primaryimage"},"thumbnailUrl":"https:\/\/www.stiftungfuerzukunftsfragen.de\/wp-content\/uploads\/clock-g4d3e8804c_1920.jpg","keywords":["Zukunftserwartungen"],"articleSection":["Chart der Woche"],"inLanguage":"en-GB"},{"@type":"WebPage","@id":"https:\/\/www.stiftungfuerzukunftsfragen.de\/mehr-als-jeder-zweite-spart-fuer-den-urlaub\/","url":"https:\/\/www.stiftungfuerzukunftsfragen.de\/mehr-als-jeder-zweite-spart-fuer-den-urlaub\/","name":"More than half of all people are saving for their holidays - Foundation for Future Issues","isPartOf":{"@id":"https:\/\/www.stiftungfuerzukunftsfragen.de\/#website"},"primaryImageOfPage":{"@id":"https:\/\/www.stiftungfuerzukunftsfragen.de\/mehr-als-jeder-zweite-spart-fuer-den-urlaub\/#primaryimage"},"image":{"@id":"https:\/\/www.stiftungfuerzukunftsfragen.de\/mehr-als-jeder-zweite-spart-fuer-den-urlaub\/#primaryimage"},"thumbnailUrl":"https:\/\/www.stiftungfuerzukunftsfragen.de\/wp-content\/uploads\/clock-g4d3e8804c_1920.jpg","datePublished":"2023-02-02T06:30:40+00:00","dateModified":"2026-07-21T17:03:35+00:00","description":"More than half of German citizens restrict themselves in their daily lives so as not to have to spend the best weeks of the year at home.","breadcrumb":{"@id":"https:\/\/www.stiftungfuerzukunftsfragen.de\/mehr-als-jeder-zweite-spart-fuer-den-urlaub\/#breadcrumb"},"inLanguage":"en-GB","potentialAction":[{"@type":"ReadAction","target":["https:\/\/www.stiftungfuerzukunftsfragen.de\/mehr-als-jeder-zweite-spart-fuer-den-urlaub\/"]}]},{"@type":"ImageObject","inLanguage":"en-GB","@id":"https:\/\/www.stiftungfuerzukunftsfragen.de\/mehr-als-jeder-zweite-spart-fuer-den-urlaub\/#primaryimage","url":"https:\/\/www.stiftungfuerzukunftsfragen.de\/wp-content\/uploads\/clock-g4d3e8804c_1920.jpg","contentUrl":"https:\/\/www.stiftungfuerzukunftsfragen.de\/wp-content\/uploads\/clock-g4d3e8804c_1920.jpg","width":1920,"height":1229},{"@type":"BreadcrumbList","@id":"https:\/\/www.stiftungfuerzukunftsfragen.de\/mehr-als-jeder-zweite-spart-fuer-den-urlaub\/#breadcrumb","itemListElement":[{"@type":"ListItem","position":1,"name":"Startseite","item":"https:\/\/www.stiftungfuerzukunftsfragen.de\/"},{"@type":"ListItem","position":2,"name":"Mehr als jeder Zweite spart f\u00fcr den Urlaub"}]},{"@type":"WebSite","@id":"https:\/\/www.stiftungfuerzukunftsfragen.de\/#website","url":"https:\/\/www.stiftungfuerzukunftsfragen.de\/","name":"Foundation for Future Studies","description":"An initiative by BAT","publisher":{"@id":"https:\/\/www.stiftungfuerzukunftsfragen.de\/#organization"},"potentialAction":[{"@type":"SearchAction","target":{"@type":"EntryPoint","urlTemplate":"https:\/\/www.stiftungfuerzukunftsfragen.de\/?s={search_term_string}"},"query-input":{"@type":"PropertyValueSpecification","valueRequired":true,"valueName":"search_term_string"}}],"inLanguage":"en-GB"},{"@type":"Organization","@id":"https:\/\/www.stiftungfuerzukunftsfragen.de\/#organization","name":"Foundation for Future Studies","url":"https:\/\/www.stiftungfuerzukunftsfragen.de\/","logo":{"@type":"ImageObject","inLanguage":"en-GB","@id":"https:\/\/www.stiftungfuerzukunftsfragen.de\/#\/schema\/logo\/image\/","url":"https:\/\/www.stiftungfuerzukunftsfragen.de\/wp-content\/uploads\/Stiftung-fuer-Zukunftsfragen-Logo-e1662668075158.png","contentUrl":"https:\/\/www.stiftungfuerzukunftsfragen.de\/wp-content\/uploads\/Stiftung-fuer-Zukunftsfragen-Logo-e1662668075158.png","width":609,"height":144,"caption":"Stiftung f\u00fcr Zukunftsfragen"},"image":{"@id":"https:\/\/www.stiftungfuerzukunftsfragen.de\/#\/schema\/logo\/image\/"},"sameAs":["https:\/\/www.facebook.com\/pages\/Stiftung-fr-Zukunftsfragen\/207485789294838"]},{"@type":"Person","@id":"https:\/\/www.stiftungfuerzukunftsfragen.de\/#\/schema\/person\/fbe6a089bb71e464b6e9e91caaa06daa","name":"Carina M\u00f6nkemeyer"}]}},"_links":{"self":[{"href":"https:\/\/www.stiftungfuerzukunftsfragen.de\/en\/wp-json\/wp\/v2\/posts\/4393","targetHints":{"allow":["GET"]}}],"collection":[{"href":"https:\/\/www.stiftungfuerzukunftsfragen.de\/en\/wp-json\/wp\/v2\/posts"}],"about":[{"href":"https:\/\/www.stiftungfuerzukunftsfragen.de\/en\/wp-json\/wp\/v2\/types\/post"}],"author":[{"embeddable":true,"href":"https:\/\/www.stiftungfuerzukunftsfragen.de\/en\/wp-json\/wp\/v2\/users\/37"}],"replies":[{"embeddable":true,"href":"https:\/\/www.stiftungfuerzukunftsfragen.de\/en\/wp-json\/wp\/v2\/comments?post=4393"}],"version-history":[{"count":11,"href":"https:\/\/www.stiftungfuerzukunftsfragen.de\/en\/wp-json\/wp\/v2\/posts\/4393\/revisions"}],"predecessor-version":[{"id":6725,"href":"https:\/\/www.stiftungfuerzukunftsfragen.de\/en\/wp-json\/wp\/v2\/posts\/4393\/revisions\/6725"}],"wp:featuredmedia":[{"embeddable":true,"href":"https:\/\/www.stiftungfuerzukunftsfragen.de\/en\/wp-json\/wp\/v2\/media\/4396"}],"wp:attachment":[{"href":"https:\/\/www.stiftungfuerzukunftsfragen.de\/en\/wp-json\/wp\/v2\/media?parent=4393"}],"wp:term":[{"taxonomy":"category","embeddable":true,"href":"https:\/\/www.stiftungfuerzukunftsfragen.de\/en\/wp-json\/wp\/v2\/categories?post=4393"},{"taxonomy":"post_tag","embeddable":true,"href":"https:\/\/www.stiftungfuerzukunftsfragen.de\/en\/wp-json\/wp\/v2\/tags?post=4393"}],"curies":[{"name":"wp","href":"https:\/\/api.w.org\/{rel}","templated":true}]}}