{"id":4415,"date":"2023-02-16T07:30:30","date_gmt":"2023-02-16T06:30:30","guid":{"rendered":"https:\/\/www.stiftungfuerzukunftsfragen.de\/?p=4415"},"modified":"2025-10-31T08:08:45","modified_gmt":"2025-10-31T07:08:45","slug":"how-much-can-a-holiday-cost","status":"publish","type":"post","link":"https:\/\/www.stiftungfuerzukunftsfragen.de\/en\/wie-viel-darf-der-urlaub-kosten\/","title":{"rendered":"How much can a holiday cost?"},"content":{"rendered":"<div class=\"infogram-embed\" data-id=\"chart-der-woche-urlaubsausgaben-2022-1ho16vokqqkzx4n\" data-type=\"interactive\"><\/div><script>!function(e,t,s,i){var n=\"InfogramEmbeds\",o=e.getElementsByTagName(\"script\"),d=o[0],r=\/^http:\/.test(e.location)?\"http:\":\"https:\";if(\/^\\\/{2}\/.test(i)&&(i=r+i),window[n]&&window[n].initialized)window[n].process&&window[n].process();else if(!e.getElementById(s)){var a=e.createElement(\"script\");a.async=1,a.id=s,a.src=i,d.parentNode.insertBefore(a,d)}}(document,0,\"infogram-async\",\"\/\/e.infogram.com\/js\/dist\/embed-loader-min.js\");<\/script>\n<p>&nbsp;<\/p>\n<p><strong>Ergebnis<\/strong><\/p>\n<p>Der Wunsch nach Urlaub ist und bleibt f\u00fcr die Bundesb\u00fcrger das Highlight des Jahres &#8211; ungeachtet davon wo der Lebensmittelpunkt liegt oder wie die famili\u00e4re Situation aussieht. Allerdings unterscheiden sich die Urlaubsausgaben deutlich. So geben St\u00e4dter rund 50 Prozent mehr Geld im Urlaub aus als Landbewohner und kinderlose Paare sowie Eltern lassen sich das Reisen ca. 400 Euro pro Person mehr kosten als Singles.<\/p>\n<p>&nbsp;<\/p>\n<p><strong>Gr\u00fcnde<\/strong><\/p>\n<p>Singles sind nicht an Ferienzeiten gebunden und k\u00f6nnen flexibler agieren, um g\u00fcnstigere Angebote wahrzunehmen (u.a. Last-Minute). Auch geben Singles oftmals weniger Geld f\u00fcr typische Paar- und Familienaktivit\u00e4ten wie z.B. Restaurant- oder Freizeitparkbesuche aus und sind zudem oftmals eher bereit, Kompromisse bei der Unterkunft einzugehen, w\u00e4hrend Paare oder Familien mehr Komfort und Annehmlichkeiten suchen und daf\u00fcr mehr Geld ausgeben. Auch verf\u00fcgen viele Alleinstehende \u00fcber ein geringeres Urlaubsbudget, da ihre allt\u00e4glichen Ausgaben h\u00f6her sind und sie mehr Steuern zahlen.<br \/>\nStadtbewohner geben im Urlaub oftmals \u00fcberdurchschnittlich viel Geld aus, da sie \u00fcber ein h\u00f6heres Lohnniveau verf\u00fcgen, h\u00e4ufiger Flugreisen unternehmen und l\u00e4nger unterwegs sind.<\/p>\n<p>&nbsp;<\/p>\n<p><strong>Prognose<\/strong><\/p>\n<p>Die derzeit hervortretenden Unterschiede zwischen Singles und Paare bzw. Eltern werden sich perspektivisch nicht wesentlich ver\u00e4ndern \u2013 hierf\u00fcr sind die genannten Gr\u00fcnde zu gravierend. Eher sind Angleichungen beim Wohnort vorstellbar. So zieht es bereits gegenw\u00e4rtig einige Besserverdienende aus der Stadt, suchen sie doch verst\u00e4rkt nach mehr Natur und k\u00f6nnen dank Remotearbeitspl\u00e4tzen auch ortsunabh\u00e4ngig t\u00e4tig sein.<\/p>\n","protected":false},"excerpt":{"rendered":"<p>The desire to go on holiday is and remains the highlight of the year for Germans - regardless of where they live or what their family situation is like. However, holiday spending differs significantly. City dwellers spend around 50 per cent more money on holidays than rural dwellers and childless couples and parents spend around 400 euros more per person than singles.<\/p>","protected":false},"author":37,"featured_media":4417,"comment_status":"closed","ping_status":"open","sticky":false,"template":"","format":"standard","meta":{"_acf_changed":false,"footnotes":""},"categories":[53],"tags":[67],"class_list":["post-4415","post","type-post","status-publish","format-standard","has-post-thumbnail","hentry","category-chart-der-woche","tag-zukunftserwartungen"],"acf":{"ausgabe_nummer":"Chart der Woche, 2023-KW07","pdf-download_dateiname":"www.stiftungfuerzukunftsfragen.de_wie-viel-darf-der-urlaub-kosten.pdf"},"yoast_head":"<!-- This site is optimized with the Yoast SEO plugin v27.1.1 - https:\/\/yoast.com\/product\/yoast-seo-wordpress\/ -->\n<title>Wie viel darf der Urlaub kosten? - Stiftung f\u00fcr Zukunftsfragen<\/title>\n<meta name=\"robots\" content=\"index, follow, max-snippet:-1, max-image-preview:large, max-video-preview:-1\" \/>\n<link rel=\"canonical\" href=\"https:\/\/www.stiftungfuerzukunftsfragen.de\/en\/how-much-can-a-holiday-cost\/\" \/>\n<meta property=\"og:locale\" content=\"en_GB\" \/>\n<meta property=\"og:type\" content=\"article\" \/>\n<meta property=\"og:title\" content=\"Wie viel darf der Urlaub kosten? - Stiftung f\u00fcr Zukunftsfragen\" \/>\n<meta property=\"og:description\" content=\"Der Wunsch nach Urlaub ist und bleibt f\u00fcr die Bundesb\u00fcrger das Highlight des Jahres - ungeachtet davon wo der Lebensmittelpunkt liegt oder wie die famili\u00e4re Situation aussieht. Allerdings unterscheiden sich die Urlaubsausgaben deutlich. So geben St\u00e4dter rund 50 Prozent mehr Geld im Urlaub aus als Landbewohner und kinderlose Paare sowie Eltern lassen sich das Reisen ca. 400 Euro pro Person mehr kosten als Singles.\" \/>\n<meta property=\"og:url\" content=\"https:\/\/www.stiftungfuerzukunftsfragen.de\/en\/how-much-can-a-holiday-cost\/\" \/>\n<meta property=\"og:site_name\" content=\"Stiftung f\u00fcr Zukunftsfragen\" \/>\n<meta property=\"article:publisher\" content=\"https:\/\/www.facebook.com\/pages\/Stiftung-fr-Zukunftsfragen\/207485789294838\" \/>\n<meta property=\"article:published_time\" content=\"2023-02-16T06:30:30+00:00\" \/>\n<meta property=\"article:modified_time\" content=\"2025-10-31T07:08:45+00:00\" \/>\n<meta property=\"og:image\" content=\"https:\/\/www.stiftungfuerzukunftsfragen.de\/wp-content\/uploads\/jeshoots-com-mSESwdMZr-A-unsplash.jpg\" \/>\n\t<meta property=\"og:image:width\" content=\"1920\" \/>\n\t<meta property=\"og:image:height\" content=\"1280\" \/>\n\t<meta property=\"og:image:type\" content=\"image\/jpeg\" \/>\n<meta name=\"author\" content=\"Carina M\u00f6nkemeyer\" \/>\n<meta name=\"twitter:card\" content=\"summary_large_image\" \/>\n<meta name=\"twitter:label1\" content=\"Written by\" \/>\n\t<meta name=\"twitter:data1\" content=\"Carina M\u00f6nkemeyer\" \/>\n\t<meta name=\"twitter:label2\" content=\"Estimated reading time\" \/>\n\t<meta name=\"twitter:data2\" content=\"2 minutes\" \/>\n<script type=\"application\/ld+json\" class=\"yoast-schema-graph\">{\"@context\":\"https:\/\/schema.org\",\"@graph\":[{\"@type\":\"Article\",\"@id\":\"https:\/\/www.stiftungfuerzukunftsfragen.de\/wie-viel-darf-der-urlaub-kosten\/#article\",\"isPartOf\":{\"@id\":\"https:\/\/www.stiftungfuerzukunftsfragen.de\/wie-viel-darf-der-urlaub-kosten\/\"},\"author\":{\"name\":\"Carina M\u00f6nkemeyer\",\"@id\":\"https:\/\/www.stiftungfuerzukunftsfragen.de\/#\/schema\/person\/fbe6a089bb71e464b6e9e91caaa06daa\"},\"headline\":\"Wie viel darf der Urlaub kosten?\",\"datePublished\":\"2023-02-16T06:30:30+00:00\",\"dateModified\":\"2025-10-31T07:08:45+00:00\",\"mainEntityOfPage\":{\"@id\":\"https:\/\/www.stiftungfuerzukunftsfragen.de\/wie-viel-darf-der-urlaub-kosten\/\"},\"wordCount\":267,\"publisher\":{\"@id\":\"https:\/\/www.stiftungfuerzukunftsfragen.de\/#organization\"},\"image\":{\"@id\":\"https:\/\/www.stiftungfuerzukunftsfragen.de\/wie-viel-darf-der-urlaub-kosten\/#primaryimage\"},\"thumbnailUrl\":\"https:\/\/www.stiftungfuerzukunftsfragen.de\/wp-content\/uploads\/jeshoots-com-mSESwdMZr-A-unsplash.jpg\",\"keywords\":[\"Zukunftserwartungen\"],\"articleSection\":[\"Chart der Woche\"],\"inLanguage\":\"en-GB\"},{\"@type\":\"WebPage\",\"@id\":\"https:\/\/www.stiftungfuerzukunftsfragen.de\/wie-viel-darf-der-urlaub-kosten\/\",\"url\":\"https:\/\/www.stiftungfuerzukunftsfragen.de\/wie-viel-darf-der-urlaub-kosten\/\",\"name\":\"Wie viel darf der Urlaub kosten? - Stiftung f\u00fcr Zukunftsfragen\",\"isPartOf\":{\"@id\":\"https:\/\/www.stiftungfuerzukunftsfragen.de\/#website\"},\"primaryImageOfPage\":{\"@id\":\"https:\/\/www.stiftungfuerzukunftsfragen.de\/wie-viel-darf-der-urlaub-kosten\/#primaryimage\"},\"image\":{\"@id\":\"https:\/\/www.stiftungfuerzukunftsfragen.de\/wie-viel-darf-der-urlaub-kosten\/#primaryimage\"},\"thumbnailUrl\":\"https:\/\/www.stiftungfuerzukunftsfragen.de\/wp-content\/uploads\/jeshoots-com-mSESwdMZr-A-unsplash.jpg\",\"datePublished\":\"2023-02-16T06:30:30+00:00\",\"dateModified\":\"2025-10-31T07:08:45+00:00\",\"breadcrumb\":{\"@id\":\"https:\/\/www.stiftungfuerzukunftsfragen.de\/wie-viel-darf-der-urlaub-kosten\/#breadcrumb\"},\"inLanguage\":\"en-GB\",\"potentialAction\":[{\"@type\":\"ReadAction\",\"target\":[\"https:\/\/www.stiftungfuerzukunftsfragen.de\/wie-viel-darf-der-urlaub-kosten\/\"]}]},{\"@type\":\"ImageObject\",\"inLanguage\":\"en-GB\",\"@id\":\"https:\/\/www.stiftungfuerzukunftsfragen.de\/wie-viel-darf-der-urlaub-kosten\/#primaryimage\",\"url\":\"https:\/\/www.stiftungfuerzukunftsfragen.de\/wp-content\/uploads\/jeshoots-com-mSESwdMZr-A-unsplash.jpg\",\"contentUrl\":\"https:\/\/www.stiftungfuerzukunftsfragen.de\/wp-content\/uploads\/jeshoots-com-mSESwdMZr-A-unsplash.jpg\",\"width\":1920,\"height\":1280},{\"@type\":\"BreadcrumbList\",\"@id\":\"https:\/\/www.stiftungfuerzukunftsfragen.de\/wie-viel-darf-der-urlaub-kosten\/#breadcrumb\",\"itemListElement\":[{\"@type\":\"ListItem\",\"position\":1,\"name\":\"Startseite\",\"item\":\"https:\/\/www.stiftungfuerzukunftsfragen.de\/\"},{\"@type\":\"ListItem\",\"position\":2,\"name\":\"Wie viel darf der Urlaub kosten?\"}]},{\"@type\":\"WebSite\",\"@id\":\"https:\/\/www.stiftungfuerzukunftsfragen.de\/#website\",\"url\":\"https:\/\/www.stiftungfuerzukunftsfragen.de\/\",\"name\":\"Stiftung f\u00fcr Zukunftsfragen\",\"description\":\"Eine Initiative von BAT\",\"publisher\":{\"@id\":\"https:\/\/www.stiftungfuerzukunftsfragen.de\/#organization\"},\"potentialAction\":[{\"@type\":\"SearchAction\",\"target\":{\"@type\":\"EntryPoint\",\"urlTemplate\":\"https:\/\/www.stiftungfuerzukunftsfragen.de\/?s={search_term_string}\"},\"query-input\":{\"@type\":\"PropertyValueSpecification\",\"valueRequired\":true,\"valueName\":\"search_term_string\"}}],\"inLanguage\":\"en-GB\"},{\"@type\":\"Organization\",\"@id\":\"https:\/\/www.stiftungfuerzukunftsfragen.de\/#organization\",\"name\":\"Stiftung f\u00fcr Zukunftsfragen\",\"url\":\"https:\/\/www.stiftungfuerzukunftsfragen.de\/\",\"logo\":{\"@type\":\"ImageObject\",\"inLanguage\":\"en-GB\",\"@id\":\"https:\/\/www.stiftungfuerzukunftsfragen.de\/#\/schema\/logo\/image\/\",\"url\":\"https:\/\/www.stiftungfuerzukunftsfragen.de\/wp-content\/uploads\/Stiftung-fuer-Zukunftsfragen-Logo-e1662668075158.png\",\"contentUrl\":\"https:\/\/www.stiftungfuerzukunftsfragen.de\/wp-content\/uploads\/Stiftung-fuer-Zukunftsfragen-Logo-e1662668075158.png\",\"width\":609,\"height\":144,\"caption\":\"Stiftung f\u00fcr Zukunftsfragen\"},\"image\":{\"@id\":\"https:\/\/www.stiftungfuerzukunftsfragen.de\/#\/schema\/logo\/image\/\"},\"sameAs\":[\"https:\/\/www.facebook.com\/pages\/Stiftung-fr-Zukunftsfragen\/207485789294838\"]},{\"@type\":\"Person\",\"@id\":\"https:\/\/www.stiftungfuerzukunftsfragen.de\/#\/schema\/person\/fbe6a089bb71e464b6e9e91caaa06daa\",\"name\":\"Carina M\u00f6nkemeyer\"}]}<\/script>\n<!-- \/ Yoast SEO plugin. -->","yoast_head_json":{"title":"How much can a holiday cost? - Foundation for Future Issues","robots":{"index":"index","follow":"follow","max-snippet":"max-snippet:-1","max-image-preview":"max-image-preview:large","max-video-preview":"max-video-preview:-1"},"canonical":"https:\/\/www.stiftungfuerzukunftsfragen.de\/en\/how-much-can-a-holiday-cost\/","og_locale":"en_GB","og_type":"article","og_title":"Wie viel darf der Urlaub kosten? - Stiftung f\u00fcr Zukunftsfragen","og_description":"Der Wunsch nach Urlaub ist und bleibt f\u00fcr die Bundesb\u00fcrger das Highlight des Jahres - ungeachtet davon wo der Lebensmittelpunkt liegt oder wie die famili\u00e4re Situation aussieht. Allerdings unterscheiden sich die Urlaubsausgaben deutlich. So geben St\u00e4dter rund 50 Prozent mehr Geld im Urlaub aus als Landbewohner und kinderlose Paare sowie Eltern lassen sich das Reisen ca. 400 Euro pro Person mehr kosten als Singles.","og_url":"https:\/\/www.stiftungfuerzukunftsfragen.de\/en\/how-much-can-a-holiday-cost\/","og_site_name":"Stiftung f\u00fcr Zukunftsfragen","article_publisher":"https:\/\/www.facebook.com\/pages\/Stiftung-fr-Zukunftsfragen\/207485789294838","article_published_time":"2023-02-16T06:30:30+00:00","article_modified_time":"2025-10-31T07:08:45+00:00","og_image":[{"width":1920,"height":1280,"url":"https:\/\/www.stiftungfuerzukunftsfragen.de\/wp-content\/uploads\/jeshoots-com-mSESwdMZr-A-unsplash.jpg","type":"image\/jpeg"}],"author":"Carina M\u00f6nkemeyer","twitter_card":"summary_large_image","twitter_misc":{"Written by":"Carina M\u00f6nkemeyer","Estimated reading time":"2 minutes"},"schema":{"@context":"https:\/\/schema.org","@graph":[{"@type":"Article","@id":"https:\/\/www.stiftungfuerzukunftsfragen.de\/wie-viel-darf-der-urlaub-kosten\/#article","isPartOf":{"@id":"https:\/\/www.stiftungfuerzukunftsfragen.de\/wie-viel-darf-der-urlaub-kosten\/"},"author":{"name":"Carina M\u00f6nkemeyer","@id":"https:\/\/www.stiftungfuerzukunftsfragen.de\/#\/schema\/person\/fbe6a089bb71e464b6e9e91caaa06daa"},"headline":"Wie viel darf der Urlaub kosten?","datePublished":"2023-02-16T06:30:30+00:00","dateModified":"2025-10-31T07:08:45+00:00","mainEntityOfPage":{"@id":"https:\/\/www.stiftungfuerzukunftsfragen.de\/wie-viel-darf-der-urlaub-kosten\/"},"wordCount":267,"publisher":{"@id":"https:\/\/www.stiftungfuerzukunftsfragen.de\/#organization"},"image":{"@id":"https:\/\/www.stiftungfuerzukunftsfragen.de\/wie-viel-darf-der-urlaub-kosten\/#primaryimage"},"thumbnailUrl":"https:\/\/www.stiftungfuerzukunftsfragen.de\/wp-content\/uploads\/jeshoots-com-mSESwdMZr-A-unsplash.jpg","keywords":["Zukunftserwartungen"],"articleSection":["Chart der Woche"],"inLanguage":"en-GB"},{"@type":"WebPage","@id":"https:\/\/www.stiftungfuerzukunftsfragen.de\/wie-viel-darf-der-urlaub-kosten\/","url":"https:\/\/www.stiftungfuerzukunftsfragen.de\/wie-viel-darf-der-urlaub-kosten\/","name":"How much can a holiday cost? - Foundation for Future Issues","isPartOf":{"@id":"https:\/\/www.stiftungfuerzukunftsfragen.de\/#website"},"primaryImageOfPage":{"@id":"https:\/\/www.stiftungfuerzukunftsfragen.de\/wie-viel-darf-der-urlaub-kosten\/#primaryimage"},"image":{"@id":"https:\/\/www.stiftungfuerzukunftsfragen.de\/wie-viel-darf-der-urlaub-kosten\/#primaryimage"},"thumbnailUrl":"https:\/\/www.stiftungfuerzukunftsfragen.de\/wp-content\/uploads\/jeshoots-com-mSESwdMZr-A-unsplash.jpg","datePublished":"2023-02-16T06:30:30+00:00","dateModified":"2025-10-31T07:08:45+00:00","breadcrumb":{"@id":"https:\/\/www.stiftungfuerzukunftsfragen.de\/wie-viel-darf-der-urlaub-kosten\/#breadcrumb"},"inLanguage":"en-GB","potentialAction":[{"@type":"ReadAction","target":["https:\/\/www.stiftungfuerzukunftsfragen.de\/wie-viel-darf-der-urlaub-kosten\/"]}]},{"@type":"ImageObject","inLanguage":"en-GB","@id":"https:\/\/www.stiftungfuerzukunftsfragen.de\/wie-viel-darf-der-urlaub-kosten\/#primaryimage","url":"https:\/\/www.stiftungfuerzukunftsfragen.de\/wp-content\/uploads\/jeshoots-com-mSESwdMZr-A-unsplash.jpg","contentUrl":"https:\/\/www.stiftungfuerzukunftsfragen.de\/wp-content\/uploads\/jeshoots-com-mSESwdMZr-A-unsplash.jpg","width":1920,"height":1280},{"@type":"BreadcrumbList","@id":"https:\/\/www.stiftungfuerzukunftsfragen.de\/wie-viel-darf-der-urlaub-kosten\/#breadcrumb","itemListElement":[{"@type":"ListItem","position":1,"name":"Startseite","item":"https:\/\/www.stiftungfuerzukunftsfragen.de\/"},{"@type":"ListItem","position":2,"name":"Wie viel darf der Urlaub kosten?"}]},{"@type":"WebSite","@id":"https:\/\/www.stiftungfuerzukunftsfragen.de\/#website","url":"https:\/\/www.stiftungfuerzukunftsfragen.de\/","name":"Foundation for Future Issues","description":"An initiative by BAT","publisher":{"@id":"https:\/\/www.stiftungfuerzukunftsfragen.de\/#organization"},"potentialAction":[{"@type":"SearchAction","target":{"@type":"EntryPoint","urlTemplate":"https:\/\/www.stiftungfuerzukunftsfragen.de\/?s={search_term_string}"},"query-input":{"@type":"PropertyValueSpecification","valueRequired":true,"valueName":"search_term_string"}}],"inLanguage":"en-GB"},{"@type":"Organization","@id":"https:\/\/www.stiftungfuerzukunftsfragen.de\/#organization","name":"Foundation for Future Issues","url":"https:\/\/www.stiftungfuerzukunftsfragen.de\/","logo":{"@type":"ImageObject","inLanguage":"en-GB","@id":"https:\/\/www.stiftungfuerzukunftsfragen.de\/#\/schema\/logo\/image\/","url":"https:\/\/www.stiftungfuerzukunftsfragen.de\/wp-content\/uploads\/Stiftung-fuer-Zukunftsfragen-Logo-e1662668075158.png","contentUrl":"https:\/\/www.stiftungfuerzukunftsfragen.de\/wp-content\/uploads\/Stiftung-fuer-Zukunftsfragen-Logo-e1662668075158.png","width":609,"height":144,"caption":"Stiftung f\u00fcr Zukunftsfragen"},"image":{"@id":"https:\/\/www.stiftungfuerzukunftsfragen.de\/#\/schema\/logo\/image\/"},"sameAs":["https:\/\/www.facebook.com\/pages\/Stiftung-fr-Zukunftsfragen\/207485789294838"]},{"@type":"Person","@id":"https:\/\/www.stiftungfuerzukunftsfragen.de\/#\/schema\/person\/fbe6a089bb71e464b6e9e91caaa06daa","name":"Carina M\u00f6nkemeyer"}]}},"_links":{"self":[{"href":"https:\/\/www.stiftungfuerzukunftsfragen.de\/en\/wp-json\/wp\/v2\/posts\/4415","targetHints":{"allow":["GET"]}}],"collection":[{"href":"https:\/\/www.stiftungfuerzukunftsfragen.de\/en\/wp-json\/wp\/v2\/posts"}],"about":[{"href":"https:\/\/www.stiftungfuerzukunftsfragen.de\/en\/wp-json\/wp\/v2\/types\/post"}],"author":[{"embeddable":true,"href":"https:\/\/www.stiftungfuerzukunftsfragen.de\/en\/wp-json\/wp\/v2\/users\/37"}],"replies":[{"embeddable":true,"href":"https:\/\/www.stiftungfuerzukunftsfragen.de\/en\/wp-json\/wp\/v2\/comments?post=4415"}],"version-history":[{"count":5,"href":"https:\/\/www.stiftungfuerzukunftsfragen.de\/en\/wp-json\/wp\/v2\/posts\/4415\/revisions"}],"predecessor-version":[{"id":6305,"href":"https:\/\/www.stiftungfuerzukunftsfragen.de\/en\/wp-json\/wp\/v2\/posts\/4415\/revisions\/6305"}],"wp:featuredmedia":[{"embeddable":true,"href":"https:\/\/www.stiftungfuerzukunftsfragen.de\/en\/wp-json\/wp\/v2\/media\/4417"}],"wp:attachment":[{"href":"https:\/\/www.stiftungfuerzukunftsfragen.de\/en\/wp-json\/wp\/v2\/media?parent=4415"}],"wp:term":[{"taxonomy":"category","embeddable":true,"href":"https:\/\/www.stiftungfuerzukunftsfragen.de\/en\/wp-json\/wp\/v2\/categories?post=4415"},{"taxonomy":"post_tag","embeddable":true,"href":"https:\/\/www.stiftungfuerzukunftsfragen.de\/en\/wp-json\/wp\/v2\/tags?post=4415"}],"curies":[{"name":"wp","href":"https:\/\/api.w.org\/{rel}","templated":true}]}}