{"id":4536,"date":"2023-05-08T15:28:30","date_gmt":"2023-05-08T13:28:30","guid":{"rendered":"https:\/\/www.stiftungfuerzukunftsfragen.de\/?p=4536"},"modified":"2025-10-30T15:15:31","modified_gmt":"2025-10-30T14:15:31","slug":"german-courage-instead-of-german-fear-broad-majority-demands-more-courage","status":"publish","type":"post","link":"https:\/\/www.stiftungfuerzukunftsfragen.de\/en\/german-mut-statt-german-angst-breite-mehrheit-fordert-mehr-mut\/","title":{"rendered":"GERMAN MUT STATT GERMAN ANGST: Broad majority calls for more courage"},"content":{"rendered":"<h3><img decoding=\"async\" class=\"lazyload alignnone wp-image-4537\" src=\"https:\/\/www.stiftungfuerzukunftsfragen.de\/wp-content\/uploads\/Bildschirm\u00adfoto-2023-04-18-um-10.30.37.png\" data-orig-src=\"https:\/\/www.stiftungfuerzukunftsfragen.de\/wp-content\/uploads\/Bildschirm\u00adfoto-2023-04-18-um-10.30.37.png\" alt=\"\" width=\"393\" height=\"481\" srcset=\"data:image\/svg+xml,%3Csvg%20xmlns%3D%27http%3A%2F%2Fwww.w3.org%2F2000%2Fsvg%27%20width%3D%27393%27%20height%3D%27481%27%20viewBox%3D%270%200%20393%20481%27%3E%3Crect%20width%3D%27393%27%20height%3D%27481%27%20fill-opacity%3D%220%22%2F%3E%3C%2Fsvg%3E\" data-srcset=\"https:\/\/www.stiftungfuerzukunftsfragen.de\/wp-content\/uploads\/Bildschirm\u00adfoto-2023-04-18-um-10.30.37-200x245.png 200w, https:\/\/www.stiftungfuerzukunftsfragen.de\/wp-content\/uploads\/Bildschirm\u00adfoto-2023-04-18-um-10.30.37-245x300.png 245w, https:\/\/www.stiftungfuerzukunftsfragen.de\/wp-content\/uploads\/Bildschirm\u00adfoto-2023-04-18-um-10.30.37-400x490.png 400w, https:\/\/www.stiftungfuerzukunftsfragen.de\/wp-content\/uploads\/Bildschirm\u00adfoto-2023-04-18-um-10.30.37-600x735.png 600w, https:\/\/www.stiftungfuerzukunftsfragen.de\/wp-content\/uploads\/Bildschirm\u00adfoto-2023-04-18-um-10.30.37.png 726w\" data-sizes=\"auto\" data-orig-sizes=\"(max-width: 393px) 100vw, 393px\" \/><\/h3>\n<h3>BREITE MEHRHEIT FORDERT MEHR MUT<\/h3>\n<p><strong>Eine gro\u00dfe Mehrheit der Bundesb\u00fcrger ist sich einig: Die Herausforderungen der Zukunft lassen sich nur bew\u00e4ltigen, wenn die Gesellschaft bereit ist, alte Denkmuster zu hinterfragen und sich offen f\u00fcr mutige Ver\u00e4nderungen einzusetzen. Zu diesem Ergebnis kommt die neueste Publikation \u201eGerman Mut statt German Angst\u201c der gemeinn\u00fctzigen <em>Stiftung f\u00fcr Zukunftsfragen<\/em>, f\u00fcr die \u00fcber 3.000 Personen ab 18 Jahren repr\u00e4sentativ befragt wurden.<\/strong><\/p>\n<p>Hinsichtlich der gro\u00dfen Zustimmung zum gesellschaftlichen Mut zeigen sich zwischen den Geschlechtern \u2013 genauso wie beim Einkommen, Wohnort oder Bildungshintergrund \u2013 kaum Differenzen. Lediglich die j\u00fcngere Generation zeigt mit 80 Prozent \u00fcberdurchschnitlliche Zustimmung. Entsprechend des eigenen Verhaltens w\u00fcnschen und fordern sie dieses auch st\u00e4rker von der Gesellschaft ein. Zudem betreffen und beeinflussen die zuk\u00fcnftigen Herausforderungen, z.B. in der Bildung (mehr Digitalisierung), Arbeit (bessere Vereinbarkeit von Beruf und Familie) oder beim Klimawandel (mehr Nachhaltigkeit) die jungen Menschen im besonderen Ma\u00dfe, weshalb sie sich f\u00fcr neue Wege und Denkweisen aussprechen.<\/p>\n<p>&nbsp;<\/p>\n<div class=\"infogram-embed\" data-id=\"leg-breite-mehrheit-fordert-mehr-mut-1h1749v9vklrq6z\" data-type=\"interactive\"><\/div><script>!function(e,t,s,i){var n=\"InfogramEmbeds\",o=e.getElementsByTagName(\"script\"),d=o[0],r=\/^http:\/.test(e.location)?\"http:\":\"https:\";if(\/^\\\/{2}\/.test(i)&&(i=r+i),window[n]&&window[n].initialized)window[n].process&&window[n].process();else if(!e.getElementById(s)){var a=e.createElement(\"script\");a.async=1,a.id=s,a.src=i,d.parentNode.insertBefore(a,d)}}(document,0,\"infogram-async\",\"\/\/e.infogram.com\/js\/dist\/embed-loader-min.js\");<\/script>\n<p>&nbsp;<\/p>\n<p><strong><em>\u201eDurch zuk\u00fcnftige Herausforderungen werden die B\u00fcrger Ver\u00e4nderungen erleben und sich auf neue Verh\u00e4ltnisse einstellen m\u00fcssen. Um diese nicht nur passiv \u00fcber sich ergehen zu lassen, sondern sie aktiv mitzugestalten, wird der Mut als bedeutsame Eigenschaft gesehen. Gewohnte Sichtweisen neigen dazu, Bedenken in den Vordergrund zu stellen und Chancen zu negieren. Das stete Bedenken von m\u00f6glichen Risiken, das zaudernde Abwarten, das vorsichtige R\u00fcckversichern bietet vordergr\u00fcndig das Bild von Sicherheit und Vernunft, umfasst aber eben auch fehlende Zuversicht, fehlendes Selbstvertrauen und fehlende Visionsf\u00e4higkeit und dieses wollen immer weniger B\u00fcrger\u201c<\/em><\/strong>, so Professor Dr. Ulrich Reinhardt, der Autor des Buches.<\/p>\n<p>&nbsp;<\/p>\n<h3>WIE WIR MUTIGER WERDEN<\/h3>\n<p>Zweifellos gibt es keine einfache Antwort darauf, was notwendig ist, damit die deutsche Gesellschaft mutiger wird. Jedoch zeigen sich zahlreiche Ma\u00dfnahmen und M\u00f6glichkeiten, die helfen k\u00f6nnen, den Mut innerhalb einer Gesellschaft zu f\u00f6rdern und das vorhandene Potenzial zu st\u00e4rken.<\/p>\n<p><strong>1. Erziehung und Bildung:<\/strong> Beide geh\u00f6ren ohne Frage zu den wirksamsten Instrumenten zur F\u00f6rderung von Mut. Schon fr\u00fch k\u00f6nnen das Selbstbewusstsein und die soziale Intelligenz in Familien und Kinderg\u00e4rten gest\u00e4rkt werden. Sp\u00e4ter sollte in der Schule kritisches Denken gef\u00f6rdert werden, um so die Perspektiven der Sch\u00fcler zu erweitern und sie zu couragierten eigenverantwortlichen Projekten zu ermutigen. Universit\u00e4ten und Hochschulen k\u00f6nnten zudem Mut als eine der Schl\u00fcsselkompetenzen in ihre Curricula aufnehmen.<\/p>\n<p><strong>2. Ermutigung zu offenem Dialog und Diskussion:<\/strong> Die M\u00f6glichkeit und die F\u00f6rderung eines offenen Dialogs k\u00f6nnen dem Einzelnen helfen, seine \u00c4ngste und Sorgen mitzuteilen, diese zu \u00fcberwinden, anderen Perspektiven, Denk- und Verhaltensweisen zu begegnen und eigene Vorurteile zu hinterfragen.<\/p>\n<p><strong>3. F\u00f6rderung von Solidarit\u00e4t und gesellschaftlichem Engagement:<\/strong> Unterst\u00fctzung und Anerkennung von gemeinn\u00fctzigen Projekten, Ehrenamt und Freiwilligenarbeit, die Menschen dazu ermutigen, sich f\u00fcr die Gemeinschaft einzusetzen und andere zu unterst\u00fctzen. Ein Schwerpunkt k\u00f6nnte hierbei auf der Ansprache von jungen Menschen liegen, denen man vermehrt Freir\u00e4ume und Entscheidungsm\u00f6glichkeiten zur Verf\u00fcgung stellt, um ihre Zukunft aktiv gestalten zu k\u00f6nnen.<\/p>\n<p><strong>4. Mehr Medienkompetenz und \u201egood news\u201c:<\/strong> Nur mit ausreichender Medienkompetenz ist man in der Lage, die erhaltenen Informationen und deren Entstehung einzuordnen und kritisch zu hinterfragen. Hierdurch reduziert sich des Weiteren die Angst vor der scheinbaren Manipulation durch die Medien. Dar\u00fcber hinaus ist eine st\u00e4rkere Sichtbarmachung von positiven Nachrichten zu empfehlen, um eine allgemeine zuversichtliche Grundhaltung zu st\u00e4rken.<\/p>\n<p><strong>5. F\u00f6rderung der politischen Partizipation:<\/strong> Die Ermutigung zur aktiven Gestaltung der Gesellschaft, sei es durch Wahlen, auf Online-Plattformen, in B\u00fcrgerforen, oder durch Mitgliedschaften in politischen Organisationen oder NGOs, kann dazu beitragen, die Eigenverantwortung des Einzelnen zu st\u00e4rken und Gef\u00fchle der Hilflosigkeit und Ohnmacht abzubauen. B\u00fcrger m\u00fcssen die Gewissheit haben, dass ihre Meinungen und Bed\u00fcrfnisse Geh\u00f6r finden und sie an Entscheidungen beteiligt werden.<\/p>\n<p><strong>6. F\u00f6rderung von Unternehmertum und Innovation:<\/strong> Einrichtung von F\u00f6rderprogrammen und Ressourcen, die Unternehmer und Innovatoren unterst\u00fctzen, neue und mutige Ideen und Gesch\u00e4ftsmodelle zu entwickeln.<\/p>\n<p><strong>7. Schaffung von offenen Arbeitsbedingungen:<\/strong> Entwicklung von Programmen und Ma\u00dfnahmen,\u00a0die Unternehmen und Arbeitgeber ermutigen, attraktive und f\u00f6rdernde Entfaltungsm\u00f6glichkeiten f\u00fcr ihre Angestellten zu schaffen und diesen dadurch mehr Raum f\u00fcr mutige Ideen und selbstverantwortliches Arbeiten zu bieten.<\/p>\n<p><strong>8. F\u00fchrungsrolle:<\/strong> Eine entschlossene, zuversichtliche und inspirierende F\u00fchrung, sei sie politisch, wirtschaftlich, wissenschaftlich, gesellschaftlich oder medial, kann dazu beitragen, dass eine Gesellschaft mutiger handelt. Erforderlich hierf\u00fcr sind eine offene Kommunikation, authentisches Auftreten und klare Formulierungen von \u00dcberzeugungen, Visionen und Zielen, die sowohl motivieren als auch nachvollzogen werden k\u00f6nnen.<\/p>\n<p><strong>9. Fehlerkultur:<\/strong> F\u00f6rderung einer Kultur, die sich durch Offenheit, Lernorientierung,\u00a0Verantwortung und Optimismus auszeichnet und Fehler nicht als Versagen sieht, sondern als wichtige M\u00f6glichkeit f\u00fcr Wachstum.<\/p>\n<p><strong>10. Positive Vorbilder:<\/strong> Vermehrte Auszeichnung von mutigen Menschen, Projekten, Konzepten,\u00a0Ideen, um ihnen die geb\u00fchrende Anerkennung zu geben und dem Wunsch der B\u00fcrger nach positiven Vorbildern nachzukommen.<\/p>\n<p>&nbsp;<\/p>\n<p>Als abschlie\u00dfendes Fazit h\u00e4lt Reinhardt fest: <em><strong>\u201eDie Realisierung eines jeden dieser Vorschl\u00e4ge erfordert Anstrengung, Verantwortungsbewusstsein und die Bereitschaft, Widerst\u00e4nde zu \u00fcberwinden. Kurzum: Sie erfordert Mut\u201c.<\/strong><\/em><\/p>\n<p>&nbsp;<\/p>\n<p style=\"font-weight: 400;\">Befragungsinstitut GfK<br \/>\nFeldzeit: November 2022<br \/>\n2.000 befragte im Alter von 18-74 Jahren<br \/>\nOnline<\/p>\n<p style=\"font-weight: 400;\">Qualitative Einzelinterviews und Fokusgruppen<\/p>\n","protected":false},"excerpt":{"rendered":"<p>A large majority of German citizens agree that the challenges of the future can only be overcome if society is prepared to question old ways of thinking and openly embrace courageous change. This is the conclusion of the latest publication \"German Courage instead of German Fear\" by the non-profit Foundation for Future Studies, for which a representative survey of over 3,000 people aged 18 and over was conducted.<\/p>","protected":false},"author":37,"featured_media":4537,"comment_status":"closed","ping_status":"open","sticky":false,"template":"","format":"standard","meta":{"_acf_changed":false,"footnotes":""},"categories":[1],"tags":[67],"class_list":["post-4536","post","type-post","status-publish","format-standard","has-post-thumbnail","hentry","category-forschung-aktuell","tag-zukunftserwartungen"],"acf":{"ausgabe_nummer":"Forschung aktuell, 300","pdf-download_dateiname":"www.stiftungfuerzukunftsfragen.de_german-mut-statt-german-angst-breite-mehrheit-fordert-mehr-mut.pdf"},"yoast_head":"<!-- This site is optimized with the Yoast SEO plugin v27.1.1 - https:\/\/yoast.com\/product\/yoast-seo-wordpress\/ -->\n<title>GERMAN MUT STATT GERMAN ANGST: Breite Mehrheit fordert mehr Mut - Stiftung f\u00fcr Zukunftsfragen<\/title>\n<meta name=\"robots\" content=\"index, follow, max-snippet:-1, max-image-preview:large, max-video-preview:-1\" \/>\n<link rel=\"canonical\" href=\"https:\/\/www.stiftungfuerzukunftsfragen.de\/en\/german-courage-instead-of-german-fear-broad-majority-demands-more-courage\/\" \/>\n<meta property=\"og:locale\" content=\"en_GB\" \/>\n<meta property=\"og:type\" content=\"article\" \/>\n<meta property=\"og:title\" content=\"GERMAN MUT STATT GERMAN ANGST: Breite Mehrheit fordert mehr Mut - Stiftung f\u00fcr Zukunftsfragen\" \/>\n<meta property=\"og:description\" content=\"Eine gro\u00dfe Mehrheit der Bundesb\u00fcrger ist sich einig: Die Herausforderungen der Zukunft lassen sich nur bew\u00e4ltigen, wenn die Gesellschaft bereit ist, alte Denkmuster zu hinterfragen und sich offen f\u00fcr mutige Ver\u00e4nderungen einzusetzen. Zu diesem Ergebnis kommt die neueste Publikation \u201eGerman Mut statt German Angst\u201c der gemeinn\u00fctzigen Stiftung f\u00fcr Zukunftsfragen, f\u00fcr die \u00fcber 3.000 Personen ab 18 Jahren repr\u00e4sentativ befragt wurden.\" \/>\n<meta property=\"og:url\" content=\"https:\/\/www.stiftungfuerzukunftsfragen.de\/en\/german-courage-instead-of-german-fear-broad-majority-demands-more-courage\/\" \/>\n<meta property=\"og:site_name\" content=\"Stiftung f\u00fcr Zukunftsfragen\" \/>\n<meta property=\"article:publisher\" content=\"https:\/\/www.facebook.com\/pages\/Stiftung-fr-Zukunftsfragen\/207485789294838\" \/>\n<meta property=\"article:published_time\" content=\"2023-05-08T13:28:30+00:00\" \/>\n<meta property=\"article:modified_time\" content=\"2025-10-30T14:15:31+00:00\" \/>\n<meta property=\"og:image\" content=\"https:\/\/www.stiftungfuerzukunftsfragen.de\/wp-content\/uploads\/Bildschirm\u00adfoto-2023-04-18-um-10.30.37.png\" \/>\n\t<meta property=\"og:image:width\" content=\"726\" \/>\n\t<meta property=\"og:image:height\" content=\"889\" \/>\n\t<meta property=\"og:image:type\" content=\"image\/png\" \/>\n<meta name=\"author\" content=\"Carina M\u00f6nkemeyer\" \/>\n<meta name=\"twitter:card\" content=\"summary_large_image\" \/>\n<meta name=\"twitter:label1\" content=\"Written by\" \/>\n\t<meta name=\"twitter:data1\" content=\"Carina M\u00f6nkemeyer\" \/>\n\t<meta name=\"twitter:label2\" content=\"Estimated reading time\" \/>\n\t<meta name=\"twitter:data2\" content=\"7 minutes\" \/>\n<script type=\"application\/ld+json\" class=\"yoast-schema-graph\">{\"@context\":\"https:\/\/schema.org\",\"@graph\":[{\"@type\":\"Article\",\"@id\":\"https:\/\/www.stiftungfuerzukunftsfragen.de\/german-mut-statt-german-angst-breite-mehrheit-fordert-mehr-mut\/#article\",\"isPartOf\":{\"@id\":\"https:\/\/www.stiftungfuerzukunftsfragen.de\/german-mut-statt-german-angst-breite-mehrheit-fordert-mehr-mut\/\"},\"author\":{\"name\":\"Carina M\u00f6nkemeyer\",\"@id\":\"https:\/\/www.stiftungfuerzukunftsfragen.de\/#\/schema\/person\/fbe6a089bb71e464b6e9e91caaa06daa\"},\"headline\":\"GERMAN MUT STATT GERMAN ANGST: Breite Mehrheit fordert mehr Mut\",\"datePublished\":\"2023-05-08T13:28:30+00:00\",\"dateModified\":\"2025-10-30T14:15:31+00:00\",\"mainEntityOfPage\":{\"@id\":\"https:\/\/www.stiftungfuerzukunftsfragen.de\/german-mut-statt-german-angst-breite-mehrheit-fordert-mehr-mut\/\"},\"wordCount\":879,\"publisher\":{\"@id\":\"https:\/\/www.stiftungfuerzukunftsfragen.de\/#organization\"},\"image\":{\"@id\":\"https:\/\/www.stiftungfuerzukunftsfragen.de\/german-mut-statt-german-angst-breite-mehrheit-fordert-mehr-mut\/#primaryimage\"},\"thumbnailUrl\":\"https:\/\/www.stiftungfuerzukunftsfragen.de\/wp-content\/uploads\/Bildschirm\u00adfoto-2023-04-18-um-10.30.37.png\",\"keywords\":[\"Zukunftserwartungen\"],\"articleSection\":[\"Forschung aktuell\"],\"inLanguage\":\"en-GB\"},{\"@type\":\"WebPage\",\"@id\":\"https:\/\/www.stiftungfuerzukunftsfragen.de\/german-mut-statt-german-angst-breite-mehrheit-fordert-mehr-mut\/\",\"url\":\"https:\/\/www.stiftungfuerzukunftsfragen.de\/german-mut-statt-german-angst-breite-mehrheit-fordert-mehr-mut\/\",\"name\":\"GERMAN MUT STATT GERMAN ANGST: Breite Mehrheit fordert mehr Mut - Stiftung f\u00fcr Zukunftsfragen\",\"isPartOf\":{\"@id\":\"https:\/\/www.stiftungfuerzukunftsfragen.de\/#website\"},\"primaryImageOfPage\":{\"@id\":\"https:\/\/www.stiftungfuerzukunftsfragen.de\/german-mut-statt-german-angst-breite-mehrheit-fordert-mehr-mut\/#primaryimage\"},\"image\":{\"@id\":\"https:\/\/www.stiftungfuerzukunftsfragen.de\/german-mut-statt-german-angst-breite-mehrheit-fordert-mehr-mut\/#primaryimage\"},\"thumbnailUrl\":\"https:\/\/www.stiftungfuerzukunftsfragen.de\/wp-content\/uploads\/Bildschirm\u00adfoto-2023-04-18-um-10.30.37.png\",\"datePublished\":\"2023-05-08T13:28:30+00:00\",\"dateModified\":\"2025-10-30T14:15:31+00:00\",\"breadcrumb\":{\"@id\":\"https:\/\/www.stiftungfuerzukunftsfragen.de\/german-mut-statt-german-angst-breite-mehrheit-fordert-mehr-mut\/#breadcrumb\"},\"inLanguage\":\"en-GB\",\"potentialAction\":[{\"@type\":\"ReadAction\",\"target\":[\"https:\/\/www.stiftungfuerzukunftsfragen.de\/german-mut-statt-german-angst-breite-mehrheit-fordert-mehr-mut\/\"]}]},{\"@type\":\"ImageObject\",\"inLanguage\":\"en-GB\",\"@id\":\"https:\/\/www.stiftungfuerzukunftsfragen.de\/german-mut-statt-german-angst-breite-mehrheit-fordert-mehr-mut\/#primaryimage\",\"url\":\"https:\/\/www.stiftungfuerzukunftsfragen.de\/wp-content\/uploads\/Bildschirm\u00adfoto-2023-04-18-um-10.30.37.png\",\"contentUrl\":\"https:\/\/www.stiftungfuerzukunftsfragen.de\/wp-content\/uploads\/Bildschirm\u00adfoto-2023-04-18-um-10.30.37.png\",\"width\":726,\"height\":889},{\"@type\":\"BreadcrumbList\",\"@id\":\"https:\/\/www.stiftungfuerzukunftsfragen.de\/german-mut-statt-german-angst-breite-mehrheit-fordert-mehr-mut\/#breadcrumb\",\"itemListElement\":[{\"@type\":\"ListItem\",\"position\":1,\"name\":\"Startseite\",\"item\":\"https:\/\/www.stiftungfuerzukunftsfragen.de\/\"},{\"@type\":\"ListItem\",\"position\":2,\"name\":\"GERMAN MUT STATT GERMAN ANGST: Breite Mehrheit fordert mehr Mut\"}]},{\"@type\":\"WebSite\",\"@id\":\"https:\/\/www.stiftungfuerzukunftsfragen.de\/#website\",\"url\":\"https:\/\/www.stiftungfuerzukunftsfragen.de\/\",\"name\":\"Stiftung f\u00fcr Zukunftsfragen\",\"description\":\"Eine Initiative von BAT\",\"publisher\":{\"@id\":\"https:\/\/www.stiftungfuerzukunftsfragen.de\/#organization\"},\"potentialAction\":[{\"@type\":\"SearchAction\",\"target\":{\"@type\":\"EntryPoint\",\"urlTemplate\":\"https:\/\/www.stiftungfuerzukunftsfragen.de\/?s={search_term_string}\"},\"query-input\":{\"@type\":\"PropertyValueSpecification\",\"valueRequired\":true,\"valueName\":\"search_term_string\"}}],\"inLanguage\":\"en-GB\"},{\"@type\":\"Organization\",\"@id\":\"https:\/\/www.stiftungfuerzukunftsfragen.de\/#organization\",\"name\":\"Stiftung f\u00fcr Zukunftsfragen\",\"url\":\"https:\/\/www.stiftungfuerzukunftsfragen.de\/\",\"logo\":{\"@type\":\"ImageObject\",\"inLanguage\":\"en-GB\",\"@id\":\"https:\/\/www.stiftungfuerzukunftsfragen.de\/#\/schema\/logo\/image\/\",\"url\":\"https:\/\/www.stiftungfuerzukunftsfragen.de\/wp-content\/uploads\/Stiftung-fuer-Zukunftsfragen-Logo-e1662668075158.png\",\"contentUrl\":\"https:\/\/www.stiftungfuerzukunftsfragen.de\/wp-content\/uploads\/Stiftung-fuer-Zukunftsfragen-Logo-e1662668075158.png\",\"width\":609,\"height\":144,\"caption\":\"Stiftung f\u00fcr Zukunftsfragen\"},\"image\":{\"@id\":\"https:\/\/www.stiftungfuerzukunftsfragen.de\/#\/schema\/logo\/image\/\"},\"sameAs\":[\"https:\/\/www.facebook.com\/pages\/Stiftung-fr-Zukunftsfragen\/207485789294838\"]},{\"@type\":\"Person\",\"@id\":\"https:\/\/www.stiftungfuerzukunftsfragen.de\/#\/schema\/person\/fbe6a089bb71e464b6e9e91caaa06daa\",\"name\":\"Carina M\u00f6nkemeyer\"}]}<\/script>\n<!-- \/ Yoast SEO plugin. -->","yoast_head_json":{"title":"GERMAN MUT STATT GERMAN ANGST: Broad majority calls for more courage - Stiftung f\u00fcr Zukunftsfragen","robots":{"index":"index","follow":"follow","max-snippet":"max-snippet:-1","max-image-preview":"max-image-preview:large","max-video-preview":"max-video-preview:-1"},"canonical":"https:\/\/www.stiftungfuerzukunftsfragen.de\/en\/german-courage-instead-of-german-fear-broad-majority-demands-more-courage\/","og_locale":"en_GB","og_type":"article","og_title":"GERMAN MUT STATT GERMAN ANGST: Breite Mehrheit fordert mehr Mut - Stiftung f\u00fcr Zukunftsfragen","og_description":"Eine gro\u00dfe Mehrheit der Bundesb\u00fcrger ist sich einig: Die Herausforderungen der Zukunft lassen sich nur bew\u00e4ltigen, wenn die Gesellschaft bereit ist, alte Denkmuster zu hinterfragen und sich offen f\u00fcr mutige Ver\u00e4nderungen einzusetzen. Zu diesem Ergebnis kommt die neueste Publikation \u201eGerman Mut statt German Angst\u201c der gemeinn\u00fctzigen Stiftung f\u00fcr Zukunftsfragen, f\u00fcr die \u00fcber 3.000 Personen ab 18 Jahren repr\u00e4sentativ befragt wurden.","og_url":"https:\/\/www.stiftungfuerzukunftsfragen.de\/en\/german-courage-instead-of-german-fear-broad-majority-demands-more-courage\/","og_site_name":"Stiftung f\u00fcr Zukunftsfragen","article_publisher":"https:\/\/www.facebook.com\/pages\/Stiftung-fr-Zukunftsfragen\/207485789294838","article_published_time":"2023-05-08T13:28:30+00:00","article_modified_time":"2025-10-30T14:15:31+00:00","og_image":[{"width":726,"height":889,"url":"https:\/\/www.stiftungfuerzukunftsfragen.de\/wp-content\/uploads\/Bildschirm\u00adfoto-2023-04-18-um-10.30.37.png","type":"image\/png"}],"author":"Carina M\u00f6nkemeyer","twitter_card":"summary_large_image","twitter_misc":{"Written by":"Carina M\u00f6nkemeyer","Estimated reading time":"7 minutes"},"schema":{"@context":"https:\/\/schema.org","@graph":[{"@type":"Article","@id":"https:\/\/www.stiftungfuerzukunftsfragen.de\/german-mut-statt-german-angst-breite-mehrheit-fordert-mehr-mut\/#article","isPartOf":{"@id":"https:\/\/www.stiftungfuerzukunftsfragen.de\/german-mut-statt-german-angst-breite-mehrheit-fordert-mehr-mut\/"},"author":{"name":"Carina M\u00f6nkemeyer","@id":"https:\/\/www.stiftungfuerzukunftsfragen.de\/#\/schema\/person\/fbe6a089bb71e464b6e9e91caaa06daa"},"headline":"GERMAN MUT STATT GERMAN ANGST: Breite Mehrheit fordert mehr Mut","datePublished":"2023-05-08T13:28:30+00:00","dateModified":"2025-10-30T14:15:31+00:00","mainEntityOfPage":{"@id":"https:\/\/www.stiftungfuerzukunftsfragen.de\/german-mut-statt-german-angst-breite-mehrheit-fordert-mehr-mut\/"},"wordCount":879,"publisher":{"@id":"https:\/\/www.stiftungfuerzukunftsfragen.de\/#organization"},"image":{"@id":"https:\/\/www.stiftungfuerzukunftsfragen.de\/german-mut-statt-german-angst-breite-mehrheit-fordert-mehr-mut\/#primaryimage"},"thumbnailUrl":"https:\/\/www.stiftungfuerzukunftsfragen.de\/wp-content\/uploads\/Bildschirm\u00adfoto-2023-04-18-um-10.30.37.png","keywords":["Zukunftserwartungen"],"articleSection":["Forschung aktuell"],"inLanguage":"en-GB"},{"@type":"WebPage","@id":"https:\/\/www.stiftungfuerzukunftsfragen.de\/german-mut-statt-german-angst-breite-mehrheit-fordert-mehr-mut\/","url":"https:\/\/www.stiftungfuerzukunftsfragen.de\/german-mut-statt-german-angst-breite-mehrheit-fordert-mehr-mut\/","name":"GERMAN MUT STATT GERMAN ANGST: Broad majority calls for more courage - Stiftung f\u00fcr Zukunftsfragen","isPartOf":{"@id":"https:\/\/www.stiftungfuerzukunftsfragen.de\/#website"},"primaryImageOfPage":{"@id":"https:\/\/www.stiftungfuerzukunftsfragen.de\/german-mut-statt-german-angst-breite-mehrheit-fordert-mehr-mut\/#primaryimage"},"image":{"@id":"https:\/\/www.stiftungfuerzukunftsfragen.de\/german-mut-statt-german-angst-breite-mehrheit-fordert-mehr-mut\/#primaryimage"},"thumbnailUrl":"https:\/\/www.stiftungfuerzukunftsfragen.de\/wp-content\/uploads\/Bildschirm\u00adfoto-2023-04-18-um-10.30.37.png","datePublished":"2023-05-08T13:28:30+00:00","dateModified":"2025-10-30T14:15:31+00:00","breadcrumb":{"@id":"https:\/\/www.stiftungfuerzukunftsfragen.de\/german-mut-statt-german-angst-breite-mehrheit-fordert-mehr-mut\/#breadcrumb"},"inLanguage":"en-GB","potentialAction":[{"@type":"ReadAction","target":["https:\/\/www.stiftungfuerzukunftsfragen.de\/german-mut-statt-german-angst-breite-mehrheit-fordert-mehr-mut\/"]}]},{"@type":"ImageObject","inLanguage":"en-GB","@id":"https:\/\/www.stiftungfuerzukunftsfragen.de\/german-mut-statt-german-angst-breite-mehrheit-fordert-mehr-mut\/#primaryimage","url":"https:\/\/www.stiftungfuerzukunftsfragen.de\/wp-content\/uploads\/Bildschirm\u00adfoto-2023-04-18-um-10.30.37.png","contentUrl":"https:\/\/www.stiftungfuerzukunftsfragen.de\/wp-content\/uploads\/Bildschirm\u00adfoto-2023-04-18-um-10.30.37.png","width":726,"height":889},{"@type":"BreadcrumbList","@id":"https:\/\/www.stiftungfuerzukunftsfragen.de\/german-mut-statt-german-angst-breite-mehrheit-fordert-mehr-mut\/#breadcrumb","itemListElement":[{"@type":"ListItem","position":1,"name":"Startseite","item":"https:\/\/www.stiftungfuerzukunftsfragen.de\/"},{"@type":"ListItem","position":2,"name":"GERMAN MUT STATT GERMAN ANGST: Breite Mehrheit fordert mehr Mut"}]},{"@type":"WebSite","@id":"https:\/\/www.stiftungfuerzukunftsfragen.de\/#website","url":"https:\/\/www.stiftungfuerzukunftsfragen.de\/","name":"Foundation for Future Issues","description":"An initiative by BAT","publisher":{"@id":"https:\/\/www.stiftungfuerzukunftsfragen.de\/#organization"},"potentialAction":[{"@type":"SearchAction","target":{"@type":"EntryPoint","urlTemplate":"https:\/\/www.stiftungfuerzukunftsfragen.de\/?s={search_term_string}"},"query-input":{"@type":"PropertyValueSpecification","valueRequired":true,"valueName":"search_term_string"}}],"inLanguage":"en-GB"},{"@type":"Organization","@id":"https:\/\/www.stiftungfuerzukunftsfragen.de\/#organization","name":"Foundation for Future Issues","url":"https:\/\/www.stiftungfuerzukunftsfragen.de\/","logo":{"@type":"ImageObject","inLanguage":"en-GB","@id":"https:\/\/www.stiftungfuerzukunftsfragen.de\/#\/schema\/logo\/image\/","url":"https:\/\/www.stiftungfuerzukunftsfragen.de\/wp-content\/uploads\/Stiftung-fuer-Zukunftsfragen-Logo-e1662668075158.png","contentUrl":"https:\/\/www.stiftungfuerzukunftsfragen.de\/wp-content\/uploads\/Stiftung-fuer-Zukunftsfragen-Logo-e1662668075158.png","width":609,"height":144,"caption":"Stiftung f\u00fcr Zukunftsfragen"},"image":{"@id":"https:\/\/www.stiftungfuerzukunftsfragen.de\/#\/schema\/logo\/image\/"},"sameAs":["https:\/\/www.facebook.com\/pages\/Stiftung-fr-Zukunftsfragen\/207485789294838"]},{"@type":"Person","@id":"https:\/\/www.stiftungfuerzukunftsfragen.de\/#\/schema\/person\/fbe6a089bb71e464b6e9e91caaa06daa","name":"Carina M\u00f6nkemeyer"}]}},"_links":{"self":[{"href":"https:\/\/www.stiftungfuerzukunftsfragen.de\/en\/wp-json\/wp\/v2\/posts\/4536","targetHints":{"allow":["GET"]}}],"collection":[{"href":"https:\/\/www.stiftungfuerzukunftsfragen.de\/en\/wp-json\/wp\/v2\/posts"}],"about":[{"href":"https:\/\/www.stiftungfuerzukunftsfragen.de\/en\/wp-json\/wp\/v2\/types\/post"}],"author":[{"embeddable":true,"href":"https:\/\/www.stiftungfuerzukunftsfragen.de\/en\/wp-json\/wp\/v2\/users\/37"}],"replies":[{"embeddable":true,"href":"https:\/\/www.stiftungfuerzukunftsfragen.de\/en\/wp-json\/wp\/v2\/comments?post=4536"}],"version-history":[{"count":10,"href":"https:\/\/www.stiftungfuerzukunftsfragen.de\/en\/wp-json\/wp\/v2\/posts\/4536\/revisions"}],"predecessor-version":[{"id":4547,"href":"https:\/\/www.stiftungfuerzukunftsfragen.de\/en\/wp-json\/wp\/v2\/posts\/4536\/revisions\/4547"}],"wp:featuredmedia":[{"embeddable":true,"href":"https:\/\/www.stiftungfuerzukunftsfragen.de\/en\/wp-json\/wp\/v2\/media\/4537"}],"wp:attachment":[{"href":"https:\/\/www.stiftungfuerzukunftsfragen.de\/en\/wp-json\/wp\/v2\/media?parent=4536"}],"wp:term":[{"taxonomy":"category","embeddable":true,"href":"https:\/\/www.stiftungfuerzukunftsfragen.de\/en\/wp-json\/wp\/v2\/categories?post=4536"},{"taxonomy":"post_tag","embeddable":true,"href":"https:\/\/www.stiftungfuerzukunftsfragen.de\/en\/wp-json\/wp\/v2\/tags?post=4536"}],"curies":[{"name":"wp","href":"https:\/\/api.w.org\/{rel}","templated":true}]}}