{"id":4583,"date":"2023-05-25T07:30:14","date_gmt":"2023-05-25T05:30:14","guid":{"rendered":"https:\/\/www.stiftungfuerzukunftsfragen.de\/?p=4583"},"modified":"2025-10-31T08:07:38","modified_gmt":"2025-10-31T07:07:38","slug":"chart-of-the-week-special-what-it-means-to-be-courageous-german-courage-instead-of-german-fear","status":"publish","type":"post","link":"https:\/\/www.stiftungfuerzukunftsfragen.de\/en\/chart-der-woche-spezial-was-es-bedeutet-mutig-zu-sein-german-mut-statt-german-angst\/","title":{"rendered":"Chart of the Week Special | What it means to be MUTIG: German courage instead of German fear"},"content":{"rendered":"<div class=\"infogram-embed\" data-id=\"leg-was-es-bedeutet-mutig-zu-sein-1h9j6qglg70kv4g\" data-type=\"interactive\"><\/div><script>!function(e,t,s,i){var n=\"InfogramEmbeds\",o=e.getElementsByTagName(\"script\"),d=o[0],r=\/^http:\/.test(e.location)?\"http:\":\"https:\";if(\/^\\\/{2}\/.test(i)&&(i=r+i),window[n]&&window[n].initialized)window[n].process&&window[n].process();else if(!e.getElementById(s)){var a=e.createElement(\"script\");a.async=1,a.id=s,a.src=i,d.parentNode.insertBefore(a,d)}}(document,0,\"infogram-async\",\"\/\/e.infogram.com\/js\/dist\/embed-loader-min.js\");<\/script>\n<p>&nbsp;<\/p>\n<h4>WAS ES BEDEUTET, MUTIG ZU SEIN<\/h4>\n<p>&nbsp;<\/p>\n<p>Eine gro\u00dfe Mehrheit der B\u00fcrger verbindet Mut vor allem mit <strong>vier Eigenschaften<\/strong>:<\/p>\n<ol>\n<li><strong>Selbstbewusstsein<\/strong><\/li>\n<li><strong>Verantwortungsbewusstsein<\/strong><\/li>\n<li><strong>Bereitschaft Widerst\u00e4nde zu \u00fcberwinden<\/strong><\/li>\n<li><strong>Einstehen f\u00fcr Werte<\/strong><\/li>\n<\/ol>\n<p>&nbsp;<\/p>\n<p>Das erste Merkmal <strong><em>Selbstbewusstsein<\/em><\/strong> bildet als Wesenszug die Grundlage der weiteren Assoziationen. Hierunter wird ein Selbstwertgef\u00fchl verstanden, bei dem man die Wichtigkeit und den Wert seiner eigenen Pers\u00f6nlichkeit erkennt und sch\u00e4tzt. Dabei werden sowohl St\u00e4rken als auch Schw\u00e4chen als Teil der eigenen Pers\u00f6nlichkeit wahrgenommen und in einer inneren Haltung der Gelassenheit und Zufriedenheit in selbstbewusste Handlungen \u00fcbersetzt. Im Zusammenhang mit Mut zeugt es von einer starken Eigenschaft <em>\u201eman selbst zu sein\u201c<\/em>, auch wenn das soziale Umfeld etwas anderes erwartet bzw. w\u00fcnscht.<\/p>\n<p>Wenn der Einzelne sich seiner selbst und seiner eigenen St\u00e4rken bewusst ist, kann er auch die F\u00e4higkeit entwickeln, f\u00fcr sich und andere <strong><em>Verantwortung zu \u00fcbernehmen<\/em><\/strong>. Verantwortung bedeutet, Freir\u00e4ume zur Gestaltung zu nutzen, mutige Entscheidungen zu treffen und mit Zuversicht und Entschlossenheit praktisch umzusetzen. Hier schlie\u00dft sich die <strong><em>Bereitschaft an, Widerst\u00e4nde zu \u00fcberwinden<\/em><\/strong> und Hindernisse und Konflikte in Kauf zu nehmen. Die Widerst\u00e4nde k\u00f6nnen dabei sowohl struktureller (Regularien, Hierarchien etc.) als auch pers\u00f6nlicher Natur sein (fehlende Unterst\u00fctzung, Misstrauen, Neid etc.). Der vierte Aspekt rundet das mutige Agieren von Wesenszug, F\u00e4higkeit und Bereitschaft mit der sozio-moralischen Komponente der Werte\u00fcberzeugung ab, der Standhaftigkeit und dem <strong><em>Einstehen f\u00fcr seine \u00dcberzeugungen und Handlungen<\/em><\/strong>.<\/p>\n<p>&nbsp;<\/p>\n<h4>VON OPTIMISMUS \u00dcBER KREATIVIT\u00c4T BIS HIN ZUR BEREITSCHAFT ZU SCHEITERN<\/h4>\n<p>&nbsp;<\/p>\n<p>Weitere zentrale Eigenschaften sind aus Sicht der B\u00fcrger Optimismus, Kreativit\u00e4t, Risikobereitschaft sowie das Streben nach Ver\u00e4nderungen. Auch wenn alle eher als notwendige Grundhaltung denn als F\u00e4higkeit angesehen werden, k\u00f6nnen sie von jedem Einzelnen erlernt bzw. verst\u00e4rkt werden. Hier ist entscheidend, ob das private und gesellschaftliche Umfeld gen\u00fcgend Freir\u00e4ume bietet, um Mut erlernen und unerschrocken agieren zu k\u00f6nnen. Konkret werden diese Merkmale ben\u00f6tigt, um die Motivation (Optimismus) und die Entschlossenheit (Risikobereitschaft) zu st\u00e4rken sowie den Gestaltungswillen und die Variation der Perspektive (Kreativit\u00e4t) zu f\u00f6rdern. Damit einher geht der Wunsch und die Bereitschaft Ver\u00e4nderungen als positive Entwicklung zu sehen und alte Denk- und Verhaltensmuster in Frage zu stellen. In diesem Zusammenhang wird von fast drei Viertel der Bev\u00f6lkerung auch die Bereitschaft zum Scheitern genannt, die einem mutigen Verhalten innewohnt und noch \u00fcber die Risikobereitschaft hinausreicht \u2013 beispielsweise in Form von finanziellen Verlusten, fehlgeschlagenen Konzepten oder gescheiterten Pl\u00e4nen. Das Scheitern wird dabei nicht grunds\u00e4tzlich negativ gesehen, da gerade R\u00fcckschl\u00e4ge und Fehler neue Perspektiven er\u00f6ffnen k\u00f6nnen. Allerdings ist in diesem Fall ein besonders starker Mut von N\u00f6ten, da gerade in Deutschland Fehler oftmals sehr kritisch und negativ bewertet werden.<\/p>\n<p>&nbsp;<\/p>\n<p>Weitere Forschungsergebnisse aus unserer Publikation finden Sie in unserem \u00a0<a href=\"https:\/\/www.stiftungfuerzukunftsfragen.de\/german-mut-statt-german-angst-breite-mehrheit-fordert-mehr-mut\/\">Forschung aktuell &#8211; 300.<\/a><\/p>\n<p>Und in unseren Chart der Woche Spezial KW19 und KW20: <a href=\"https:\/\/www.stiftungfuerzukunftsfragen.de\/chart-der-woche-spezial-vorbild-mangel-german-mut-statt-german-angst\/?_gl=1*1w9hc5t*_ga*MTQ2MTM2MjA4Ny4xNjgzNzg3MDMx*_up*MQ..\">Vorbilder-Mangel<\/a> und <a href=\"https:\/\/www.stiftungfuerzukunftsfragen.de\/chart-der-woche-spezial-generationen-gap-bei-der-wahl-von-vorbildern-german-mut-statt-german-angst\/\">Generationen-Gap<\/a> bei der Wahl von Vorbildern.<\/p>\n<p>&nbsp;<\/p>\n","protected":false},"excerpt":{"rendered":"<p>A large majority of citizens associate courage with four characteristics in particular: self-confidence, a sense of responsibility, the willingness to overcome resistance and standing up for values. Other key characteristics from the citizens' perspective are optimism, creativity, a willingness to take risks and striving for change.<\/p>","protected":false},"author":37,"featured_media":4585,"comment_status":"closed","ping_status":"open","sticky":false,"template":"","format":"standard","meta":{"_acf_changed":false,"footnotes":""},"categories":[53],"tags":[67],"class_list":["post-4583","post","type-post","status-publish","format-standard","has-post-thumbnail","hentry","category-chart-der-woche","tag-zukunftserwartungen"],"acf":{"ausgabe_nummer":"Chart der Woche, 2023-KW21","pdf-download_dateiname":"www.stiftungfuerzukunftsfragen.de_chart-der-woche-spezial-was-es-bedeutet-mutig-zu-sein-german-mut-statt-german-angst.pdf"},"yoast_head":"<!-- This site is optimized with the Yoast SEO plugin v27.1.1 - https:\/\/yoast.com\/product\/yoast-seo-wordpress\/ -->\n<title>Chart der Woche Spezial | Was es bedeutet, MUTIG zu sein: German Mut statt German Angst - Stiftung f\u00fcr Zukunftsfragen<\/title>\n<meta name=\"robots\" content=\"index, follow, max-snippet:-1, max-image-preview:large, max-video-preview:-1\" \/>\n<link rel=\"canonical\" href=\"https:\/\/www.stiftungfuerzukunftsfragen.de\/en\/chart-of-the-week-special-what-it-means-to-be-courageous-german-courage-instead-of-german-fear\/\" \/>\n<meta property=\"og:locale\" content=\"en_GB\" \/>\n<meta property=\"og:type\" content=\"article\" \/>\n<meta property=\"og:title\" content=\"Chart der Woche Spezial | Was es bedeutet, MUTIG zu sein: German Mut statt German Angst - Stiftung f\u00fcr Zukunftsfragen\" \/>\n<meta property=\"og:description\" content=\"Eine gro\u00dfe Mehrheit der B\u00fcrger verbindet Mut vor allem mit vier Eigenschaften: Selbstbewusstsein, Verantwortungsbewusstsein, der Bereitschaft Widerst\u00e4nde zu \u00fcberwinden Mund dem Einstehen f\u00fcr Werte. Weitere zentrale Eigenschaften sind aus Sicht der B\u00fcrger Optimismus, Kreativit\u00e4t, Risikobereitschaft sowie das Streben nach Ver\u00e4nderungen.\" \/>\n<meta property=\"og:url\" content=\"https:\/\/www.stiftungfuerzukunftsfragen.de\/en\/chart-of-the-week-special-what-it-means-to-be-courageous-german-courage-instead-of-german-fear\/\" \/>\n<meta property=\"og:site_name\" content=\"Stiftung f\u00fcr Zukunftsfragen\" \/>\n<meta property=\"article:publisher\" content=\"https:\/\/www.facebook.com\/pages\/Stiftung-fr-Zukunftsfragen\/207485789294838\" \/>\n<meta property=\"article:published_time\" content=\"2023-05-25T05:30:14+00:00\" \/>\n<meta property=\"article:modified_time\" content=\"2025-10-31T07:07:38+00:00\" \/>\n<meta property=\"og:image\" content=\"https:\/\/www.stiftungfuerzukunftsfragen.de\/wp-content\/uploads\/Bildschirm\u00adfoto-2023-05-15-um-11.24.41.png\" \/>\n\t<meta property=\"og:image:width\" content=\"1703\" \/>\n\t<meta property=\"og:image:height\" content=\"935\" \/>\n\t<meta property=\"og:image:type\" content=\"image\/png\" \/>\n<meta name=\"author\" content=\"Carina M\u00f6nkemeyer\" \/>\n<meta name=\"twitter:card\" content=\"summary_large_image\" \/>\n<meta name=\"twitter:label1\" content=\"Written by\" \/>\n\t<meta name=\"twitter:data1\" content=\"Carina M\u00f6nkemeyer\" \/>\n\t<meta name=\"twitter:label2\" content=\"Estimated reading time\" \/>\n\t<meta name=\"twitter:data2\" content=\"1 minute\" \/>\n<script type=\"application\/ld+json\" class=\"yoast-schema-graph\">{\"@context\":\"https:\/\/schema.org\",\"@graph\":[{\"@type\":\"Article\",\"@id\":\"https:\/\/www.stiftungfuerzukunftsfragen.de\/chart-der-woche-spezial-was-es-bedeutet-mutig-zu-sein-german-mut-statt-german-angst\/#article\",\"isPartOf\":{\"@id\":\"https:\/\/www.stiftungfuerzukunftsfragen.de\/chart-der-woche-spezial-was-es-bedeutet-mutig-zu-sein-german-mut-statt-german-angst\/\"},\"author\":{\"name\":\"Carina M\u00f6nkemeyer\",\"@id\":\"https:\/\/www.stiftungfuerzukunftsfragen.de\/#\/schema\/person\/fbe6a089bb71e464b6e9e91caaa06daa\"},\"headline\":\"Chart der Woche Spezial | Was es bedeutet, MUTIG zu sein: German Mut statt German Angst\",\"datePublished\":\"2023-05-25T05:30:14+00:00\",\"dateModified\":\"2025-10-31T07:07:38+00:00\",\"mainEntityOfPage\":{\"@id\":\"https:\/\/www.stiftungfuerzukunftsfragen.de\/chart-der-woche-spezial-was-es-bedeutet-mutig-zu-sein-german-mut-statt-german-angst\/\"},\"wordCount\":520,\"publisher\":{\"@id\":\"https:\/\/www.stiftungfuerzukunftsfragen.de\/#organization\"},\"image\":{\"@id\":\"https:\/\/www.stiftungfuerzukunftsfragen.de\/chart-der-woche-spezial-was-es-bedeutet-mutig-zu-sein-german-mut-statt-german-angst\/#primaryimage\"},\"thumbnailUrl\":\"https:\/\/www.stiftungfuerzukunftsfragen.de\/wp-content\/uploads\/Bildschirm\u00adfoto-2023-05-15-um-11.24.41.png\",\"keywords\":[\"Zukunftserwartungen\"],\"articleSection\":[\"Chart der Woche\"],\"inLanguage\":\"en-GB\"},{\"@type\":\"WebPage\",\"@id\":\"https:\/\/www.stiftungfuerzukunftsfragen.de\/chart-der-woche-spezial-was-es-bedeutet-mutig-zu-sein-german-mut-statt-german-angst\/\",\"url\":\"https:\/\/www.stiftungfuerzukunftsfragen.de\/chart-der-woche-spezial-was-es-bedeutet-mutig-zu-sein-german-mut-statt-german-angst\/\",\"name\":\"Chart der Woche Spezial | Was es bedeutet, MUTIG zu sein: German Mut statt German Angst - Stiftung f\u00fcr Zukunftsfragen\",\"isPartOf\":{\"@id\":\"https:\/\/www.stiftungfuerzukunftsfragen.de\/#website\"},\"primaryImageOfPage\":{\"@id\":\"https:\/\/www.stiftungfuerzukunftsfragen.de\/chart-der-woche-spezial-was-es-bedeutet-mutig-zu-sein-german-mut-statt-german-angst\/#primaryimage\"},\"image\":{\"@id\":\"https:\/\/www.stiftungfuerzukunftsfragen.de\/chart-der-woche-spezial-was-es-bedeutet-mutig-zu-sein-german-mut-statt-german-angst\/#primaryimage\"},\"thumbnailUrl\":\"https:\/\/www.stiftungfuerzukunftsfragen.de\/wp-content\/uploads\/Bildschirm\u00adfoto-2023-05-15-um-11.24.41.png\",\"datePublished\":\"2023-05-25T05:30:14+00:00\",\"dateModified\":\"2025-10-31T07:07:38+00:00\",\"breadcrumb\":{\"@id\":\"https:\/\/www.stiftungfuerzukunftsfragen.de\/chart-der-woche-spezial-was-es-bedeutet-mutig-zu-sein-german-mut-statt-german-angst\/#breadcrumb\"},\"inLanguage\":\"en-GB\",\"potentialAction\":[{\"@type\":\"ReadAction\",\"target\":[\"https:\/\/www.stiftungfuerzukunftsfragen.de\/chart-der-woche-spezial-was-es-bedeutet-mutig-zu-sein-german-mut-statt-german-angst\/\"]}]},{\"@type\":\"ImageObject\",\"inLanguage\":\"en-GB\",\"@id\":\"https:\/\/www.stiftungfuerzukunftsfragen.de\/chart-der-woche-spezial-was-es-bedeutet-mutig-zu-sein-german-mut-statt-german-angst\/#primaryimage\",\"url\":\"https:\/\/www.stiftungfuerzukunftsfragen.de\/wp-content\/uploads\/Bildschirm\u00adfoto-2023-05-15-um-11.24.41.png\",\"contentUrl\":\"https:\/\/www.stiftungfuerzukunftsfragen.de\/wp-content\/uploads\/Bildschirm\u00adfoto-2023-05-15-um-11.24.41.png\",\"width\":1703,\"height\":935},{\"@type\":\"BreadcrumbList\",\"@id\":\"https:\/\/www.stiftungfuerzukunftsfragen.de\/chart-der-woche-spezial-was-es-bedeutet-mutig-zu-sein-german-mut-statt-german-angst\/#breadcrumb\",\"itemListElement\":[{\"@type\":\"ListItem\",\"position\":1,\"name\":\"Startseite\",\"item\":\"https:\/\/www.stiftungfuerzukunftsfragen.de\/\"},{\"@type\":\"ListItem\",\"position\":2,\"name\":\"Chart der Woche Spezial | Was es bedeutet, MUTIG zu sein: German Mut statt German Angst\"}]},{\"@type\":\"WebSite\",\"@id\":\"https:\/\/www.stiftungfuerzukunftsfragen.de\/#website\",\"url\":\"https:\/\/www.stiftungfuerzukunftsfragen.de\/\",\"name\":\"Stiftung f\u00fcr Zukunftsfragen\",\"description\":\"Eine Initiative von BAT\",\"publisher\":{\"@id\":\"https:\/\/www.stiftungfuerzukunftsfragen.de\/#organization\"},\"potentialAction\":[{\"@type\":\"SearchAction\",\"target\":{\"@type\":\"EntryPoint\",\"urlTemplate\":\"https:\/\/www.stiftungfuerzukunftsfragen.de\/?s={search_term_string}\"},\"query-input\":{\"@type\":\"PropertyValueSpecification\",\"valueRequired\":true,\"valueName\":\"search_term_string\"}}],\"inLanguage\":\"en-GB\"},{\"@type\":\"Organization\",\"@id\":\"https:\/\/www.stiftungfuerzukunftsfragen.de\/#organization\",\"name\":\"Stiftung f\u00fcr Zukunftsfragen\",\"url\":\"https:\/\/www.stiftungfuerzukunftsfragen.de\/\",\"logo\":{\"@type\":\"ImageObject\",\"inLanguage\":\"en-GB\",\"@id\":\"https:\/\/www.stiftungfuerzukunftsfragen.de\/#\/schema\/logo\/image\/\",\"url\":\"https:\/\/www.stiftungfuerzukunftsfragen.de\/wp-content\/uploads\/Stiftung-fuer-Zukunftsfragen-Logo-e1662668075158.png\",\"contentUrl\":\"https:\/\/www.stiftungfuerzukunftsfragen.de\/wp-content\/uploads\/Stiftung-fuer-Zukunftsfragen-Logo-e1662668075158.png\",\"width\":609,\"height\":144,\"caption\":\"Stiftung f\u00fcr Zukunftsfragen\"},\"image\":{\"@id\":\"https:\/\/www.stiftungfuerzukunftsfragen.de\/#\/schema\/logo\/image\/\"},\"sameAs\":[\"https:\/\/www.facebook.com\/pages\/Stiftung-fr-Zukunftsfragen\/207485789294838\"]},{\"@type\":\"Person\",\"@id\":\"https:\/\/www.stiftungfuerzukunftsfragen.de\/#\/schema\/person\/fbe6a089bb71e464b6e9e91caaa06daa\",\"name\":\"Carina M\u00f6nkemeyer\"}]}<\/script>\n<!-- \/ Yoast SEO plugin. -->","yoast_head_json":{"title":"Chart of the Week Special | What it means to be MUTIG: German courage instead of German fear - Stiftung f\u00fcr Zukunftsfragen","robots":{"index":"index","follow":"follow","max-snippet":"max-snippet:-1","max-image-preview":"max-image-preview:large","max-video-preview":"max-video-preview:-1"},"canonical":"https:\/\/www.stiftungfuerzukunftsfragen.de\/en\/chart-of-the-week-special-what-it-means-to-be-courageous-german-courage-instead-of-german-fear\/","og_locale":"en_GB","og_type":"article","og_title":"Chart der Woche Spezial | Was es bedeutet, MUTIG zu sein: German Mut statt German Angst - Stiftung f\u00fcr Zukunftsfragen","og_description":"Eine gro\u00dfe Mehrheit der B\u00fcrger verbindet Mut vor allem mit vier Eigenschaften: Selbstbewusstsein, Verantwortungsbewusstsein, der Bereitschaft Widerst\u00e4nde zu \u00fcberwinden Mund dem Einstehen f\u00fcr Werte. Weitere zentrale Eigenschaften sind aus Sicht der B\u00fcrger Optimismus, Kreativit\u00e4t, Risikobereitschaft sowie das Streben nach Ver\u00e4nderungen.","og_url":"https:\/\/www.stiftungfuerzukunftsfragen.de\/en\/chart-of-the-week-special-what-it-means-to-be-courageous-german-courage-instead-of-german-fear\/","og_site_name":"Stiftung f\u00fcr Zukunftsfragen","article_publisher":"https:\/\/www.facebook.com\/pages\/Stiftung-fr-Zukunftsfragen\/207485789294838","article_published_time":"2023-05-25T05:30:14+00:00","article_modified_time":"2025-10-31T07:07:38+00:00","og_image":[{"width":1703,"height":935,"url":"https:\/\/www.stiftungfuerzukunftsfragen.de\/wp-content\/uploads\/Bildschirm\u00adfoto-2023-05-15-um-11.24.41.png","type":"image\/png"}],"author":"Carina M\u00f6nkemeyer","twitter_card":"summary_large_image","twitter_misc":{"Written by":"Carina M\u00f6nkemeyer","Estimated reading time":"1 minute"},"schema":{"@context":"https:\/\/schema.org","@graph":[{"@type":"Article","@id":"https:\/\/www.stiftungfuerzukunftsfragen.de\/chart-der-woche-spezial-was-es-bedeutet-mutig-zu-sein-german-mut-statt-german-angst\/#article","isPartOf":{"@id":"https:\/\/www.stiftungfuerzukunftsfragen.de\/chart-der-woche-spezial-was-es-bedeutet-mutig-zu-sein-german-mut-statt-german-angst\/"},"author":{"name":"Carina M\u00f6nkemeyer","@id":"https:\/\/www.stiftungfuerzukunftsfragen.de\/#\/schema\/person\/fbe6a089bb71e464b6e9e91caaa06daa"},"headline":"Chart der Woche Spezial | Was es bedeutet, MUTIG zu sein: German Mut statt German Angst","datePublished":"2023-05-25T05:30:14+00:00","dateModified":"2025-10-31T07:07:38+00:00","mainEntityOfPage":{"@id":"https:\/\/www.stiftungfuerzukunftsfragen.de\/chart-der-woche-spezial-was-es-bedeutet-mutig-zu-sein-german-mut-statt-german-angst\/"},"wordCount":520,"publisher":{"@id":"https:\/\/www.stiftungfuerzukunftsfragen.de\/#organization"},"image":{"@id":"https:\/\/www.stiftungfuerzukunftsfragen.de\/chart-der-woche-spezial-was-es-bedeutet-mutig-zu-sein-german-mut-statt-german-angst\/#primaryimage"},"thumbnailUrl":"https:\/\/www.stiftungfuerzukunftsfragen.de\/wp-content\/uploads\/Bildschirm\u00adfoto-2023-05-15-um-11.24.41.png","keywords":["Zukunftserwartungen"],"articleSection":["Chart der Woche"],"inLanguage":"en-GB"},{"@type":"WebPage","@id":"https:\/\/www.stiftungfuerzukunftsfragen.de\/chart-der-woche-spezial-was-es-bedeutet-mutig-zu-sein-german-mut-statt-german-angst\/","url":"https:\/\/www.stiftungfuerzukunftsfragen.de\/chart-der-woche-spezial-was-es-bedeutet-mutig-zu-sein-german-mut-statt-german-angst\/","name":"Chart of the Week Special | What it means to be MUTIG: German courage instead of German fear - Stiftung f\u00fcr Zukunftsfragen","isPartOf":{"@id":"https:\/\/www.stiftungfuerzukunftsfragen.de\/#website"},"primaryImageOfPage":{"@id":"https:\/\/www.stiftungfuerzukunftsfragen.de\/chart-der-woche-spezial-was-es-bedeutet-mutig-zu-sein-german-mut-statt-german-angst\/#primaryimage"},"image":{"@id":"https:\/\/www.stiftungfuerzukunftsfragen.de\/chart-der-woche-spezial-was-es-bedeutet-mutig-zu-sein-german-mut-statt-german-angst\/#primaryimage"},"thumbnailUrl":"https:\/\/www.stiftungfuerzukunftsfragen.de\/wp-content\/uploads\/Bildschirm\u00adfoto-2023-05-15-um-11.24.41.png","datePublished":"2023-05-25T05:30:14+00:00","dateModified":"2025-10-31T07:07:38+00:00","breadcrumb":{"@id":"https:\/\/www.stiftungfuerzukunftsfragen.de\/chart-der-woche-spezial-was-es-bedeutet-mutig-zu-sein-german-mut-statt-german-angst\/#breadcrumb"},"inLanguage":"en-GB","potentialAction":[{"@type":"ReadAction","target":["https:\/\/www.stiftungfuerzukunftsfragen.de\/chart-der-woche-spezial-was-es-bedeutet-mutig-zu-sein-german-mut-statt-german-angst\/"]}]},{"@type":"ImageObject","inLanguage":"en-GB","@id":"https:\/\/www.stiftungfuerzukunftsfragen.de\/chart-der-woche-spezial-was-es-bedeutet-mutig-zu-sein-german-mut-statt-german-angst\/#primaryimage","url":"https:\/\/www.stiftungfuerzukunftsfragen.de\/wp-content\/uploads\/Bildschirm\u00adfoto-2023-05-15-um-11.24.41.png","contentUrl":"https:\/\/www.stiftungfuerzukunftsfragen.de\/wp-content\/uploads\/Bildschirm\u00adfoto-2023-05-15-um-11.24.41.png","width":1703,"height":935},{"@type":"BreadcrumbList","@id":"https:\/\/www.stiftungfuerzukunftsfragen.de\/chart-der-woche-spezial-was-es-bedeutet-mutig-zu-sein-german-mut-statt-german-angst\/#breadcrumb","itemListElement":[{"@type":"ListItem","position":1,"name":"Startseite","item":"https:\/\/www.stiftungfuerzukunftsfragen.de\/"},{"@type":"ListItem","position":2,"name":"Chart der Woche Spezial | Was es bedeutet, MUTIG zu sein: German Mut statt German Angst"}]},{"@type":"WebSite","@id":"https:\/\/www.stiftungfuerzukunftsfragen.de\/#website","url":"https:\/\/www.stiftungfuerzukunftsfragen.de\/","name":"Foundation for Future Issues","description":"An initiative by BAT","publisher":{"@id":"https:\/\/www.stiftungfuerzukunftsfragen.de\/#organization"},"potentialAction":[{"@type":"SearchAction","target":{"@type":"EntryPoint","urlTemplate":"https:\/\/www.stiftungfuerzukunftsfragen.de\/?s={search_term_string}"},"query-input":{"@type":"PropertyValueSpecification","valueRequired":true,"valueName":"search_term_string"}}],"inLanguage":"en-GB"},{"@type":"Organization","@id":"https:\/\/www.stiftungfuerzukunftsfragen.de\/#organization","name":"Foundation for Future Issues","url":"https:\/\/www.stiftungfuerzukunftsfragen.de\/","logo":{"@type":"ImageObject","inLanguage":"en-GB","@id":"https:\/\/www.stiftungfuerzukunftsfragen.de\/#\/schema\/logo\/image\/","url":"https:\/\/www.stiftungfuerzukunftsfragen.de\/wp-content\/uploads\/Stiftung-fuer-Zukunftsfragen-Logo-e1662668075158.png","contentUrl":"https:\/\/www.stiftungfuerzukunftsfragen.de\/wp-content\/uploads\/Stiftung-fuer-Zukunftsfragen-Logo-e1662668075158.png","width":609,"height":144,"caption":"Stiftung f\u00fcr Zukunftsfragen"},"image":{"@id":"https:\/\/www.stiftungfuerzukunftsfragen.de\/#\/schema\/logo\/image\/"},"sameAs":["https:\/\/www.facebook.com\/pages\/Stiftung-fr-Zukunftsfragen\/207485789294838"]},{"@type":"Person","@id":"https:\/\/www.stiftungfuerzukunftsfragen.de\/#\/schema\/person\/fbe6a089bb71e464b6e9e91caaa06daa","name":"Carina M\u00f6nkemeyer"}]}},"_links":{"self":[{"href":"https:\/\/www.stiftungfuerzukunftsfragen.de\/en\/wp-json\/wp\/v2\/posts\/4583","targetHints":{"allow":["GET"]}}],"collection":[{"href":"https:\/\/www.stiftungfuerzukunftsfragen.de\/en\/wp-json\/wp\/v2\/posts"}],"about":[{"href":"https:\/\/www.stiftungfuerzukunftsfragen.de\/en\/wp-json\/wp\/v2\/types\/post"}],"author":[{"embeddable":true,"href":"https:\/\/www.stiftungfuerzukunftsfragen.de\/en\/wp-json\/wp\/v2\/users\/37"}],"replies":[{"embeddable":true,"href":"https:\/\/www.stiftungfuerzukunftsfragen.de\/en\/wp-json\/wp\/v2\/comments?post=4583"}],"version-history":[{"count":8,"href":"https:\/\/www.stiftungfuerzukunftsfragen.de\/en\/wp-json\/wp\/v2\/posts\/4583\/revisions"}],"predecessor-version":[{"id":6291,"href":"https:\/\/www.stiftungfuerzukunftsfragen.de\/en\/wp-json\/wp\/v2\/posts\/4583\/revisions\/6291"}],"wp:featuredmedia":[{"embeddable":true,"href":"https:\/\/www.stiftungfuerzukunftsfragen.de\/en\/wp-json\/wp\/v2\/media\/4585"}],"wp:attachment":[{"href":"https:\/\/www.stiftungfuerzukunftsfragen.de\/en\/wp-json\/wp\/v2\/media?parent=4583"}],"wp:term":[{"taxonomy":"category","embeddable":true,"href":"https:\/\/www.stiftungfuerzukunftsfragen.de\/en\/wp-json\/wp\/v2\/categories?post=4583"},{"taxonomy":"post_tag","embeddable":true,"href":"https:\/\/www.stiftungfuerzukunftsfragen.de\/en\/wp-json\/wp\/v2\/tags?post=4583"}],"curies":[{"name":"wp","href":"https:\/\/api.w.org\/{rel}","templated":true}]}}