{"id":4620,"date":"2023-06-15T07:30:06","date_gmt":"2023-06-15T05:30:06","guid":{"rendered":"https:\/\/www.stiftungfuerzukunftsfragen.de\/?p=4620"},"modified":"2025-10-31T08:07:30","modified_gmt":"2025-10-31T07:07:30","slug":"divide-between-the-rich-and-the-poor","status":"publish","type":"post","link":"https:\/\/www.stiftungfuerzukunftsfragen.de\/en\/spaltung-zwischen-wohlhabenden-und-habenichtsen\/","title":{"rendered":"Divide between the haves and have-nots"},"content":{"rendered":"<div class=\"infogram-embed\" data-id=\"spaltung-zwischen-wohlhabenden-und-habenichtsen-1hdw2jpw0njmp2l\" data-type=\"interactive\"><\/div><script>!function(e,t,s,i){var n=\"InfogramEmbeds\",o=e.getElementsByTagName(\"script\"),d=o[0],r=\/^http:\/.test(e.location)?\"http:\":\"https:\";if(\/^\\\/{2}\/.test(i)&&(i=r+i),window[n]&&window[n].initialized)window[n].process&&window[n].process();else if(!e.getElementById(s)){var a=e.createElement(\"script\");a.async=1,a.id=s,a.src=i,d.parentNode.insertBefore(a,d)}}(document,0,\"infogram-async\",\"\/\/e.infogram.com\/js\/dist\/embed-loader-min.js\");<\/script>\n<p>&nbsp;<\/p>\n<h3>Ergebnis<\/h3>\n<p><strong>Neun von zehn Bundesb\u00fcrgern erwarten f\u00fcr die Zukunft eine zunehmende Spaltung zwischen Arm und Reich in Deutschland. Innerhalb der Bev\u00f6lkerung sind hierbei kaum Unterschiede nachweisbar. Im Zeitvergleich zu 2012 erh\u00f6hte sich die Sorge deutlich von 75 auf 91 Prozent.<\/strong><\/p>\n<p>&nbsp;<\/p>\n<h3>Gr\u00fcnde<\/h3>\n<p><strong>Weltweit gibt es etwa 22 Millionen Million\u00e4re von denen knapp 3.000 sogar mehr eine Milliarde Dollar besitzen. Die wohl h\u00f6chsten Einkommen hatten zuletzt Bernard Arnault, Elon Musk und Jeff Bezos, die in jeder Sekunde des letzten Jahres in etwa genauso viel verdienten wie der Durchschnittshaushalt in Deutschland netto pro Monat zur Verf\u00fcgung hat: 3.813\u20ac.<\/strong><\/p>\n<p><strong>Diese Summe setzt sich zusammen aus dem Einkommen von Erwerbst\u00e4tigkeiten (64%), \u00f6ffentlichen Transferzahlungen (21%) aus Verm\u00f6genswerten (10%) sowie nicht \u00f6ffentlichen Transferleistungen wie z.B. Betriebsrenten, Unterst\u00fctzung der Familie, private Versicherungen etc. (5%). Gro\u00dfe Unterschiede zeigen sich hierbei einerseits zwischen Ost- (3.015\u20ac) und Westdeutschland (3.830\u20ac), noch deutlich st\u00e4rker allerdings abh\u00e4ngig von den jeweiligen Lebensumst\u00e4nden. So gelten \u00fcber 20 Prozent aller Bundesb\u00fcrger als armutsgef\u00e4hrdet, da sie weniger als 60 Prozent des Durchschnittseinkommens erhalten. Besonders betroffen sind hiervon Personen ohne Schulabschluss, Alleinerziehende, Mitb\u00fcrger mit Migrationshintergrund sowie Erwerbslose. Auf der anderen Seite gibt es rund \u00fcber 1,5 Millionen Million\u00e4re in Deutschland und immerhin 22 Prozent aller Haushalte verf\u00fcgen \u00fcber mehr als 5.000 \u20ac netto monatlich. Besonders h\u00e4ufig umfasst dieser Personenkreis M\u00e4nner im mittleren Alter aus Westdeutschland, die gut ausgebildet sind und selbstst\u00e4ndig arbeiten.<\/strong><\/p>\n<h3><\/h3>\n<p>&nbsp;<\/p>\n<h3>Prognose<\/h3>\n<p><strong>Die Unterschiede beim Einkommen und der Verm\u00f6gensverteilung sind gro\u00df. Nehmen diese Ungleichheiten weiter zu, so drohen in der Gesellschaft wachsenden soziale Spannungen, eine zunehmende Radikalisierung, eine Gef\u00e4hrdung des sozialen Zusammenhaltes und der Demokratie sowie letztendlich des Wohlstands und der Sicherheit.<\/strong><br \/>\n<strong>Entscheidungstr\u00e4ger sind sich dieser Gefahren durchaus bewusst, zeigen sich jedoch noch uneins welche Ma\u00dfnahmen ergriffen werden m\u00fcssen, um die Ungleichheit zu verringern und soziale Mobilit\u00e4t zu f\u00f6rdern. Ob die Betonung von Leistung, eine andere Steuerpolitik, mehr Investitionen in Bildung, Infrastruktur oder Arbeitspl\u00e4tze, ein bedingungsloses Grundeinkommen oder ein h\u00f6herer Mindestlohn erfolgreich sein werden, wird sich zeigen.<\/strong><br \/>\n<strong>Klar ist zudem, dass die Politik dieses nicht allein wird regeln k\u00f6nnen, sondern auch die Unterst\u00fctzung aus der Wirtschaft sowie die Bereitschaft jedes B\u00fcrgers braucht Ver\u00e4nderungen mitzutragen.<\/strong><\/p>\n","protected":false},"excerpt":{"rendered":"<p>Nine out of ten German citizens expect an increasing divide between rich and poor in Germany in the future. There is hardly any evidence of differences within the population. Compared to 2012, this concern has increased significantly from 75 to 91 per cent.<\/p>","protected":false},"author":37,"featured_media":4621,"comment_status":"closed","ping_status":"open","sticky":false,"template":"","format":"standard","meta":{"_acf_changed":false,"footnotes":""},"categories":[53],"tags":[67],"class_list":["post-4620","post","type-post","status-publish","format-standard","has-post-thumbnail","hentry","category-chart-der-woche","tag-zukunftserwartungen"],"acf":{"ausgabe_nummer":"Chart der Woche, 2023-KW24","pdf-download_dateiname":"www.stiftungfuerzukunftsfragen.de_spaltung-zwischen-wohlhabenden-und-habenichtsen.pdf"},"yoast_head":"<!-- This site is optimized with the Yoast SEO plugin v27.1.1 - https:\/\/yoast.com\/product\/yoast-seo-wordpress\/ -->\n<title>Spaltung zwischen Wohlhabenden und Habenichtsen - Stiftung f\u00fcr Zukunftsfragen<\/title>\n<meta name=\"robots\" content=\"index, follow, max-snippet:-1, max-image-preview:large, max-video-preview:-1\" \/>\n<link rel=\"canonical\" href=\"https:\/\/www.stiftungfuerzukunftsfragen.de\/en\/divide-between-the-rich-and-the-poor\/\" \/>\n<meta property=\"og:locale\" content=\"en_GB\" \/>\n<meta property=\"og:type\" content=\"article\" \/>\n<meta property=\"og:title\" content=\"Spaltung zwischen Wohlhabenden und Habenichtsen - Stiftung f\u00fcr Zukunftsfragen\" \/>\n<meta property=\"og:description\" content=\"Neun von zehn Bundesb\u00fcrgern erwarten f\u00fcr die Zukunft eine zunehmende Spaltung zwischen Arm und Reich in Deutschland. Innerhalb der Bev\u00f6lkerung sind hierbei kaum Unterschiede nachweisbar. Im Zeitvergleich zu 2012 erh\u00f6hte sich die Sorge deutlich von 75 auf 91 Prozent.\" \/>\n<meta property=\"og:url\" content=\"https:\/\/www.stiftungfuerzukunftsfragen.de\/en\/divide-between-the-rich-and-the-poor\/\" \/>\n<meta property=\"og:site_name\" content=\"Stiftung f\u00fcr Zukunftsfragen\" \/>\n<meta property=\"article:publisher\" content=\"https:\/\/www.facebook.com\/pages\/Stiftung-fr-Zukunftsfragen\/207485789294838\" \/>\n<meta property=\"article:published_time\" content=\"2023-06-15T05:30:06+00:00\" \/>\n<meta property=\"article:modified_time\" content=\"2025-10-31T07:07:30+00:00\" \/>\n<meta property=\"og:image\" content=\"https:\/\/www.stiftungfuerzukunftsfragen.de\/wp-content\/uploads\/money-g7ba484a18_1280.jpg\" \/>\n\t<meta property=\"og:image:width\" content=\"1280\" \/>\n\t<meta property=\"og:image:height\" content=\"853\" \/>\n\t<meta property=\"og:image:type\" content=\"image\/jpeg\" \/>\n<meta name=\"author\" content=\"Carina M\u00f6nkemeyer\" \/>\n<meta name=\"twitter:card\" content=\"summary_large_image\" \/>\n<meta name=\"twitter:label1\" content=\"Written by\" \/>\n\t<meta name=\"twitter:data1\" content=\"Carina M\u00f6nkemeyer\" \/>\n\t<meta name=\"twitter:label2\" content=\"Estimated reading time\" \/>\n\t<meta name=\"twitter:data2\" content=\"1 minute\" \/>\n<script type=\"application\/ld+json\" class=\"yoast-schema-graph\">{\"@context\":\"https:\/\/schema.org\",\"@graph\":[{\"@type\":\"Article\",\"@id\":\"https:\/\/www.stiftungfuerzukunftsfragen.de\/spaltung-zwischen-wohlhabenden-und-habenichtsen\/#article\",\"isPartOf\":{\"@id\":\"https:\/\/www.stiftungfuerzukunftsfragen.de\/spaltung-zwischen-wohlhabenden-und-habenichtsen\/\"},\"author\":{\"name\":\"Carina M\u00f6nkemeyer\",\"@id\":\"https:\/\/www.stiftungfuerzukunftsfragen.de\/#\/schema\/person\/fbe6a089bb71e464b6e9e91caaa06daa\"},\"headline\":\"Spaltung zwischen Wohlhabenden und Habenichtsen\",\"datePublished\":\"2023-06-15T05:30:06+00:00\",\"dateModified\":\"2025-10-31T07:07:30+00:00\",\"mainEntityOfPage\":{\"@id\":\"https:\/\/www.stiftungfuerzukunftsfragen.de\/spaltung-zwischen-wohlhabenden-und-habenichtsen\/\"},\"wordCount\":382,\"publisher\":{\"@id\":\"https:\/\/www.stiftungfuerzukunftsfragen.de\/#organization\"},\"image\":{\"@id\":\"https:\/\/www.stiftungfuerzukunftsfragen.de\/spaltung-zwischen-wohlhabenden-und-habenichtsen\/#primaryimage\"},\"thumbnailUrl\":\"https:\/\/www.stiftungfuerzukunftsfragen.de\/wp-content\/uploads\/money-g7ba484a18_1280.jpg\",\"keywords\":[\"Zukunftserwartungen\"],\"articleSection\":[\"Chart der Woche\"],\"inLanguage\":\"en-GB\"},{\"@type\":\"WebPage\",\"@id\":\"https:\/\/www.stiftungfuerzukunftsfragen.de\/spaltung-zwischen-wohlhabenden-und-habenichtsen\/\",\"url\":\"https:\/\/www.stiftungfuerzukunftsfragen.de\/spaltung-zwischen-wohlhabenden-und-habenichtsen\/\",\"name\":\"Spaltung zwischen Wohlhabenden und Habenichtsen - Stiftung f\u00fcr Zukunftsfragen\",\"isPartOf\":{\"@id\":\"https:\/\/www.stiftungfuerzukunftsfragen.de\/#website\"},\"primaryImageOfPage\":{\"@id\":\"https:\/\/www.stiftungfuerzukunftsfragen.de\/spaltung-zwischen-wohlhabenden-und-habenichtsen\/#primaryimage\"},\"image\":{\"@id\":\"https:\/\/www.stiftungfuerzukunftsfragen.de\/spaltung-zwischen-wohlhabenden-und-habenichtsen\/#primaryimage\"},\"thumbnailUrl\":\"https:\/\/www.stiftungfuerzukunftsfragen.de\/wp-content\/uploads\/money-g7ba484a18_1280.jpg\",\"datePublished\":\"2023-06-15T05:30:06+00:00\",\"dateModified\":\"2025-10-31T07:07:30+00:00\",\"breadcrumb\":{\"@id\":\"https:\/\/www.stiftungfuerzukunftsfragen.de\/spaltung-zwischen-wohlhabenden-und-habenichtsen\/#breadcrumb\"},\"inLanguage\":\"en-GB\",\"potentialAction\":[{\"@type\":\"ReadAction\",\"target\":[\"https:\/\/www.stiftungfuerzukunftsfragen.de\/spaltung-zwischen-wohlhabenden-und-habenichtsen\/\"]}]},{\"@type\":\"ImageObject\",\"inLanguage\":\"en-GB\",\"@id\":\"https:\/\/www.stiftungfuerzukunftsfragen.de\/spaltung-zwischen-wohlhabenden-und-habenichtsen\/#primaryimage\",\"url\":\"https:\/\/www.stiftungfuerzukunftsfragen.de\/wp-content\/uploads\/money-g7ba484a18_1280.jpg\",\"contentUrl\":\"https:\/\/www.stiftungfuerzukunftsfragen.de\/wp-content\/uploads\/money-g7ba484a18_1280.jpg\",\"width\":1280,\"height\":853},{\"@type\":\"BreadcrumbList\",\"@id\":\"https:\/\/www.stiftungfuerzukunftsfragen.de\/spaltung-zwischen-wohlhabenden-und-habenichtsen\/#breadcrumb\",\"itemListElement\":[{\"@type\":\"ListItem\",\"position\":1,\"name\":\"Startseite\",\"item\":\"https:\/\/www.stiftungfuerzukunftsfragen.de\/\"},{\"@type\":\"ListItem\",\"position\":2,\"name\":\"Spaltung zwischen Wohlhabenden und Habenichtsen\"}]},{\"@type\":\"WebSite\",\"@id\":\"https:\/\/www.stiftungfuerzukunftsfragen.de\/#website\",\"url\":\"https:\/\/www.stiftungfuerzukunftsfragen.de\/\",\"name\":\"Stiftung f\u00fcr Zukunftsfragen\",\"description\":\"Eine Initiative von BAT\",\"publisher\":{\"@id\":\"https:\/\/www.stiftungfuerzukunftsfragen.de\/#organization\"},\"potentialAction\":[{\"@type\":\"SearchAction\",\"target\":{\"@type\":\"EntryPoint\",\"urlTemplate\":\"https:\/\/www.stiftungfuerzukunftsfragen.de\/?s={search_term_string}\"},\"query-input\":{\"@type\":\"PropertyValueSpecification\",\"valueRequired\":true,\"valueName\":\"search_term_string\"}}],\"inLanguage\":\"en-GB\"},{\"@type\":\"Organization\",\"@id\":\"https:\/\/www.stiftungfuerzukunftsfragen.de\/#organization\",\"name\":\"Stiftung f\u00fcr Zukunftsfragen\",\"url\":\"https:\/\/www.stiftungfuerzukunftsfragen.de\/\",\"logo\":{\"@type\":\"ImageObject\",\"inLanguage\":\"en-GB\",\"@id\":\"https:\/\/www.stiftungfuerzukunftsfragen.de\/#\/schema\/logo\/image\/\",\"url\":\"https:\/\/www.stiftungfuerzukunftsfragen.de\/wp-content\/uploads\/Stiftung-fuer-Zukunftsfragen-Logo-e1662668075158.png\",\"contentUrl\":\"https:\/\/www.stiftungfuerzukunftsfragen.de\/wp-content\/uploads\/Stiftung-fuer-Zukunftsfragen-Logo-e1662668075158.png\",\"width\":609,\"height\":144,\"caption\":\"Stiftung f\u00fcr Zukunftsfragen\"},\"image\":{\"@id\":\"https:\/\/www.stiftungfuerzukunftsfragen.de\/#\/schema\/logo\/image\/\"},\"sameAs\":[\"https:\/\/www.facebook.com\/pages\/Stiftung-fr-Zukunftsfragen\/207485789294838\"]},{\"@type\":\"Person\",\"@id\":\"https:\/\/www.stiftungfuerzukunftsfragen.de\/#\/schema\/person\/fbe6a089bb71e464b6e9e91caaa06daa\",\"name\":\"Carina M\u00f6nkemeyer\"}]}<\/script>\n<!-- \/ Yoast SEO plugin. -->","yoast_head_json":{"title":"Divide between the haves and have-nots - Stiftung f\u00fcr Zukunftsfragen","robots":{"index":"index","follow":"follow","max-snippet":"max-snippet:-1","max-image-preview":"max-image-preview:large","max-video-preview":"max-video-preview:-1"},"canonical":"https:\/\/www.stiftungfuerzukunftsfragen.de\/en\/divide-between-the-rich-and-the-poor\/","og_locale":"en_GB","og_type":"article","og_title":"Spaltung zwischen Wohlhabenden und Habenichtsen - Stiftung f\u00fcr Zukunftsfragen","og_description":"Neun von zehn Bundesb\u00fcrgern erwarten f\u00fcr die Zukunft eine zunehmende Spaltung zwischen Arm und Reich in Deutschland. Innerhalb der Bev\u00f6lkerung sind hierbei kaum Unterschiede nachweisbar. Im Zeitvergleich zu 2012 erh\u00f6hte sich die Sorge deutlich von 75 auf 91 Prozent.","og_url":"https:\/\/www.stiftungfuerzukunftsfragen.de\/en\/divide-between-the-rich-and-the-poor\/","og_site_name":"Stiftung f\u00fcr Zukunftsfragen","article_publisher":"https:\/\/www.facebook.com\/pages\/Stiftung-fr-Zukunftsfragen\/207485789294838","article_published_time":"2023-06-15T05:30:06+00:00","article_modified_time":"2025-10-31T07:07:30+00:00","og_image":[{"width":1280,"height":853,"url":"https:\/\/www.stiftungfuerzukunftsfragen.de\/wp-content\/uploads\/money-g7ba484a18_1280.jpg","type":"image\/jpeg"}],"author":"Carina M\u00f6nkemeyer","twitter_card":"summary_large_image","twitter_misc":{"Written by":"Carina M\u00f6nkemeyer","Estimated reading time":"1 minute"},"schema":{"@context":"https:\/\/schema.org","@graph":[{"@type":"Article","@id":"https:\/\/www.stiftungfuerzukunftsfragen.de\/spaltung-zwischen-wohlhabenden-und-habenichtsen\/#article","isPartOf":{"@id":"https:\/\/www.stiftungfuerzukunftsfragen.de\/spaltung-zwischen-wohlhabenden-und-habenichtsen\/"},"author":{"name":"Carina M\u00f6nkemeyer","@id":"https:\/\/www.stiftungfuerzukunftsfragen.de\/#\/schema\/person\/fbe6a089bb71e464b6e9e91caaa06daa"},"headline":"Spaltung zwischen Wohlhabenden und Habenichtsen","datePublished":"2023-06-15T05:30:06+00:00","dateModified":"2025-10-31T07:07:30+00:00","mainEntityOfPage":{"@id":"https:\/\/www.stiftungfuerzukunftsfragen.de\/spaltung-zwischen-wohlhabenden-und-habenichtsen\/"},"wordCount":382,"publisher":{"@id":"https:\/\/www.stiftungfuerzukunftsfragen.de\/#organization"},"image":{"@id":"https:\/\/www.stiftungfuerzukunftsfragen.de\/spaltung-zwischen-wohlhabenden-und-habenichtsen\/#primaryimage"},"thumbnailUrl":"https:\/\/www.stiftungfuerzukunftsfragen.de\/wp-content\/uploads\/money-g7ba484a18_1280.jpg","keywords":["Zukunftserwartungen"],"articleSection":["Chart der Woche"],"inLanguage":"en-GB"},{"@type":"WebPage","@id":"https:\/\/www.stiftungfuerzukunftsfragen.de\/spaltung-zwischen-wohlhabenden-und-habenichtsen\/","url":"https:\/\/www.stiftungfuerzukunftsfragen.de\/spaltung-zwischen-wohlhabenden-und-habenichtsen\/","name":"Divide between the haves and have-nots - Stiftung f\u00fcr Zukunftsfragen","isPartOf":{"@id":"https:\/\/www.stiftungfuerzukunftsfragen.de\/#website"},"primaryImageOfPage":{"@id":"https:\/\/www.stiftungfuerzukunftsfragen.de\/spaltung-zwischen-wohlhabenden-und-habenichtsen\/#primaryimage"},"image":{"@id":"https:\/\/www.stiftungfuerzukunftsfragen.de\/spaltung-zwischen-wohlhabenden-und-habenichtsen\/#primaryimage"},"thumbnailUrl":"https:\/\/www.stiftungfuerzukunftsfragen.de\/wp-content\/uploads\/money-g7ba484a18_1280.jpg","datePublished":"2023-06-15T05:30:06+00:00","dateModified":"2025-10-31T07:07:30+00:00","breadcrumb":{"@id":"https:\/\/www.stiftungfuerzukunftsfragen.de\/spaltung-zwischen-wohlhabenden-und-habenichtsen\/#breadcrumb"},"inLanguage":"en-GB","potentialAction":[{"@type":"ReadAction","target":["https:\/\/www.stiftungfuerzukunftsfragen.de\/spaltung-zwischen-wohlhabenden-und-habenichtsen\/"]}]},{"@type":"ImageObject","inLanguage":"en-GB","@id":"https:\/\/www.stiftungfuerzukunftsfragen.de\/spaltung-zwischen-wohlhabenden-und-habenichtsen\/#primaryimage","url":"https:\/\/www.stiftungfuerzukunftsfragen.de\/wp-content\/uploads\/money-g7ba484a18_1280.jpg","contentUrl":"https:\/\/www.stiftungfuerzukunftsfragen.de\/wp-content\/uploads\/money-g7ba484a18_1280.jpg","width":1280,"height":853},{"@type":"BreadcrumbList","@id":"https:\/\/www.stiftungfuerzukunftsfragen.de\/spaltung-zwischen-wohlhabenden-und-habenichtsen\/#breadcrumb","itemListElement":[{"@type":"ListItem","position":1,"name":"Startseite","item":"https:\/\/www.stiftungfuerzukunftsfragen.de\/"},{"@type":"ListItem","position":2,"name":"Spaltung zwischen Wohlhabenden und Habenichtsen"}]},{"@type":"WebSite","@id":"https:\/\/www.stiftungfuerzukunftsfragen.de\/#website","url":"https:\/\/www.stiftungfuerzukunftsfragen.de\/","name":"Foundation for Future Issues","description":"An initiative by BAT","publisher":{"@id":"https:\/\/www.stiftungfuerzukunftsfragen.de\/#organization"},"potentialAction":[{"@type":"SearchAction","target":{"@type":"EntryPoint","urlTemplate":"https:\/\/www.stiftungfuerzukunftsfragen.de\/?s={search_term_string}"},"query-input":{"@type":"PropertyValueSpecification","valueRequired":true,"valueName":"search_term_string"}}],"inLanguage":"en-GB"},{"@type":"Organization","@id":"https:\/\/www.stiftungfuerzukunftsfragen.de\/#organization","name":"Foundation for Future Issues","url":"https:\/\/www.stiftungfuerzukunftsfragen.de\/","logo":{"@type":"ImageObject","inLanguage":"en-GB","@id":"https:\/\/www.stiftungfuerzukunftsfragen.de\/#\/schema\/logo\/image\/","url":"https:\/\/www.stiftungfuerzukunftsfragen.de\/wp-content\/uploads\/Stiftung-fuer-Zukunftsfragen-Logo-e1662668075158.png","contentUrl":"https:\/\/www.stiftungfuerzukunftsfragen.de\/wp-content\/uploads\/Stiftung-fuer-Zukunftsfragen-Logo-e1662668075158.png","width":609,"height":144,"caption":"Stiftung f\u00fcr Zukunftsfragen"},"image":{"@id":"https:\/\/www.stiftungfuerzukunftsfragen.de\/#\/schema\/logo\/image\/"},"sameAs":["https:\/\/www.facebook.com\/pages\/Stiftung-fr-Zukunftsfragen\/207485789294838"]},{"@type":"Person","@id":"https:\/\/www.stiftungfuerzukunftsfragen.de\/#\/schema\/person\/fbe6a089bb71e464b6e9e91caaa06daa","name":"Carina M\u00f6nkemeyer"}]}},"_links":{"self":[{"href":"https:\/\/www.stiftungfuerzukunftsfragen.de\/en\/wp-json\/wp\/v2\/posts\/4620","targetHints":{"allow":["GET"]}}],"collection":[{"href":"https:\/\/www.stiftungfuerzukunftsfragen.de\/en\/wp-json\/wp\/v2\/posts"}],"about":[{"href":"https:\/\/www.stiftungfuerzukunftsfragen.de\/en\/wp-json\/wp\/v2\/types\/post"}],"author":[{"embeddable":true,"href":"https:\/\/www.stiftungfuerzukunftsfragen.de\/en\/wp-json\/wp\/v2\/users\/37"}],"replies":[{"embeddable":true,"href":"https:\/\/www.stiftungfuerzukunftsfragen.de\/en\/wp-json\/wp\/v2\/comments?post=4620"}],"version-history":[{"count":3,"href":"https:\/\/www.stiftungfuerzukunftsfragen.de\/en\/wp-json\/wp\/v2\/posts\/4620\/revisions"}],"predecessor-version":[{"id":6288,"href":"https:\/\/www.stiftungfuerzukunftsfragen.de\/en\/wp-json\/wp\/v2\/posts\/4620\/revisions\/6288"}],"wp:featuredmedia":[{"embeddable":true,"href":"https:\/\/www.stiftungfuerzukunftsfragen.de\/en\/wp-json\/wp\/v2\/media\/4621"}],"wp:attachment":[{"href":"https:\/\/www.stiftungfuerzukunftsfragen.de\/en\/wp-json\/wp\/v2\/media?parent=4620"}],"wp:term":[{"taxonomy":"category","embeddable":true,"href":"https:\/\/www.stiftungfuerzukunftsfragen.de\/en\/wp-json\/wp\/v2\/categories?post=4620"},{"taxonomy":"post_tag","embeddable":true,"href":"https:\/\/www.stiftungfuerzukunftsfragen.de\/en\/wp-json\/wp\/v2\/tags?post=4620"}],"curies":[{"name":"wp","href":"https:\/\/api.w.org\/{rel}","templated":true}]}}