{"id":4681,"date":"2023-09-05T10:30:04","date_gmt":"2023-09-05T08:30:04","guid":{"rendered":"https:\/\/www.stiftungfuerzukunftsfragen.de\/?p=4681"},"modified":"2025-10-30T15:15:17","modified_gmt":"2025-10-30T14:15:17","slug":"leisure-monitor-2023-the-most-popular-leisure-activities-among-germans","status":"publish","type":"post","link":"https:\/\/www.stiftungfuerzukunftsfragen.de\/en\/freizeit-monitor-2023-die-beliebtesten-freizeitaktivitaeten-der-deutschen\/","title":{"rendered":"Leisure Time Monitor 2023: Germans' favourite leisure activities"},"content":{"rendered":"<p><div class=\"fusion-fullwidth fullwidth-box fusion-builder-row-1 fusion-flex-container nonhundred-percent-fullwidth non-hundred-percent-height-scrolling\" style=\"--awb-border-radius-top-left:0px;--awb-border-radius-top-right:0px;--awb-border-radius-bottom-right:0px;--awb-border-radius-bottom-left:0px;--awb-flex-wrap:wrap;\" ><div class=\"fusion-builder-row fusion-row fusion-flex-align-items-flex-start fusion-flex-content-wrap\" style=\"max-width:1664px;margin-left: calc(-4% \/ 2 );margin-right: calc(-4% \/ 2 );\"><div class=\"fusion-layout-column fusion_builder_column fusion-builder-column-0 fusion_builder_column_1_1 1_1 fusion-flex-column\" style=\"--awb-bg-blend:overlay;--awb-bg-size:cover;--awb-width-large:100%;--awb-margin-top-large:0px;--awb-spacing-right-large:1.92%;--awb-margin-bottom-large:0px;--awb-spacing-left-large:1.92%;--awb-width-medium:100%;--awb-order-medium:0;--awb-spacing-right-medium:1.92%;--awb-spacing-left-medium:1.92%;--awb-width-small:100%;--awb-order-small:0;--awb-spacing-right-small:1.92%;--awb-spacing-left-small:1.92%;\"><div class=\"fusion-column-wrapper fusion-column-has-shadow fusion-flex-justify-content-flex-start fusion-content-layout-column\"><div class=\"fusion-text fusion-text-1\" style=\"--awb-margin-right:4%;\"><p style=\"font-weight: 400;\">Die BAT-Stiftung f\u00fcr Zukunftsfragen stellt am 05. September 2023 im Rahmen einer Online-Pressekonferenz den \u201eFreizeit-Monitor 2023\u201c vor. F\u00fcr die seit 1986 regelm\u00e4\u00dfig durchgef\u00fchrte Untersuchung wurden im Juli und August 2023 \u00fcber 2.000 repr\u00e4sentativ ausgew\u00e4hlte B\u00fcrger ab 18 Jahren zu \u00fcber 100 unterschiedlichen Freizeitaktivit\u00e4ten sowie dem Sonderthema \u201eUmfang der pers\u00f6nlichen (Frei-)Zeit\u201c befragt.<\/p>\n<h3>Kernergebnisse<\/h3>\n<p><strong>1. DAS SOFA ALS EPIZENTRUM UNSERER FREIZEIT<br \/>\n<\/strong><\/p>\n<p><strong>2. SPORT UND KULTUR BOOMEN &#8211; MIT EINER AUSNAHME<\/strong><\/p>\n<p><strong>3. WENIGER FREIZEIT F\u00dcR UND MIT ANDEREN<\/strong><\/p>\n<p><strong>4. 3 STUNDEN 55 MINUTEN FREIZEIT PRO WERKTAG<\/strong><\/p>\n<\/div><div class=\"fusion-separator fusion-full-width-sep\" style=\"align-self: center;margin-left: auto;margin-right: auto;margin-top:50px;width:100%;\"><\/div><div class=\"fusion-title title fusion-title-1 fusion-sep-none fusion-title-text fusion-title-size-two\" style=\"--awb-margin-top-small:10px;--awb-margin-right-small:0px;--awb-margin-bottom-small:10px;--awb-margin-left-small:0px;\"><h2 class=\"fusion-title-heading title-heading-left fusion-responsive-typography-calculated\" style=\"margin:0;--fontSize:35;line-height:var(--awb-typography1-line-height);\">DAS SOFA ALS EPIZENTRUM UNSERER FREIZEIT<\/h2><\/div><div class=\"fusion-text fusion-text-2\" style=\"--awb-margin-right:4%;\"><p style=\"font-weight: 400;\">In einer Zeit, die von stetigem Wandel, Schnelllebigkeit, technologischem Fortschritt, aber auch Unsicherheit und Sorgen gepr\u00e4gt ist, entwickelt sich das eigene Heim zum Zentrum unserer Freizeit. Die B\u00fcrger surfen im Internet, lassen sich durch das Fernsehprogramm informieren, unterhalten oder berieseln, sind in sozialen Netzwerken unterwegs, telefonieren, texten oder streamen. Die eigene Couch wird so zum Epizentrum der modernen Freizeitgestaltung. Die zunehmende Mediennutzung zeigt dabei nicht nur den technologischen Fortschritt, sondern auch die derzeitige Bedeutung von Bequemlichkeit und individuellen Bed\u00fcrfnissen.<\/p>\n<p style=\"font-weight: 400;\">Aber nicht nur Medien lassen das eigene Zuhause zum bevorzugten Ort f\u00fcr Freizeitaktivit\u00e4ten werden. Auch f\u00fcr die Erholung bleibt es der beliebteste R\u00fcckzugsort. Ob beim Tagtr\u00e4umen oder Nachdenken, beim Chillen oder Faulenzen, stets werden die eigenen vier W\u00e4nde genutzt.\u00a0 Regenerative Freizeitbesch\u00e4ftigungen werden dabei\u00a0nicht mehr als blo\u00dfe Unt\u00e4tigkeit betrachtet, sondern vielmehr als bewusste Auszeit und Gegenpol zu einem zunehmend hektischen Alltag gesehen. Das Haus oder die Wohnung bieten so den Raum f\u00fcr Entschleunigung und Selbstf\u00fcrsorge. Dar\u00fcber hinaus finden auch gemeinsame Aktivit\u00e4ten mit dem Partner, den Freunden und der Familie gerne im h\u00e4uslichen Umfeld statt \u2013 seien es Koch- oder Spieleabende, Zeit f\u00fcr Gespr\u00e4che, gesellige oder gem\u00fctliche Abende \u2013 bietet die heimische Umgebung doch eine intime Atmosph\u00e4re, in der Beziehungen vertieft und gemeinsame Interessen gefestigt werden k\u00f6nnen.<\/p>\n<blockquote>\n<p style=\"font-weight: 400;\"><em>\u201eIn einer Zeit und Welt, die oftmals von \u00e4u\u00dferen Einfl\u00fcssen und Schnelllebigkeit gepr\u00e4gt ist, gewinnt die Gestaltung der Freizeit daheim immer mehr an Bedeutung \u2013 sei es als Quelle der Erholung, der pers\u00f6nlichen Interessen und der zwischenmenschlichen Verbundenheit\u201c<\/em>, so Professor Dr. Ulrich Reinhardt, der Wissenschaftliche Leiter der BAT Stiftung.<\/p>\n<\/blockquote>\n<\/div><div class=\"fusion-text fusion-text-3\" style=\"--awb-content-alignment:left;\"><div class=\"infogram-embed\" data-id=\"fcd88ea5-e971-48dc-9ee5-6e190996fcc8\" data-type=\"interactive\"><\/div><script>!function(e,t,s,i){var n=\"InfogramEmbeds\",o=e.getElementsByTagName(\"script\"),d=o[0],r=\/^http:\/.test(e.location)?\"http:\":\"https:\";if(\/^\\\/{2}\/.test(i)&&(i=r+i),window[n]&&window[n].initialized)window[n].process&&window[n].process();else if(!e.getElementById(s)){var a=e.createElement(\"script\");a.async=1,a.id=s,a.src=i,d.parentNode.insertBefore(a,d)}}(document,0,\"infogram-async\",\"\/\/e.infogram.com\/js\/dist\/embed-loader-min.js\");<\/script>\n<\/div><div class=\"fusion-separator fusion-full-width-sep\" style=\"align-self: center;margin-left: auto;margin-right: auto;margin-top:50px;width:100%;\"><\/div><div class=\"fusion-title title fusion-title-2 fusion-sep-none fusion-title-text fusion-title-size-two\" style=\"--awb-margin-top-small:10px;--awb-margin-right-small:0px;--awb-margin-bottom-small:10px;--awb-margin-left-small:0px;\"><h2 class=\"fusion-title-heading title-heading-left fusion-responsive-typography-calculated\" style=\"margin:0;--fontSize:35;line-height:var(--awb-typography1-line-height);\">KULTUR UND SPORT BOOMEN &#8211; MIT EINER AUSNAHME<\/h2><\/div><div class=\"fusion-text fusion-text-4\" style=\"--awb-margin-right:4%;\"><p style=\"font-weight: 400;\">Von Museen \u00fcber Konzerte bis hin zu Kinovorstellungen und Freizeitparks \u2013 kulturelle Freizeitangebote erfreuen sich bei vielen B\u00fcrgern einer steigenden Beliebtheit, allerdings auf deutlich geringerem Niveau als h\u00e4usliche Aktivit\u00e4ten. Die breite Palette an Optionen erm\u00f6glicht es Jedem in unterschiedliche Welten einzutauchen und sich dort unterhalten oder k\u00fcnstlerisch, musikalisch und intellektuell inspirieren zu lassen. Hierbei spielt aktuell sicherlich auch das Nachholbed\u00fcrfnis nach wie vor eine gro\u00dfe Rolle.<\/p>\n<p style=\"font-weight: 400;\">Vom Kulturboom nicht profitieren k\u00f6nnen einzig Diskotheken und Clubs. Galten die Tanzfl\u00e4chen einst als Inbegriffe des Nachtlebens und des sozialen Treffpunkts werden sie mittlerweile deutlich seltener besucht als vor zehn Jahren. Die Gr\u00fcnde hierf\u00fcr sind vielf\u00e4ltig und reichen von geringeren Angeboten durch Schlie\u00dfung w\u00e4hrend der Pandemiezeit, \u00fcber demografische Ver\u00e4nderungen bis hin zu beliebteren anderen Freizeitangeboten.<\/p>\n<\/div><div class=\"fusion-separator fusion-full-width-sep\" style=\"align-self: center;margin-left: auto;margin-right: auto;margin-top:50px;width:100%;\"><\/div><div class=\"fusion-text fusion-text-5\" style=\"--awb-content-alignment:left;\"><div class=\"infogram-embed\" data-id=\"93af445f-5158-4b43-8e35-300233bdd5b3\" data-type=\"interactive\"><\/div><script>!function(e,t,s,i){var n=\"InfogramEmbeds\",o=e.getElementsByTagName(\"script\"),d=o[0],r=\/^http:\/.test(e.location)?\"http:\":\"https:\";if(\/^\\\/{2}\/.test(i)&&(i=r+i),window[n]&&window[n].initialized)window[n].process&&window[n].process();else if(!e.getElementById(s)){var a=e.createElement(\"script\");a.async=1,a.id=s,a.src=i,d.parentNode.insertBefore(a,d)}}(document,0,\"infogram-async\",\"\/\/e.infogram.com\/js\/dist\/embed-loader-min.js\");<\/script>\n<\/div><div class=\"fusion-separator fusion-full-width-sep\" style=\"align-self: center;margin-left: auto;margin-right: auto;margin-top:50px;width:100%;\"><\/div><div class=\"fusion-text fusion-text-6\" style=\"--awb-margin-right:4%;\"><p style=\"font-weight: 400;\">Ebenfalls deutlich h\u00e4ufiger als vor zehn Jahren werden sportliche Aktivit\u00e4ten ausge\u00fcbt. Viele B\u00fcrger schn\u00fcren ihre Laufschuhe, setzen die Schwimmbrillen auf oder besuchen\u00a0ein Fitnessstudio. Die Begeisterung f\u00fcr bewegungsintensive Aktivit\u00e4ten zeugen einerseits von einem zunehmenden Gesundheitsbewusstsein, anderseits aber auch von einem gesteigerten Bed\u00fcrfnis nach Bewegung und damit einem Ausgleich zur Arbeits- sowie Freizeit am Schreibtisch oder Bildschirm.<\/p>\n<\/div><div class=\"fusion-separator fusion-full-width-sep\" style=\"align-self: center;margin-left: auto;margin-right: auto;margin-top:50px;width:100%;\"><\/div><div class=\"fusion-text fusion-text-7\" style=\"--awb-content-alignment:left;\"><div class=\"infogram-embed\" data-id=\"00938332-05e4-4766-a175-8bd16469c4da\" data-type=\"interactive\"><\/div><script>!function(e,t,s,i){var n=\"InfogramEmbeds\",o=e.getElementsByTagName(\"script\"),d=o[0],r=\/^http:\/.test(e.location)?\"http:\":\"https:\";if(\/^\\\/{2}\/.test(i)&&(i=r+i),window[n]&&window[n].initialized)window[n].process&&window[n].process();else if(!e.getElementById(s)){var a=e.createElement(\"script\");a.async=1,a.id=s,a.src=i,d.parentNode.insertBefore(a,d)}}(document,0,\"infogram-async\",\"\/\/e.infogram.com\/js\/dist\/embed-loader-min.js\");<\/script>\n<\/div><div class=\"fusion-separator fusion-full-width-sep\" style=\"align-self: center;margin-left: auto;margin-right: auto;margin-top:50px;width:100%;\"><\/div><div class=\"fusion-title title fusion-title-3 fusion-sep-none fusion-title-text fusion-title-size-two\" style=\"--awb-margin-top-small:10px;--awb-margin-right-small:0px;--awb-margin-bottom-small:10px;--awb-margin-left-small:0px;\"><h2 class=\"fusion-title-heading title-heading-left fusion-responsive-typography-calculated\" style=\"margin:0;--fontSize:35;line-height:var(--awb-typography1-line-height);\">WENIGER FREIZEIT F\u00dcR UND MIT ANDEREN<\/h2><\/div><div class=\"fusion-text fusion-text-8\" style=\"--awb-margin-right:4%;\"><p style=\"font-weight: 400;\">Der Austausch mit Nachbarn, gemeinsame Aktivit\u00e4ten mit Enkeln bzw. Gro\u00dfeltern, Unternehmungen mit Kindern, Freunden oder Bekannten sowie das Teilen von Momenten mit dem Partner, werden \u2013 im Vergleich zu vor einem Jahrzehnt \u2013 seltener ausge\u00fcbt. Laut Reinhardt l\u00e4sst sich die Entwicklung hin zu weniger zwischenmenschlichen Aktivit\u00e4ten in der Freizeit auf verschiedene Gr\u00fcnde zur\u00fcckf\u00fchren:<\/p>\n<blockquote>\n<p style=\"font-weight: 400;\"><em>\u201eDie modernen Lebensumst\u00e4nde zeichnen sich durch einen beschleunigten Rhythmus aus, der oft weniger Raum f\u00fcr gesellige Zusammenk\u00fcnfte l\u00e4sst. Dabei mag es paradox erscheinen, dass in einer Zeit, in der die Menschheit mehr vernetzt ist als je zuvor, pers\u00f6nliche Treffen und gemeinsame Unternehmungen an Bedeutung verlieren. F\u00fcr die Zukunft gilt eine Balance zwischen modernem Tempo und der Pflege enger menschlicher Verbindungen zu finden\u201c. <\/em><\/p>\n<\/blockquote>\n<\/div><div class=\"fusion-separator fusion-full-width-sep\" style=\"align-self: center;margin-left: auto;margin-right: auto;margin-top:50px;width:100%;\"><\/div><div class=\"fusion-text fusion-text-9\" style=\"--awb-content-alignment:left;\"><div class=\"infogram-embed\" data-id=\"1323880d-2adc-405b-b5fa-8a623c64a0fe\" data-type=\"interactive\"><\/div><script>!function(e,t,s,i){var n=\"InfogramEmbeds\",o=e.getElementsByTagName(\"script\"),d=o[0],r=\/^http:\/.test(e.location)?\"http:\":\"https:\";if(\/^\\\/{2}\/.test(i)&&(i=r+i),window[n]&&window[n].initialized)window[n].process&&window[n].process();else if(!e.getElementById(s)){var a=e.createElement(\"script\");a.async=1,a.id=s,a.src=i,d.parentNode.insertBefore(a,d)}}(document,0,\"infogram-async\",\"\/\/e.infogram.com\/js\/dist\/embed-loader-min.js\");<\/script>\n<\/div><div class=\"fusion-separator fusion-full-width-sep\" style=\"align-self: center;margin-left: auto;margin-right: auto;margin-top:50px;width:100%;\"><\/div><div class=\"fusion-title title fusion-title-4 fusion-sep-none fusion-title-text fusion-title-size-two\" style=\"--awb-margin-top-small:10px;--awb-margin-right-small:0px;--awb-margin-bottom-small:10px;--awb-margin-left-small:0px;\"><h2 class=\"fusion-title-heading title-heading-left fusion-responsive-typography-calculated\" style=\"margin:0;--fontSize:35;line-height:var(--awb-typography1-line-height);\">3 STUNDEN 55 MINUTEN FREIZEIT PRO WERKTAG<\/h2><\/div><div class=\"fusion-text fusion-text-10\" style=\"--awb-margin-right:4%;\"><p style=\"font-weight: 400;\">Im Vergleich zum ersten Coronajahr hat sich die durchschnittliche Freizeit der B\u00fcrger um fast eine halbe Stunde verringert. \u00dcberdurchschnittlich viel freie Zeit haben derzeit Ruhest\u00e4ndler mit knapp f\u00fcnf Stunden, vorhin gegen Eltern auf lediglich drei Stunden unter der Woche kommen.<\/p>\n<p style=\"font-weight: 400;\">Die Ver\u00e4nderung lassen sich auf unterschiedliche Faktoren zur\u00fcckzuf\u00fchren, wobei weniger Home-Office ein Hauptgrund ist. Zwar offerieren viele Firmen ihren Mitarbeitern weiterhin einen Teil ihrer Arbeitszeit daheim zu verbringen, jedoch kehren viele auch wieder zur\u00fcck in die Unternehmen. Die entsprechenden Wegezeiten zur und von den B\u00fcros und Werkhallen \u201efehlen\u201c im Freizeitbudget. Auch hat der Anteil an Verpflichtungen wieder zugenommen \u2013 seien es die Eink\u00e4ufe im Supermarkt, das morgendliche \u201efertig machen\u201c oder die Stunden als Trainer im Verein.<\/p>\n<p style=\"font-weight: 400;\">F\u00fcr die kommenden Jahre ist eine anhaltende gesteigerte Arbeitsbelastung wahrscheinlich, versucht die Wirtschaft sich doch zu stabilisieren. Deutlich mehr freie Zeit ist daher erst einmal unwahrscheinlich.<\/p>\n<\/div><div class=\"fusion-separator fusion-full-width-sep\" style=\"align-self: center;margin-left: auto;margin-right: auto;margin-top:50px;width:100%;\"><\/div><div class=\"fusion-text fusion-text-11\" style=\"--awb-content-alignment:left;\"><div class=\"infogram-embed\" data-id=\"e95917fa-e3ac-443f-862a-2f3ae46334d0\" data-type=\"interactive\"><\/div><script>!function(e,t,s,i){var n=\"InfogramEmbeds\",o=e.getElementsByTagName(\"script\"),d=o[0],r=\/^http:\/.test(e.location)?\"http:\":\"https:\";if(\/^\\\/{2}\/.test(i)&&(i=r+i),window[n]&&window[n].initialized)window[n].process&&window[n].process();else if(!e.getElementById(s)){var a=e.createElement(\"script\");a.async=1,a.id=s,a.src=i,d.parentNode.insertBefore(a,d)}}(document,0,\"infogram-async\",\"\/\/e.infogram.com\/js\/dist\/embed-loader-min.js\");<\/script>\n<\/div><div class=\"fusion-separator fusion-full-width-sep\" style=\"align-self: center;margin-left: auto;margin-right: auto;margin-top:50px;width:100%;\"><\/div><div class=\"fusion-text fusion-text-12\" style=\"--awb-margin-right:4%;\"><p>Auf <a href=\"http:\/\/www.freizeitmonitor.de\">www.freizeitmonitor.de<\/a> finden Sie viele weitere Ergebnisse dieser Studie. Schauen Sie gern vorbei!<\/p>\n<\/div><div ><a class=\"fusion-button button-flat fusion-button-default-size button-default fusion-button-default button-1 fusion-button-default-span fusion-button-default-type\" target=\"_self\" href=\"http:\/\/www.freizeitmonitor.de\"><span class=\"fusion-button-text awb-button__text awb-button__text--default\">zum Freizeit-Monitor<\/span><\/a><\/div><\/div><\/div><\/div><\/div><div class=\"fusion-fullwidth fullwidth-box fusion-builder-row-2 fusion-flex-container has-pattern-background has-mask-background nonhundred-percent-fullwidth non-hundred-percent-height-scrolling\" style=\"--awb-border-radius-top-left:0px;--awb-border-radius-top-right:0px;--awb-border-radius-bottom-right:0px;--awb-border-radius-bottom-left:0px;--awb-flex-wrap:wrap;\" ><div class=\"fusion-builder-row fusion-row fusion-flex-align-items-flex-start fusion-flex-content-wrap\" style=\"max-width:1664px;margin-left: calc(-4% \/ 2 );margin-right: calc(-4% \/ 2 );\"><div class=\"fusion-layout-column fusion_builder_column fusion-builder-column-1 fusion_builder_column_1_1 1_1 fusion-flex-column\" style=\"--awb-bg-size:cover;--awb-width-large:100%;--awb-margin-top-large:0px;--awb-spacing-right-large:1.92%;--awb-margin-bottom-large:30px;--awb-spacing-left-large:1.92%;--awb-width-medium:100%;--awb-order-medium:0;--awb-spacing-right-medium:1.92%;--awb-spacing-left-medium:1.92%;--awb-width-small:100%;--awb-order-small:0;--awb-spacing-right-small:1.92%;--awb-spacing-left-small:1.92%;\"><div class=\"fusion-column-wrapper fusion-column-has-shadow fusion-flex-justify-content-flex-start fusion-content-layout-column\"><\/div><\/div><\/div><\/div><\/p>\n","protected":false},"excerpt":{"rendered":"","protected":false},"author":37,"featured_media":0,"comment_status":"closed","ping_status":"open","sticky":false,"template":"","format":"standard","meta":{"_acf_changed":false,"footnotes":""},"categories":[1,24],"tags":[70],"class_list":["post-4681","post","type-post","status-publish","format-standard","hentry","category-forschung-aktuell","category-freizeit-monitor","tag-freizeit-medien"],"acf":{"ausgabe_nummer":"Forschung aktuell, 301","pdf-download_dateiname":"www.stiftungfuerzukunftsfragen.de_freizeit-monitor-2023-die-beliebtesten-freizeitaktivitaeten-der-deutschen.pdf"},"yoast_head":"<!-- This site is optimized with the Yoast SEO plugin v27.1.1 - https:\/\/yoast.com\/product\/yoast-seo-wordpress\/ -->\n<title>Freizeit-Monitor 2023: Die beliebtesten Freizeitaktivit\u00e4ten der Deutschen - Stiftung f\u00fcr Zukunftsfragen<\/title>\n<meta name=\"robots\" content=\"index, follow, max-snippet:-1, max-image-preview:large, max-video-preview:-1\" \/>\n<link rel=\"canonical\" href=\"https:\/\/www.stiftungfuerzukunftsfragen.de\/en\/leisure-monitor-2023-the-most-popular-leisure-activities-among-germans\/\" \/>\n<meta property=\"og:locale\" content=\"en_GB\" \/>\n<meta property=\"og:type\" content=\"article\" \/>\n<meta property=\"og:title\" content=\"Freizeit-Monitor 2023: Die beliebtesten Freizeitaktivit\u00e4ten der Deutschen - Stiftung f\u00fcr Zukunftsfragen\" \/>\n<meta property=\"og:url\" content=\"https:\/\/www.stiftungfuerzukunftsfragen.de\/en\/leisure-monitor-2023-the-most-popular-leisure-activities-among-germans\/\" \/>\n<meta property=\"og:site_name\" content=\"Stiftung f\u00fcr Zukunftsfragen\" \/>\n<meta property=\"article:publisher\" content=\"https:\/\/www.facebook.com\/pages\/Stiftung-fr-Zukunftsfragen\/207485789294838\" \/>\n<meta property=\"article:published_time\" content=\"2023-09-05T08:30:04+00:00\" \/>\n<meta property=\"article:modified_time\" content=\"2025-10-30T14:15:17+00:00\" \/>\n<meta name=\"author\" content=\"Carina M\u00f6nkemeyer\" \/>\n<meta name=\"twitter:card\" content=\"summary_large_image\" \/>\n<meta name=\"twitter:label1\" content=\"Written by\" \/>\n\t<meta name=\"twitter:data1\" content=\"Carina M\u00f6nkemeyer\" \/>\n\t<meta name=\"twitter:label2\" content=\"Estimated reading time\" \/>\n\t<meta name=\"twitter:data2\" content=\"9 minutes\" \/>\n<script type=\"application\/ld+json\" class=\"yoast-schema-graph\">{\"@context\":\"https:\/\/schema.org\",\"@graph\":[{\"@type\":\"Article\",\"@id\":\"https:\/\/www.stiftungfuerzukunftsfragen.de\/freizeit-monitor-2023-die-beliebtesten-freizeitaktivitaeten-der-deutschen\/#article\",\"isPartOf\":{\"@id\":\"https:\/\/www.stiftungfuerzukunftsfragen.de\/freizeit-monitor-2023-die-beliebtesten-freizeitaktivitaeten-der-deutschen\/\"},\"author\":{\"name\":\"Carina M\u00f6nkemeyer\",\"@id\":\"https:\/\/www.stiftungfuerzukunftsfragen.de\/#\/schema\/person\/fbe6a089bb71e464b6e9e91caaa06daa\"},\"headline\":\"Freizeit-Monitor 2023: Die beliebtesten Freizeitaktivit\u00e4ten der Deutschen\",\"datePublished\":\"2023-09-05T08:30:04+00:00\",\"dateModified\":\"2025-10-30T14:15:17+00:00\",\"mainEntityOfPage\":{\"@id\":\"https:\/\/www.stiftungfuerzukunftsfragen.de\/freizeit-monitor-2023-die-beliebtesten-freizeitaktivitaeten-der-deutschen\/\"},\"wordCount\":4370,\"publisher\":{\"@id\":\"https:\/\/www.stiftungfuerzukunftsfragen.de\/#organization\"},\"keywords\":[\"Freizeit &amp; Medien\"],\"articleSection\":[\"Forschung aktuell\",\"Freizeit-Monitor\"],\"inLanguage\":\"en-GB\"},{\"@type\":\"WebPage\",\"@id\":\"https:\/\/www.stiftungfuerzukunftsfragen.de\/freizeit-monitor-2023-die-beliebtesten-freizeitaktivitaeten-der-deutschen\/\",\"url\":\"https:\/\/www.stiftungfuerzukunftsfragen.de\/freizeit-monitor-2023-die-beliebtesten-freizeitaktivitaeten-der-deutschen\/\",\"name\":\"Freizeit-Monitor 2023: Die beliebtesten Freizeitaktivit\u00e4ten der Deutschen - Stiftung f\u00fcr Zukunftsfragen\",\"isPartOf\":{\"@id\":\"https:\/\/www.stiftungfuerzukunftsfragen.de\/#website\"},\"datePublished\":\"2023-09-05T08:30:04+00:00\",\"dateModified\":\"2025-10-30T14:15:17+00:00\",\"breadcrumb\":{\"@id\":\"https:\/\/www.stiftungfuerzukunftsfragen.de\/freizeit-monitor-2023-die-beliebtesten-freizeitaktivitaeten-der-deutschen\/#breadcrumb\"},\"inLanguage\":\"en-GB\",\"potentialAction\":[{\"@type\":\"ReadAction\",\"target\":[\"https:\/\/www.stiftungfuerzukunftsfragen.de\/freizeit-monitor-2023-die-beliebtesten-freizeitaktivitaeten-der-deutschen\/\"]}]},{\"@type\":\"BreadcrumbList\",\"@id\":\"https:\/\/www.stiftungfuerzukunftsfragen.de\/freizeit-monitor-2023-die-beliebtesten-freizeitaktivitaeten-der-deutschen\/#breadcrumb\",\"itemListElement\":[{\"@type\":\"ListItem\",\"position\":1,\"name\":\"Startseite\",\"item\":\"https:\/\/www.stiftungfuerzukunftsfragen.de\/\"},{\"@type\":\"ListItem\",\"position\":2,\"name\":\"Freizeit-Monitor 2023: Die beliebtesten Freizeitaktivit\u00e4ten der Deutschen\"}]},{\"@type\":\"WebSite\",\"@id\":\"https:\/\/www.stiftungfuerzukunftsfragen.de\/#website\",\"url\":\"https:\/\/www.stiftungfuerzukunftsfragen.de\/\",\"name\":\"Stiftung f\u00fcr Zukunftsfragen\",\"description\":\"Eine Initiative von BAT\",\"publisher\":{\"@id\":\"https:\/\/www.stiftungfuerzukunftsfragen.de\/#organization\"},\"potentialAction\":[{\"@type\":\"SearchAction\",\"target\":{\"@type\":\"EntryPoint\",\"urlTemplate\":\"https:\/\/www.stiftungfuerzukunftsfragen.de\/?s={search_term_string}\"},\"query-input\":{\"@type\":\"PropertyValueSpecification\",\"valueRequired\":true,\"valueName\":\"search_term_string\"}}],\"inLanguage\":\"en-GB\"},{\"@type\":\"Organization\",\"@id\":\"https:\/\/www.stiftungfuerzukunftsfragen.de\/#organization\",\"name\":\"Stiftung f\u00fcr Zukunftsfragen\",\"url\":\"https:\/\/www.stiftungfuerzukunftsfragen.de\/\",\"logo\":{\"@type\":\"ImageObject\",\"inLanguage\":\"en-GB\",\"@id\":\"https:\/\/www.stiftungfuerzukunftsfragen.de\/#\/schema\/logo\/image\/\",\"url\":\"https:\/\/www.stiftungfuerzukunftsfragen.de\/wp-content\/uploads\/Stiftung-fuer-Zukunftsfragen-Logo-e1662668075158.png\",\"contentUrl\":\"https:\/\/www.stiftungfuerzukunftsfragen.de\/wp-content\/uploads\/Stiftung-fuer-Zukunftsfragen-Logo-e1662668075158.png\",\"width\":609,\"height\":144,\"caption\":\"Stiftung f\u00fcr Zukunftsfragen\"},\"image\":{\"@id\":\"https:\/\/www.stiftungfuerzukunftsfragen.de\/#\/schema\/logo\/image\/\"},\"sameAs\":[\"https:\/\/www.facebook.com\/pages\/Stiftung-fr-Zukunftsfragen\/207485789294838\"]},{\"@type\":\"Person\",\"@id\":\"https:\/\/www.stiftungfuerzukunftsfragen.de\/#\/schema\/person\/fbe6a089bb71e464b6e9e91caaa06daa\",\"name\":\"Carina M\u00f6nkemeyer\"}]}<\/script>\n<!-- \/ Yoast SEO plugin. -->","yoast_head_json":{"title":"Leisure Time Monitor 2023: Germans' favourite leisure activities - Stiftung f\u00fcr Zukunftsfragen","robots":{"index":"index","follow":"follow","max-snippet":"max-snippet:-1","max-image-preview":"max-image-preview:large","max-video-preview":"max-video-preview:-1"},"canonical":"https:\/\/www.stiftungfuerzukunftsfragen.de\/en\/leisure-monitor-2023-the-most-popular-leisure-activities-among-germans\/","og_locale":"en_GB","og_type":"article","og_title":"Freizeit-Monitor 2023: Die beliebtesten Freizeitaktivit\u00e4ten der Deutschen - Stiftung f\u00fcr Zukunftsfragen","og_url":"https:\/\/www.stiftungfuerzukunftsfragen.de\/en\/leisure-monitor-2023-the-most-popular-leisure-activities-among-germans\/","og_site_name":"Stiftung f\u00fcr Zukunftsfragen","article_publisher":"https:\/\/www.facebook.com\/pages\/Stiftung-fr-Zukunftsfragen\/207485789294838","article_published_time":"2023-09-05T08:30:04+00:00","article_modified_time":"2025-10-30T14:15:17+00:00","author":"Carina M\u00f6nkemeyer","twitter_card":"summary_large_image","twitter_misc":{"Written by":"Carina M\u00f6nkemeyer","Estimated reading time":"9 minutes"},"schema":{"@context":"https:\/\/schema.org","@graph":[{"@type":"Article","@id":"https:\/\/www.stiftungfuerzukunftsfragen.de\/freizeit-monitor-2023-die-beliebtesten-freizeitaktivitaeten-der-deutschen\/#article","isPartOf":{"@id":"https:\/\/www.stiftungfuerzukunftsfragen.de\/freizeit-monitor-2023-die-beliebtesten-freizeitaktivitaeten-der-deutschen\/"},"author":{"name":"Carina M\u00f6nkemeyer","@id":"https:\/\/www.stiftungfuerzukunftsfragen.de\/#\/schema\/person\/fbe6a089bb71e464b6e9e91caaa06daa"},"headline":"Freizeit-Monitor 2023: Die beliebtesten Freizeitaktivit\u00e4ten der Deutschen","datePublished":"2023-09-05T08:30:04+00:00","dateModified":"2025-10-30T14:15:17+00:00","mainEntityOfPage":{"@id":"https:\/\/www.stiftungfuerzukunftsfragen.de\/freizeit-monitor-2023-die-beliebtesten-freizeitaktivitaeten-der-deutschen\/"},"wordCount":4370,"publisher":{"@id":"https:\/\/www.stiftungfuerzukunftsfragen.de\/#organization"},"keywords":["Freizeit &amp; Medien"],"articleSection":["Forschung aktuell","Freizeit-Monitor"],"inLanguage":"en-GB"},{"@type":"WebPage","@id":"https:\/\/www.stiftungfuerzukunftsfragen.de\/freizeit-monitor-2023-die-beliebtesten-freizeitaktivitaeten-der-deutschen\/","url":"https:\/\/www.stiftungfuerzukunftsfragen.de\/freizeit-monitor-2023-die-beliebtesten-freizeitaktivitaeten-der-deutschen\/","name":"Leisure Time Monitor 2023: Germans' favourite leisure activities - Stiftung f\u00fcr Zukunftsfragen","isPartOf":{"@id":"https:\/\/www.stiftungfuerzukunftsfragen.de\/#website"},"datePublished":"2023-09-05T08:30:04+00:00","dateModified":"2025-10-30T14:15:17+00:00","breadcrumb":{"@id":"https:\/\/www.stiftungfuerzukunftsfragen.de\/freizeit-monitor-2023-die-beliebtesten-freizeitaktivitaeten-der-deutschen\/#breadcrumb"},"inLanguage":"en-GB","potentialAction":[{"@type":"ReadAction","target":["https:\/\/www.stiftungfuerzukunftsfragen.de\/freizeit-monitor-2023-die-beliebtesten-freizeitaktivitaeten-der-deutschen\/"]}]},{"@type":"BreadcrumbList","@id":"https:\/\/www.stiftungfuerzukunftsfragen.de\/freizeit-monitor-2023-die-beliebtesten-freizeitaktivitaeten-der-deutschen\/#breadcrumb","itemListElement":[{"@type":"ListItem","position":1,"name":"Startseite","item":"https:\/\/www.stiftungfuerzukunftsfragen.de\/"},{"@type":"ListItem","position":2,"name":"Freizeit-Monitor 2023: Die beliebtesten Freizeitaktivit\u00e4ten der Deutschen"}]},{"@type":"WebSite","@id":"https:\/\/www.stiftungfuerzukunftsfragen.de\/#website","url":"https:\/\/www.stiftungfuerzukunftsfragen.de\/","name":"Foundation for Future Issues","description":"An initiative by BAT","publisher":{"@id":"https:\/\/www.stiftungfuerzukunftsfragen.de\/#organization"},"potentialAction":[{"@type":"SearchAction","target":{"@type":"EntryPoint","urlTemplate":"https:\/\/www.stiftungfuerzukunftsfragen.de\/?s={search_term_string}"},"query-input":{"@type":"PropertyValueSpecification","valueRequired":true,"valueName":"search_term_string"}}],"inLanguage":"en-GB"},{"@type":"Organization","@id":"https:\/\/www.stiftungfuerzukunftsfragen.de\/#organization","name":"Foundation for Future Issues","url":"https:\/\/www.stiftungfuerzukunftsfragen.de\/","logo":{"@type":"ImageObject","inLanguage":"en-GB","@id":"https:\/\/www.stiftungfuerzukunftsfragen.de\/#\/schema\/logo\/image\/","url":"https:\/\/www.stiftungfuerzukunftsfragen.de\/wp-content\/uploads\/Stiftung-fuer-Zukunftsfragen-Logo-e1662668075158.png","contentUrl":"https:\/\/www.stiftungfuerzukunftsfragen.de\/wp-content\/uploads\/Stiftung-fuer-Zukunftsfragen-Logo-e1662668075158.png","width":609,"height":144,"caption":"Stiftung f\u00fcr Zukunftsfragen"},"image":{"@id":"https:\/\/www.stiftungfuerzukunftsfragen.de\/#\/schema\/logo\/image\/"},"sameAs":["https:\/\/www.facebook.com\/pages\/Stiftung-fr-Zukunftsfragen\/207485789294838"]},{"@type":"Person","@id":"https:\/\/www.stiftungfuerzukunftsfragen.de\/#\/schema\/person\/fbe6a089bb71e464b6e9e91caaa06daa","name":"Carina M\u00f6nkemeyer"}]}},"_links":{"self":[{"href":"https:\/\/www.stiftungfuerzukunftsfragen.de\/en\/wp-json\/wp\/v2\/posts\/4681","targetHints":{"allow":["GET"]}}],"collection":[{"href":"https:\/\/www.stiftungfuerzukunftsfragen.de\/en\/wp-json\/wp\/v2\/posts"}],"about":[{"href":"https:\/\/www.stiftungfuerzukunftsfragen.de\/en\/wp-json\/wp\/v2\/types\/post"}],"author":[{"embeddable":true,"href":"https:\/\/www.stiftungfuerzukunftsfragen.de\/en\/wp-json\/wp\/v2\/users\/37"}],"replies":[{"embeddable":true,"href":"https:\/\/www.stiftungfuerzukunftsfragen.de\/en\/wp-json\/wp\/v2\/comments?post=4681"}],"version-history":[{"count":7,"href":"https:\/\/www.stiftungfuerzukunftsfragen.de\/en\/wp-json\/wp\/v2\/posts\/4681\/revisions"}],"predecessor-version":[{"id":4689,"href":"https:\/\/www.stiftungfuerzukunftsfragen.de\/en\/wp-json\/wp\/v2\/posts\/4681\/revisions\/4689"}],"wp:attachment":[{"href":"https:\/\/www.stiftungfuerzukunftsfragen.de\/en\/wp-json\/wp\/v2\/media?parent=4681"}],"wp:term":[{"taxonomy":"category","embeddable":true,"href":"https:\/\/www.stiftungfuerzukunftsfragen.de\/en\/wp-json\/wp\/v2\/categories?post=4681"},{"taxonomy":"post_tag","embeddable":true,"href":"https:\/\/www.stiftungfuerzukunftsfragen.de\/en\/wp-json\/wp\/v2\/tags?post=4681"}],"curies":[{"name":"wp","href":"https:\/\/api.w.org\/{rel}","templated":true}]}}