{"id":4761,"date":"2023-10-19T07:30:20","date_gmt":"2023-10-19T05:30:20","guid":{"rendered":"https:\/\/www.stiftungfuerzukunftsfragen.de\/?p=4761"},"modified":"2025-10-31T08:06:48","modified_gmt":"2025-10-31T07:06:48","slug":"second-holiday-boom-despite-wars-crisis-and-climate-change","status":"publish","type":"post","link":"https:\/\/www.stiftungfuerzukunftsfragen.de\/en\/zweiturlaubsboom-trotz-kriege-krise-und-klimawandel\/","title":{"rendered":"Second holiday boom despite wars, crisis and climate change"},"content":{"rendered":"<div class=\"infogram-embed\" data-id=\"zweiturlaubsboom-trotz-kriege-krise-und-klimawandel-1h984woexq1nz6p\" data-type=\"interactive\"><\/div><script>!function(e,t,s,i){var n=\"InfogramEmbeds\",o=e.getElementsByTagName(\"script\"),d=o[0],r=\/^http:\/.test(e.location)?\"http:\":\"https:\";if(\/^\\\/{2}\/.test(i)&&(i=r+i),window[n]&&window[n].initialized)window[n].process&&window[n].process();else if(!e.getElementById(s)){var a=e.createElement(\"script\");a.async=1,a.id=s,a.src=i,d.parentNode.insertBefore(a,d)}}(document,0,\"infogram-async\",\"\/\/e.infogram.com\/js\/dist\/embed-loader-min.js\");<\/script>\n<p>&nbsp;<\/p>\n<h3><strong>Ergebnis<\/strong><\/h3>\n<p><strong>In zahlreichen Bundesl\u00e4ndern sind derzeit Herbstferien. Zwei Wochen lang ausschlafen, keine Schule und wenn m\u00f6glich ein paar Tage den Alltag hinter sich lassen und wegfahren. 29 Prozent der Bundesb\u00fcrger planen dieses Jahr wenigsten zweimal ihre Koffer zu packen und zu verreisen. Hierbei hat das Haushaltseinkommen einen entscheidenden Einfluss auf die Reisefrequenz. Sind fast zwei Drittel der Besserverdienenden mehrmals pro Jahr unterwegs, kann sich diesen Luxus nur etwa jeder zehnte Geringverdienerhaushalt leisten.<\/strong><br \/>\n<strong>Auf der anderen Seite zeigt sich jedoch auch die Bedeutung des Urlaubs insgesamt: So plante vor f\u00fcnf Jahren nur etwa jeder siebte Bundesb\u00fcrger mehrmals im Jahr zu verreisen und vor zehn Jahren lediglich jeder Zehnte.<\/strong><\/p>\n<p>&nbsp;<\/p>\n<h3><strong>Gr\u00fcnde<\/strong><\/h3>\n<p><strong>Die gravierenden Unterschiede im Reiseverhalten zwischen Besserverdienenden und Geringverdienern lassen sich vor allem auf das Haushaltseinkommen und vorhandene R\u00fccklagen zur\u00fcckf\u00fchren. Besserverdienende Haushalte verf\u00fcgen \u00fcber ein deutlich h\u00f6heres Einkommen, was es ihnen erm\u00f6glicht, h\u00e4ufiger Urlaube zu planen und zu finanzieren. Bei Geringverdienern reicht das Urlaubsbudget dagegen \u2013 wenn \u00fcberhaupt \u2013 lediglich f\u00fcr eine Reise pro Jahr.<\/strong><br \/>\n<strong>Die Steigerung der Reisefrequenz im Jahresvergleich steht zweifellos im Kontrast zu aktuellen wirtschaftlichen und gesellschaftlichen Unsicherheiten wie steigenden Kriegs\u00e4ngsten, Inflationsbedenken, Klimawandel oder Sparma\u00dfnahmen. Sie allein mit einem Coronanachhochbed\u00fcrfnis zu erkl\u00e4ren, greift zu kurz. Vielmehr zeigt sie die Sehnsucht nach Erholung, die Bedeutung von Reisen als Kontrast zum Alltag, sowie den h\u00f6heren Stellenwert des Unterwegsseins gegen\u00fcber anderen Lebensbereichen oder Anschaffungen. Die hier genannten Gr\u00fcnde, gepaart mit einem laut Studien steigendem Stresslevel seitens vieler Arbeitnehmer, vergr\u00f6\u00dfern den Wunsch nach weiteren Urlauben und Auszeiten im Jahr.<\/strong><\/p>\n<p>&nbsp;<\/p>\n<h3><strong>Prognose<\/strong><\/h3>\n<p><strong>Die Spaltung der Gesellschaft wird sich vermehrt auch immer st\u00e4rker beim Reisen zeigen: W\u00e4hrend ein Teil der Bev\u00f6lkerung zuk\u00fcnftig noch h\u00e4ufiger unterwegs sein wird, wird die Quote von Mehrfachurlaubern mit einem geringen Einkommen bestenfalls stagnieren. Die Reisebranche wird hierauf reagieren (m\u00fcssen) und zuk\u00fcnftig mehr Angebote im 1 und 2 Sterne Bereich offerieren.<\/strong><br \/>\n<strong>Langfristig k\u00f6nnen alle im Tourismussektor t\u00e4tigen Unternehmen von steigenden G\u00e4stezahlen ausgehen. Zu hoch ist der Stellenwert des Verreisens, zu gro\u00df das Interesse unterwegs zu sein, zu wichtig die Erholung und zu attraktiv die Reiseziele, um nicht auch zuk\u00fcnftig m\u00f6glichst oft die Koffer zu packen. Dabei werden zweifelslos die wirtschaftlichen und gesellschaftlichen Rahmenbedingungen eine gro\u00dfe Rolle spielen, aber wie nach jeder wirtschaftlichen Rezession werden auch zuk\u00fcnftig Jahre des Wirtschaftswachstums und des gesellschaftlichen Wohlstandes normal sein<\/strong><\/p>\n","protected":false},"excerpt":{"rendered":"<p>Many federal states are currently on their autumn holidays. Two weeks of sleeping in, no school and, if possible, leaving everyday life behind for a few days and travelling away. 29 per cent of Germans are planning to pack their bags and travel at least twice this year. Household income has a decisive influence on the frequency of travelling. While almost two thirds of high-income earners travel several times a year, only around one in ten low-income households can afford this luxury.<\/p>","protected":false},"author":37,"featured_media":4762,"comment_status":"closed","ping_status":"open","sticky":false,"template":"","format":"standard","meta":{"_acf_changed":false,"footnotes":""},"categories":[53],"tags":[67],"class_list":["post-4761","post","type-post","status-publish","format-standard","has-post-thumbnail","hentry","category-chart-der-woche","tag-zukunftserwartungen"],"acf":{"ausgabe_nummer":"Chart der Woche, 2023-KW42","pdf-download_dateiname":"www.stiftungfuerzukunftsfragen.de_zweiturlaubsboom-trotz-kriege-krise-und-klimawandel.pdf"},"yoast_head":"<!-- This site is optimized with the Yoast SEO plugin v27.1.1 - https:\/\/yoast.com\/product\/yoast-seo-wordpress\/ -->\n<title>Zweiturlaubsboom trotz Kriege, Krise und Klimawandel - Stiftung f\u00fcr Zukunftsfragen<\/title>\n<meta name=\"robots\" content=\"index, follow, max-snippet:-1, max-image-preview:large, max-video-preview:-1\" \/>\n<link rel=\"canonical\" href=\"https:\/\/www.stiftungfuerzukunftsfragen.de\/en\/second-holiday-boom-despite-wars-crisis-and-climate-change\/\" \/>\n<meta property=\"og:locale\" content=\"en_GB\" \/>\n<meta property=\"og:type\" content=\"article\" \/>\n<meta property=\"og:title\" content=\"Zweiturlaubsboom trotz Kriege, Krise und Klimawandel - Stiftung f\u00fcr Zukunftsfragen\" \/>\n<meta property=\"og:description\" content=\"In zahlreichen Bundesl\u00e4ndern sind derzeit Herbstferien. Zwei Wochen lang ausschlafen, keine Schule und wenn m\u00f6glich ein paar Tage den Alltag hinter sich lassen und wegfahren. 29 Prozent der Bundesb\u00fcrger planen dieses Jahr wenigsten zweimal ihre Koffer zu packen und zu verreisen. Hierbei hat das Haushaltseinkommen einen entscheidenden Einfluss auf die Reisefrequenz. Sind fast zwei Drittel der Besserverdienenden mehrmals pro Jahr unterwegs, kann sich diesen Luxus nur etwa jeder zehnte Geringverdienerhaushalt leisten.\" \/>\n<meta property=\"og:url\" content=\"https:\/\/www.stiftungfuerzukunftsfragen.de\/en\/second-holiday-boom-despite-wars-crisis-and-climate-change\/\" \/>\n<meta property=\"og:site_name\" content=\"Stiftung f\u00fcr Zukunftsfragen\" \/>\n<meta property=\"article:publisher\" content=\"https:\/\/www.facebook.com\/pages\/Stiftung-fr-Zukunftsfragen\/207485789294838\" \/>\n<meta property=\"article:published_time\" content=\"2023-10-19T05:30:20+00:00\" \/>\n<meta property=\"article:modified_time\" content=\"2025-10-31T07:06:48+00:00\" \/>\n<meta property=\"og:image\" content=\"https:\/\/www.stiftungfuerzukunftsfragen.de\/wp-content\/uploads\/suitcase-4410369_1280.jpg\" \/>\n\t<meta property=\"og:image:width\" content=\"1280\" \/>\n\t<meta property=\"og:image:height\" content=\"821\" \/>\n\t<meta property=\"og:image:type\" content=\"image\/jpeg\" \/>\n<meta name=\"author\" content=\"Carina M\u00f6nkemeyer\" \/>\n<meta name=\"twitter:card\" content=\"summary_large_image\" \/>\n<meta name=\"twitter:label1\" content=\"Written by\" \/>\n\t<meta name=\"twitter:data1\" content=\"Carina M\u00f6nkemeyer\" \/>\n\t<meta name=\"twitter:label2\" content=\"Estimated reading time\" \/>\n\t<meta name=\"twitter:data2\" content=\"3 minutes\" \/>\n<script type=\"application\/ld+json\" class=\"yoast-schema-graph\">{\"@context\":\"https:\/\/schema.org\",\"@graph\":[{\"@type\":\"Article\",\"@id\":\"https:\/\/www.stiftungfuerzukunftsfragen.de\/zweiturlaubsboom-trotz-kriege-krise-und-klimawandel\/#article\",\"isPartOf\":{\"@id\":\"https:\/\/www.stiftungfuerzukunftsfragen.de\/zweiturlaubsboom-trotz-kriege-krise-und-klimawandel\/\"},\"author\":{\"name\":\"Carina M\u00f6nkemeyer\",\"@id\":\"https:\/\/www.stiftungfuerzukunftsfragen.de\/#\/schema\/person\/fbe6a089bb71e464b6e9e91caaa06daa\"},\"headline\":\"Zweiturlaubsboom trotz Kriege, Krise und Klimawandel\",\"datePublished\":\"2023-10-19T05:30:20+00:00\",\"dateModified\":\"2025-10-31T07:06:48+00:00\",\"mainEntityOfPage\":{\"@id\":\"https:\/\/www.stiftungfuerzukunftsfragen.de\/zweiturlaubsboom-trotz-kriege-krise-und-klimawandel\/\"},\"wordCount\":422,\"publisher\":{\"@id\":\"https:\/\/www.stiftungfuerzukunftsfragen.de\/#organization\"},\"image\":{\"@id\":\"https:\/\/www.stiftungfuerzukunftsfragen.de\/zweiturlaubsboom-trotz-kriege-krise-und-klimawandel\/#primaryimage\"},\"thumbnailUrl\":\"https:\/\/www.stiftungfuerzukunftsfragen.de\/wp-content\/uploads\/suitcase-4410369_1280.jpg\",\"keywords\":[\"Zukunftserwartungen\"],\"articleSection\":[\"Chart der Woche\"],\"inLanguage\":\"en-GB\"},{\"@type\":\"WebPage\",\"@id\":\"https:\/\/www.stiftungfuerzukunftsfragen.de\/zweiturlaubsboom-trotz-kriege-krise-und-klimawandel\/\",\"url\":\"https:\/\/www.stiftungfuerzukunftsfragen.de\/zweiturlaubsboom-trotz-kriege-krise-und-klimawandel\/\",\"name\":\"Zweiturlaubsboom trotz Kriege, Krise und Klimawandel - Stiftung f\u00fcr Zukunftsfragen\",\"isPartOf\":{\"@id\":\"https:\/\/www.stiftungfuerzukunftsfragen.de\/#website\"},\"primaryImageOfPage\":{\"@id\":\"https:\/\/www.stiftungfuerzukunftsfragen.de\/zweiturlaubsboom-trotz-kriege-krise-und-klimawandel\/#primaryimage\"},\"image\":{\"@id\":\"https:\/\/www.stiftungfuerzukunftsfragen.de\/zweiturlaubsboom-trotz-kriege-krise-und-klimawandel\/#primaryimage\"},\"thumbnailUrl\":\"https:\/\/www.stiftungfuerzukunftsfragen.de\/wp-content\/uploads\/suitcase-4410369_1280.jpg\",\"datePublished\":\"2023-10-19T05:30:20+00:00\",\"dateModified\":\"2025-10-31T07:06:48+00:00\",\"breadcrumb\":{\"@id\":\"https:\/\/www.stiftungfuerzukunftsfragen.de\/zweiturlaubsboom-trotz-kriege-krise-und-klimawandel\/#breadcrumb\"},\"inLanguage\":\"en-GB\",\"potentialAction\":[{\"@type\":\"ReadAction\",\"target\":[\"https:\/\/www.stiftungfuerzukunftsfragen.de\/zweiturlaubsboom-trotz-kriege-krise-und-klimawandel\/\"]}]},{\"@type\":\"ImageObject\",\"inLanguage\":\"en-GB\",\"@id\":\"https:\/\/www.stiftungfuerzukunftsfragen.de\/zweiturlaubsboom-trotz-kriege-krise-und-klimawandel\/#primaryimage\",\"url\":\"https:\/\/www.stiftungfuerzukunftsfragen.de\/wp-content\/uploads\/suitcase-4410369_1280.jpg\",\"contentUrl\":\"https:\/\/www.stiftungfuerzukunftsfragen.de\/wp-content\/uploads\/suitcase-4410369_1280.jpg\",\"width\":1280,\"height\":821},{\"@type\":\"BreadcrumbList\",\"@id\":\"https:\/\/www.stiftungfuerzukunftsfragen.de\/zweiturlaubsboom-trotz-kriege-krise-und-klimawandel\/#breadcrumb\",\"itemListElement\":[{\"@type\":\"ListItem\",\"position\":1,\"name\":\"Startseite\",\"item\":\"https:\/\/www.stiftungfuerzukunftsfragen.de\/\"},{\"@type\":\"ListItem\",\"position\":2,\"name\":\"Zweiturlaubsboom trotz Kriege, Krise und Klimawandel\"}]},{\"@type\":\"WebSite\",\"@id\":\"https:\/\/www.stiftungfuerzukunftsfragen.de\/#website\",\"url\":\"https:\/\/www.stiftungfuerzukunftsfragen.de\/\",\"name\":\"Stiftung f\u00fcr Zukunftsfragen\",\"description\":\"Eine Initiative von BAT\",\"publisher\":{\"@id\":\"https:\/\/www.stiftungfuerzukunftsfragen.de\/#organization\"},\"potentialAction\":[{\"@type\":\"SearchAction\",\"target\":{\"@type\":\"EntryPoint\",\"urlTemplate\":\"https:\/\/www.stiftungfuerzukunftsfragen.de\/?s={search_term_string}\"},\"query-input\":{\"@type\":\"PropertyValueSpecification\",\"valueRequired\":true,\"valueName\":\"search_term_string\"}}],\"inLanguage\":\"en-GB\"},{\"@type\":\"Organization\",\"@id\":\"https:\/\/www.stiftungfuerzukunftsfragen.de\/#organization\",\"name\":\"Stiftung f\u00fcr Zukunftsfragen\",\"url\":\"https:\/\/www.stiftungfuerzukunftsfragen.de\/\",\"logo\":{\"@type\":\"ImageObject\",\"inLanguage\":\"en-GB\",\"@id\":\"https:\/\/www.stiftungfuerzukunftsfragen.de\/#\/schema\/logo\/image\/\",\"url\":\"https:\/\/www.stiftungfuerzukunftsfragen.de\/wp-content\/uploads\/Stiftung-fuer-Zukunftsfragen-Logo-e1662668075158.png\",\"contentUrl\":\"https:\/\/www.stiftungfuerzukunftsfragen.de\/wp-content\/uploads\/Stiftung-fuer-Zukunftsfragen-Logo-e1662668075158.png\",\"width\":609,\"height\":144,\"caption\":\"Stiftung f\u00fcr Zukunftsfragen\"},\"image\":{\"@id\":\"https:\/\/www.stiftungfuerzukunftsfragen.de\/#\/schema\/logo\/image\/\"},\"sameAs\":[\"https:\/\/www.facebook.com\/pages\/Stiftung-fr-Zukunftsfragen\/207485789294838\"]},{\"@type\":\"Person\",\"@id\":\"https:\/\/www.stiftungfuerzukunftsfragen.de\/#\/schema\/person\/fbe6a089bb71e464b6e9e91caaa06daa\",\"name\":\"Carina M\u00f6nkemeyer\"}]}<\/script>\n<!-- \/ Yoast SEO plugin. -->","yoast_head_json":{"title":"Second holiday boom despite wars, crisis and climate change - Stiftung f\u00fcr Zukunftsfragen","robots":{"index":"index","follow":"follow","max-snippet":"max-snippet:-1","max-image-preview":"max-image-preview:large","max-video-preview":"max-video-preview:-1"},"canonical":"https:\/\/www.stiftungfuerzukunftsfragen.de\/en\/second-holiday-boom-despite-wars-crisis-and-climate-change\/","og_locale":"en_GB","og_type":"article","og_title":"Zweiturlaubsboom trotz Kriege, Krise und Klimawandel - Stiftung f\u00fcr Zukunftsfragen","og_description":"In zahlreichen Bundesl\u00e4ndern sind derzeit Herbstferien. Zwei Wochen lang ausschlafen, keine Schule und wenn m\u00f6glich ein paar Tage den Alltag hinter sich lassen und wegfahren. 29 Prozent der Bundesb\u00fcrger planen dieses Jahr wenigsten zweimal ihre Koffer zu packen und zu verreisen. Hierbei hat das Haushaltseinkommen einen entscheidenden Einfluss auf die Reisefrequenz. Sind fast zwei Drittel der Besserverdienenden mehrmals pro Jahr unterwegs, kann sich diesen Luxus nur etwa jeder zehnte Geringverdienerhaushalt leisten.","og_url":"https:\/\/www.stiftungfuerzukunftsfragen.de\/en\/second-holiday-boom-despite-wars-crisis-and-climate-change\/","og_site_name":"Stiftung f\u00fcr Zukunftsfragen","article_publisher":"https:\/\/www.facebook.com\/pages\/Stiftung-fr-Zukunftsfragen\/207485789294838","article_published_time":"2023-10-19T05:30:20+00:00","article_modified_time":"2025-10-31T07:06:48+00:00","og_image":[{"width":1280,"height":821,"url":"https:\/\/www.stiftungfuerzukunftsfragen.de\/wp-content\/uploads\/suitcase-4410369_1280.jpg","type":"image\/jpeg"}],"author":"Carina M\u00f6nkemeyer","twitter_card":"summary_large_image","twitter_misc":{"Written by":"Carina M\u00f6nkemeyer","Estimated reading time":"3 minutes"},"schema":{"@context":"https:\/\/schema.org","@graph":[{"@type":"Article","@id":"https:\/\/www.stiftungfuerzukunftsfragen.de\/zweiturlaubsboom-trotz-kriege-krise-und-klimawandel\/#article","isPartOf":{"@id":"https:\/\/www.stiftungfuerzukunftsfragen.de\/zweiturlaubsboom-trotz-kriege-krise-und-klimawandel\/"},"author":{"name":"Carina M\u00f6nkemeyer","@id":"https:\/\/www.stiftungfuerzukunftsfragen.de\/#\/schema\/person\/fbe6a089bb71e464b6e9e91caaa06daa"},"headline":"Zweiturlaubsboom trotz Kriege, Krise und Klimawandel","datePublished":"2023-10-19T05:30:20+00:00","dateModified":"2025-10-31T07:06:48+00:00","mainEntityOfPage":{"@id":"https:\/\/www.stiftungfuerzukunftsfragen.de\/zweiturlaubsboom-trotz-kriege-krise-und-klimawandel\/"},"wordCount":422,"publisher":{"@id":"https:\/\/www.stiftungfuerzukunftsfragen.de\/#organization"},"image":{"@id":"https:\/\/www.stiftungfuerzukunftsfragen.de\/zweiturlaubsboom-trotz-kriege-krise-und-klimawandel\/#primaryimage"},"thumbnailUrl":"https:\/\/www.stiftungfuerzukunftsfragen.de\/wp-content\/uploads\/suitcase-4410369_1280.jpg","keywords":["Zukunftserwartungen"],"articleSection":["Chart der Woche"],"inLanguage":"en-GB"},{"@type":"WebPage","@id":"https:\/\/www.stiftungfuerzukunftsfragen.de\/zweiturlaubsboom-trotz-kriege-krise-und-klimawandel\/","url":"https:\/\/www.stiftungfuerzukunftsfragen.de\/zweiturlaubsboom-trotz-kriege-krise-und-klimawandel\/","name":"Second holiday boom despite wars, crisis and climate change - Stiftung f\u00fcr Zukunftsfragen","isPartOf":{"@id":"https:\/\/www.stiftungfuerzukunftsfragen.de\/#website"},"primaryImageOfPage":{"@id":"https:\/\/www.stiftungfuerzukunftsfragen.de\/zweiturlaubsboom-trotz-kriege-krise-und-klimawandel\/#primaryimage"},"image":{"@id":"https:\/\/www.stiftungfuerzukunftsfragen.de\/zweiturlaubsboom-trotz-kriege-krise-und-klimawandel\/#primaryimage"},"thumbnailUrl":"https:\/\/www.stiftungfuerzukunftsfragen.de\/wp-content\/uploads\/suitcase-4410369_1280.jpg","datePublished":"2023-10-19T05:30:20+00:00","dateModified":"2025-10-31T07:06:48+00:00","breadcrumb":{"@id":"https:\/\/www.stiftungfuerzukunftsfragen.de\/zweiturlaubsboom-trotz-kriege-krise-und-klimawandel\/#breadcrumb"},"inLanguage":"en-GB","potentialAction":[{"@type":"ReadAction","target":["https:\/\/www.stiftungfuerzukunftsfragen.de\/zweiturlaubsboom-trotz-kriege-krise-und-klimawandel\/"]}]},{"@type":"ImageObject","inLanguage":"en-GB","@id":"https:\/\/www.stiftungfuerzukunftsfragen.de\/zweiturlaubsboom-trotz-kriege-krise-und-klimawandel\/#primaryimage","url":"https:\/\/www.stiftungfuerzukunftsfragen.de\/wp-content\/uploads\/suitcase-4410369_1280.jpg","contentUrl":"https:\/\/www.stiftungfuerzukunftsfragen.de\/wp-content\/uploads\/suitcase-4410369_1280.jpg","width":1280,"height":821},{"@type":"BreadcrumbList","@id":"https:\/\/www.stiftungfuerzukunftsfragen.de\/zweiturlaubsboom-trotz-kriege-krise-und-klimawandel\/#breadcrumb","itemListElement":[{"@type":"ListItem","position":1,"name":"Startseite","item":"https:\/\/www.stiftungfuerzukunftsfragen.de\/"},{"@type":"ListItem","position":2,"name":"Zweiturlaubsboom trotz Kriege, Krise und Klimawandel"}]},{"@type":"WebSite","@id":"https:\/\/www.stiftungfuerzukunftsfragen.de\/#website","url":"https:\/\/www.stiftungfuerzukunftsfragen.de\/","name":"Foundation for Future Issues","description":"An initiative by BAT","publisher":{"@id":"https:\/\/www.stiftungfuerzukunftsfragen.de\/#organization"},"potentialAction":[{"@type":"SearchAction","target":{"@type":"EntryPoint","urlTemplate":"https:\/\/www.stiftungfuerzukunftsfragen.de\/?s={search_term_string}"},"query-input":{"@type":"PropertyValueSpecification","valueRequired":true,"valueName":"search_term_string"}}],"inLanguage":"en-GB"},{"@type":"Organization","@id":"https:\/\/www.stiftungfuerzukunftsfragen.de\/#organization","name":"Foundation for Future Issues","url":"https:\/\/www.stiftungfuerzukunftsfragen.de\/","logo":{"@type":"ImageObject","inLanguage":"en-GB","@id":"https:\/\/www.stiftungfuerzukunftsfragen.de\/#\/schema\/logo\/image\/","url":"https:\/\/www.stiftungfuerzukunftsfragen.de\/wp-content\/uploads\/Stiftung-fuer-Zukunftsfragen-Logo-e1662668075158.png","contentUrl":"https:\/\/www.stiftungfuerzukunftsfragen.de\/wp-content\/uploads\/Stiftung-fuer-Zukunftsfragen-Logo-e1662668075158.png","width":609,"height":144,"caption":"Stiftung f\u00fcr Zukunftsfragen"},"image":{"@id":"https:\/\/www.stiftungfuerzukunftsfragen.de\/#\/schema\/logo\/image\/"},"sameAs":["https:\/\/www.facebook.com\/pages\/Stiftung-fr-Zukunftsfragen\/207485789294838"]},{"@type":"Person","@id":"https:\/\/www.stiftungfuerzukunftsfragen.de\/#\/schema\/person\/fbe6a089bb71e464b6e9e91caaa06daa","name":"Carina M\u00f6nkemeyer"}]}},"_links":{"self":[{"href":"https:\/\/www.stiftungfuerzukunftsfragen.de\/en\/wp-json\/wp\/v2\/posts\/4761","targetHints":{"allow":["GET"]}}],"collection":[{"href":"https:\/\/www.stiftungfuerzukunftsfragen.de\/en\/wp-json\/wp\/v2\/posts"}],"about":[{"href":"https:\/\/www.stiftungfuerzukunftsfragen.de\/en\/wp-json\/wp\/v2\/types\/post"}],"author":[{"embeddable":true,"href":"https:\/\/www.stiftungfuerzukunftsfragen.de\/en\/wp-json\/wp\/v2\/users\/37"}],"replies":[{"embeddable":true,"href":"https:\/\/www.stiftungfuerzukunftsfragen.de\/en\/wp-json\/wp\/v2\/comments?post=4761"}],"version-history":[{"count":2,"href":"https:\/\/www.stiftungfuerzukunftsfragen.de\/en\/wp-json\/wp\/v2\/posts\/4761\/revisions"}],"predecessor-version":[{"id":6272,"href":"https:\/\/www.stiftungfuerzukunftsfragen.de\/en\/wp-json\/wp\/v2\/posts\/4761\/revisions\/6272"}],"wp:featuredmedia":[{"embeddable":true,"href":"https:\/\/www.stiftungfuerzukunftsfragen.de\/en\/wp-json\/wp\/v2\/media\/4762"}],"wp:attachment":[{"href":"https:\/\/www.stiftungfuerzukunftsfragen.de\/en\/wp-json\/wp\/v2\/media?parent=4761"}],"wp:term":[{"taxonomy":"category","embeddable":true,"href":"https:\/\/www.stiftungfuerzukunftsfragen.de\/en\/wp-json\/wp\/v2\/categories?post=4761"},{"taxonomy":"post_tag","embeddable":true,"href":"https:\/\/www.stiftungfuerzukunftsfragen.de\/en\/wp-json\/wp\/v2\/tags?post=4761"}],"curies":[{"name":"wp","href":"https:\/\/api.w.org\/{rel}","templated":true}]}}