{"id":4764,"date":"2023-10-26T07:30:47","date_gmt":"2023-10-26T05:30:47","guid":{"rendered":"https:\/\/www.stiftungfuerzukunftsfragen.de\/?p=4764"},"modified":"2025-10-31T08:06:46","modified_gmt":"2025-10-31T07:06:46","slug":"the-growing-fear-of-age-related-poverty-reasons-and-forecasts","status":"publish","type":"post","link":"https:\/\/www.stiftungfuerzukunftsfragen.de\/en\/die-wachsende-angst-vor-altersarmut-gruende-und-prognosen\/","title":{"rendered":"The growing fear of poverty in old age: reasons and forecasts"},"content":{"rendered":"<div class=\"infogram-embed\" data-id=\"die-wachsende-angst-vor-altersarmut-grunde-und-prognosen-1hnp27m8pzljy2g\" data-type=\"interactive\"><\/div><script>!function(e,t,s,i){var n=\"InfogramEmbeds\",o=e.getElementsByTagName(\"script\"),d=o[0],r=\/^http:\/.test(e.location)?\"http:\":\"https:\";if(\/^\\\/{2}\/.test(i)&&(i=r+i),window[n]&&window[n].initialized)window[n].process&&window[n].process();else if(!e.getElementById(s)){var a=e.createElement(\"script\");a.async=1,a.id=s,a.src=i,d.parentNode.insertBefore(a,d)}}(document,0,\"infogram-async\",\"\/\/e.infogram.com\/js\/dist\/embed-loader-min.js\");<\/script>\n<p>&nbsp;<\/p>\n<h3><strong>Ergebnis<\/strong><\/h3>\n<p><strong>F\u00fcr neun von zehn Bundesb\u00fcrger stellt Altersarmut zuk\u00fcnftig ein ungel\u00f6stes Problem dar. Dabei ist es unerheblich, wie hoch das Alter, der Bildungsgrad oder das Einkommen sind, ob man auf dem Land oder in der Stadt lebt, m\u00e4nnlich oder weiblich ist. Im Jahresvergleich zu 2016 erh\u00f6hte sich diese Sorge um sechs-, im Gegensatz zu 2008 sogar um 14 Prozentpunkte.<\/strong><\/p>\n<p>&nbsp;<\/p>\n<h3><strong>Gr\u00fcnde<\/strong><\/h3>\n<p><strong>Verschiedene Faktoren tragen zur wachsenden Sorge um Altersarmut bei. Erstens haben viele B\u00fcrger Schwierigkeiten, w\u00e4hrend ihrer Erwerbsphase ausreichend R\u00fccklagen f\u00fcr das Alter zu bilden, sei es aufgrund niedriger L\u00f6hne, unstetiger Erwerbsbiografien, steigender Lebenshaltungskosten oder eines hohen Lebensstandards. Zweitens haben wirtschaftliche Krisen (u.a. bedingt durch Corona, Kriege und Inflation) sowie der Wandel in der Arbeitswelt (u.a. Kurzarbeit, Jobverlust, mehr prek\u00e4ren Arbeitsverh\u00e4ltnisse), das Vertrauen in die zuk\u00fcnftige Alterssicherung zunehmend untergraben. Drittens tr\u00e4gt auch die \u00f6ffentliche Diskussion \u00fcber Altersarmut dazu bei, welche angesichts einer steigenden Lebenserwartung, einer immer \u00e4lter werdenden Bev\u00f6lkerung und der derzeitigen Gefahr einer Rezession nicht unberechtigt ist.<\/strong><\/p>\n<p>&nbsp;<\/p>\n<h3><strong>Prognose<\/strong><\/h3>\n<p><strong>Die Bef\u00fcrchtungen der B\u00fcrger hinsichtlich einer zuk\u00fcnftigen Altersarmut werden sich mittelfristig nicht aufl\u00f6sen. Darauf weisen auch die hohen Zustimmungswerte von j\u00fcngeren und einkommensstarken Bev\u00f6lkerungsgruppen hin, die tendenziell weniger gef\u00e4hrdet sind und dennoch von einer steigenden Verarmung im Alter ausgehen. Die wachsende Sorge in der Bev\u00f6lkerung wird den politischen Druck erh\u00f6hen, zeitig umfassende Reformen in der Renten- und Sozialpolitik vorzunehmen. Jedoch werden politische Ma\u00dfnahmen allein nicht ausreichen, um das Problem der Altersarmut nachhaltig zu l\u00f6sen. Gefordert sind auch die Unternehmen, welche z.B. mithilfe von Betriebsrenten, Beteiligungen, flexiblen Arbeitszeitmodellen, Unterst\u00fctzung f\u00fcr \u00e4ltere Arbeitnehmer oder h\u00f6heren L\u00f6hnen dieser Angst entgegenwirken k\u00f6nnen. Zus\u00e4tzlich k\u00f6nnen auch die B\u00fcrger selbst durch eine private Alterssicherung, konsequente Weiterbildung aber auch durch geringere Ausgaben im Erwerbsalter dazu beizutragen, dass ein im Alter w\u00fcrdiges Leben f\u00fchrbar ist.<\/strong><br \/>\n<strong>\u00a0<\/strong><\/p>\n","protected":false},"excerpt":{"rendered":"<p>For nine out of ten German citizens, poverty in old age will be an unsolved problem in the future. It does not matter how old they are, their level of education or income, whether they live in the country or in the city, or whether they are male or female. Compared to 2016, this concern has increased by six percentage points, and by as much as 14 percentage points compared to 2008.<\/p>","protected":false},"author":37,"featured_media":4766,"comment_status":"closed","ping_status":"open","sticky":false,"template":"","format":"standard","meta":{"_acf_changed":false,"footnotes":""},"categories":[53],"tags":[67],"class_list":["post-4764","post","type-post","status-publish","format-standard","has-post-thumbnail","hentry","category-chart-der-woche","tag-zukunftserwartungen"],"acf":{"ausgabe_nummer":"Chart der Woche, 2023-KW43","pdf-download_dateiname":"www.stiftungfuerzukunftsfragen.de_die-wachsende-angst-vor-altersarmut-gruende-und-prognosen.pdf"},"yoast_head":"<!-- This site is optimized with the Yoast SEO plugin v27.1.1 - https:\/\/yoast.com\/product\/yoast-seo-wordpress\/ -->\n<title>Die wachsende Angst vor Altersarmut: Gr\u00fcnde und Prognosen - Stiftung f\u00fcr Zukunftsfragen<\/title>\n<meta name=\"robots\" content=\"index, follow, max-snippet:-1, max-image-preview:large, max-video-preview:-1\" \/>\n<link rel=\"canonical\" href=\"https:\/\/www.stiftungfuerzukunftsfragen.de\/en\/the-growing-fear-of-age-related-poverty-reasons-and-forecasts\/\" \/>\n<meta property=\"og:locale\" content=\"en_GB\" \/>\n<meta property=\"og:type\" content=\"article\" \/>\n<meta property=\"og:title\" content=\"Die wachsende Angst vor Altersarmut: Gr\u00fcnde und Prognosen - Stiftung f\u00fcr Zukunftsfragen\" \/>\n<meta property=\"og:description\" content=\"F\u00fcr neun von zehn Bundesb\u00fcrger stellt Altersarmut zuk\u00fcnftig ein ungel\u00f6stes Problem dar. Dabei ist es unerheblich, wie hoch das Alter, der Bildungsgrad oder das Einkommen sind, ob man auf dem Land oder in der Stadt lebt, m\u00e4nnlich oder weiblich ist. Im Jahresvergleich zu 2016 erh\u00f6hte sich diese Sorge um sechs-, im Gegensatz zu 2008 sogar um 14 Prozentpunkte.\" \/>\n<meta property=\"og:url\" content=\"https:\/\/www.stiftungfuerzukunftsfragen.de\/en\/the-growing-fear-of-age-related-poverty-reasons-and-forecasts\/\" \/>\n<meta property=\"og:site_name\" content=\"Stiftung f\u00fcr Zukunftsfragen\" \/>\n<meta property=\"article:publisher\" content=\"https:\/\/www.facebook.com\/pages\/Stiftung-fr-Zukunftsfragen\/207485789294838\" \/>\n<meta property=\"article:published_time\" content=\"2023-10-26T05:30:47+00:00\" \/>\n<meta property=\"article:modified_time\" content=\"2025-10-31T07:06:46+00:00\" \/>\n<meta property=\"og:image\" content=\"https:\/\/www.stiftungfuerzukunftsfragen.de\/wp-content\/uploads\/finger-2573745_1280.jpg\" \/>\n\t<meta property=\"og:image:width\" content=\"1280\" \/>\n\t<meta property=\"og:image:height\" content=\"975\" \/>\n\t<meta property=\"og:image:type\" content=\"image\/jpeg\" \/>\n<meta name=\"author\" content=\"Carina M\u00f6nkemeyer\" \/>\n<meta name=\"twitter:card\" content=\"summary_large_image\" \/>\n<meta name=\"twitter:label1\" content=\"Written by\" \/>\n\t<meta name=\"twitter:data1\" content=\"Carina M\u00f6nkemeyer\" \/>\n\t<meta name=\"twitter:label2\" content=\"Estimated reading time\" \/>\n\t<meta name=\"twitter:data2\" content=\"2 minutes\" \/>\n<script type=\"application\/ld+json\" class=\"yoast-schema-graph\">{\"@context\":\"https:\/\/schema.org\",\"@graph\":[{\"@type\":\"Article\",\"@id\":\"https:\/\/www.stiftungfuerzukunftsfragen.de\/die-wachsende-angst-vor-altersarmut-gruende-und-prognosen\/#article\",\"isPartOf\":{\"@id\":\"https:\/\/www.stiftungfuerzukunftsfragen.de\/die-wachsende-angst-vor-altersarmut-gruende-und-prognosen\/\"},\"author\":{\"name\":\"Carina M\u00f6nkemeyer\",\"@id\":\"https:\/\/www.stiftungfuerzukunftsfragen.de\/#\/schema\/person\/fbe6a089bb71e464b6e9e91caaa06daa\"},\"headline\":\"Die wachsende Angst vor Altersarmut: Gr\u00fcnde und Prognosen\",\"datePublished\":\"2023-10-26T05:30:47+00:00\",\"dateModified\":\"2025-10-31T07:06:46+00:00\",\"mainEntityOfPage\":{\"@id\":\"https:\/\/www.stiftungfuerzukunftsfragen.de\/die-wachsende-angst-vor-altersarmut-gruende-und-prognosen\/\"},\"wordCount\":345,\"publisher\":{\"@id\":\"https:\/\/www.stiftungfuerzukunftsfragen.de\/#organization\"},\"image\":{\"@id\":\"https:\/\/www.stiftungfuerzukunftsfragen.de\/die-wachsende-angst-vor-altersarmut-gruende-und-prognosen\/#primaryimage\"},\"thumbnailUrl\":\"https:\/\/www.stiftungfuerzukunftsfragen.de\/wp-content\/uploads\/finger-2573745_1280.jpg\",\"keywords\":[\"Zukunftserwartungen\"],\"articleSection\":[\"Chart der Woche\"],\"inLanguage\":\"en-GB\"},{\"@type\":\"WebPage\",\"@id\":\"https:\/\/www.stiftungfuerzukunftsfragen.de\/die-wachsende-angst-vor-altersarmut-gruende-und-prognosen\/\",\"url\":\"https:\/\/www.stiftungfuerzukunftsfragen.de\/die-wachsende-angst-vor-altersarmut-gruende-und-prognosen\/\",\"name\":\"Die wachsende Angst vor Altersarmut: Gr\u00fcnde und Prognosen - Stiftung f\u00fcr Zukunftsfragen\",\"isPartOf\":{\"@id\":\"https:\/\/www.stiftungfuerzukunftsfragen.de\/#website\"},\"primaryImageOfPage\":{\"@id\":\"https:\/\/www.stiftungfuerzukunftsfragen.de\/die-wachsende-angst-vor-altersarmut-gruende-und-prognosen\/#primaryimage\"},\"image\":{\"@id\":\"https:\/\/www.stiftungfuerzukunftsfragen.de\/die-wachsende-angst-vor-altersarmut-gruende-und-prognosen\/#primaryimage\"},\"thumbnailUrl\":\"https:\/\/www.stiftungfuerzukunftsfragen.de\/wp-content\/uploads\/finger-2573745_1280.jpg\",\"datePublished\":\"2023-10-26T05:30:47+00:00\",\"dateModified\":\"2025-10-31T07:06:46+00:00\",\"breadcrumb\":{\"@id\":\"https:\/\/www.stiftungfuerzukunftsfragen.de\/die-wachsende-angst-vor-altersarmut-gruende-und-prognosen\/#breadcrumb\"},\"inLanguage\":\"en-GB\",\"potentialAction\":[{\"@type\":\"ReadAction\",\"target\":[\"https:\/\/www.stiftungfuerzukunftsfragen.de\/die-wachsende-angst-vor-altersarmut-gruende-und-prognosen\/\"]}]},{\"@type\":\"ImageObject\",\"inLanguage\":\"en-GB\",\"@id\":\"https:\/\/www.stiftungfuerzukunftsfragen.de\/die-wachsende-angst-vor-altersarmut-gruende-und-prognosen\/#primaryimage\",\"url\":\"https:\/\/www.stiftungfuerzukunftsfragen.de\/wp-content\/uploads\/finger-2573745_1280.jpg\",\"contentUrl\":\"https:\/\/www.stiftungfuerzukunftsfragen.de\/wp-content\/uploads\/finger-2573745_1280.jpg\",\"width\":1280,\"height\":975},{\"@type\":\"BreadcrumbList\",\"@id\":\"https:\/\/www.stiftungfuerzukunftsfragen.de\/die-wachsende-angst-vor-altersarmut-gruende-und-prognosen\/#breadcrumb\",\"itemListElement\":[{\"@type\":\"ListItem\",\"position\":1,\"name\":\"Startseite\",\"item\":\"https:\/\/www.stiftungfuerzukunftsfragen.de\/\"},{\"@type\":\"ListItem\",\"position\":2,\"name\":\"Die wachsende Angst vor Altersarmut: Gr\u00fcnde und Prognosen\"}]},{\"@type\":\"WebSite\",\"@id\":\"https:\/\/www.stiftungfuerzukunftsfragen.de\/#website\",\"url\":\"https:\/\/www.stiftungfuerzukunftsfragen.de\/\",\"name\":\"Stiftung f\u00fcr Zukunftsfragen\",\"description\":\"Eine Initiative von BAT\",\"publisher\":{\"@id\":\"https:\/\/www.stiftungfuerzukunftsfragen.de\/#organization\"},\"potentialAction\":[{\"@type\":\"SearchAction\",\"target\":{\"@type\":\"EntryPoint\",\"urlTemplate\":\"https:\/\/www.stiftungfuerzukunftsfragen.de\/?s={search_term_string}\"},\"query-input\":{\"@type\":\"PropertyValueSpecification\",\"valueRequired\":true,\"valueName\":\"search_term_string\"}}],\"inLanguage\":\"en-GB\"},{\"@type\":\"Organization\",\"@id\":\"https:\/\/www.stiftungfuerzukunftsfragen.de\/#organization\",\"name\":\"Stiftung f\u00fcr Zukunftsfragen\",\"url\":\"https:\/\/www.stiftungfuerzukunftsfragen.de\/\",\"logo\":{\"@type\":\"ImageObject\",\"inLanguage\":\"en-GB\",\"@id\":\"https:\/\/www.stiftungfuerzukunftsfragen.de\/#\/schema\/logo\/image\/\",\"url\":\"https:\/\/www.stiftungfuerzukunftsfragen.de\/wp-content\/uploads\/Stiftung-fuer-Zukunftsfragen-Logo-e1662668075158.png\",\"contentUrl\":\"https:\/\/www.stiftungfuerzukunftsfragen.de\/wp-content\/uploads\/Stiftung-fuer-Zukunftsfragen-Logo-e1662668075158.png\",\"width\":609,\"height\":144,\"caption\":\"Stiftung f\u00fcr Zukunftsfragen\"},\"image\":{\"@id\":\"https:\/\/www.stiftungfuerzukunftsfragen.de\/#\/schema\/logo\/image\/\"},\"sameAs\":[\"https:\/\/www.facebook.com\/pages\/Stiftung-fr-Zukunftsfragen\/207485789294838\"]},{\"@type\":\"Person\",\"@id\":\"https:\/\/www.stiftungfuerzukunftsfragen.de\/#\/schema\/person\/fbe6a089bb71e464b6e9e91caaa06daa\",\"name\":\"Carina M\u00f6nkemeyer\"}]}<\/script>\n<!-- \/ Yoast SEO plugin. -->","yoast_head_json":{"title":"The growing fear of poverty in old age: reasons and forecasts - Stiftung f\u00fcr Zukunftsfragen","robots":{"index":"index","follow":"follow","max-snippet":"max-snippet:-1","max-image-preview":"max-image-preview:large","max-video-preview":"max-video-preview:-1"},"canonical":"https:\/\/www.stiftungfuerzukunftsfragen.de\/en\/the-growing-fear-of-age-related-poverty-reasons-and-forecasts\/","og_locale":"en_GB","og_type":"article","og_title":"Die wachsende Angst vor Altersarmut: Gr\u00fcnde und Prognosen - Stiftung f\u00fcr Zukunftsfragen","og_description":"F\u00fcr neun von zehn Bundesb\u00fcrger stellt Altersarmut zuk\u00fcnftig ein ungel\u00f6stes Problem dar. Dabei ist es unerheblich, wie hoch das Alter, der Bildungsgrad oder das Einkommen sind, ob man auf dem Land oder in der Stadt lebt, m\u00e4nnlich oder weiblich ist. Im Jahresvergleich zu 2016 erh\u00f6hte sich diese Sorge um sechs-, im Gegensatz zu 2008 sogar um 14 Prozentpunkte.","og_url":"https:\/\/www.stiftungfuerzukunftsfragen.de\/en\/the-growing-fear-of-age-related-poverty-reasons-and-forecasts\/","og_site_name":"Stiftung f\u00fcr Zukunftsfragen","article_publisher":"https:\/\/www.facebook.com\/pages\/Stiftung-fr-Zukunftsfragen\/207485789294838","article_published_time":"2023-10-26T05:30:47+00:00","article_modified_time":"2025-10-31T07:06:46+00:00","og_image":[{"width":1280,"height":975,"url":"https:\/\/www.stiftungfuerzukunftsfragen.de\/wp-content\/uploads\/finger-2573745_1280.jpg","type":"image\/jpeg"}],"author":"Carina M\u00f6nkemeyer","twitter_card":"summary_large_image","twitter_misc":{"Written by":"Carina M\u00f6nkemeyer","Estimated reading time":"2 minutes"},"schema":{"@context":"https:\/\/schema.org","@graph":[{"@type":"Article","@id":"https:\/\/www.stiftungfuerzukunftsfragen.de\/die-wachsende-angst-vor-altersarmut-gruende-und-prognosen\/#article","isPartOf":{"@id":"https:\/\/www.stiftungfuerzukunftsfragen.de\/die-wachsende-angst-vor-altersarmut-gruende-und-prognosen\/"},"author":{"name":"Carina M\u00f6nkemeyer","@id":"https:\/\/www.stiftungfuerzukunftsfragen.de\/#\/schema\/person\/fbe6a089bb71e464b6e9e91caaa06daa"},"headline":"Die wachsende Angst vor Altersarmut: Gr\u00fcnde und Prognosen","datePublished":"2023-10-26T05:30:47+00:00","dateModified":"2025-10-31T07:06:46+00:00","mainEntityOfPage":{"@id":"https:\/\/www.stiftungfuerzukunftsfragen.de\/die-wachsende-angst-vor-altersarmut-gruende-und-prognosen\/"},"wordCount":345,"publisher":{"@id":"https:\/\/www.stiftungfuerzukunftsfragen.de\/#organization"},"image":{"@id":"https:\/\/www.stiftungfuerzukunftsfragen.de\/die-wachsende-angst-vor-altersarmut-gruende-und-prognosen\/#primaryimage"},"thumbnailUrl":"https:\/\/www.stiftungfuerzukunftsfragen.de\/wp-content\/uploads\/finger-2573745_1280.jpg","keywords":["Zukunftserwartungen"],"articleSection":["Chart der Woche"],"inLanguage":"en-GB"},{"@type":"WebPage","@id":"https:\/\/www.stiftungfuerzukunftsfragen.de\/die-wachsende-angst-vor-altersarmut-gruende-und-prognosen\/","url":"https:\/\/www.stiftungfuerzukunftsfragen.de\/die-wachsende-angst-vor-altersarmut-gruende-und-prognosen\/","name":"The growing fear of poverty in old age: reasons and forecasts - Stiftung f\u00fcr Zukunftsfragen","isPartOf":{"@id":"https:\/\/www.stiftungfuerzukunftsfragen.de\/#website"},"primaryImageOfPage":{"@id":"https:\/\/www.stiftungfuerzukunftsfragen.de\/die-wachsende-angst-vor-altersarmut-gruende-und-prognosen\/#primaryimage"},"image":{"@id":"https:\/\/www.stiftungfuerzukunftsfragen.de\/die-wachsende-angst-vor-altersarmut-gruende-und-prognosen\/#primaryimage"},"thumbnailUrl":"https:\/\/www.stiftungfuerzukunftsfragen.de\/wp-content\/uploads\/finger-2573745_1280.jpg","datePublished":"2023-10-26T05:30:47+00:00","dateModified":"2025-10-31T07:06:46+00:00","breadcrumb":{"@id":"https:\/\/www.stiftungfuerzukunftsfragen.de\/die-wachsende-angst-vor-altersarmut-gruende-und-prognosen\/#breadcrumb"},"inLanguage":"en-GB","potentialAction":[{"@type":"ReadAction","target":["https:\/\/www.stiftungfuerzukunftsfragen.de\/die-wachsende-angst-vor-altersarmut-gruende-und-prognosen\/"]}]},{"@type":"ImageObject","inLanguage":"en-GB","@id":"https:\/\/www.stiftungfuerzukunftsfragen.de\/die-wachsende-angst-vor-altersarmut-gruende-und-prognosen\/#primaryimage","url":"https:\/\/www.stiftungfuerzukunftsfragen.de\/wp-content\/uploads\/finger-2573745_1280.jpg","contentUrl":"https:\/\/www.stiftungfuerzukunftsfragen.de\/wp-content\/uploads\/finger-2573745_1280.jpg","width":1280,"height":975},{"@type":"BreadcrumbList","@id":"https:\/\/www.stiftungfuerzukunftsfragen.de\/die-wachsende-angst-vor-altersarmut-gruende-und-prognosen\/#breadcrumb","itemListElement":[{"@type":"ListItem","position":1,"name":"Startseite","item":"https:\/\/www.stiftungfuerzukunftsfragen.de\/"},{"@type":"ListItem","position":2,"name":"Die wachsende Angst vor Altersarmut: Gr\u00fcnde und Prognosen"}]},{"@type":"WebSite","@id":"https:\/\/www.stiftungfuerzukunftsfragen.de\/#website","url":"https:\/\/www.stiftungfuerzukunftsfragen.de\/","name":"Foundation for Future Issues","description":"An initiative by BAT","publisher":{"@id":"https:\/\/www.stiftungfuerzukunftsfragen.de\/#organization"},"potentialAction":[{"@type":"SearchAction","target":{"@type":"EntryPoint","urlTemplate":"https:\/\/www.stiftungfuerzukunftsfragen.de\/?s={search_term_string}"},"query-input":{"@type":"PropertyValueSpecification","valueRequired":true,"valueName":"search_term_string"}}],"inLanguage":"en-GB"},{"@type":"Organization","@id":"https:\/\/www.stiftungfuerzukunftsfragen.de\/#organization","name":"Foundation for Future Issues","url":"https:\/\/www.stiftungfuerzukunftsfragen.de\/","logo":{"@type":"ImageObject","inLanguage":"en-GB","@id":"https:\/\/www.stiftungfuerzukunftsfragen.de\/#\/schema\/logo\/image\/","url":"https:\/\/www.stiftungfuerzukunftsfragen.de\/wp-content\/uploads\/Stiftung-fuer-Zukunftsfragen-Logo-e1662668075158.png","contentUrl":"https:\/\/www.stiftungfuerzukunftsfragen.de\/wp-content\/uploads\/Stiftung-fuer-Zukunftsfragen-Logo-e1662668075158.png","width":609,"height":144,"caption":"Stiftung f\u00fcr Zukunftsfragen"},"image":{"@id":"https:\/\/www.stiftungfuerzukunftsfragen.de\/#\/schema\/logo\/image\/"},"sameAs":["https:\/\/www.facebook.com\/pages\/Stiftung-fr-Zukunftsfragen\/207485789294838"]},{"@type":"Person","@id":"https:\/\/www.stiftungfuerzukunftsfragen.de\/#\/schema\/person\/fbe6a089bb71e464b6e9e91caaa06daa","name":"Carina M\u00f6nkemeyer"}]}},"_links":{"self":[{"href":"https:\/\/www.stiftungfuerzukunftsfragen.de\/en\/wp-json\/wp\/v2\/posts\/4764","targetHints":{"allow":["GET"]}}],"collection":[{"href":"https:\/\/www.stiftungfuerzukunftsfragen.de\/en\/wp-json\/wp\/v2\/posts"}],"about":[{"href":"https:\/\/www.stiftungfuerzukunftsfragen.de\/en\/wp-json\/wp\/v2\/types\/post"}],"author":[{"embeddable":true,"href":"https:\/\/www.stiftungfuerzukunftsfragen.de\/en\/wp-json\/wp\/v2\/users\/37"}],"replies":[{"embeddable":true,"href":"https:\/\/www.stiftungfuerzukunftsfragen.de\/en\/wp-json\/wp\/v2\/comments?post=4764"}],"version-history":[{"count":3,"href":"https:\/\/www.stiftungfuerzukunftsfragen.de\/en\/wp-json\/wp\/v2\/posts\/4764\/revisions"}],"predecessor-version":[{"id":6271,"href":"https:\/\/www.stiftungfuerzukunftsfragen.de\/en\/wp-json\/wp\/v2\/posts\/4764\/revisions\/6271"}],"wp:featuredmedia":[{"embeddable":true,"href":"https:\/\/www.stiftungfuerzukunftsfragen.de\/en\/wp-json\/wp\/v2\/media\/4766"}],"wp:attachment":[{"href":"https:\/\/www.stiftungfuerzukunftsfragen.de\/en\/wp-json\/wp\/v2\/media?parent=4764"}],"wp:term":[{"taxonomy":"category","embeddable":true,"href":"https:\/\/www.stiftungfuerzukunftsfragen.de\/en\/wp-json\/wp\/v2\/categories?post=4764"},{"taxonomy":"post_tag","embeddable":true,"href":"https:\/\/www.stiftungfuerzukunftsfragen.de\/en\/wp-json\/wp\/v2\/tags?post=4764"}],"curies":[{"name":"wp","href":"https:\/\/api.w.org\/{rel}","templated":true}]}}