{"id":4776,"date":"2023-11-16T07:30:48","date_gmt":"2023-11-16T06:30:48","guid":{"rendered":"https:\/\/www.stiftungfuerzukunftsfragen.de\/?p=4776"},"modified":"2025-10-31T08:06:39","modified_gmt":"2025-10-31T07:06:39","slug":"the-voice-of-the-people-on-the-road-to-greater-civic-participation","status":"publish","type":"post","link":"https:\/\/www.stiftungfuerzukunftsfragen.de\/en\/die-stimme-des-volkes-auf-dem-weg-zu-einer-staerkeren-buergerbeteiligung\/","title":{"rendered":"The voice of the people: Towards greater citizen participation"},"content":{"rendered":"<div class=\"infogram-embed\" data-id=\"die-stimme-des-volkes-auf-dem-weg-zu-einer-starkeren-burgerbeteiligung-1hnp27m88pgnn2g\" data-type=\"interactive\"><\/div><script>!function(e,t,s,i){var n=\"InfogramEmbeds\",o=e.getElementsByTagName(\"script\"),d=o[0],r=\/^http:\/.test(e.location)?\"http:\":\"https:\";if(\/^\\\/{2}\/.test(i)&&(i=r+i),window[n]&&window[n].initialized)window[n].process&&window[n].process();else if(!e.getElementById(s)){var a=e.createElement(\"script\");a.async=1,a.id=s,a.src=i,d.parentNode.insertBefore(a,d)}}(document,0,\"infogram-async\",\"\/\/e.infogram.com\/js\/dist\/embed-loader-min.js\");<\/script>\n<p>&nbsp;<\/p>\n<h3><strong>Ergebnis<\/strong><\/h3>\n<p><strong>Die Bereitschaft der B\u00fcrger gesellschaftliche Aufgaben und Herausforderungen mitzutragen und aktiv an ihrer Umsetzung mitzuwirken ist ein Schl\u00fcsselelement f\u00fcr die L\u00f6sung zuk\u00fcnftiger Herausforderungen. \u00dcber vier F\u00fcnftel der B\u00fcrger begr\u00fc\u00dfen eine aktivere Beteiligung an politischen Prozessen, etwa durch B\u00fcrgerdialoge, runde Tische oder Foren. Die Zustimmung ist gesellschafts\u00fcbergreifend hoch, wobei \u00e4ltere Mitb\u00fcrger besonders starkes Interesse an einer Teilhabe zeigen.<\/strong><\/p>\n<p>&nbsp;<\/p>\n<h3><strong>Gr\u00fcnde<\/strong><\/h3>\n<p><strong>In der repr\u00e4sentativen Demokratie \u00fcberwiegen \u2013 auf Bundesebene \u2013 Wahlen als Hauptinstrument der B\u00fcrgerbeteiligung. Auf L\u00e4nder- und besonders auf kommunaler Ebene haben sich zus\u00e4tzlich seit den 1990er Jahren vielf\u00e4ltige Formen der politischen Partizipation entwickelt. Dazu geh\u00f6ren u.a. B\u00fcrgerbegehren und -versammlungen, lokale Petitionen und \u00f6ffentliche Anh\u00f6rungen, Stadtteilprojekte und -vertretungen ebenso wie die Mitarbeit in kommunalen Einrichtungen, Vereinen und Verb\u00e4nden.<\/strong>\u00a0<strong>Sie alle eint der Wunsch, das individuelle Engagement zu st\u00e4rken, die Entscheidungsmacht auf verschiedene Akteure zu verlagern und die vielen Herausforderungen gemeinsam zu bew\u00e4ltigen.<\/strong><\/p>\n<p><strong>Besonders seit der Zunahme der digitalen B\u00fcrgerbeteiligung in den letzten Jahren sowie den positiven Erfahrungen, etwa bei Projekten der Stadtplanung, sch\u00e4tzen die Menschen immer mehr die Vorteile der (E-)Partizipation und w\u00fcnschen sich hier noch weitere Gestaltungs- und Entscheidungsm\u00f6glichkeiten. Ein weiterer Grund d\u00fcrfte auch im zunehmenden Vertrauensverlust in die Parteien liegen, was bei einer Mehrheit der B\u00fcrger den Wunsch nach mehr Mitbestimmung anregt. Viele glauben, dass die Bew\u00e4ltigung vor allem kommunaler Herausforderungen nicht mehr allein durch diese vollzogen werden kann und pl\u00e4dieren f\u00fcr mehr Transparenz und Einbeziehung der Betroffenen.<\/strong><\/p>\n<p><strong>Die besonders hohe Zustimmung unter \u00e4lteren B\u00fcrgern kann durch ihre st\u00e4rkere lokale Verwurzelung erkl\u00e4rt werden, w\u00e4hrend viele J\u00fcngere eher global orientiert sind und zu anderen Formen des Engagements wie Online-Aktivismus, Demonstrationen oder zivilen Widerstandsaktionen tendieren.<\/strong><\/p>\n<p>&nbsp;<\/p>\n<h3><strong>Prognose<\/strong><\/h3>\n<p><strong>In Zukunft k\u00f6nnte die B\u00fcrgerpartizipation \u2013 und diese nicht nur auf kommunaler Ebene \u2013 eine Schl\u00fcsselrolle spielen. Der Austausch und die Zusammenarbeit zwischen Politik, Wirtschaft, Verwaltung, Wissenschaft und B\u00fcrgerschaft kann helfen, begrenzte Ressourcen optimal zu nutzen und gemeinschaftlich Herausforderungen zu bew\u00e4ltigen. Dabei k\u00f6nnte diese Kooperation sowohl die lokale Gemeinschaft als auch das Vertrauen in Politiker st\u00e4rken. Schlie\u00dflich f\u00fchren Entscheidungen, die mit den B\u00fcrgern getroffen werden, zu mehr Akzeptanz und zu einer effektiveren Umsetzung von Ma\u00dfnahmen sowie einer gest\u00e4rkten, zukunftsorientierten Gemeinschaft.<\/strong><\/p>\n<p><strong>Neben den traditionellen Austausch- und Informationsveranstaltungen, B\u00fcrgerlaboren und B\u00fcrgerpanels, werden zudem verst\u00e4rkt digitale Tools, Online-Plattformen und auch die Sozialen Medien eine zentrale Rolle spielen, um insbesondere j\u00fcngere B\u00fcrger zu erreichen und auch (lokale) Planungsvorhaben weitreichender bekannt zu machen.<\/strong><\/p>\n","protected":false},"excerpt":{"rendered":"<p>The willingness of citizens to support social tasks and challenges and actively participate in their implementation is a key element in solving future social challenges. Over four-fifths of citizens welcome more active participation in political processes, for example through citizen dialogues, round tables or forums.<\/p>","protected":false},"author":37,"featured_media":4777,"comment_status":"closed","ping_status":"open","sticky":false,"template":"","format":"standard","meta":{"_acf_changed":false,"footnotes":""},"categories":[53],"tags":[67],"class_list":["post-4776","post","type-post","status-publish","format-standard","has-post-thumbnail","hentry","category-chart-der-woche","tag-zukunftserwartungen"],"acf":{"ausgabe_nummer":"Chart der Woche, 2023-KW46","pdf-download_dateiname":"www.stiftungfuerzukunftsfragen.de_die-stimme-des-volkes-auf-dem-weg-zu-einer-staerkeren-buergerbeteiligung.pdf"},"yoast_head":"<!-- This site is optimized with the Yoast SEO plugin v27.1.1 - https:\/\/yoast.com\/product\/yoast-seo-wordpress\/ -->\n<title>Die Stimme des Volkes: Auf dem Weg zu einer st\u00e4rkeren B\u00fcrgerbeteiligung - Stiftung f\u00fcr Zukunftsfragen<\/title>\n<meta name=\"robots\" content=\"index, follow, max-snippet:-1, max-image-preview:large, max-video-preview:-1\" \/>\n<link rel=\"canonical\" href=\"https:\/\/www.stiftungfuerzukunftsfragen.de\/en\/the-voice-of-the-people-on-the-road-to-greater-civic-participation\/\" \/>\n<meta property=\"og:locale\" content=\"en_GB\" \/>\n<meta property=\"og:type\" content=\"article\" \/>\n<meta property=\"og:title\" content=\"Die Stimme des Volkes: Auf dem Weg zu einer st\u00e4rkeren B\u00fcrgerbeteiligung - Stiftung f\u00fcr Zukunftsfragen\" \/>\n<meta property=\"og:description\" content=\"Die Bereitschaft der B\u00fcrger gesellschaftliche Aufgaben und Herausforderungen mitzutragen und aktiv an ihrer Umsetzung mitzuwirken ist ein Schl\u00fcsselelement f\u00fcr die L\u00f6sung zuk\u00fcnftiger gesellschaftlicher gemeineigener Herausforderungen. \u00dcber vier F\u00fcnftel der B\u00fcrger begr\u00fc\u00dfen eine aktivere Beteiligung an politischen Prozessen, etwa durch B\u00fcrgerdialoge, runde Tische oder Foren.\" \/>\n<meta property=\"og:url\" content=\"https:\/\/www.stiftungfuerzukunftsfragen.de\/en\/the-voice-of-the-people-on-the-road-to-greater-civic-participation\/\" \/>\n<meta property=\"og:site_name\" content=\"Stiftung f\u00fcr Zukunftsfragen\" \/>\n<meta property=\"article:publisher\" content=\"https:\/\/www.facebook.com\/pages\/Stiftung-fr-Zukunftsfragen\/207485789294838\" \/>\n<meta property=\"article:published_time\" content=\"2023-11-16T06:30:48+00:00\" \/>\n<meta property=\"article:modified_time\" content=\"2025-10-31T07:06:39+00:00\" \/>\n<meta property=\"og:image\" content=\"https:\/\/www.stiftungfuerzukunftsfragen.de\/wp-content\/uploads\/elections-450164_1280.jpg\" \/>\n\t<meta property=\"og:image:width\" content=\"1280\" \/>\n\t<meta property=\"og:image:height\" content=\"853\" \/>\n\t<meta property=\"og:image:type\" content=\"image\/jpeg\" \/>\n<meta name=\"author\" content=\"Carina M\u00f6nkemeyer\" \/>\n<meta name=\"twitter:card\" content=\"summary_large_image\" \/>\n<meta name=\"twitter:label1\" content=\"Written by\" \/>\n\t<meta name=\"twitter:data1\" content=\"Carina M\u00f6nkemeyer\" \/>\n\t<meta name=\"twitter:label2\" content=\"Estimated reading time\" \/>\n\t<meta name=\"twitter:data2\" content=\"3 minutes\" \/>\n<script type=\"application\/ld+json\" class=\"yoast-schema-graph\">{\"@context\":\"https:\/\/schema.org\",\"@graph\":[{\"@type\":\"Article\",\"@id\":\"https:\/\/www.stiftungfuerzukunftsfragen.de\/die-stimme-des-volkes-auf-dem-weg-zu-einer-staerkeren-buergerbeteiligung\/#article\",\"isPartOf\":{\"@id\":\"https:\/\/www.stiftungfuerzukunftsfragen.de\/die-stimme-des-volkes-auf-dem-weg-zu-einer-staerkeren-buergerbeteiligung\/\"},\"author\":{\"name\":\"Carina M\u00f6nkemeyer\",\"@id\":\"https:\/\/www.stiftungfuerzukunftsfragen.de\/#\/schema\/person\/fbe6a089bb71e464b6e9e91caaa06daa\"},\"headline\":\"Die Stimme des Volkes: Auf dem Weg zu einer st\u00e4rkeren B\u00fcrgerbeteiligung\",\"datePublished\":\"2023-11-16T06:30:48+00:00\",\"dateModified\":\"2025-10-31T07:06:39+00:00\",\"mainEntityOfPage\":{\"@id\":\"https:\/\/www.stiftungfuerzukunftsfragen.de\/die-stimme-des-volkes-auf-dem-weg-zu-einer-staerkeren-buergerbeteiligung\/\"},\"wordCount\":460,\"publisher\":{\"@id\":\"https:\/\/www.stiftungfuerzukunftsfragen.de\/#organization\"},\"image\":{\"@id\":\"https:\/\/www.stiftungfuerzukunftsfragen.de\/die-stimme-des-volkes-auf-dem-weg-zu-einer-staerkeren-buergerbeteiligung\/#primaryimage\"},\"thumbnailUrl\":\"https:\/\/www.stiftungfuerzukunftsfragen.de\/wp-content\/uploads\/elections-450164_1280.jpg\",\"keywords\":[\"Zukunftserwartungen\"],\"articleSection\":[\"Chart der Woche\"],\"inLanguage\":\"en-GB\"},{\"@type\":\"WebPage\",\"@id\":\"https:\/\/www.stiftungfuerzukunftsfragen.de\/die-stimme-des-volkes-auf-dem-weg-zu-einer-staerkeren-buergerbeteiligung\/\",\"url\":\"https:\/\/www.stiftungfuerzukunftsfragen.de\/die-stimme-des-volkes-auf-dem-weg-zu-einer-staerkeren-buergerbeteiligung\/\",\"name\":\"Die Stimme des Volkes: Auf dem Weg zu einer st\u00e4rkeren B\u00fcrgerbeteiligung - Stiftung f\u00fcr Zukunftsfragen\",\"isPartOf\":{\"@id\":\"https:\/\/www.stiftungfuerzukunftsfragen.de\/#website\"},\"primaryImageOfPage\":{\"@id\":\"https:\/\/www.stiftungfuerzukunftsfragen.de\/die-stimme-des-volkes-auf-dem-weg-zu-einer-staerkeren-buergerbeteiligung\/#primaryimage\"},\"image\":{\"@id\":\"https:\/\/www.stiftungfuerzukunftsfragen.de\/die-stimme-des-volkes-auf-dem-weg-zu-einer-staerkeren-buergerbeteiligung\/#primaryimage\"},\"thumbnailUrl\":\"https:\/\/www.stiftungfuerzukunftsfragen.de\/wp-content\/uploads\/elections-450164_1280.jpg\",\"datePublished\":\"2023-11-16T06:30:48+00:00\",\"dateModified\":\"2025-10-31T07:06:39+00:00\",\"breadcrumb\":{\"@id\":\"https:\/\/www.stiftungfuerzukunftsfragen.de\/die-stimme-des-volkes-auf-dem-weg-zu-einer-staerkeren-buergerbeteiligung\/#breadcrumb\"},\"inLanguage\":\"en-GB\",\"potentialAction\":[{\"@type\":\"ReadAction\",\"target\":[\"https:\/\/www.stiftungfuerzukunftsfragen.de\/die-stimme-des-volkes-auf-dem-weg-zu-einer-staerkeren-buergerbeteiligung\/\"]}]},{\"@type\":\"ImageObject\",\"inLanguage\":\"en-GB\",\"@id\":\"https:\/\/www.stiftungfuerzukunftsfragen.de\/die-stimme-des-volkes-auf-dem-weg-zu-einer-staerkeren-buergerbeteiligung\/#primaryimage\",\"url\":\"https:\/\/www.stiftungfuerzukunftsfragen.de\/wp-content\/uploads\/elections-450164_1280.jpg\",\"contentUrl\":\"https:\/\/www.stiftungfuerzukunftsfragen.de\/wp-content\/uploads\/elections-450164_1280.jpg\",\"width\":1280,\"height\":853},{\"@type\":\"BreadcrumbList\",\"@id\":\"https:\/\/www.stiftungfuerzukunftsfragen.de\/die-stimme-des-volkes-auf-dem-weg-zu-einer-staerkeren-buergerbeteiligung\/#breadcrumb\",\"itemListElement\":[{\"@type\":\"ListItem\",\"position\":1,\"name\":\"Startseite\",\"item\":\"https:\/\/www.stiftungfuerzukunftsfragen.de\/\"},{\"@type\":\"ListItem\",\"position\":2,\"name\":\"Die Stimme des Volkes: Auf dem Weg zu einer st\u00e4rkeren B\u00fcrgerbeteiligung\"}]},{\"@type\":\"WebSite\",\"@id\":\"https:\/\/www.stiftungfuerzukunftsfragen.de\/#website\",\"url\":\"https:\/\/www.stiftungfuerzukunftsfragen.de\/\",\"name\":\"Stiftung f\u00fcr Zukunftsfragen\",\"description\":\"Eine Initiative von BAT\",\"publisher\":{\"@id\":\"https:\/\/www.stiftungfuerzukunftsfragen.de\/#organization\"},\"potentialAction\":[{\"@type\":\"SearchAction\",\"target\":{\"@type\":\"EntryPoint\",\"urlTemplate\":\"https:\/\/www.stiftungfuerzukunftsfragen.de\/?s={search_term_string}\"},\"query-input\":{\"@type\":\"PropertyValueSpecification\",\"valueRequired\":true,\"valueName\":\"search_term_string\"}}],\"inLanguage\":\"en-GB\"},{\"@type\":\"Organization\",\"@id\":\"https:\/\/www.stiftungfuerzukunftsfragen.de\/#organization\",\"name\":\"Stiftung f\u00fcr Zukunftsfragen\",\"url\":\"https:\/\/www.stiftungfuerzukunftsfragen.de\/\",\"logo\":{\"@type\":\"ImageObject\",\"inLanguage\":\"en-GB\",\"@id\":\"https:\/\/www.stiftungfuerzukunftsfragen.de\/#\/schema\/logo\/image\/\",\"url\":\"https:\/\/www.stiftungfuerzukunftsfragen.de\/wp-content\/uploads\/Stiftung-fuer-Zukunftsfragen-Logo-e1662668075158.png\",\"contentUrl\":\"https:\/\/www.stiftungfuerzukunftsfragen.de\/wp-content\/uploads\/Stiftung-fuer-Zukunftsfragen-Logo-e1662668075158.png\",\"width\":609,\"height\":144,\"caption\":\"Stiftung f\u00fcr Zukunftsfragen\"},\"image\":{\"@id\":\"https:\/\/www.stiftungfuerzukunftsfragen.de\/#\/schema\/logo\/image\/\"},\"sameAs\":[\"https:\/\/www.facebook.com\/pages\/Stiftung-fr-Zukunftsfragen\/207485789294838\"]},{\"@type\":\"Person\",\"@id\":\"https:\/\/www.stiftungfuerzukunftsfragen.de\/#\/schema\/person\/fbe6a089bb71e464b6e9e91caaa06daa\",\"name\":\"Carina M\u00f6nkemeyer\"}]}<\/script>\n<!-- \/ Yoast SEO plugin. -->","yoast_head_json":{"title":"The voice of the people: Towards greater citizen participation - Stiftung f\u00fcr Zukunftsfragen","robots":{"index":"index","follow":"follow","max-snippet":"max-snippet:-1","max-image-preview":"max-image-preview:large","max-video-preview":"max-video-preview:-1"},"canonical":"https:\/\/www.stiftungfuerzukunftsfragen.de\/en\/the-voice-of-the-people-on-the-road-to-greater-civic-participation\/","og_locale":"en_GB","og_type":"article","og_title":"Die Stimme des Volkes: Auf dem Weg zu einer st\u00e4rkeren B\u00fcrgerbeteiligung - Stiftung f\u00fcr Zukunftsfragen","og_description":"Die Bereitschaft der B\u00fcrger gesellschaftliche Aufgaben und Herausforderungen mitzutragen und aktiv an ihrer Umsetzung mitzuwirken ist ein Schl\u00fcsselelement f\u00fcr die L\u00f6sung zuk\u00fcnftiger gesellschaftlicher gemeineigener Herausforderungen. \u00dcber vier F\u00fcnftel der B\u00fcrger begr\u00fc\u00dfen eine aktivere Beteiligung an politischen Prozessen, etwa durch B\u00fcrgerdialoge, runde Tische oder Foren.","og_url":"https:\/\/www.stiftungfuerzukunftsfragen.de\/en\/the-voice-of-the-people-on-the-road-to-greater-civic-participation\/","og_site_name":"Stiftung f\u00fcr Zukunftsfragen","article_publisher":"https:\/\/www.facebook.com\/pages\/Stiftung-fr-Zukunftsfragen\/207485789294838","article_published_time":"2023-11-16T06:30:48+00:00","article_modified_time":"2025-10-31T07:06:39+00:00","og_image":[{"width":1280,"height":853,"url":"https:\/\/www.stiftungfuerzukunftsfragen.de\/wp-content\/uploads\/elections-450164_1280.jpg","type":"image\/jpeg"}],"author":"Carina M\u00f6nkemeyer","twitter_card":"summary_large_image","twitter_misc":{"Written by":"Carina M\u00f6nkemeyer","Estimated reading time":"3 minutes"},"schema":{"@context":"https:\/\/schema.org","@graph":[{"@type":"Article","@id":"https:\/\/www.stiftungfuerzukunftsfragen.de\/die-stimme-des-volkes-auf-dem-weg-zu-einer-staerkeren-buergerbeteiligung\/#article","isPartOf":{"@id":"https:\/\/www.stiftungfuerzukunftsfragen.de\/die-stimme-des-volkes-auf-dem-weg-zu-einer-staerkeren-buergerbeteiligung\/"},"author":{"name":"Carina M\u00f6nkemeyer","@id":"https:\/\/www.stiftungfuerzukunftsfragen.de\/#\/schema\/person\/fbe6a089bb71e464b6e9e91caaa06daa"},"headline":"Die Stimme des Volkes: Auf dem Weg zu einer st\u00e4rkeren B\u00fcrgerbeteiligung","datePublished":"2023-11-16T06:30:48+00:00","dateModified":"2025-10-31T07:06:39+00:00","mainEntityOfPage":{"@id":"https:\/\/www.stiftungfuerzukunftsfragen.de\/die-stimme-des-volkes-auf-dem-weg-zu-einer-staerkeren-buergerbeteiligung\/"},"wordCount":460,"publisher":{"@id":"https:\/\/www.stiftungfuerzukunftsfragen.de\/#organization"},"image":{"@id":"https:\/\/www.stiftungfuerzukunftsfragen.de\/die-stimme-des-volkes-auf-dem-weg-zu-einer-staerkeren-buergerbeteiligung\/#primaryimage"},"thumbnailUrl":"https:\/\/www.stiftungfuerzukunftsfragen.de\/wp-content\/uploads\/elections-450164_1280.jpg","keywords":["Zukunftserwartungen"],"articleSection":["Chart der Woche"],"inLanguage":"en-GB"},{"@type":"WebPage","@id":"https:\/\/www.stiftungfuerzukunftsfragen.de\/die-stimme-des-volkes-auf-dem-weg-zu-einer-staerkeren-buergerbeteiligung\/","url":"https:\/\/www.stiftungfuerzukunftsfragen.de\/die-stimme-des-volkes-auf-dem-weg-zu-einer-staerkeren-buergerbeteiligung\/","name":"The voice of the people: Towards greater citizen participation - Stiftung f\u00fcr Zukunftsfragen","isPartOf":{"@id":"https:\/\/www.stiftungfuerzukunftsfragen.de\/#website"},"primaryImageOfPage":{"@id":"https:\/\/www.stiftungfuerzukunftsfragen.de\/die-stimme-des-volkes-auf-dem-weg-zu-einer-staerkeren-buergerbeteiligung\/#primaryimage"},"image":{"@id":"https:\/\/www.stiftungfuerzukunftsfragen.de\/die-stimme-des-volkes-auf-dem-weg-zu-einer-staerkeren-buergerbeteiligung\/#primaryimage"},"thumbnailUrl":"https:\/\/www.stiftungfuerzukunftsfragen.de\/wp-content\/uploads\/elections-450164_1280.jpg","datePublished":"2023-11-16T06:30:48+00:00","dateModified":"2025-10-31T07:06:39+00:00","breadcrumb":{"@id":"https:\/\/www.stiftungfuerzukunftsfragen.de\/die-stimme-des-volkes-auf-dem-weg-zu-einer-staerkeren-buergerbeteiligung\/#breadcrumb"},"inLanguage":"en-GB","potentialAction":[{"@type":"ReadAction","target":["https:\/\/www.stiftungfuerzukunftsfragen.de\/die-stimme-des-volkes-auf-dem-weg-zu-einer-staerkeren-buergerbeteiligung\/"]}]},{"@type":"ImageObject","inLanguage":"en-GB","@id":"https:\/\/www.stiftungfuerzukunftsfragen.de\/die-stimme-des-volkes-auf-dem-weg-zu-einer-staerkeren-buergerbeteiligung\/#primaryimage","url":"https:\/\/www.stiftungfuerzukunftsfragen.de\/wp-content\/uploads\/elections-450164_1280.jpg","contentUrl":"https:\/\/www.stiftungfuerzukunftsfragen.de\/wp-content\/uploads\/elections-450164_1280.jpg","width":1280,"height":853},{"@type":"BreadcrumbList","@id":"https:\/\/www.stiftungfuerzukunftsfragen.de\/die-stimme-des-volkes-auf-dem-weg-zu-einer-staerkeren-buergerbeteiligung\/#breadcrumb","itemListElement":[{"@type":"ListItem","position":1,"name":"Startseite","item":"https:\/\/www.stiftungfuerzukunftsfragen.de\/"},{"@type":"ListItem","position":2,"name":"Die Stimme des Volkes: Auf dem Weg zu einer st\u00e4rkeren B\u00fcrgerbeteiligung"}]},{"@type":"WebSite","@id":"https:\/\/www.stiftungfuerzukunftsfragen.de\/#website","url":"https:\/\/www.stiftungfuerzukunftsfragen.de\/","name":"Foundation for Future Issues","description":"An initiative by BAT","publisher":{"@id":"https:\/\/www.stiftungfuerzukunftsfragen.de\/#organization"},"potentialAction":[{"@type":"SearchAction","target":{"@type":"EntryPoint","urlTemplate":"https:\/\/www.stiftungfuerzukunftsfragen.de\/?s={search_term_string}"},"query-input":{"@type":"PropertyValueSpecification","valueRequired":true,"valueName":"search_term_string"}}],"inLanguage":"en-GB"},{"@type":"Organization","@id":"https:\/\/www.stiftungfuerzukunftsfragen.de\/#organization","name":"Foundation for Future Issues","url":"https:\/\/www.stiftungfuerzukunftsfragen.de\/","logo":{"@type":"ImageObject","inLanguage":"en-GB","@id":"https:\/\/www.stiftungfuerzukunftsfragen.de\/#\/schema\/logo\/image\/","url":"https:\/\/www.stiftungfuerzukunftsfragen.de\/wp-content\/uploads\/Stiftung-fuer-Zukunftsfragen-Logo-e1662668075158.png","contentUrl":"https:\/\/www.stiftungfuerzukunftsfragen.de\/wp-content\/uploads\/Stiftung-fuer-Zukunftsfragen-Logo-e1662668075158.png","width":609,"height":144,"caption":"Stiftung f\u00fcr Zukunftsfragen"},"image":{"@id":"https:\/\/www.stiftungfuerzukunftsfragen.de\/#\/schema\/logo\/image\/"},"sameAs":["https:\/\/www.facebook.com\/pages\/Stiftung-fr-Zukunftsfragen\/207485789294838"]},{"@type":"Person","@id":"https:\/\/www.stiftungfuerzukunftsfragen.de\/#\/schema\/person\/fbe6a089bb71e464b6e9e91caaa06daa","name":"Carina M\u00f6nkemeyer"}]}},"_links":{"self":[{"href":"https:\/\/www.stiftungfuerzukunftsfragen.de\/en\/wp-json\/wp\/v2\/posts\/4776","targetHints":{"allow":["GET"]}}],"collection":[{"href":"https:\/\/www.stiftungfuerzukunftsfragen.de\/en\/wp-json\/wp\/v2\/posts"}],"about":[{"href":"https:\/\/www.stiftungfuerzukunftsfragen.de\/en\/wp-json\/wp\/v2\/types\/post"}],"author":[{"embeddable":true,"href":"https:\/\/www.stiftungfuerzukunftsfragen.de\/en\/wp-json\/wp\/v2\/users\/37"}],"replies":[{"embeddable":true,"href":"https:\/\/www.stiftungfuerzukunftsfragen.de\/en\/wp-json\/wp\/v2\/comments?post=4776"}],"version-history":[{"count":5,"href":"https:\/\/www.stiftungfuerzukunftsfragen.de\/en\/wp-json\/wp\/v2\/posts\/4776\/revisions"}],"predecessor-version":[{"id":6268,"href":"https:\/\/www.stiftungfuerzukunftsfragen.de\/en\/wp-json\/wp\/v2\/posts\/4776\/revisions\/6268"}],"wp:featuredmedia":[{"embeddable":true,"href":"https:\/\/www.stiftungfuerzukunftsfragen.de\/en\/wp-json\/wp\/v2\/media\/4777"}],"wp:attachment":[{"href":"https:\/\/www.stiftungfuerzukunftsfragen.de\/en\/wp-json\/wp\/v2\/media?parent=4776"}],"wp:term":[{"taxonomy":"category","embeddable":true,"href":"https:\/\/www.stiftungfuerzukunftsfragen.de\/en\/wp-json\/wp\/v2\/categories?post=4776"},{"taxonomy":"post_tag","embeddable":true,"href":"https:\/\/www.stiftungfuerzukunftsfragen.de\/en\/wp-json\/wp\/v2\/tags?post=4776"}],"curies":[{"name":"wp","href":"https:\/\/api.w.org\/{rel}","templated":true}]}}