{"id":4787,"date":"2023-11-30T07:30:26","date_gmt":"2023-11-30T06:30:26","guid":{"rendered":"https:\/\/www.stiftungfuerzukunftsfragen.de\/?p=4787"},"modified":"2025-10-31T08:06:34","modified_gmt":"2025-10-31T07:06:34","slug":"caring-for-relatives-in-response-to-the-care-crisis","status":"publish","type":"post","link":"https:\/\/www.stiftungfuerzukunftsfragen.de\/en\/angehoerigenpflege-als-antwort-auf-den-pflegenotstand\/","title":{"rendered":"Caring for relatives as an answer to the care crisis"},"content":{"rendered":"<div class=\"infogram-embed\" data-id=\"angehorigenpflege-als-antwort-auf-den-pflegenotstand-1h7v4pwgllmoj6k\" data-type=\"interactive\"><\/div><script>!function(e,t,s,i){var n=\"InfogramEmbeds\",o=e.getElementsByTagName(\"script\"),d=o[0],r=\/^http:\/.test(e.location)?\"http:\":\"https:\";if(\/^\\\/{2}\/.test(i)&&(i=r+i),window[n]&&window[n].initialized)window[n].process&&window[n].process();else if(!e.getElementById(s)){var a=e.createElement(\"script\");a.async=1,a.id=s,a.src=i,d.parentNode.insertBefore(a,d)}}(document,0,\"infogram-async\",\"\/\/e.infogram.com\/js\/dist\/embed-loader-min.js\");<\/script>\n<h3><\/h3>\n<h3><strong>Ergebnis<\/strong><\/h3>\n<p><strong>Die Pflege von Angeh\u00f6rigen hat in den letzten Jahren erheblich an Bedeutung gewonnen. So hat sich innerhalb von f\u00fcnf Jahren der Anteil der Bundesb\u00fcrger, die angeben, regelm\u00e4\u00dfig (wenigstens einmal in der Woche) Angeh\u00f6rige zu pflegen, von sieben auf 14 Prozent verdoppelt. Die Art der Pflege reicht hierbei von der medizinischen Versorgung, \u00fcber Eink\u00e4ufe, Transport und andere allt\u00e4gliche Aufgaben, bis hin zur Unterst\u00fctzung bei individuellen Herausforderungen.<\/strong><\/p>\n<p>&nbsp;<\/p>\n<h3><strong>Gr\u00fcnde<\/strong><\/h3>\n<p><strong>Es gibt mehrere Faktoren, durch welche der Anstieg in der Angeh\u00f6rigenpflege beeinflusst wird, u.a.:<\/strong><\/p>\n<ul>\n<li><strong>Demografische Ver\u00e4nderungen: Allein in den letzten f\u00fcnf Jahren hat sich der Anteil von \u00fcber 80 &#8211; J\u00e4hrigen in Deutschland um rund 700.000 erh\u00f6ht. Mit einer immer h\u00f6heren Anzahl \u00e4lterer B\u00fcrger steigt auch die Notwendigkeit von Pflege innerhalb der Familien.<\/strong><\/li>\n<li><strong>Pflegenotstand und Fachkr\u00e4ftemangel: In Deutschland, genauso wie in vielen anderen L\u00e4ndern, besteht ein akuter Mangel an qualifizierten Pflegefachkr\u00e4ften. Dieser Pflegenotstand f\u00fchrt dazu, dass Familien oft keine angemessene professionelle Pflege f\u00fcr ihre Angeh\u00f6rigen finden und diese daher in die eigenen H\u00e4nde nehmen (m\u00fcssen).<\/strong><\/li>\n<li><strong>Fehlende Alters- \/ Pflegeheimpl\u00e4tze: Die durchschnittliche Wartezeit auf einen Heimplatz betr\u00e4gt aktuell 1,5 Jahre. Viele Angeh\u00f6rige sind allerdings auf sofortige Unterst\u00fctzung angewiesen.<\/strong><\/li>\n<li><strong>Kosten: Die Pflege in einem Altersheim oder durch ambulante Pflegedienste ist mitunter teuer. Diese Kosten k\u00f6nnen sich viele Familien nicht leisten und \u00fcbernehmen Aufgaben selbst.<\/strong><\/li>\n<li><strong>Eigener Wunsch: Viele B\u00fcrgen m\u00f6chten ihre Angeh\u00f6rigen in der vertrauten Umgebung ihres eigenen Zuhauses unterst\u00fctzen, oder deren Wunsch daheim wohnen zu bleiben, nachkommen.<\/strong><\/li>\n<\/ul>\n<p>&nbsp;<\/p>\n<h3><strong>Prognose<\/strong><\/h3>\n<p><strong>Die wachsende Anzahl pflegender Angeh\u00f6riger verdeutlicht ihre zunehmende Notwendigkeit und betont gleichzeitig die steigende Bedeutung sozialer Netzwerke. Ohne die Unterst\u00fctzung anderer wird das Leben vieler Bundesb\u00fcrger in Zukunft beschwerlicher und herausfordernder sein. Kinderlosigkeit und die Versingelung in der Gesellschaft werden dabei die Bedeutung von Wahlverwandtschaften st\u00e4rken. In Zukunft werden nicht nur Verwandte Hilfe leisten, sondern immer h\u00e4ufiger auch Freunde, Bekannte, Nachbarn oder Kollegen. Das Prinzip \u201eIch helfe dir, damit auch mir sp\u00e4ter geholfen wird&#8220;, wird somit zu einem Antrieb f\u00fcr mehr Solidarit\u00e4t und Gemeinschaft f\u00fchren.<\/strong><\/p>\n","protected":false},"excerpt":{"rendered":"<p>Caring for relatives has become considerably more important in recent years. Within five years, the proportion of Germans who say they care for relatives regularly (at least once a week) has doubled from seven to 14 per cent. The type of care provided ranges from medical care, shopping, transport and other everyday tasks to support with individual challenges.<\/p>","protected":false},"author":37,"featured_media":4789,"comment_status":"closed","ping_status":"open","sticky":false,"template":"","format":"standard","meta":{"_acf_changed":false,"footnotes":""},"categories":[53],"tags":[67],"class_list":["post-4787","post","type-post","status-publish","format-standard","has-post-thumbnail","hentry","category-chart-der-woche","tag-zukunftserwartungen"],"acf":{"ausgabe_nummer":"Chart der Woche, 2023-KW48","pdf-download_dateiname":"www.stiftungfuerzukunftsfragen.de_angehoerigenpflege-als-antwort-auf-den-pflegenotstand.pdf"},"yoast_head":"<!-- This site is optimized with the Yoast SEO plugin v27.1.1 - https:\/\/yoast.com\/product\/yoast-seo-wordpress\/ -->\n<title>Angeh\u00f6rigenpflege als Antwort auf den Pflegenotstand - Stiftung f\u00fcr Zukunftsfragen<\/title>\n<meta name=\"robots\" content=\"index, follow, max-snippet:-1, max-image-preview:large, max-video-preview:-1\" \/>\n<link rel=\"canonical\" href=\"https:\/\/www.stiftungfuerzukunftsfragen.de\/en\/caring-for-relatives-in-response-to-the-care-crisis\/\" \/>\n<meta property=\"og:locale\" content=\"en_GB\" \/>\n<meta property=\"og:type\" content=\"article\" \/>\n<meta property=\"og:title\" content=\"Angeh\u00f6rigenpflege als Antwort auf den Pflegenotstand - Stiftung f\u00fcr Zukunftsfragen\" \/>\n<meta property=\"og:description\" content=\"Die Pflege von Angeh\u00f6rigen hat in den letzten Jahren erheblich an Bedeutung gewonnen. So hat sich innerhalb von f\u00fcnf Jahren der Anteil der Bundesb\u00fcrger, die angeben, regelm\u00e4\u00dfig (wenigstens einmal in der Woche) Angeh\u00f6rige zu pflegen, von sieben auf 14 Prozent verdoppelt. Die Art der Pflege reicht hierbei von der medizinischen Versorgung, \u00fcber Eink\u00e4ufe, Transport und andere allt\u00e4gliche Aufgaben, bis hin zur Unterst\u00fctzung bei individuellen Herausforderungen.\" \/>\n<meta property=\"og:url\" content=\"https:\/\/www.stiftungfuerzukunftsfragen.de\/en\/caring-for-relatives-in-response-to-the-care-crisis\/\" \/>\n<meta property=\"og:site_name\" content=\"Stiftung f\u00fcr Zukunftsfragen\" \/>\n<meta property=\"article:publisher\" content=\"https:\/\/www.facebook.com\/pages\/Stiftung-fr-Zukunftsfragen\/207485789294838\" \/>\n<meta property=\"article:published_time\" content=\"2023-11-30T06:30:26+00:00\" \/>\n<meta property=\"article:modified_time\" content=\"2025-10-31T07:06:34+00:00\" \/>\n<meta property=\"og:image\" content=\"https:\/\/www.stiftungfuerzukunftsfragen.de\/wp-content\/uploads\/pexels-matthias-zomer-339620.jpg\" \/>\n\t<meta property=\"og:image:width\" content=\"2560\" \/>\n\t<meta property=\"og:image:height\" content=\"1440\" \/>\n\t<meta property=\"og:image:type\" content=\"image\/jpeg\" \/>\n<meta name=\"author\" content=\"Carina M\u00f6nkemeyer\" \/>\n<meta name=\"twitter:card\" content=\"summary_large_image\" \/>\n<meta name=\"twitter:label1\" content=\"Written by\" \/>\n\t<meta name=\"twitter:data1\" content=\"Carina M\u00f6nkemeyer\" \/>\n\t<meta name=\"twitter:label2\" content=\"Estimated reading time\" \/>\n\t<meta name=\"twitter:data2\" content=\"2 minutes\" \/>\n<script type=\"application\/ld+json\" class=\"yoast-schema-graph\">{\"@context\":\"https:\/\/schema.org\",\"@graph\":[{\"@type\":\"Article\",\"@id\":\"https:\/\/www.stiftungfuerzukunftsfragen.de\/angehoerigenpflege-als-antwort-auf-den-pflegenotstand\/#article\",\"isPartOf\":{\"@id\":\"https:\/\/www.stiftungfuerzukunftsfragen.de\/angehoerigenpflege-als-antwort-auf-den-pflegenotstand\/\"},\"author\":{\"name\":\"Carina M\u00f6nkemeyer\",\"@id\":\"https:\/\/www.stiftungfuerzukunftsfragen.de\/#\/schema\/person\/fbe6a089bb71e464b6e9e91caaa06daa\"},\"headline\":\"Angeh\u00f6rigenpflege als Antwort auf den Pflegenotstand\",\"datePublished\":\"2023-11-30T06:30:26+00:00\",\"dateModified\":\"2025-10-31T07:06:34+00:00\",\"mainEntityOfPage\":{\"@id\":\"https:\/\/www.stiftungfuerzukunftsfragen.de\/angehoerigenpflege-als-antwort-auf-den-pflegenotstand\/\"},\"wordCount\":374,\"publisher\":{\"@id\":\"https:\/\/www.stiftungfuerzukunftsfragen.de\/#organization\"},\"image\":{\"@id\":\"https:\/\/www.stiftungfuerzukunftsfragen.de\/angehoerigenpflege-als-antwort-auf-den-pflegenotstand\/#primaryimage\"},\"thumbnailUrl\":\"https:\/\/www.stiftungfuerzukunftsfragen.de\/wp-content\/uploads\/pexels-matthias-zomer-339620.jpg\",\"keywords\":[\"Zukunftserwartungen\"],\"articleSection\":[\"Chart der Woche\"],\"inLanguage\":\"en-GB\"},{\"@type\":\"WebPage\",\"@id\":\"https:\/\/www.stiftungfuerzukunftsfragen.de\/angehoerigenpflege-als-antwort-auf-den-pflegenotstand\/\",\"url\":\"https:\/\/www.stiftungfuerzukunftsfragen.de\/angehoerigenpflege-als-antwort-auf-den-pflegenotstand\/\",\"name\":\"Angeh\u00f6rigenpflege als Antwort auf den Pflegenotstand - Stiftung f\u00fcr Zukunftsfragen\",\"isPartOf\":{\"@id\":\"https:\/\/www.stiftungfuerzukunftsfragen.de\/#website\"},\"primaryImageOfPage\":{\"@id\":\"https:\/\/www.stiftungfuerzukunftsfragen.de\/angehoerigenpflege-als-antwort-auf-den-pflegenotstand\/#primaryimage\"},\"image\":{\"@id\":\"https:\/\/www.stiftungfuerzukunftsfragen.de\/angehoerigenpflege-als-antwort-auf-den-pflegenotstand\/#primaryimage\"},\"thumbnailUrl\":\"https:\/\/www.stiftungfuerzukunftsfragen.de\/wp-content\/uploads\/pexels-matthias-zomer-339620.jpg\",\"datePublished\":\"2023-11-30T06:30:26+00:00\",\"dateModified\":\"2025-10-31T07:06:34+00:00\",\"breadcrumb\":{\"@id\":\"https:\/\/www.stiftungfuerzukunftsfragen.de\/angehoerigenpflege-als-antwort-auf-den-pflegenotstand\/#breadcrumb\"},\"inLanguage\":\"en-GB\",\"potentialAction\":[{\"@type\":\"ReadAction\",\"target\":[\"https:\/\/www.stiftungfuerzukunftsfragen.de\/angehoerigenpflege-als-antwort-auf-den-pflegenotstand\/\"]}]},{\"@type\":\"ImageObject\",\"inLanguage\":\"en-GB\",\"@id\":\"https:\/\/www.stiftungfuerzukunftsfragen.de\/angehoerigenpflege-als-antwort-auf-den-pflegenotstand\/#primaryimage\",\"url\":\"https:\/\/www.stiftungfuerzukunftsfragen.de\/wp-content\/uploads\/pexels-matthias-zomer-339620.jpg\",\"contentUrl\":\"https:\/\/www.stiftungfuerzukunftsfragen.de\/wp-content\/uploads\/pexels-matthias-zomer-339620.jpg\",\"width\":2560,\"height\":1440},{\"@type\":\"BreadcrumbList\",\"@id\":\"https:\/\/www.stiftungfuerzukunftsfragen.de\/angehoerigenpflege-als-antwort-auf-den-pflegenotstand\/#breadcrumb\",\"itemListElement\":[{\"@type\":\"ListItem\",\"position\":1,\"name\":\"Startseite\",\"item\":\"https:\/\/www.stiftungfuerzukunftsfragen.de\/\"},{\"@type\":\"ListItem\",\"position\":2,\"name\":\"Angeh\u00f6rigenpflege als Antwort auf den Pflegenotstand\"}]},{\"@type\":\"WebSite\",\"@id\":\"https:\/\/www.stiftungfuerzukunftsfragen.de\/#website\",\"url\":\"https:\/\/www.stiftungfuerzukunftsfragen.de\/\",\"name\":\"Stiftung f\u00fcr Zukunftsfragen\",\"description\":\"Eine Initiative von BAT\",\"publisher\":{\"@id\":\"https:\/\/www.stiftungfuerzukunftsfragen.de\/#organization\"},\"potentialAction\":[{\"@type\":\"SearchAction\",\"target\":{\"@type\":\"EntryPoint\",\"urlTemplate\":\"https:\/\/www.stiftungfuerzukunftsfragen.de\/?s={search_term_string}\"},\"query-input\":{\"@type\":\"PropertyValueSpecification\",\"valueRequired\":true,\"valueName\":\"search_term_string\"}}],\"inLanguage\":\"en-GB\"},{\"@type\":\"Organization\",\"@id\":\"https:\/\/www.stiftungfuerzukunftsfragen.de\/#organization\",\"name\":\"Stiftung f\u00fcr Zukunftsfragen\",\"url\":\"https:\/\/www.stiftungfuerzukunftsfragen.de\/\",\"logo\":{\"@type\":\"ImageObject\",\"inLanguage\":\"en-GB\",\"@id\":\"https:\/\/www.stiftungfuerzukunftsfragen.de\/#\/schema\/logo\/image\/\",\"url\":\"https:\/\/www.stiftungfuerzukunftsfragen.de\/wp-content\/uploads\/Stiftung-fuer-Zukunftsfragen-Logo-e1662668075158.png\",\"contentUrl\":\"https:\/\/www.stiftungfuerzukunftsfragen.de\/wp-content\/uploads\/Stiftung-fuer-Zukunftsfragen-Logo-e1662668075158.png\",\"width\":609,\"height\":144,\"caption\":\"Stiftung f\u00fcr Zukunftsfragen\"},\"image\":{\"@id\":\"https:\/\/www.stiftungfuerzukunftsfragen.de\/#\/schema\/logo\/image\/\"},\"sameAs\":[\"https:\/\/www.facebook.com\/pages\/Stiftung-fr-Zukunftsfragen\/207485789294838\"]},{\"@type\":\"Person\",\"@id\":\"https:\/\/www.stiftungfuerzukunftsfragen.de\/#\/schema\/person\/fbe6a089bb71e464b6e9e91caaa06daa\",\"name\":\"Carina M\u00f6nkemeyer\"}]}<\/script>\n<!-- \/ Yoast SEO plugin. -->","yoast_head_json":{"title":"Caring for relatives as an answer to the care crisis - Stiftung f\u00fcr Zukunftsfragen","robots":{"index":"index","follow":"follow","max-snippet":"max-snippet:-1","max-image-preview":"max-image-preview:large","max-video-preview":"max-video-preview:-1"},"canonical":"https:\/\/www.stiftungfuerzukunftsfragen.de\/en\/caring-for-relatives-in-response-to-the-care-crisis\/","og_locale":"en_GB","og_type":"article","og_title":"Angeh\u00f6rigenpflege als Antwort auf den Pflegenotstand - Stiftung f\u00fcr Zukunftsfragen","og_description":"Die Pflege von Angeh\u00f6rigen hat in den letzten Jahren erheblich an Bedeutung gewonnen. So hat sich innerhalb von f\u00fcnf Jahren der Anteil der Bundesb\u00fcrger, die angeben, regelm\u00e4\u00dfig (wenigstens einmal in der Woche) Angeh\u00f6rige zu pflegen, von sieben auf 14 Prozent verdoppelt. Die Art der Pflege reicht hierbei von der medizinischen Versorgung, \u00fcber Eink\u00e4ufe, Transport und andere allt\u00e4gliche Aufgaben, bis hin zur Unterst\u00fctzung bei individuellen Herausforderungen.","og_url":"https:\/\/www.stiftungfuerzukunftsfragen.de\/en\/caring-for-relatives-in-response-to-the-care-crisis\/","og_site_name":"Stiftung f\u00fcr Zukunftsfragen","article_publisher":"https:\/\/www.facebook.com\/pages\/Stiftung-fr-Zukunftsfragen\/207485789294838","article_published_time":"2023-11-30T06:30:26+00:00","article_modified_time":"2025-10-31T07:06:34+00:00","og_image":[{"width":2560,"height":1440,"url":"https:\/\/www.stiftungfuerzukunftsfragen.de\/wp-content\/uploads\/pexels-matthias-zomer-339620.jpg","type":"image\/jpeg"}],"author":"Carina M\u00f6nkemeyer","twitter_card":"summary_large_image","twitter_misc":{"Written by":"Carina M\u00f6nkemeyer","Estimated reading time":"2 minutes"},"schema":{"@context":"https:\/\/schema.org","@graph":[{"@type":"Article","@id":"https:\/\/www.stiftungfuerzukunftsfragen.de\/angehoerigenpflege-als-antwort-auf-den-pflegenotstand\/#article","isPartOf":{"@id":"https:\/\/www.stiftungfuerzukunftsfragen.de\/angehoerigenpflege-als-antwort-auf-den-pflegenotstand\/"},"author":{"name":"Carina M\u00f6nkemeyer","@id":"https:\/\/www.stiftungfuerzukunftsfragen.de\/#\/schema\/person\/fbe6a089bb71e464b6e9e91caaa06daa"},"headline":"Angeh\u00f6rigenpflege als Antwort auf den Pflegenotstand","datePublished":"2023-11-30T06:30:26+00:00","dateModified":"2025-10-31T07:06:34+00:00","mainEntityOfPage":{"@id":"https:\/\/www.stiftungfuerzukunftsfragen.de\/angehoerigenpflege-als-antwort-auf-den-pflegenotstand\/"},"wordCount":374,"publisher":{"@id":"https:\/\/www.stiftungfuerzukunftsfragen.de\/#organization"},"image":{"@id":"https:\/\/www.stiftungfuerzukunftsfragen.de\/angehoerigenpflege-als-antwort-auf-den-pflegenotstand\/#primaryimage"},"thumbnailUrl":"https:\/\/www.stiftungfuerzukunftsfragen.de\/wp-content\/uploads\/pexels-matthias-zomer-339620.jpg","keywords":["Zukunftserwartungen"],"articleSection":["Chart der Woche"],"inLanguage":"en-GB"},{"@type":"WebPage","@id":"https:\/\/www.stiftungfuerzukunftsfragen.de\/angehoerigenpflege-als-antwort-auf-den-pflegenotstand\/","url":"https:\/\/www.stiftungfuerzukunftsfragen.de\/angehoerigenpflege-als-antwort-auf-den-pflegenotstand\/","name":"Caring for relatives as an answer to the care crisis - Stiftung f\u00fcr Zukunftsfragen","isPartOf":{"@id":"https:\/\/www.stiftungfuerzukunftsfragen.de\/#website"},"primaryImageOfPage":{"@id":"https:\/\/www.stiftungfuerzukunftsfragen.de\/angehoerigenpflege-als-antwort-auf-den-pflegenotstand\/#primaryimage"},"image":{"@id":"https:\/\/www.stiftungfuerzukunftsfragen.de\/angehoerigenpflege-als-antwort-auf-den-pflegenotstand\/#primaryimage"},"thumbnailUrl":"https:\/\/www.stiftungfuerzukunftsfragen.de\/wp-content\/uploads\/pexels-matthias-zomer-339620.jpg","datePublished":"2023-11-30T06:30:26+00:00","dateModified":"2025-10-31T07:06:34+00:00","breadcrumb":{"@id":"https:\/\/www.stiftungfuerzukunftsfragen.de\/angehoerigenpflege-als-antwort-auf-den-pflegenotstand\/#breadcrumb"},"inLanguage":"en-GB","potentialAction":[{"@type":"ReadAction","target":["https:\/\/www.stiftungfuerzukunftsfragen.de\/angehoerigenpflege-als-antwort-auf-den-pflegenotstand\/"]}]},{"@type":"ImageObject","inLanguage":"en-GB","@id":"https:\/\/www.stiftungfuerzukunftsfragen.de\/angehoerigenpflege-als-antwort-auf-den-pflegenotstand\/#primaryimage","url":"https:\/\/www.stiftungfuerzukunftsfragen.de\/wp-content\/uploads\/pexels-matthias-zomer-339620.jpg","contentUrl":"https:\/\/www.stiftungfuerzukunftsfragen.de\/wp-content\/uploads\/pexels-matthias-zomer-339620.jpg","width":2560,"height":1440},{"@type":"BreadcrumbList","@id":"https:\/\/www.stiftungfuerzukunftsfragen.de\/angehoerigenpflege-als-antwort-auf-den-pflegenotstand\/#breadcrumb","itemListElement":[{"@type":"ListItem","position":1,"name":"Startseite","item":"https:\/\/www.stiftungfuerzukunftsfragen.de\/"},{"@type":"ListItem","position":2,"name":"Angeh\u00f6rigenpflege als Antwort auf den Pflegenotstand"}]},{"@type":"WebSite","@id":"https:\/\/www.stiftungfuerzukunftsfragen.de\/#website","url":"https:\/\/www.stiftungfuerzukunftsfragen.de\/","name":"Foundation for Future Issues","description":"An initiative by BAT","publisher":{"@id":"https:\/\/www.stiftungfuerzukunftsfragen.de\/#organization"},"potentialAction":[{"@type":"SearchAction","target":{"@type":"EntryPoint","urlTemplate":"https:\/\/www.stiftungfuerzukunftsfragen.de\/?s={search_term_string}"},"query-input":{"@type":"PropertyValueSpecification","valueRequired":true,"valueName":"search_term_string"}}],"inLanguage":"en-GB"},{"@type":"Organization","@id":"https:\/\/www.stiftungfuerzukunftsfragen.de\/#organization","name":"Foundation for Future Issues","url":"https:\/\/www.stiftungfuerzukunftsfragen.de\/","logo":{"@type":"ImageObject","inLanguage":"en-GB","@id":"https:\/\/www.stiftungfuerzukunftsfragen.de\/#\/schema\/logo\/image\/","url":"https:\/\/www.stiftungfuerzukunftsfragen.de\/wp-content\/uploads\/Stiftung-fuer-Zukunftsfragen-Logo-e1662668075158.png","contentUrl":"https:\/\/www.stiftungfuerzukunftsfragen.de\/wp-content\/uploads\/Stiftung-fuer-Zukunftsfragen-Logo-e1662668075158.png","width":609,"height":144,"caption":"Stiftung f\u00fcr Zukunftsfragen"},"image":{"@id":"https:\/\/www.stiftungfuerzukunftsfragen.de\/#\/schema\/logo\/image\/"},"sameAs":["https:\/\/www.facebook.com\/pages\/Stiftung-fr-Zukunftsfragen\/207485789294838"]},{"@type":"Person","@id":"https:\/\/www.stiftungfuerzukunftsfragen.de\/#\/schema\/person\/fbe6a089bb71e464b6e9e91caaa06daa","name":"Carina M\u00f6nkemeyer"}]}},"_links":{"self":[{"href":"https:\/\/www.stiftungfuerzukunftsfragen.de\/en\/wp-json\/wp\/v2\/posts\/4787","targetHints":{"allow":["GET"]}}],"collection":[{"href":"https:\/\/www.stiftungfuerzukunftsfragen.de\/en\/wp-json\/wp\/v2\/posts"}],"about":[{"href":"https:\/\/www.stiftungfuerzukunftsfragen.de\/en\/wp-json\/wp\/v2\/types\/post"}],"author":[{"embeddable":true,"href":"https:\/\/www.stiftungfuerzukunftsfragen.de\/en\/wp-json\/wp\/v2\/users\/37"}],"replies":[{"embeddable":true,"href":"https:\/\/www.stiftungfuerzukunftsfragen.de\/en\/wp-json\/wp\/v2\/comments?post=4787"}],"version-history":[{"count":4,"href":"https:\/\/www.stiftungfuerzukunftsfragen.de\/en\/wp-json\/wp\/v2\/posts\/4787\/revisions"}],"predecessor-version":[{"id":6266,"href":"https:\/\/www.stiftungfuerzukunftsfragen.de\/en\/wp-json\/wp\/v2\/posts\/4787\/revisions\/6266"}],"wp:featuredmedia":[{"embeddable":true,"href":"https:\/\/www.stiftungfuerzukunftsfragen.de\/en\/wp-json\/wp\/v2\/media\/4789"}],"wp:attachment":[{"href":"https:\/\/www.stiftungfuerzukunftsfragen.de\/en\/wp-json\/wp\/v2\/media?parent=4787"}],"wp:term":[{"taxonomy":"category","embeddable":true,"href":"https:\/\/www.stiftungfuerzukunftsfragen.de\/en\/wp-json\/wp\/v2\/categories?post=4787"},{"taxonomy":"post_tag","embeddable":true,"href":"https:\/\/www.stiftungfuerzukunftsfragen.de\/en\/wp-json\/wp\/v2\/tags?post=4787"}],"curies":[{"name":"wp","href":"https:\/\/api.w.org\/{rel}","templated":true}]}}