{"id":4810,"date":"2023-12-26T08:00:34","date_gmt":"2023-12-26T07:00:34","guid":{"rendered":"https:\/\/www.stiftungfuerzukunftsfragen.de\/?p=4810"},"modified":"2025-10-30T15:15:00","modified_gmt":"2025-10-30T14:15:00","slug":"how-the-germans-are-looking-ahead-to-2024","status":"publish","type":"post","link":"https:\/\/www.stiftungfuerzukunftsfragen.de\/en\/so-blicken-die-deutschen-auf-das-jahr-2024\/","title":{"rendered":"How Germans are looking ahead to 2024"},"content":{"rendered":"<p><div class=\"fusion-fullwidth fullwidth-box fusion-builder-row-1 fusion-flex-container nonhundred-percent-fullwidth non-hundred-percent-height-scrolling\" style=\"--awb-border-radius-top-left:0px;--awb-border-radius-top-right:0px;--awb-border-radius-bottom-right:0px;--awb-border-radius-bottom-left:0px;--awb-flex-wrap:wrap;\" ><div class=\"fusion-builder-row fusion-row fusion-flex-align-items-flex-start fusion-flex-content-wrap\" style=\"max-width:1664px;margin-left: calc(-4% \/ 2 );margin-right: calc(-4% \/ 2 );\"><div class=\"fusion-layout-column fusion_builder_column fusion-builder-column-0 fusion_builder_column_1_1 1_1 fusion-flex-column\" style=\"--awb-bg-blend:overlay;--awb-bg-size:cover;--awb-width-large:100%;--awb-margin-top-large:0px;--awb-spacing-right-large:1.92%;--awb-margin-bottom-large:0px;--awb-spacing-left-large:1.92%;--awb-width-medium:100%;--awb-order-medium:0;--awb-spacing-right-medium:1.92%;--awb-spacing-left-medium:1.92%;--awb-width-small:100%;--awb-order-small:0;--awb-spacing-right-small:1.92%;--awb-spacing-left-small:1.92%;\"><div class=\"fusion-column-wrapper fusion-column-has-shadow fusion-flex-justify-content-flex-start fusion-content-layout-column\"><div class=\"fusion-text fusion-text-1\" style=\"--awb-margin-right:4%;\"><p>Globale Krisen und Konflikte, Inflation und wirtschaftliche Herausforderungen, dazu der Klimawandel und eine rasant voranschreitende Digitalisierung \u2013 all dies f\u00fchrt bei einem Gro\u00dfteil der B\u00fcrger zu einer wachsenden Unsicherheit und l\u00e4sst sie entsprechend angstvoll auf die kommenden zw\u00f6lf Monate schauen. Zu diesem Ergebnis kommt eine aktuelle Untersuchung der BAT-Stiftung f\u00fcr Zukunftsfragen, f\u00fcr die \u00fcber 2.000 Personen ab 18 Jahren repr\u00e4sentativ befragt wurden.<\/p>\n<\/div><div class=\"fusion-separator fusion-full-width-sep\" style=\"align-self: center;margin-left: auto;margin-right: auto;margin-top:50px;width:100%;\"><\/div><div class=\"fusion-title title fusion-title-1 fusion-sep-none fusion-title-text fusion-title-size-two\" style=\"--awb-margin-top-small:10px;--awb-margin-right-small:0px;--awb-margin-bottom-small:10px;--awb-margin-left-small:0px;\"><h2 class=\"fusion-title-heading title-heading-left fusion-responsive-typography-calculated\" style=\"margin:0;--fontSize:35;line-height:var(--awb-typography1-line-height);\">Skepsis gegen\u00fcber dem Morgen verdoppelt sich im 10-Jahresvergleich<\/h2><\/div><div class=\"fusion-text fusion-text-2\" style=\"--awb-margin-right:4%;\"><p>Innerhalb der Bev\u00f6lkerung steigen mit dem Alter die Sorgen. So blickt jeder zweite unter 34-J\u00e4hrige mit Angst auf das Jahr 2024, w\u00e4hrend es bei den \u00fcber 55-J\u00e4hrigen bereits mehr als zwei Drittel sind. Auch beim Bildungsgrad zeigen sich gro\u00dfe Unterschiede. Bei formal H\u00f6hergebildeten blickt eine knappe Mehrheit hoffnungsvoll in die Zukunft, bei den formal Geringgebildeten sind es lediglich 29 Prozent.<\/p>\n<\/div><div class=\"fusion-text fusion-text-3\" style=\"--awb-content-alignment:left;\"><p><a title=\"Sorge um die Zukunft w\u00e4chst\" href=\"http:\/\/&#091;infogram id=\"><div class=\"infogram-embed\" data-id=\"47943b72-1cba-4279-8107-7b05ca0422da\" data-type=\"interactive\"><\/div><script>!function(e,t,s,i){var n=\"InfogramEmbeds\",o=e.getElementsByTagName(\"script\"),d=o[0],r=\/^http:\/.test(e.location)?\"http:\":\"https:\";if(\/^\\\/{2}\/.test(i)&&(i=r+i),window[n]&&window[n].initialized)window[n].process&&window[n].process();else if(!e.getElementById(s)){var a=e.createElement(\"script\");a.async=1,a.id=s,a.src=i,d.parentNode.insertBefore(a,d)}}(document,0,\"infogram-async\",\"\/\/e.infogram.com\/js\/dist\/embed-loader-min.js\");<\/script><\/a><\/p>\n<\/div><div class=\"fusion-separator fusion-full-width-sep\" style=\"align-self: center;margin-left: auto;margin-right: auto;margin-top:50px;width:100%;\"><\/div><div class=\"fusion-title title fusion-title-2 fusion-sep-none fusion-title-text fusion-title-size-two\" style=\"--awb-margin-top-small:10px;--awb-margin-right-small:0px;--awb-margin-bottom-small:10px;--awb-margin-left-small:0px;\"><h2 class=\"fusion-title-heading title-heading-left fusion-responsive-typography-calculated\" style=\"margin:0;--fontSize:35;line-height:var(--awb-typography1-line-height);\">Angst vor dem wirtschaftlichen Abschwung ist gro\u00df<\/h2><\/div><div class=\"fusion-text fusion-text-4\" style=\"--awb-margin-right:4%;\"><p>Auch die Entwicklung der Wirtschaftsleistung in Deutschland bewerten die allermeisten negativ. Ging 2014 noch jeder Dritte von eine Wirtschaftssteigerung aus, ist es aktuell nur noch jeder Vierte.<\/p>\n<p>F\u00fcr Professor Dr. Ulrich Reinhardt, den wissenschaftlichen Leiter der Stiftung, sind die Gr\u00fcnde hierf\u00fcr vielschichtig: <em>\u201eSteigende Energiekosten belasten nicht nur die Haushaltsbudgets, sondern erh\u00f6hen auch den Druck auf Unternehmen. Hinzu kommt ein Fachkr\u00e4ftemangel, der fast jede Branche betrifft. Auch ungel\u00f6sten Handelskonflikte und eine zunehmende Konzentration zahlreicher Staaten auf nationale Belange belasten die exportorientierte deutsche Wirtschaft. Die Berichte \u00fcber all diese Herausforderungen pr\u00e4gen die Sichtweise der B\u00fcrger und lassen sie mit Sorgen auf die Wirtschaft von Morgen blicken\u201c.<\/em><\/p>\n<\/div><div class=\"fusion-text fusion-text-5\" style=\"--awb-content-alignment:left;\"><div class=\"infogram-embed\" data-id=\"290cbe96-df04-4a84-83e1-9638eb6a6a24\" data-type=\"interactive\"><\/div><script>!function(e,t,s,i){var n=\"InfogramEmbeds\",o=e.getElementsByTagName(\"script\"),d=o[0],r=\/^http:\/.test(e.location)?\"http:\":\"https:\";if(\/^\\\/{2}\/.test(i)&&(i=r+i),window[n]&&window[n].initialized)window[n].process&&window[n].process();else if(!e.getElementById(s)){var a=e.createElement(\"script\");a.async=1,a.id=s,a.src=i,d.parentNode.insertBefore(a,d)}}(document,0,\"infogram-async\",\"\/\/e.infogram.com\/js\/dist\/embed-loader-min.js\");<\/script>\n<\/div><div class=\"fusion-separator fusion-full-width-sep\" style=\"align-self: center;margin-left: auto;margin-right: auto;margin-top:50px;width:100%;\"><\/div><div class=\"fusion-title title fusion-title-3 fusion-sep-none fusion-title-text fusion-title-size-two\" style=\"--awb-margin-top-small:10px;--awb-margin-right-small:0px;--awb-margin-bottom-small:10px;--awb-margin-left-small:0px;\"><h2 class=\"fusion-title-heading title-heading-left fusion-responsive-typography-calculated\" style=\"margin:0;--fontSize:35;line-height:var(--awb-typography1-line-height);\">Politikverdrossenheit erreicht historischen H\u00f6chststand<\/h2><\/div><div class=\"fusion-text fusion-text-6\" style=\"--awb-margin-right:4%;\"><p>Fast neun von zehn Bundesb\u00fcrgern nehmen eine tiefgehende Entfremdung der Bev\u00f6lkerung von den politischen Vertretern wahr. Sie erwarten, dass Politiker kaum noch Zustimmung erhalten werden, und sich immer mehr B\u00fcrger desillusioniert abwenden. Insbesondere \u00e4ltere W\u00e4hler glauben kaum noch an einen Zustimmungsgewinn.<\/p>\n<\/div><div class=\"fusion-text fusion-text-7\" style=\"--awb-content-alignment:left;\"><div class=\"infogram-embed\" data-id=\"2ec53a88-4090-4de0-92d6-2ff5e31bedcf\" data-type=\"interactive\"><\/div><script>!function(e,t,s,i){var n=\"InfogramEmbeds\",o=e.getElementsByTagName(\"script\"),d=o[0],r=\/^http:\/.test(e.location)?\"http:\":\"https:\";if(\/^\\\/{2}\/.test(i)&&(i=r+i),window[n]&&window[n].initialized)window[n].process&&window[n].process();else if(!e.getElementById(s)){var a=e.createElement(\"script\");a.async=1,a.id=s,a.src=i,d.parentNode.insertBefore(a,d)}}(document,0,\"infogram-async\",\"\/\/e.infogram.com\/js\/dist\/embed-loader-min.js\");<\/script>\n<\/div><div class=\"fusion-separator fusion-full-width-sep\" style=\"align-self: center;margin-left: auto;margin-right: auto;margin-top:50px;width:100%;\"><\/div><div class=\"fusion-title title fusion-title-4 fusion-sep-none fusion-title-text fusion-title-size-two\" style=\"--awb-margin-top-small:10px;--awb-margin-right-small:0px;--awb-margin-bottom-small:10px;--awb-margin-left-small:0px;\"><h2 class=\"fusion-title-heading title-heading-left fusion-responsive-typography-calculated\" style=\"margin:0;--fontSize:35;line-height:var(--awb-typography1-line-height);\">Gr\u00fcnde f\u00fcr den Vertrauensverlust sind mannigfaltig<\/h2><\/div><div class=\"fusion-text fusion-text-8\" style=\"--awb-margin-right:4%;\"><p>Vielen Politikern wird mangelnde Kompetenz und Transparenz vorgeworfen und ihnen wird nachgesagt, dass ihnen effektive L\u00f6sungen f\u00fcr dr\u00e4ngende Probleme fehlen. Ein weiterer wichtiger Faktor ist die zunehmende Polarisierung in der politischen Debatte, die das Vertrauen in das politische System erodiert. Die \u00dcberzeugung, politische Entscheidungstr\u00e4ger dienen eher parteipolitischen Interessen als dem Gemeinwohl, verst\u00e4rkt die Entfremdung vieler B\u00fcrger von der Politik. Reinhardt: \u201e<em>Die anhaltende Skepsis gegen\u00fcber der politischen Klasse stellt eine zentrale Zukunftsherausforderung dar, die es zu bew\u00e4ltigen gilt, um das Vertrauen der B\u00fcrger in die politischen Institutionen wiederherzustellen und gemeinsame L\u00f6sungen f\u00fcr die bestehenden Herausforderungen zu finden. Geschieht dieses nicht, droht eine weitere Radikalisierung, die am Ende die Demokratie gef\u00e4hrdet\u201c.<\/em><\/p>\n<\/div><div class=\"fusion-separator fusion-full-width-sep\" style=\"align-self: center;margin-left: auto;margin-right: auto;margin-top:50px;width:100%;\"><\/div><div class=\"fusion-title title fusion-title-5 fusion-sep-none fusion-title-text fusion-title-size-two\" style=\"--awb-margin-top-small:10px;--awb-margin-right-small:0px;--awb-margin-bottom-small:10px;--awb-margin-left-small:0px;\"><h2 class=\"fusion-title-heading title-heading-left fusion-responsive-typography-calculated\" style=\"margin:0;--fontSize:35;line-height:var(--awb-typography1-line-height);\">Mehr Zusammenhalt in Europa als in Deutschland erwartet<\/h2><\/div><div class=\"fusion-text fusion-text-9\" style=\"--awb-margin-right:4%;\"><p>Aktuell erwarten 29 Prozent der B\u00fcrger, dass Europa n\u00e4her zusammenr\u00fccken wird, und damit erwarten dies ebenso viele wie vor einem Jahrzehnt. F\u00fcr Deutschland sehen dagegen mehr als drei Viertel der Bev\u00f6lkerung ein weiteres Auseinanderdriften bevorstehen und damit sind es heute deutlich mehr als noch vor zehn Jahren.<\/p>\n<p>Zwischen den verschiedenen Altersgruppen ist die positive Erwartung eines engeren Miteinanders bei den J\u00fcngeren jeweils in etwa doppelt so hoch, wie bei der Generation \u00fcber 55 Jahren. Die tendenziell zuversichtlichere Einstellung der unter 34-J\u00e4hrigen zeigt, dass sie doch eine zu Teilen ganz andere Sichtweise auf die gesellschaftliche Entwicklung Deutschlands und Europas haben.<\/p>\n<p>F\u00fcr Reinhardt gehen hiermit Fragen \u00fcber Werte, Priorit\u00e4ten und Erwartungen der verschiedenen Altersgruppen einher, da die Antworten deutlich zeigen, wie vielschichtig die gesellschaftliche Perspektive auf die kommenden Jahre ist. <em>\u201eEs bleibt abzuwarten, wie sich diese unterschiedlichen Ansichten in den kommenden Jahren auf politische Entscheidungen, und somit auf die Gestaltung der Zukunft, auswirken werden\u201c.<\/em><\/p>\n<\/div><div class=\"fusion-text fusion-text-10\" style=\"--awb-content-alignment:left;\"><div class=\"infogram-embed\" data-id=\"a9ddc7a7-b0e1-4b25-b7a6-fa83c9901dff\" data-type=\"interactive\"><\/div><script>!function(e,t,s,i){var n=\"InfogramEmbeds\",o=e.getElementsByTagName(\"script\"),d=o[0],r=\/^http:\/.test(e.location)?\"http:\":\"https:\";if(\/^\\\/{2}\/.test(i)&&(i=r+i),window[n]&&window[n].initialized)window[n].process&&window[n].process();else if(!e.getElementById(s)){var a=e.createElement(\"script\");a.async=1,a.id=s,a.src=i,d.parentNode.insertBefore(a,d)}}(document,0,\"infogram-async\",\"\/\/e.infogram.com\/js\/dist\/embed-loader-min.js\");<\/script>\n<\/div><div class=\"fusion-text fusion-text-11\" style=\"--awb-content-alignment:left;\"><div class=\"infogram-embed\" data-id=\"8bfc517b-aedb-445c-bcfb-180e01de508a\" data-type=\"interactive\"><\/div><script>!function(e,t,s,i){var n=\"InfogramEmbeds\",o=e.getElementsByTagName(\"script\"),d=o[0],r=\/^http:\/.test(e.location)?\"http:\":\"https:\";if(\/^\\\/{2}\/.test(i)&&(i=r+i),window[n]&&window[n].initialized)window[n].process&&window[n].process();else if(!e.getElementById(s)){var a=e.createElement(\"script\");a.async=1,a.id=s,a.src=i,d.parentNode.insertBefore(a,d)}}(document,0,\"infogram-async\",\"\/\/e.infogram.com\/js\/dist\/embed-loader-min.js\");<\/script>\n<\/div><\/div><\/div><\/div><\/div><div class=\"fusion-fullwidth fullwidth-box fusion-builder-row-2 fusion-flex-container has-pattern-background has-mask-background nonhundred-percent-fullwidth non-hundred-percent-height-scrolling\" style=\"--awb-border-radius-top-left:0px;--awb-border-radius-top-right:0px;--awb-border-radius-bottom-right:0px;--awb-border-radius-bottom-left:0px;--awb-flex-wrap:wrap;\" ><div class=\"fusion-builder-row fusion-row fusion-flex-align-items-flex-start fusion-flex-content-wrap\" style=\"max-width:1664px;margin-left: calc(-4% \/ 2 );margin-right: calc(-4% \/ 2 );\"><div class=\"fusion-layout-column fusion_builder_column fusion-builder-column-1 fusion_builder_column_1_1 1_1 fusion-flex-column\" style=\"--awb-bg-size:cover;--awb-width-large:100%;--awb-margin-top-large:0px;--awb-spacing-right-large:1.92%;--awb-margin-bottom-large:30px;--awb-spacing-left-large:1.92%;--awb-width-medium:100%;--awb-order-medium:0;--awb-spacing-right-medium:1.92%;--awb-spacing-left-medium:1.92%;--awb-width-small:100%;--awb-order-small:0;--awb-spacing-right-small:1.92%;--awb-spacing-left-small:1.92%;\"><div class=\"fusion-column-wrapper fusion-column-has-shadow fusion-flex-justify-content-flex-start fusion-content-layout-column\"><\/div><\/div><\/div><\/div><\/p>\n","protected":false},"excerpt":{"rendered":"","protected":false},"author":36,"featured_media":4812,"comment_status":"closed","ping_status":"open","sticky":false,"template":"","format":"standard","meta":{"_acf_changed":false,"footnotes":""},"categories":[1],"tags":[67],"class_list":["post-4810","post","type-post","status-publish","format-standard","has-post-thumbnail","hentry","category-forschung-aktuell","tag-zukunftserwartungen"],"acf":{"ausgabe_nummer":"Forschung aktuell, 302","pdf-download_dateiname":"www.stiftungfuerzukunftsfragen.de_so-blicken-die-deutschen-auf-das-jahr-2024.pdf"},"yoast_head":"<!-- This site is optimized with the Yoast SEO plugin v27.1.1 - https:\/\/yoast.com\/product\/yoast-seo-wordpress\/ -->\n<title>So blicken die Deutschen auf das Jahr 2024 - Stiftung f\u00fcr Zukunftsfragen<\/title>\n<meta name=\"robots\" content=\"index, follow, max-snippet:-1, max-image-preview:large, max-video-preview:-1\" \/>\n<link rel=\"canonical\" href=\"https:\/\/www.stiftungfuerzukunftsfragen.de\/en\/how-the-germans-are-looking-ahead-to-2024\/\" \/>\n<meta property=\"og:locale\" content=\"en_GB\" \/>\n<meta property=\"og:type\" content=\"article\" \/>\n<meta property=\"og:title\" content=\"So blicken die Deutschen auf das Jahr 2024 - Stiftung f\u00fcr Zukunftsfragen\" \/>\n<meta property=\"og:url\" content=\"https:\/\/www.stiftungfuerzukunftsfragen.de\/en\/how-the-germans-are-looking-ahead-to-2024\/\" \/>\n<meta property=\"og:site_name\" content=\"Stiftung f\u00fcr Zukunftsfragen\" \/>\n<meta property=\"article:publisher\" content=\"https:\/\/www.facebook.com\/pages\/Stiftung-fr-Zukunftsfragen\/207485789294838\" \/>\n<meta property=\"article:published_time\" content=\"2023-12-26T07:00:34+00:00\" \/>\n<meta property=\"article:modified_time\" content=\"2025-10-30T14:15:00+00:00\" \/>\n<meta property=\"og:image\" content=\"https:\/\/www.stiftungfuerzukunftsfragen.de\/wp-content\/uploads\/fa-302.jpg\" \/>\n\t<meta property=\"og:image:width\" content=\"700\" \/>\n\t<meta property=\"og:image:height\" content=\"2200\" \/>\n\t<meta property=\"og:image:type\" content=\"image\/jpeg\" \/>\n<meta name=\"author\" content=\"guels\" \/>\n<meta name=\"twitter:card\" content=\"summary_large_image\" \/>\n<meta name=\"twitter:label1\" content=\"Written by\" \/>\n\t<meta name=\"twitter:data1\" content=\"guels\" \/>\n\t<meta name=\"twitter:label2\" content=\"Estimated reading time\" \/>\n\t<meta name=\"twitter:data2\" content=\"11 minutes\" \/>\n<script type=\"application\/ld+json\" class=\"yoast-schema-graph\">{\"@context\":\"https:\/\/schema.org\",\"@graph\":[{\"@type\":\"Article\",\"@id\":\"https:\/\/www.stiftungfuerzukunftsfragen.de\/so-blicken-die-deutschen-auf-das-jahr-2024\/#article\",\"isPartOf\":{\"@id\":\"https:\/\/www.stiftungfuerzukunftsfragen.de\/so-blicken-die-deutschen-auf-das-jahr-2024\/\"},\"author\":{\"name\":\"guels\",\"@id\":\"https:\/\/www.stiftungfuerzukunftsfragen.de\/#\/schema\/person\/ab1d46d162c905f85dba6504c00294c4\"},\"headline\":\"So blicken die Deutschen auf das Jahr 2024\",\"datePublished\":\"2023-12-26T07:00:34+00:00\",\"dateModified\":\"2025-10-30T14:15:00+00:00\",\"mainEntityOfPage\":{\"@id\":\"https:\/\/www.stiftungfuerzukunftsfragen.de\/so-blicken-die-deutschen-auf-das-jahr-2024\/\"},\"wordCount\":3835,\"publisher\":{\"@id\":\"https:\/\/www.stiftungfuerzukunftsfragen.de\/#organization\"},\"image\":{\"@id\":\"https:\/\/www.stiftungfuerzukunftsfragen.de\/so-blicken-die-deutschen-auf-das-jahr-2024\/#primaryimage\"},\"thumbnailUrl\":\"https:\/\/www.stiftungfuerzukunftsfragen.de\/wp-content\/uploads\/fa-302.jpg\",\"keywords\":[\"Zukunftserwartungen\"],\"articleSection\":[\"Forschung aktuell\"],\"inLanguage\":\"en-GB\"},{\"@type\":\"WebPage\",\"@id\":\"https:\/\/www.stiftungfuerzukunftsfragen.de\/so-blicken-die-deutschen-auf-das-jahr-2024\/\",\"url\":\"https:\/\/www.stiftungfuerzukunftsfragen.de\/so-blicken-die-deutschen-auf-das-jahr-2024\/\",\"name\":\"So blicken die Deutschen auf das Jahr 2024 - Stiftung f\u00fcr Zukunftsfragen\",\"isPartOf\":{\"@id\":\"https:\/\/www.stiftungfuerzukunftsfragen.de\/#website\"},\"primaryImageOfPage\":{\"@id\":\"https:\/\/www.stiftungfuerzukunftsfragen.de\/so-blicken-die-deutschen-auf-das-jahr-2024\/#primaryimage\"},\"image\":{\"@id\":\"https:\/\/www.stiftungfuerzukunftsfragen.de\/so-blicken-die-deutschen-auf-das-jahr-2024\/#primaryimage\"},\"thumbnailUrl\":\"https:\/\/www.stiftungfuerzukunftsfragen.de\/wp-content\/uploads\/fa-302.jpg\",\"datePublished\":\"2023-12-26T07:00:34+00:00\",\"dateModified\":\"2025-10-30T14:15:00+00:00\",\"breadcrumb\":{\"@id\":\"https:\/\/www.stiftungfuerzukunftsfragen.de\/so-blicken-die-deutschen-auf-das-jahr-2024\/#breadcrumb\"},\"inLanguage\":\"en-GB\",\"potentialAction\":[{\"@type\":\"ReadAction\",\"target\":[\"https:\/\/www.stiftungfuerzukunftsfragen.de\/so-blicken-die-deutschen-auf-das-jahr-2024\/\"]}]},{\"@type\":\"ImageObject\",\"inLanguage\":\"en-GB\",\"@id\":\"https:\/\/www.stiftungfuerzukunftsfragen.de\/so-blicken-die-deutschen-auf-das-jahr-2024\/#primaryimage\",\"url\":\"https:\/\/www.stiftungfuerzukunftsfragen.de\/wp-content\/uploads\/fa-302.jpg\",\"contentUrl\":\"https:\/\/www.stiftungfuerzukunftsfragen.de\/wp-content\/uploads\/fa-302.jpg\",\"width\":700,\"height\":2200},{\"@type\":\"BreadcrumbList\",\"@id\":\"https:\/\/www.stiftungfuerzukunftsfragen.de\/so-blicken-die-deutschen-auf-das-jahr-2024\/#breadcrumb\",\"itemListElement\":[{\"@type\":\"ListItem\",\"position\":1,\"name\":\"Startseite\",\"item\":\"https:\/\/www.stiftungfuerzukunftsfragen.de\/\"},{\"@type\":\"ListItem\",\"position\":2,\"name\":\"So blicken die Deutschen auf das Jahr 2024\"}]},{\"@type\":\"WebSite\",\"@id\":\"https:\/\/www.stiftungfuerzukunftsfragen.de\/#website\",\"url\":\"https:\/\/www.stiftungfuerzukunftsfragen.de\/\",\"name\":\"Stiftung f\u00fcr Zukunftsfragen\",\"description\":\"Eine Initiative von BAT\",\"publisher\":{\"@id\":\"https:\/\/www.stiftungfuerzukunftsfragen.de\/#organization\"},\"potentialAction\":[{\"@type\":\"SearchAction\",\"target\":{\"@type\":\"EntryPoint\",\"urlTemplate\":\"https:\/\/www.stiftungfuerzukunftsfragen.de\/?s={search_term_string}\"},\"query-input\":{\"@type\":\"PropertyValueSpecification\",\"valueRequired\":true,\"valueName\":\"search_term_string\"}}],\"inLanguage\":\"en-GB\"},{\"@type\":\"Organization\",\"@id\":\"https:\/\/www.stiftungfuerzukunftsfragen.de\/#organization\",\"name\":\"Stiftung f\u00fcr Zukunftsfragen\",\"url\":\"https:\/\/www.stiftungfuerzukunftsfragen.de\/\",\"logo\":{\"@type\":\"ImageObject\",\"inLanguage\":\"en-GB\",\"@id\":\"https:\/\/www.stiftungfuerzukunftsfragen.de\/#\/schema\/logo\/image\/\",\"url\":\"https:\/\/www.stiftungfuerzukunftsfragen.de\/wp-content\/uploads\/Stiftung-fuer-Zukunftsfragen-Logo-e1662668075158.png\",\"contentUrl\":\"https:\/\/www.stiftungfuerzukunftsfragen.de\/wp-content\/uploads\/Stiftung-fuer-Zukunftsfragen-Logo-e1662668075158.png\",\"width\":609,\"height\":144,\"caption\":\"Stiftung f\u00fcr Zukunftsfragen\"},\"image\":{\"@id\":\"https:\/\/www.stiftungfuerzukunftsfragen.de\/#\/schema\/logo\/image\/\"},\"sameAs\":[\"https:\/\/www.facebook.com\/pages\/Stiftung-fr-Zukunftsfragen\/207485789294838\"]},{\"@type\":\"Person\",\"@id\":\"https:\/\/www.stiftungfuerzukunftsfragen.de\/#\/schema\/person\/ab1d46d162c905f85dba6504c00294c4\",\"name\":\"guels\"}]}<\/script>\n<!-- \/ Yoast SEO plugin. -->","yoast_head_json":{"title":"This is how Germans see the year 2024 - Stiftung f\u00fcr Zukunftsfragen","robots":{"index":"index","follow":"follow","max-snippet":"max-snippet:-1","max-image-preview":"max-image-preview:large","max-video-preview":"max-video-preview:-1"},"canonical":"https:\/\/www.stiftungfuerzukunftsfragen.de\/en\/how-the-germans-are-looking-ahead-to-2024\/","og_locale":"en_GB","og_type":"article","og_title":"So blicken die Deutschen auf das Jahr 2024 - Stiftung f\u00fcr Zukunftsfragen","og_url":"https:\/\/www.stiftungfuerzukunftsfragen.de\/en\/how-the-germans-are-looking-ahead-to-2024\/","og_site_name":"Stiftung f\u00fcr Zukunftsfragen","article_publisher":"https:\/\/www.facebook.com\/pages\/Stiftung-fr-Zukunftsfragen\/207485789294838","article_published_time":"2023-12-26T07:00:34+00:00","article_modified_time":"2025-10-30T14:15:00+00:00","og_image":[{"width":700,"height":2200,"url":"https:\/\/www.stiftungfuerzukunftsfragen.de\/wp-content\/uploads\/fa-302.jpg","type":"image\/jpeg"}],"author":"guels","twitter_card":"summary_large_image","twitter_misc":{"Written by":"guels","Estimated reading time":"11 minutes"},"schema":{"@context":"https:\/\/schema.org","@graph":[{"@type":"Article","@id":"https:\/\/www.stiftungfuerzukunftsfragen.de\/so-blicken-die-deutschen-auf-das-jahr-2024\/#article","isPartOf":{"@id":"https:\/\/www.stiftungfuerzukunftsfragen.de\/so-blicken-die-deutschen-auf-das-jahr-2024\/"},"author":{"name":"guels","@id":"https:\/\/www.stiftungfuerzukunftsfragen.de\/#\/schema\/person\/ab1d46d162c905f85dba6504c00294c4"},"headline":"So blicken die Deutschen auf das Jahr 2024","datePublished":"2023-12-26T07:00:34+00:00","dateModified":"2025-10-30T14:15:00+00:00","mainEntityOfPage":{"@id":"https:\/\/www.stiftungfuerzukunftsfragen.de\/so-blicken-die-deutschen-auf-das-jahr-2024\/"},"wordCount":3835,"publisher":{"@id":"https:\/\/www.stiftungfuerzukunftsfragen.de\/#organization"},"image":{"@id":"https:\/\/www.stiftungfuerzukunftsfragen.de\/so-blicken-die-deutschen-auf-das-jahr-2024\/#primaryimage"},"thumbnailUrl":"https:\/\/www.stiftungfuerzukunftsfragen.de\/wp-content\/uploads\/fa-302.jpg","keywords":["Zukunftserwartungen"],"articleSection":["Forschung aktuell"],"inLanguage":"en-GB"},{"@type":"WebPage","@id":"https:\/\/www.stiftungfuerzukunftsfragen.de\/so-blicken-die-deutschen-auf-das-jahr-2024\/","url":"https:\/\/www.stiftungfuerzukunftsfragen.de\/so-blicken-die-deutschen-auf-das-jahr-2024\/","name":"This is how Germans see the year 2024 - Stiftung f\u00fcr Zukunftsfragen","isPartOf":{"@id":"https:\/\/www.stiftungfuerzukunftsfragen.de\/#website"},"primaryImageOfPage":{"@id":"https:\/\/www.stiftungfuerzukunftsfragen.de\/so-blicken-die-deutschen-auf-das-jahr-2024\/#primaryimage"},"image":{"@id":"https:\/\/www.stiftungfuerzukunftsfragen.de\/so-blicken-die-deutschen-auf-das-jahr-2024\/#primaryimage"},"thumbnailUrl":"https:\/\/www.stiftungfuerzukunftsfragen.de\/wp-content\/uploads\/fa-302.jpg","datePublished":"2023-12-26T07:00:34+00:00","dateModified":"2025-10-30T14:15:00+00:00","breadcrumb":{"@id":"https:\/\/www.stiftungfuerzukunftsfragen.de\/so-blicken-die-deutschen-auf-das-jahr-2024\/#breadcrumb"},"inLanguage":"en-GB","potentialAction":[{"@type":"ReadAction","target":["https:\/\/www.stiftungfuerzukunftsfragen.de\/so-blicken-die-deutschen-auf-das-jahr-2024\/"]}]},{"@type":"ImageObject","inLanguage":"en-GB","@id":"https:\/\/www.stiftungfuerzukunftsfragen.de\/so-blicken-die-deutschen-auf-das-jahr-2024\/#primaryimage","url":"https:\/\/www.stiftungfuerzukunftsfragen.de\/wp-content\/uploads\/fa-302.jpg","contentUrl":"https:\/\/www.stiftungfuerzukunftsfragen.de\/wp-content\/uploads\/fa-302.jpg","width":700,"height":2200},{"@type":"BreadcrumbList","@id":"https:\/\/www.stiftungfuerzukunftsfragen.de\/so-blicken-die-deutschen-auf-das-jahr-2024\/#breadcrumb","itemListElement":[{"@type":"ListItem","position":1,"name":"Startseite","item":"https:\/\/www.stiftungfuerzukunftsfragen.de\/"},{"@type":"ListItem","position":2,"name":"So blicken die Deutschen auf das Jahr 2024"}]},{"@type":"WebSite","@id":"https:\/\/www.stiftungfuerzukunftsfragen.de\/#website","url":"https:\/\/www.stiftungfuerzukunftsfragen.de\/","name":"Foundation for Future Issues","description":"An initiative by BAT","publisher":{"@id":"https:\/\/www.stiftungfuerzukunftsfragen.de\/#organization"},"potentialAction":[{"@type":"SearchAction","target":{"@type":"EntryPoint","urlTemplate":"https:\/\/www.stiftungfuerzukunftsfragen.de\/?s={search_term_string}"},"query-input":{"@type":"PropertyValueSpecification","valueRequired":true,"valueName":"search_term_string"}}],"inLanguage":"en-GB"},{"@type":"Organization","@id":"https:\/\/www.stiftungfuerzukunftsfragen.de\/#organization","name":"Foundation for Future Issues","url":"https:\/\/www.stiftungfuerzukunftsfragen.de\/","logo":{"@type":"ImageObject","inLanguage":"en-GB","@id":"https:\/\/www.stiftungfuerzukunftsfragen.de\/#\/schema\/logo\/image\/","url":"https:\/\/www.stiftungfuerzukunftsfragen.de\/wp-content\/uploads\/Stiftung-fuer-Zukunftsfragen-Logo-e1662668075158.png","contentUrl":"https:\/\/www.stiftungfuerzukunftsfragen.de\/wp-content\/uploads\/Stiftung-fuer-Zukunftsfragen-Logo-e1662668075158.png","width":609,"height":144,"caption":"Stiftung f\u00fcr Zukunftsfragen"},"image":{"@id":"https:\/\/www.stiftungfuerzukunftsfragen.de\/#\/schema\/logo\/image\/"},"sameAs":["https:\/\/www.facebook.com\/pages\/Stiftung-fr-Zukunftsfragen\/207485789294838"]},{"@type":"Person","@id":"https:\/\/www.stiftungfuerzukunftsfragen.de\/#\/schema\/person\/ab1d46d162c905f85dba6504c00294c4","name":"guels"}]}},"_links":{"self":[{"href":"https:\/\/www.stiftungfuerzukunftsfragen.de\/en\/wp-json\/wp\/v2\/posts\/4810","targetHints":{"allow":["GET"]}}],"collection":[{"href":"https:\/\/www.stiftungfuerzukunftsfragen.de\/en\/wp-json\/wp\/v2\/posts"}],"about":[{"href":"https:\/\/www.stiftungfuerzukunftsfragen.de\/en\/wp-json\/wp\/v2\/types\/post"}],"author":[{"embeddable":true,"href":"https:\/\/www.stiftungfuerzukunftsfragen.de\/en\/wp-json\/wp\/v2\/users\/36"}],"replies":[{"embeddable":true,"href":"https:\/\/www.stiftungfuerzukunftsfragen.de\/en\/wp-json\/wp\/v2\/comments?post=4810"}],"version-history":[{"count":5,"href":"https:\/\/www.stiftungfuerzukunftsfragen.de\/en\/wp-json\/wp\/v2\/posts\/4810\/revisions"}],"predecessor-version":[{"id":4818,"href":"https:\/\/www.stiftungfuerzukunftsfragen.de\/en\/wp-json\/wp\/v2\/posts\/4810\/revisions\/4818"}],"wp:featuredmedia":[{"embeddable":true,"href":"https:\/\/www.stiftungfuerzukunftsfragen.de\/en\/wp-json\/wp\/v2\/media\/4812"}],"wp:attachment":[{"href":"https:\/\/www.stiftungfuerzukunftsfragen.de\/en\/wp-json\/wp\/v2\/media?parent=4810"}],"wp:term":[{"taxonomy":"category","embeddable":true,"href":"https:\/\/www.stiftungfuerzukunftsfragen.de\/en\/wp-json\/wp\/v2\/categories?post=4810"},{"taxonomy":"post_tag","embeddable":true,"href":"https:\/\/www.stiftungfuerzukunftsfragen.de\/en\/wp-json\/wp\/v2\/tags?post=4810"}],"curies":[{"name":"wp","href":"https:\/\/api.w.org\/{rel}","templated":true}]}}