{"id":4827,"date":"2024-02-06T09:59:32","date_gmt":"2024-02-06T08:59:32","guid":{"rendered":"https:\/\/www.stiftungfuerzukunftsfragen.de\/?p=4827"},"modified":"2025-10-30T15:15:00","modified_gmt":"2025-10-30T14:15:00","slug":"foundation-for-future-issues-presents-40-german-tourism-analyses","status":"publish","type":"post","link":"https:\/\/www.stiftungfuerzukunftsfragen.de\/en\/stiftung-fuer-zukunftsfragen-stellt-40-deutsche-tourismusanalyse-vor\/","title":{"rendered":"Foundation for Future Studies presents 40th German Tourism Analysis"},"content":{"rendered":"<h2>Deutsche Tourismusanalyse 2024: Die Reisewelle rollt<\/h2>\n<h3>Kernergebnisse<\/h3>\n<ol>\n<li style=\"list-style-type: none;\">\n<ol>\n<li><u>Reisefrequenz steigt an<\/u>: Die Reisefrequenz hat das Vor-Corona-Niveau von 61 Prozent erreicht und liegt damit drei Prozentpunkte \u00fcber dem Vorjahresniveau.<\/li>\n<li><u>Mehrfachreisen nehmen zu<\/u>: Zwei von f\u00fcnf B\u00fcrgern verreisen mehrfach im Jahr.<\/li>\n<li><u>Reisedauer abh\u00e4ngig vom Ziel<\/u>: Durchschnittliche Reisedauer im Inland etwas gestiegen, im Ausland leicht r\u00fcckl\u00e4ufig.<\/li>\n<li><u>Urlaubsausgaben auf Rekordhoch<\/u>: Die Ausgaben f\u00fcr den Urlaub erreichen mit durchschnittlichen 1.538\u20ac pro Person einen neuen H\u00f6chststand.<\/li>\n<li><u>Tageskosten plus 19 Prozent<\/u>: Besonders in Spanien stiegen die Kosten pro Urlaubstag.<\/li>\n<li><u>Deutschland bleibt das beliebteste Reiseziel<\/u>: Trotz R\u00fcckgang um \u00fcber drei Prozentpunkte.<\/li>\n<li><u>Spanien auf Platz 1 bei den europ\u00e4ischen Reisezielen<\/u>: Skandinavien erstmals auf Platz 3, T\u00fcrkei und Griechenland verlieren Marktanteile.<\/li>\n<li><u>Fernreisen im Aufwind<\/u>: Asien besonders beliebt.<\/li>\n<li><u>Reiseabsichten steigen leicht<\/u>: Mehr als sechs von zehn Bundesb\u00fcrgern planen bereits ihre n\u00e4chste Reise.<\/li>\n<li><u>Prognose f\u00fcr Reiseziele 2024<\/u>: Fernreisen gewinnen erneut.<\/li>\n<\/ol>\n<\/li>\n<\/ol>\n<p>&nbsp;<\/p>\n<p>Trotz anhaltender globaler Unsicherheiten hat sich die Faszination des Reisens nicht verringert. Im Gegenteil, die B\u00fcrger sehnen sich nach einer Auszeit sowie einem Hauch von Normalit\u00e4t und verreisen h\u00e4ufiger denn je. Zu diesem Ergebnis kommt die 40. Deutsche Tourismusanalyse der gemeinn\u00fctzigen BAT-Stiftung f\u00fcr Zukunftsfragen. F\u00fcr die repr\u00e4sentative Untersuchung wurden \u00fcber 3.000 Bundesb\u00fcrger ab 18 Jahren zu ihrem Reiseverhalten und ihren Reiseabsichten befragt.<\/p>\n<p>&nbsp;<\/p>\n<div class=\"infogram-embed\" data-id=\"40-deutsche-tourismusanalyse-fa-zusammenfassung-1h0n25o8yewpz4p\" data-type=\"interactive\"><\/div><script>!function(e,t,s,i){var n=\"InfogramEmbeds\",o=e.getElementsByTagName(\"script\"),d=o[0],r=\/^http:\/.test(e.location)?\"http:\":\"https:\";if(\/^\\\/{2}\/.test(i)&&(i=r+i),window[n]&&window[n].initialized)window[n].process&&window[n].process();else if(!e.getElementById(s)){var a=e.createElement(\"script\");a.async=1,a.id=s,a.src=i,d.parentNode.insertBefore(a,d)}}(document,0,\"infogram-async\",\"\/\/e.infogram.com\/js\/dist\/embed-loader-min.js\");<\/script>\n<p>&nbsp;<\/p>\n<h3><strong>Reisefrequenz<\/strong><\/h3>\n<p>Der Anteil der Deutschen, die eine Reise von wenigstens f\u00fcnf Tagen Dauer unternommen haben, wuchs im Vergleich zum Vorjahr deutlich um drei Prozentpunkte an und erreichte damit dasselbe Niveau wie vor der Corona-Pandemie. Die Reisefrequenz stieg zudem mit dem Einkommen. W\u00e4hrend nicht einmal jeder Dritte Geringverdienende (Haushaltseinkommen unter 1.500\u20ac\/Monat) unterwegs war, begaben sich 83 Prozent der Besserverdienenden (Haushaltseinkommen \u00fcber 5.000\u20ac\/Monat) auf die Reise. Innerhalb der Lebensphasen packten Familien (75%) und kinderlose Paare (72%) \u00fcberdurchschnittlich oft ihre Koffer, w\u00e4hrend Singles (50%) deutlich h\u00e4ufiger zuhause blieben.<\/p>\n<p>&nbsp;<\/p>\n<div class=\"infogram-embed\" data-id=\"reisefrequenz-2023-genauso-hoch-wie-vor-der-pandemie-1h984wv3jdojz2p\" data-type=\"interactive\"><\/div><script>!function(e,t,s,i){var n=\"InfogramEmbeds\",o=e.getElementsByTagName(\"script\"),d=o[0],r=\/^http:\/.test(e.location)?\"http:\":\"https:\";if(\/^\\\/{2}\/.test(i)&&(i=r+i),window[n]&&window[n].initialized)window[n].process&&window[n].process();else if(!e.getElementById(s)){var a=e.createElement(\"script\");a.async=1,a.id=s,a.src=i,d.parentNode.insertBefore(a,d)}}(document,0,\"infogram-async\",\"\/\/e.infogram.com\/js\/dist\/embed-loader-min.js\");<\/script>\n<p>&nbsp;<\/p>\n<p>&nbsp;<\/p>\n<h3><strong>Mehrfachreisen<\/strong><\/h3>\n<p>Vor zehn Jahren unternahm jeder f\u00fcnfte B\u00fcrger (2013= 20%) mehr als eine Urlaubsreise. Im letzten Jahr waren doppelt so viele Urlauber mehrfach unterwegs (2023= 41%). Jeder vierte war dabei zweimal unterwegs, jeder zehnte dreimal und jeder zw\u00f6lfte noch \u00f6fter. Mit dem Einkommen stieg dabei die Reiseh\u00e4ufigkeit. So war der Anteil der mehrfach Reisenden bei Besserverdienenden mehr als dreimal so gro\u00df wie bei Geringverdienenden.<\/p>\n<p>&nbsp;<\/p>\n<div class=\"infogram-embed\" data-id=\"mehrfachreisen-2023-1hnq41ok5rwgk23\" data-type=\"interactive\"><\/div><script>!function(e,t,s,i){var n=\"InfogramEmbeds\",o=e.getElementsByTagName(\"script\"),d=o[0],r=\/^http:\/.test(e.location)?\"http:\":\"https:\";if(\/^\\\/{2}\/.test(i)&&(i=r+i),window[n]&&window[n].initialized)window[n].process&&window[n].process();else if(!e.getElementById(s)){var a=e.createElement(\"script\");a.async=1,a.id=s,a.src=i,d.parentNode.insertBefore(a,d)}}(document,0,\"infogram-async\",\"\/\/e.infogram.com\/js\/dist\/embed-loader-min.js\");<\/script>\n<p>&nbsp;<\/p>\n<h3><strong>Reisedauer<\/strong><\/h3>\n<p>Im Vergleich zum Vorjahr verringerte sich die durchschnittliche Reisedauer um etwa einen Tag. Ein Grund hierf\u00fcr waren die h\u00f6heren Kosten, ein anderer, der Trend zu Mehrfachreisen. Besonders betroffen waren hiervon Fernreisedestinationen, die nicht mehr drei Wochen im Schnitt besucht wurden, sondern \u201enur\u201c noch zweieinhalb. Entgegen dieser Entwicklung erh\u00f6hte sich die Verweildauer bei inl\u00e4ndischen Urlaubsorten, was auf den hohen Anteil von \u00e4lteren Reisenden zur\u00fcckgef\u00fchrt werden kann. Diese blieben etwas l\u00e4nger vor Ort, da sie oftmals \u00fcber ausreichende finanzielle und zeitliche Ressourcen verf\u00fcgten.<\/p>\n<p>&nbsp;<\/p>\n<div class=\"infogram-embed\" data-id=\"reisedauer-2023-abhangig-vom-ziel-1h0r6rzl05z5l4e\" data-type=\"interactive\"><\/div><script>!function(e,t,s,i){var n=\"InfogramEmbeds\",o=e.getElementsByTagName(\"script\"),d=o[0],r=\/^http:\/.test(e.location)?\"http:\":\"https:\";if(\/^\\\/{2}\/.test(i)&&(i=r+i),window[n]&&window[n].initialized)window[n].process&&window[n].process();else if(!e.getElementById(s)){var a=e.createElement(\"script\");a.async=1,a.id=s,a.src=i,d.parentNode.insertBefore(a,d)}}(document,0,\"infogram-async\",\"\/\/e.infogram.com\/js\/dist\/embed-loader-min.js\");<\/script>\n<p>&nbsp;<\/p>\n<h3><\/h3>\n<h3><strong>Reisekosten<\/strong><\/h3>\n<p>Die Ausgaben f\u00fcr den Urlaub haben 2023 ein neues Rekordniveau erreicht und betrugen durchschnittlich 1.538 Euro pro Person. Im Schnitt lie\u00df sich eine vierk\u00f6pfige Familie den Haupturlaub damit mehr als 6.000 Euro kosten. Ein Urlaub im Inland war rund 200 Euro g\u00fcnstiger als im europ\u00e4ischen Ausland, wobei die entsprechend k\u00fcrzere Reisedauer innerhalb Deutschlands beachtet werden muss. Bei den ausl\u00e4ndischen Reisezielen wurde am meisten Geld f\u00fcr einen Urlaub in Spanien oder Griechenland ausgegeben.<\/p>\n<p>Auch die t\u00e4glichen Urlaubskosten erreichten mit 129 Euro einen neuen H\u00f6chststand. Im Vergleich zur Vorsaison gaben die Reisenden 19 Prozent mehr aus. Besonders deutlich stiegen die Tageskosten in Spanien, \u00d6sterreich und in den Fernreisezielen, wohingegen Skandinavien recht preisstabil blieb. Im Inland stiegen die Kosten um zwanzig Euro auf insgesamt 132 Euro und liegen nun \u00fcber dem europ\u00e4ischen Durchschnitt \u2013 trotz deutlich geringerer Anreisekosten. Prof. Ulrich Reinhardt, wissenschaftlicher Leiter der BAT-Stiftung f\u00fcr Zukunftsfragen: <em>\u201eDie gestiegenen Ausgaben f\u00fcr den Urlaub zeigen die Bereitschaft der Reisenden sich Urlaubserlebnisse durchaus auch etwas kosten zu lassen. Gleichzeitig machen sich daran aber auch die Auswirkungen der Inflation und der gro\u00dfen Nachfrage bemerkbar, die zu h\u00f6heren Preisen gef\u00fchrt haben\u201c.<\/em><\/p>\n<p>&nbsp;<\/p>\n<div class=\"infogram-embed\" data-id=\"urlaubsausgaben-2023-urlaubsausgaben-auf-rekordhoch-1hmr6g8dezvgo2n\" data-type=\"interactive\"><\/div><script>!function(e,t,s,i){var n=\"InfogramEmbeds\",o=e.getElementsByTagName(\"script\"),d=o[0],r=\/^http:\/.test(e.location)?\"http:\":\"https:\";if(\/^\\\/{2}\/.test(i)&&(i=r+i),window[n]&&window[n].initialized)window[n].process&&window[n].process();else if(!e.getElementById(s)){var a=e.createElement(\"script\");a.async=1,a.id=s,a.src=i,d.parentNode.insertBefore(a,d)}}(document,0,\"infogram-async\",\"\/\/e.infogram.com\/js\/dist\/embed-loader-min.js\");<\/script>\n<p>&nbsp;<\/p>\n<div class=\"infogram-embed\" data-id=\"tagesausgaben-2023-steigerung-in-prozent-2023-1hmr6g8dezq7z2n\" data-type=\"interactive\"><\/div><script>!function(e,t,s,i){var n=\"InfogramEmbeds\",o=e.getElementsByTagName(\"script\"),d=o[0],r=\/^http:\/.test(e.location)?\"http:\":\"https:\";if(\/^\\\/{2}\/.test(i)&&(i=r+i),window[n]&&window[n].initialized)window[n].process&&window[n].process();else if(!e.getElementById(s)){var a=e.createElement(\"script\");a.async=1,a.id=s,a.src=i,d.parentNode.insertBefore(a,d)}}(document,0,\"infogram-async\",\"\/\/e.infogram.com\/js\/dist\/embed-loader-min.js\");<\/script>\n<p>&nbsp;<\/p>\n<p>&nbsp;<\/p>\n<h3><strong>Reiseziele<\/strong><\/h3>\n<p>Die Bundesb\u00fcrger pr\u00e4sentierten in der abgelaufenen Reisesaison eine breitere Palette von Interessen und Reisezielen als in den vorangegangenen Jahren. Dieses offenbart die vielf\u00e4ltigen Bed\u00fcrfnisse und Vorlieben der Urlauber und bescherte zahlreichen Destinationen neue G\u00e4ste. Mit einem Marktanteil von 37 Prozent war Deutschland dabei auch 2023 das bevorzugte Hauptreiseziel. Im Vergleich zum Vorjahr verbuchten die Feriengebiete im Inland jedoch ein Minus von 3,5 Prozentpunkte. Lediglich die Feriengebiete in Niedersachsen und Baden-W\u00fcrttemberg trotzten diesem Trend.<\/p>\n<p>Bei den Auslandszielen konnten Spanien und Italien ihre Spitzenpl\u00e4tze ausbauen. Erstmals auf Platz 3 landete Skandinavien. F\u00fcr Reinhardt waren Schweden, Norwegen, Finnland und D\u00e4nemark besonders wegen ihres Images gefragt.<\/p>\n<p><em>\u201eViele Reisende verbinden die nordischen L\u00e4nder mit Natur, Sicherheit, einem hohen Qualit\u00e4tsstandard, Atmosph\u00e4re und gro\u00dfer Gastfreundschaft\u201c<\/em>, so der Leiter der Stiftung.\u00a0 Dar\u00fcber hinaus spielt auch die gute Anreise mit dem eigenen PKW eine wichtige Rolle. Einbu\u00dfen verzeichneten u.a. griechische und t\u00fcrkische Feriengebiete, was im Wesentlichen an den gestiegenen Kosten vor Ort lag.<\/p>\n<p>Fernreisen waren auch im vergangenen Jahr gefragt und erreichten fast wieder das Vor-Corona-Niveau \u2013 trotz gestiegener Flugkosten. Besonders beliebt waren L\u00e4nder in Fernost-Asien, die ihren Marktanteil deutlich steigern konnten. Aber auch alle anderen Destinationen au\u00dferhalb Europas konnten im Jahresvergleich zulegen.<\/p>\n<p>Reinhardt: <em>\u201eDie Deutschen sind (wieder) bereit, die Welt zu erkunden und fremde Kulturen zu entdecken. Sie zeigen neugieriges Interesse an fernen Zielen, wollen ihren Horizont erweitern und neue Erfahrungen machen\u201c.<\/em><\/p>\n<p>&nbsp;<\/p>\n<div class=\"infogram-embed\" data-id=\"inlandsreiseziele-2023-1h0r6rzl09zyl4e\" data-type=\"interactive\"><\/div><script>!function(e,t,s,i){var n=\"InfogramEmbeds\",o=e.getElementsByTagName(\"script\"),d=o[0],r=\/^http:\/.test(e.location)?\"http:\":\"https:\";if(\/^\\\/{2}\/.test(i)&&(i=r+i),window[n]&&window[n].initialized)window[n].process&&window[n].process();else if(!e.getElementById(s)){var a=e.createElement(\"script\");a.async=1,a.id=s,a.src=i,d.parentNode.insertBefore(a,d)}}(document,0,\"infogram-async\",\"\/\/e.infogram.com\/js\/dist\/embed-loader-min.js\");<\/script>\n<p>&nbsp;<\/p>\n<div class=\"infogram-embed\" data-id=\"top-10-europaische-reiseziele-1h984wv3j59oz2p\" data-type=\"interactive\"><\/div><script>!function(e,t,s,i){var n=\"InfogramEmbeds\",o=e.getElementsByTagName(\"script\"),d=o[0],r=\/^http:\/.test(e.location)?\"http:\":\"https:\";if(\/^\\\/{2}\/.test(i)&&(i=r+i),window[n]&&window[n].initialized)window[n].process&&window[n].process();else if(!e.getElementById(s)){var a=e.createElement(\"script\");a.async=1,a.id=s,a.src=i,d.parentNode.insertBefore(a,d)}}(document,0,\"infogram-async\",\"\/\/e.infogram.com\/js\/dist\/embed-loader-min.js\");<\/script>\n<p>&nbsp;<\/p>\n<div class=\"infogram-embed\" data-id=\"fernreiseziele-2023-1h9j6q7v0lvx54g\" data-type=\"interactive\"><\/div><script>!function(e,t,s,i){var n=\"InfogramEmbeds\",o=e.getElementsByTagName(\"script\"),d=o[0],r=\/^http:\/.test(e.location)?\"http:\":\"https:\";if(\/^\\\/{2}\/.test(i)&&(i=r+i),window[n]&&window[n].initialized)window[n].process&&window[n].process();else if(!e.getElementById(s)){var a=e.createElement(\"script\");a.async=1,a.id=s,a.src=i,d.parentNode.insertBefore(a,d)}}(document,0,\"infogram-async\",\"\/\/e.infogram.com\/js\/dist\/embed-loader-min.js\");<\/script>\n<p>&nbsp;<\/p>\n<p>&nbsp;<\/p>\n<h3><strong>Reiseabsichten<\/strong><\/h3>\n<p>F\u00fcr die kommenden zw\u00f6lf Monate zeichnet sich eine gro\u00dfe Reiselust in Deutschland ab. Bereits jetzt planen fast zwei Drittel wenigstens eine Urlaubsreise zu unternehmen und lediglich knapp jeder Vierte ist sich jetzt schon sicher 2024 nicht zu verreisen. Diese Zahlen verdeutlichen, wie sehr die Bundesb\u00fcrger trotz anhaltender Unsicherheiten bereit sind, ihre Tr\u00e4ume in die Tat umzusetzen. Bei den Reisezielen wird sich der Trend zu ausl\u00e4ndischen Ferienzielen fortsetzen, gleichwohl auch dieses Jahr Deutschland das beliebteste Reiseziel bleiben wird.<\/p>\n<p>Fazit von Professor Reinhardt: <em>\u201eReisen erm\u00f6glicht es, aus dem Alltag auszubrechen und neue Energie zu tanken. Es tr\u00e4gt zur pers\u00f6nlichen Entwicklung bei und schafft Erinnerungen. Trotz aller Herausforderungen bleibt das Reisen daher auch 2024 ein zentraler Bestandteil im Leben vieler B\u00fcrger, f\u00fcr das sie bereit sind viel Geld auszugeben.&#8220;<\/em><\/p>\n<p>&nbsp;<\/p>\n<div class=\"infogram-embed\" data-id=\"reiseabsichten-2024-weitere-erfolge-wahrscheinlich-1h0r6rzl05o3l4e\" data-type=\"interactive\"><\/div><script>!function(e,t,s,i){var n=\"InfogramEmbeds\",o=e.getElementsByTagName(\"script\"),d=o[0],r=\/^http:\/.test(e.location)?\"http:\":\"https:\";if(\/^\\\/{2}\/.test(i)&&(i=r+i),window[n]&&window[n].initialized)window[n].process&&window[n].process();else if(!e.getElementById(s)){var a=e.createElement(\"script\");a.async=1,a.id=s,a.src=i,d.parentNode.insertBefore(a,d)}}(document,0,\"infogram-async\",\"\/\/e.infogram.com\/js\/dist\/embed-loader-min.js\");<\/script>\n<p>&nbsp;<\/p>\n<p style=\"font-weight: 400;\">Methode:<br \/>\nBefragungsinstitut GfK | Feldzeit Dezember 2023 \/ Januar 2024 | 3.000 Befragte im Alter von 18-74 Jahren | Online<\/p>\n","protected":false},"excerpt":{"rendered":"<p>Deutsche Tourismusanalyse 2024: Die Reisewelle rollt Kernergebnisse Reisefrequenz steigt an: Die Reisefrequenz hat das  [&#8230;]<\/p>\n","protected":false},"author":36,"featured_media":0,"comment_status":"closed","ping_status":"open","sticky":false,"template":"","format":"standard","meta":{"_acf_changed":false,"footnotes":""},"categories":[1,23],"tags":[71],"class_list":["post-4827","post","type-post","status-publish","format-standard","hentry","category-forschung-aktuell","category-tourismusanalyse","tag-tourismus-mobilitaet"],"acf":{"ausgabe_nummer":"Tourismusanalyse 2024","pdf-download_dateiname":"www.stiftungfuerzukunftsfragen.de_stiftung-fuer-zukunftsfragen-stellt-40-deutsche-tourismusanalyse-vor.pdf"},"yoast_head":"<!-- This site is optimized with the Yoast SEO plugin v27.1.1 - https:\/\/yoast.com\/product\/yoast-seo-wordpress\/ -->\n<title>Stiftung f\u00fcr Zukunftsfragen stellt 40. Deutsche Tourismusanalyse vor - Stiftung f\u00fcr Zukunftsfragen<\/title>\n<meta name=\"robots\" content=\"index, follow, max-snippet:-1, max-image-preview:large, max-video-preview:-1\" \/>\n<link rel=\"canonical\" href=\"https:\/\/www.stiftungfuerzukunftsfragen.de\/en\/foundation-for-future-issues-presents-40-german-tourism-analyses\/\" \/>\n<meta property=\"og:locale\" content=\"en_GB\" \/>\n<meta property=\"og:type\" content=\"article\" \/>\n<meta property=\"og:title\" content=\"Stiftung f\u00fcr Zukunftsfragen stellt 40. Deutsche Tourismusanalyse vor - Stiftung f\u00fcr Zukunftsfragen\" \/>\n<meta property=\"og:description\" content=\"Deutsche Tourismusanalyse 2024: Die Reisewelle rollt Kernergebnisse Reisefrequenz steigt an: Die Reisefrequenz hat das [...]\" \/>\n<meta property=\"og:url\" content=\"https:\/\/www.stiftungfuerzukunftsfragen.de\/en\/foundation-for-future-issues-presents-40-german-tourism-analyses\/\" \/>\n<meta property=\"og:site_name\" content=\"Stiftung f\u00fcr Zukunftsfragen\" \/>\n<meta property=\"article:publisher\" content=\"https:\/\/www.facebook.com\/pages\/Stiftung-fr-Zukunftsfragen\/207485789294838\" \/>\n<meta property=\"article:published_time\" content=\"2024-02-06T08:59:32+00:00\" \/>\n<meta property=\"article:modified_time\" content=\"2025-10-30T14:15:00+00:00\" \/>\n<meta name=\"author\" content=\"guels\" \/>\n<meta name=\"twitter:card\" content=\"summary_large_image\" \/>\n<meta name=\"twitter:label1\" content=\"Written by\" \/>\n\t<meta name=\"twitter:data1\" content=\"guels\" \/>\n\t<meta name=\"twitter:label2\" content=\"Estimated reading time\" \/>\n\t<meta name=\"twitter:data2\" content=\"6 minutes\" \/>\n<script type=\"application\/ld+json\" class=\"yoast-schema-graph\">{\"@context\":\"https:\/\/schema.org\",\"@graph\":[{\"@type\":\"Article\",\"@id\":\"https:\/\/www.stiftungfuerzukunftsfragen.de\/stiftung-fuer-zukunftsfragen-stellt-40-deutsche-tourismusanalyse-vor\/#article\",\"isPartOf\":{\"@id\":\"https:\/\/www.stiftungfuerzukunftsfragen.de\/stiftung-fuer-zukunftsfragen-stellt-40-deutsche-tourismusanalyse-vor\/\"},\"author\":{\"name\":\"guels\",\"@id\":\"https:\/\/www.stiftungfuerzukunftsfragen.de\/#\/schema\/person\/ab1d46d162c905f85dba6504c00294c4\"},\"headline\":\"Stiftung f\u00fcr Zukunftsfragen stellt 40. Deutsche Tourismusanalyse vor\",\"datePublished\":\"2024-02-06T08:59:32+00:00\",\"dateModified\":\"2025-10-30T14:15:00+00:00\",\"mainEntityOfPage\":{\"@id\":\"https:\/\/www.stiftungfuerzukunftsfragen.de\/stiftung-fuer-zukunftsfragen-stellt-40-deutsche-tourismusanalyse-vor\/\"},\"wordCount\":1168,\"publisher\":{\"@id\":\"https:\/\/www.stiftungfuerzukunftsfragen.de\/#organization\"},\"keywords\":[\"Tourismus &amp; Mobilit\u00e4t\"],\"articleSection\":[\"Forschung aktuell\",\"Tourismusanalyse\"],\"inLanguage\":\"en-GB\"},{\"@type\":\"WebPage\",\"@id\":\"https:\/\/www.stiftungfuerzukunftsfragen.de\/stiftung-fuer-zukunftsfragen-stellt-40-deutsche-tourismusanalyse-vor\/\",\"url\":\"https:\/\/www.stiftungfuerzukunftsfragen.de\/stiftung-fuer-zukunftsfragen-stellt-40-deutsche-tourismusanalyse-vor\/\",\"name\":\"Stiftung f\u00fcr Zukunftsfragen stellt 40. Deutsche Tourismusanalyse vor - Stiftung f\u00fcr Zukunftsfragen\",\"isPartOf\":{\"@id\":\"https:\/\/www.stiftungfuerzukunftsfragen.de\/#website\"},\"datePublished\":\"2024-02-06T08:59:32+00:00\",\"dateModified\":\"2025-10-30T14:15:00+00:00\",\"breadcrumb\":{\"@id\":\"https:\/\/www.stiftungfuerzukunftsfragen.de\/stiftung-fuer-zukunftsfragen-stellt-40-deutsche-tourismusanalyse-vor\/#breadcrumb\"},\"inLanguage\":\"en-GB\",\"potentialAction\":[{\"@type\":\"ReadAction\",\"target\":[\"https:\/\/www.stiftungfuerzukunftsfragen.de\/stiftung-fuer-zukunftsfragen-stellt-40-deutsche-tourismusanalyse-vor\/\"]}]},{\"@type\":\"BreadcrumbList\",\"@id\":\"https:\/\/www.stiftungfuerzukunftsfragen.de\/stiftung-fuer-zukunftsfragen-stellt-40-deutsche-tourismusanalyse-vor\/#breadcrumb\",\"itemListElement\":[{\"@type\":\"ListItem\",\"position\":1,\"name\":\"Startseite\",\"item\":\"https:\/\/www.stiftungfuerzukunftsfragen.de\/\"},{\"@type\":\"ListItem\",\"position\":2,\"name\":\"Stiftung f\u00fcr Zukunftsfragen stellt 40. Deutsche Tourismusanalyse vor\"}]},{\"@type\":\"WebSite\",\"@id\":\"https:\/\/www.stiftungfuerzukunftsfragen.de\/#website\",\"url\":\"https:\/\/www.stiftungfuerzukunftsfragen.de\/\",\"name\":\"Stiftung f\u00fcr Zukunftsfragen\",\"description\":\"Eine Initiative von BAT\",\"publisher\":{\"@id\":\"https:\/\/www.stiftungfuerzukunftsfragen.de\/#organization\"},\"potentialAction\":[{\"@type\":\"SearchAction\",\"target\":{\"@type\":\"EntryPoint\",\"urlTemplate\":\"https:\/\/www.stiftungfuerzukunftsfragen.de\/?s={search_term_string}\"},\"query-input\":{\"@type\":\"PropertyValueSpecification\",\"valueRequired\":true,\"valueName\":\"search_term_string\"}}],\"inLanguage\":\"en-GB\"},{\"@type\":\"Organization\",\"@id\":\"https:\/\/www.stiftungfuerzukunftsfragen.de\/#organization\",\"name\":\"Stiftung f\u00fcr Zukunftsfragen\",\"url\":\"https:\/\/www.stiftungfuerzukunftsfragen.de\/\",\"logo\":{\"@type\":\"ImageObject\",\"inLanguage\":\"en-GB\",\"@id\":\"https:\/\/www.stiftungfuerzukunftsfragen.de\/#\/schema\/logo\/image\/\",\"url\":\"https:\/\/www.stiftungfuerzukunftsfragen.de\/wp-content\/uploads\/Stiftung-fuer-Zukunftsfragen-Logo-e1662668075158.png\",\"contentUrl\":\"https:\/\/www.stiftungfuerzukunftsfragen.de\/wp-content\/uploads\/Stiftung-fuer-Zukunftsfragen-Logo-e1662668075158.png\",\"width\":609,\"height\":144,\"caption\":\"Stiftung f\u00fcr Zukunftsfragen\"},\"image\":{\"@id\":\"https:\/\/www.stiftungfuerzukunftsfragen.de\/#\/schema\/logo\/image\/\"},\"sameAs\":[\"https:\/\/www.facebook.com\/pages\/Stiftung-fr-Zukunftsfragen\/207485789294838\"]},{\"@type\":\"Person\",\"@id\":\"https:\/\/www.stiftungfuerzukunftsfragen.de\/#\/schema\/person\/ab1d46d162c905f85dba6504c00294c4\",\"name\":\"guels\"}]}<\/script>\n<!-- \/ Yoast SEO plugin. -->","yoast_head_json":{"title":"Foundation for Future Studies presents 40th German Tourism Analysis - Stiftung f\u00fcr Zukunftsfragen","robots":{"index":"index","follow":"follow","max-snippet":"max-snippet:-1","max-image-preview":"max-image-preview:large","max-video-preview":"max-video-preview:-1"},"canonical":"https:\/\/www.stiftungfuerzukunftsfragen.de\/en\/foundation-for-future-issues-presents-40-german-tourism-analyses\/","og_locale":"en_GB","og_type":"article","og_title":"Stiftung f\u00fcr Zukunftsfragen stellt 40. Deutsche Tourismusanalyse vor - Stiftung f\u00fcr Zukunftsfragen","og_description":"Deutsche Tourismusanalyse 2024: Die Reisewelle rollt Kernergebnisse Reisefrequenz steigt an: Die Reisefrequenz hat das [...]","og_url":"https:\/\/www.stiftungfuerzukunftsfragen.de\/en\/foundation-for-future-issues-presents-40-german-tourism-analyses\/","og_site_name":"Stiftung f\u00fcr Zukunftsfragen","article_publisher":"https:\/\/www.facebook.com\/pages\/Stiftung-fr-Zukunftsfragen\/207485789294838","article_published_time":"2024-02-06T08:59:32+00:00","article_modified_time":"2025-10-30T14:15:00+00:00","author":"guels","twitter_card":"summary_large_image","twitter_misc":{"Written by":"guels","Estimated reading time":"6 minutes"},"schema":{"@context":"https:\/\/schema.org","@graph":[{"@type":"Article","@id":"https:\/\/www.stiftungfuerzukunftsfragen.de\/stiftung-fuer-zukunftsfragen-stellt-40-deutsche-tourismusanalyse-vor\/#article","isPartOf":{"@id":"https:\/\/www.stiftungfuerzukunftsfragen.de\/stiftung-fuer-zukunftsfragen-stellt-40-deutsche-tourismusanalyse-vor\/"},"author":{"name":"guels","@id":"https:\/\/www.stiftungfuerzukunftsfragen.de\/#\/schema\/person\/ab1d46d162c905f85dba6504c00294c4"},"headline":"Stiftung f\u00fcr Zukunftsfragen stellt 40. Deutsche Tourismusanalyse vor","datePublished":"2024-02-06T08:59:32+00:00","dateModified":"2025-10-30T14:15:00+00:00","mainEntityOfPage":{"@id":"https:\/\/www.stiftungfuerzukunftsfragen.de\/stiftung-fuer-zukunftsfragen-stellt-40-deutsche-tourismusanalyse-vor\/"},"wordCount":1168,"publisher":{"@id":"https:\/\/www.stiftungfuerzukunftsfragen.de\/#organization"},"keywords":["Tourismus &amp; Mobilit\u00e4t"],"articleSection":["Forschung aktuell","Tourismusanalyse"],"inLanguage":"en-GB"},{"@type":"WebPage","@id":"https:\/\/www.stiftungfuerzukunftsfragen.de\/stiftung-fuer-zukunftsfragen-stellt-40-deutsche-tourismusanalyse-vor\/","url":"https:\/\/www.stiftungfuerzukunftsfragen.de\/stiftung-fuer-zukunftsfragen-stellt-40-deutsche-tourismusanalyse-vor\/","name":"Foundation for Future Studies presents 40th German Tourism Analysis - Stiftung f\u00fcr Zukunftsfragen","isPartOf":{"@id":"https:\/\/www.stiftungfuerzukunftsfragen.de\/#website"},"datePublished":"2024-02-06T08:59:32+00:00","dateModified":"2025-10-30T14:15:00+00:00","breadcrumb":{"@id":"https:\/\/www.stiftungfuerzukunftsfragen.de\/stiftung-fuer-zukunftsfragen-stellt-40-deutsche-tourismusanalyse-vor\/#breadcrumb"},"inLanguage":"en-GB","potentialAction":[{"@type":"ReadAction","target":["https:\/\/www.stiftungfuerzukunftsfragen.de\/stiftung-fuer-zukunftsfragen-stellt-40-deutsche-tourismusanalyse-vor\/"]}]},{"@type":"BreadcrumbList","@id":"https:\/\/www.stiftungfuerzukunftsfragen.de\/stiftung-fuer-zukunftsfragen-stellt-40-deutsche-tourismusanalyse-vor\/#breadcrumb","itemListElement":[{"@type":"ListItem","position":1,"name":"Startseite","item":"https:\/\/www.stiftungfuerzukunftsfragen.de\/"},{"@type":"ListItem","position":2,"name":"Stiftung f\u00fcr Zukunftsfragen stellt 40. Deutsche Tourismusanalyse vor"}]},{"@type":"WebSite","@id":"https:\/\/www.stiftungfuerzukunftsfragen.de\/#website","url":"https:\/\/www.stiftungfuerzukunftsfragen.de\/","name":"Foundation for Future Issues","description":"An initiative by BAT","publisher":{"@id":"https:\/\/www.stiftungfuerzukunftsfragen.de\/#organization"},"potentialAction":[{"@type":"SearchAction","target":{"@type":"EntryPoint","urlTemplate":"https:\/\/www.stiftungfuerzukunftsfragen.de\/?s={search_term_string}"},"query-input":{"@type":"PropertyValueSpecification","valueRequired":true,"valueName":"search_term_string"}}],"inLanguage":"en-GB"},{"@type":"Organization","@id":"https:\/\/www.stiftungfuerzukunftsfragen.de\/#organization","name":"Foundation for Future Issues","url":"https:\/\/www.stiftungfuerzukunftsfragen.de\/","logo":{"@type":"ImageObject","inLanguage":"en-GB","@id":"https:\/\/www.stiftungfuerzukunftsfragen.de\/#\/schema\/logo\/image\/","url":"https:\/\/www.stiftungfuerzukunftsfragen.de\/wp-content\/uploads\/Stiftung-fuer-Zukunftsfragen-Logo-e1662668075158.png","contentUrl":"https:\/\/www.stiftungfuerzukunftsfragen.de\/wp-content\/uploads\/Stiftung-fuer-Zukunftsfragen-Logo-e1662668075158.png","width":609,"height":144,"caption":"Stiftung f\u00fcr Zukunftsfragen"},"image":{"@id":"https:\/\/www.stiftungfuerzukunftsfragen.de\/#\/schema\/logo\/image\/"},"sameAs":["https:\/\/www.facebook.com\/pages\/Stiftung-fr-Zukunftsfragen\/207485789294838"]},{"@type":"Person","@id":"https:\/\/www.stiftungfuerzukunftsfragen.de\/#\/schema\/person\/ab1d46d162c905f85dba6504c00294c4","name":"guels"}]}},"_links":{"self":[{"href":"https:\/\/www.stiftungfuerzukunftsfragen.de\/en\/wp-json\/wp\/v2\/posts\/4827","targetHints":{"allow":["GET"]}}],"collection":[{"href":"https:\/\/www.stiftungfuerzukunftsfragen.de\/en\/wp-json\/wp\/v2\/posts"}],"about":[{"href":"https:\/\/www.stiftungfuerzukunftsfragen.de\/en\/wp-json\/wp\/v2\/types\/post"}],"author":[{"embeddable":true,"href":"https:\/\/www.stiftungfuerzukunftsfragen.de\/en\/wp-json\/wp\/v2\/users\/36"}],"replies":[{"embeddable":true,"href":"https:\/\/www.stiftungfuerzukunftsfragen.de\/en\/wp-json\/wp\/v2\/comments?post=4827"}],"version-history":[{"count":5,"href":"https:\/\/www.stiftungfuerzukunftsfragen.de\/en\/wp-json\/wp\/v2\/posts\/4827\/revisions"}],"predecessor-version":[{"id":4832,"href":"https:\/\/www.stiftungfuerzukunftsfragen.de\/en\/wp-json\/wp\/v2\/posts\/4827\/revisions\/4832"}],"wp:attachment":[{"href":"https:\/\/www.stiftungfuerzukunftsfragen.de\/en\/wp-json\/wp\/v2\/media?parent=4827"}],"wp:term":[{"taxonomy":"category","embeddable":true,"href":"https:\/\/www.stiftungfuerzukunftsfragen.de\/en\/wp-json\/wp\/v2\/categories?post=4827"},{"taxonomy":"post_tag","embeddable":true,"href":"https:\/\/www.stiftungfuerzukunftsfragen.de\/en\/wp-json\/wp\/v2\/tags?post=4827"}],"curies":[{"name":"wp","href":"https:\/\/api.w.org\/{rel}","templated":true}]}}