{"id":4996,"date":"2024-06-06T07:00:07","date_gmt":"2024-06-06T05:00:07","guid":{"rendered":"https:\/\/www.stiftungfuerzukunftsfragen.de\/?p=4996"},"modified":"2025-10-31T08:05:50","modified_gmt":"2025-10-31T07:05:50","slug":"european-identity-project-top-or-flop","status":"publish","type":"post","link":"https:\/\/www.stiftungfuerzukunftsfragen.de\/en\/projekt-europaeische-identitaet-top-oder-flop\/","title":{"rendered":"European identity project: top or flop?"},"content":{"rendered":"<div class=\"infogram-embed\" data-id=\"europa-am-scheideweg-1hxj48mm5d8r52v\" data-type=\"interactive\"><\/div><script>!function(e,t,s,i){var n=\"InfogramEmbeds\",o=e.getElementsByTagName(\"script\"),d=o[0],r=\/^http:\/.test(e.location)?\"http:\":\"https:\";if(\/^\\\/{2}\/.test(i)&&(i=r+i),window[n]&&window[n].initialized)window[n].process&&window[n].process();else if(!e.getElementById(s)){var a=e.createElement(\"script\");a.async=1,a.id=s,a.src=i,d.parentNode.insertBefore(a,d)}}(document,0,\"infogram-async\",\"\/\/e.infogram.com\/js\/dist\/embed-loader-min.js\");<\/script>\n<p>&nbsp;<\/p>\n<div class=\"page\" title=\"Page 31\">\n<div class=\"section\">\n<div class=\"layoutArea\">\n<div class=\"column\">\n<div class=\"page\" title=\"Page 8\">\n<div class=\"section\">\n<div class=\"layoutArea\">\n<div class=\"column\">\n<div class=\"page\" title=\"Page 7\">\n<div class=\"section\">\n<div class=\"layoutArea\">\n<div class=\"column\">\n<p><strong>Ergebnis<\/strong><\/p>\n<p>Das Motto der EU \u201eIn Vielfalt vereint\u201c steht als Zeichen f\u00fcr die unterschiedliche Kulturen innerhalb einer Union, in der alle gleichberechtigt gemeinsame und eigene Interessen, Hoffnungen und Tr\u00e4ume verwirklichen k\u00f6nnen. Doch wie vereint sind die B\u00fcrger der Europ\u00e4ischen Union? Wie stark glauben sie an eine wahre menschliche N\u00e4he, die \u00fcber L\u00e4ndergrenzen hinaus reicht? 29 Prozent der Bundesb\u00fcrger gehen von einem zuk\u00fcnftigen Zusammenr\u00fccken Europas aus, w\u00e4hrend 71 Prozent eher ein Auseinanderdriften erwarten. Die unterschiedlichen Sichtweisen zeigen sich besonders innerhalb der verschiedenen Altersgruppen. So ist bei der j\u00fcngeren Generation die positive Erwartung eines engeren Miteinanders doppelt so hoch wie bei der \u00e4lteren Generation \u00fcber 55 Jahren.<\/p>\n<p>&nbsp;<\/p>\n<p><strong>Gr\u00fcnde<\/strong><\/p>\n<p>Ein zentrales Argument der Europaskeptiker ist die Angst vor dem Verlust der nationalen Identit\u00e4t. Sie m\u00f6chten, dass sich die Staaten auf nationale Belange konzentrieren, \u00e4hnlich dem &#8222;America First&#8220;-Prinzip in den USA, und bevorzugen eine nationale Kontrolle \u00fcber wichtige Angelegenheiten, wie Wirtschafts- oder Einwanderungspolitik. Zudem \u00e4u\u00dfern sie ein geringes Vertrauen in die EU-Vertreter.<\/p>\n<p>Anders ist die Sichtweise der Europabef\u00fcrworter. Gerade die junge Generation sieht die zahlreichen Vorteile eines zusammenwachsenden Europas: Von Sicherheit und Stabilit\u00e4t \u00fcber Vorteile bei Reisen und Arbeitsaufenthalten im Ausland bis hin zu einem wirtschaftlichen Gegengewicht zu L\u00e4ndern wie China oder den USA. Mehr europ\u00e4ische Integration bietet f\u00fcr sie zudem die Chance auf eine aktivere Beteiligung an der Gestaltung der Zukunft Europas und der Welt. Denn gro\u00dfe Fragen, vom Klimawandel \u00fcber Digitalisierung und soziale Gerechtigkeit bis hin zu Bildung, k\u00f6nnen am besten gemeinsam beantwortet werden.<\/p>\n<p>&nbsp;<\/p>\n<p><strong>Prognose<\/strong><\/p>\n<p>Europa steht an einem Scheideweg, und die Zukunft des Kontinents h\u00e4ngt von der Bereitschaft und der Offenheit der B\u00fcrger ab. Ein Zukunftsszenario k\u00f6nnte ein loses Staatenb\u00fcndnis sein, welches bei bestimmten Themen zusammenarbeitet, sich bei anderen Themen jedoch voneinander abgrenzt und ganz unterschiedliche Wege w\u00e4hlt.<\/p>\n<p>Alternativ k\u00f6nnte Europa n\u00e4her zusammenwachsen, eine aktivere Rolle in der internationalen Politik und Wirtschaft spielen, gemeinsam Herausforderungen angehen, und das wissentlich der in der Konsequenz unterschiedlichen nationalstaatlichen Belastung. Erforderlich hierf\u00fcr wird in jedem Fall eine bessere Kommunikation und Vermittlung der Vorteile und Konsequenzen sein, damit die B\u00fcrger ein Verst\u00e4ndnis f\u00fcr ein gemeinsames Europa entwickeln k\u00f6nnen.<\/p>\n<\/div>\n<\/div>\n<\/div>\n<\/div>\n<\/div>\n<\/div>\n<\/div>\n<\/div>\n<\/div>\n<\/div>\n<\/div>\n<\/div>\n","protected":false},"excerpt":{"rendered":"<p>The values of tolerance, politeness and honesty are fundamental pillars of social interaction and shape behaviour in society. A large majority therefore take it for granted to listen to others, to respect other ways of life or to express their own opinion in the event of differences of opinion. Honesty, on the other hand, especially in relation to the tax office, is not taken for granted by quite as many.<\/p>","protected":false},"author":36,"featured_media":4997,"comment_status":"closed","ping_status":"open","sticky":false,"template":"","format":"standard","meta":{"_acf_changed":false,"footnotes":""},"categories":[53],"tags":[67,103,102,104,100,80],"class_list":["post-4996","post","type-post","status-publish","format-standard","has-post-thumbnail","hentry","category-chart-der-woche","tag-zukunftserwartungen","tag-eu","tag-europa","tag-identitaet","tag-werte","tag-zukunft"],"acf":{"ausgabe_nummer":"Chart der Woche, 2024-KW23","pdf-download_dateiname":"www.stiftungfuerzukunftsfragen.de_projekt-europaeische-identitaet-top-oder-flop.pdf"},"yoast_head":"<!-- This site is optimized with the Yoast SEO plugin v27.1.1 - https:\/\/yoast.com\/product\/yoast-seo-wordpress\/ -->\n<title>Projekt Europ\u00e4ische Identit\u00e4t: Top oder Flop?<\/title>\n<meta name=\"description\" content=\"Gibt es eine europ\u00e4ische Identit\u00e4t? Glaubt die Bev\u00f6lkerung an eine wahre menschliche N\u00e4he, die \u00fcber L\u00e4ndergrenzen hinaus reicht?\" \/>\n<meta name=\"robots\" content=\"index, follow, max-snippet:-1, max-image-preview:large, max-video-preview:-1\" \/>\n<link rel=\"canonical\" href=\"https:\/\/www.stiftungfuerzukunftsfragen.de\/en\/european-identity-project-top-or-flop\/\" \/>\n<meta property=\"og:locale\" content=\"en_GB\" \/>\n<meta property=\"og:type\" content=\"article\" \/>\n<meta property=\"og:title\" content=\"Projekt Europ\u00e4ische Identit\u00e4t: Top oder Flop?\" \/>\n<meta property=\"og:description\" content=\"Gibt es eine europ\u00e4ische Identit\u00e4t? Glaubt die Bev\u00f6lkerung an eine wahre menschliche N\u00e4he, die \u00fcber L\u00e4ndergrenzen hinaus reicht?\" \/>\n<meta property=\"og:url\" content=\"https:\/\/www.stiftungfuerzukunftsfragen.de\/en\/european-identity-project-top-or-flop\/\" \/>\n<meta property=\"og:site_name\" content=\"Stiftung f\u00fcr Zukunftsfragen\" \/>\n<meta property=\"article:publisher\" content=\"https:\/\/www.facebook.com\/pages\/Stiftung-fr-Zukunftsfragen\/207485789294838\" \/>\n<meta property=\"article:published_time\" content=\"2024-06-06T05:00:07+00:00\" \/>\n<meta property=\"article:modified_time\" content=\"2025-10-31T07:05:50+00:00\" \/>\n<meta property=\"og:image\" content=\"https:\/\/www.stiftungfuerzukunftsfragen.de\/wp-content\/uploads\/pexels-shvetsa-4672288-scaled-e1716289813833.jpg\" \/>\n\t<meta property=\"og:image:width\" content=\"1706\" \/>\n\t<meta property=\"og:image:height\" content=\"2120\" \/>\n\t<meta property=\"og:image:type\" content=\"image\/jpeg\" \/>\n<meta name=\"author\" content=\"guels\" \/>\n<meta name=\"twitter:card\" content=\"summary_large_image\" \/>\n<meta name=\"twitter:label1\" content=\"Written by\" \/>\n\t<meta name=\"twitter:data1\" content=\"guels\" \/>\n\t<meta name=\"twitter:label2\" content=\"Estimated reading time\" \/>\n\t<meta name=\"twitter:data2\" content=\"3 minutes\" \/>\n<script type=\"application\/ld+json\" class=\"yoast-schema-graph\">{\"@context\":\"https:\/\/schema.org\",\"@graph\":[{\"@type\":\"Article\",\"@id\":\"https:\/\/www.stiftungfuerzukunftsfragen.de\/projekt-europaeische-identitaet-top-oder-flop\/#article\",\"isPartOf\":{\"@id\":\"https:\/\/www.stiftungfuerzukunftsfragen.de\/projekt-europaeische-identitaet-top-oder-flop\/\"},\"author\":{\"name\":\"guels\",\"@id\":\"https:\/\/www.stiftungfuerzukunftsfragen.de\/#\/schema\/person\/ab1d46d162c905f85dba6504c00294c4\"},\"headline\":\"Projekt Europ\u00e4ische Identit\u00e4t: Top oder Flop?\",\"datePublished\":\"2024-06-06T05:00:07+00:00\",\"dateModified\":\"2025-10-31T07:05:50+00:00\",\"mainEntityOfPage\":{\"@id\":\"https:\/\/www.stiftungfuerzukunftsfragen.de\/projekt-europaeische-identitaet-top-oder-flop\/\"},\"wordCount\":396,\"publisher\":{\"@id\":\"https:\/\/www.stiftungfuerzukunftsfragen.de\/#organization\"},\"image\":{\"@id\":\"https:\/\/www.stiftungfuerzukunftsfragen.de\/projekt-europaeische-identitaet-top-oder-flop\/#primaryimage\"},\"thumbnailUrl\":\"https:\/\/www.stiftungfuerzukunftsfragen.de\/wp-content\/uploads\/pexels-shvetsa-4672288-scaled-e1716289813833.jpg\",\"keywords\":[\"Zukunftserwartungen\",\"EU\",\"Europa\",\"Identit\u00e4t\",\"Werte\",\"Zukunft\"],\"articleSection\":[\"Chart der Woche\"],\"inLanguage\":\"en-GB\"},{\"@type\":\"WebPage\",\"@id\":\"https:\/\/www.stiftungfuerzukunftsfragen.de\/projekt-europaeische-identitaet-top-oder-flop\/\",\"url\":\"https:\/\/www.stiftungfuerzukunftsfragen.de\/projekt-europaeische-identitaet-top-oder-flop\/\",\"name\":\"Projekt Europ\u00e4ische Identit\u00e4t: Top oder Flop?\",\"isPartOf\":{\"@id\":\"https:\/\/www.stiftungfuerzukunftsfragen.de\/#website\"},\"primaryImageOfPage\":{\"@id\":\"https:\/\/www.stiftungfuerzukunftsfragen.de\/projekt-europaeische-identitaet-top-oder-flop\/#primaryimage\"},\"image\":{\"@id\":\"https:\/\/www.stiftungfuerzukunftsfragen.de\/projekt-europaeische-identitaet-top-oder-flop\/#primaryimage\"},\"thumbnailUrl\":\"https:\/\/www.stiftungfuerzukunftsfragen.de\/wp-content\/uploads\/pexels-shvetsa-4672288-scaled-e1716289813833.jpg\",\"datePublished\":\"2024-06-06T05:00:07+00:00\",\"dateModified\":\"2025-10-31T07:05:50+00:00\",\"description\":\"Gibt es eine europ\u00e4ische Identit\u00e4t? Glaubt die Bev\u00f6lkerung an eine wahre menschliche N\u00e4he, die \u00fcber L\u00e4ndergrenzen hinaus reicht?\",\"breadcrumb\":{\"@id\":\"https:\/\/www.stiftungfuerzukunftsfragen.de\/projekt-europaeische-identitaet-top-oder-flop\/#breadcrumb\"},\"inLanguage\":\"en-GB\",\"potentialAction\":[{\"@type\":\"ReadAction\",\"target\":[\"https:\/\/www.stiftungfuerzukunftsfragen.de\/projekt-europaeische-identitaet-top-oder-flop\/\"]}]},{\"@type\":\"ImageObject\",\"inLanguage\":\"en-GB\",\"@id\":\"https:\/\/www.stiftungfuerzukunftsfragen.de\/projekt-europaeische-identitaet-top-oder-flop\/#primaryimage\",\"url\":\"https:\/\/www.stiftungfuerzukunftsfragen.de\/wp-content\/uploads\/pexels-shvetsa-4672288-scaled-e1716289813833.jpg\",\"contentUrl\":\"https:\/\/www.stiftungfuerzukunftsfragen.de\/wp-content\/uploads\/pexels-shvetsa-4672288-scaled-e1716289813833.jpg\",\"width\":1706,\"height\":2120},{\"@type\":\"BreadcrumbList\",\"@id\":\"https:\/\/www.stiftungfuerzukunftsfragen.de\/projekt-europaeische-identitaet-top-oder-flop\/#breadcrumb\",\"itemListElement\":[{\"@type\":\"ListItem\",\"position\":1,\"name\":\"Startseite\",\"item\":\"https:\/\/www.stiftungfuerzukunftsfragen.de\/\"},{\"@type\":\"ListItem\",\"position\":2,\"name\":\"Projekt Europ\u00e4ische Identit\u00e4t: Top oder Flop?\"}]},{\"@type\":\"WebSite\",\"@id\":\"https:\/\/www.stiftungfuerzukunftsfragen.de\/#website\",\"url\":\"https:\/\/www.stiftungfuerzukunftsfragen.de\/\",\"name\":\"Stiftung f\u00fcr Zukunftsfragen\",\"description\":\"Eine Initiative von BAT\",\"publisher\":{\"@id\":\"https:\/\/www.stiftungfuerzukunftsfragen.de\/#organization\"},\"potentialAction\":[{\"@type\":\"SearchAction\",\"target\":{\"@type\":\"EntryPoint\",\"urlTemplate\":\"https:\/\/www.stiftungfuerzukunftsfragen.de\/?s={search_term_string}\"},\"query-input\":{\"@type\":\"PropertyValueSpecification\",\"valueRequired\":true,\"valueName\":\"search_term_string\"}}],\"inLanguage\":\"en-GB\"},{\"@type\":\"Organization\",\"@id\":\"https:\/\/www.stiftungfuerzukunftsfragen.de\/#organization\",\"name\":\"Stiftung f\u00fcr Zukunftsfragen\",\"url\":\"https:\/\/www.stiftungfuerzukunftsfragen.de\/\",\"logo\":{\"@type\":\"ImageObject\",\"inLanguage\":\"en-GB\",\"@id\":\"https:\/\/www.stiftungfuerzukunftsfragen.de\/#\/schema\/logo\/image\/\",\"url\":\"https:\/\/www.stiftungfuerzukunftsfragen.de\/wp-content\/uploads\/Stiftung-fuer-Zukunftsfragen-Logo-e1662668075158.png\",\"contentUrl\":\"https:\/\/www.stiftungfuerzukunftsfragen.de\/wp-content\/uploads\/Stiftung-fuer-Zukunftsfragen-Logo-e1662668075158.png\",\"width\":609,\"height\":144,\"caption\":\"Stiftung f\u00fcr Zukunftsfragen\"},\"image\":{\"@id\":\"https:\/\/www.stiftungfuerzukunftsfragen.de\/#\/schema\/logo\/image\/\"},\"sameAs\":[\"https:\/\/www.facebook.com\/pages\/Stiftung-fr-Zukunftsfragen\/207485789294838\"]},{\"@type\":\"Person\",\"@id\":\"https:\/\/www.stiftungfuerzukunftsfragen.de\/#\/schema\/person\/ab1d46d162c905f85dba6504c00294c4\",\"name\":\"guels\"}]}<\/script>\n<!-- \/ Yoast SEO plugin. -->","yoast_head_json":{"title":"European identity project: top or flop?","description":"Is there a European identity? Does the population believe in a true human closeness that transcends national borders?","robots":{"index":"index","follow":"follow","max-snippet":"max-snippet:-1","max-image-preview":"max-image-preview:large","max-video-preview":"max-video-preview:-1"},"canonical":"https:\/\/www.stiftungfuerzukunftsfragen.de\/en\/european-identity-project-top-or-flop\/","og_locale":"en_GB","og_type":"article","og_title":"Projekt Europ\u00e4ische Identit\u00e4t: Top oder Flop?","og_description":"Gibt es eine europ\u00e4ische Identit\u00e4t? Glaubt die Bev\u00f6lkerung an eine wahre menschliche N\u00e4he, die \u00fcber L\u00e4ndergrenzen hinaus reicht?","og_url":"https:\/\/www.stiftungfuerzukunftsfragen.de\/en\/european-identity-project-top-or-flop\/","og_site_name":"Stiftung f\u00fcr Zukunftsfragen","article_publisher":"https:\/\/www.facebook.com\/pages\/Stiftung-fr-Zukunftsfragen\/207485789294838","article_published_time":"2024-06-06T05:00:07+00:00","article_modified_time":"2025-10-31T07:05:50+00:00","og_image":[{"width":1706,"height":2120,"url":"https:\/\/www.stiftungfuerzukunftsfragen.de\/wp-content\/uploads\/pexels-shvetsa-4672288-scaled-e1716289813833.jpg","type":"image\/jpeg"}],"author":"guels","twitter_card":"summary_large_image","twitter_misc":{"Written by":"guels","Estimated reading time":"3 minutes"},"schema":{"@context":"https:\/\/schema.org","@graph":[{"@type":"Article","@id":"https:\/\/www.stiftungfuerzukunftsfragen.de\/projekt-europaeische-identitaet-top-oder-flop\/#article","isPartOf":{"@id":"https:\/\/www.stiftungfuerzukunftsfragen.de\/projekt-europaeische-identitaet-top-oder-flop\/"},"author":{"name":"guels","@id":"https:\/\/www.stiftungfuerzukunftsfragen.de\/#\/schema\/person\/ab1d46d162c905f85dba6504c00294c4"},"headline":"Projekt Europ\u00e4ische Identit\u00e4t: Top oder Flop?","datePublished":"2024-06-06T05:00:07+00:00","dateModified":"2025-10-31T07:05:50+00:00","mainEntityOfPage":{"@id":"https:\/\/www.stiftungfuerzukunftsfragen.de\/projekt-europaeische-identitaet-top-oder-flop\/"},"wordCount":396,"publisher":{"@id":"https:\/\/www.stiftungfuerzukunftsfragen.de\/#organization"},"image":{"@id":"https:\/\/www.stiftungfuerzukunftsfragen.de\/projekt-europaeische-identitaet-top-oder-flop\/#primaryimage"},"thumbnailUrl":"https:\/\/www.stiftungfuerzukunftsfragen.de\/wp-content\/uploads\/pexels-shvetsa-4672288-scaled-e1716289813833.jpg","keywords":["Zukunftserwartungen","EU","Europa","Identit\u00e4t","Werte","Zukunft"],"articleSection":["Chart der Woche"],"inLanguage":"en-GB"},{"@type":"WebPage","@id":"https:\/\/www.stiftungfuerzukunftsfragen.de\/projekt-europaeische-identitaet-top-oder-flop\/","url":"https:\/\/www.stiftungfuerzukunftsfragen.de\/projekt-europaeische-identitaet-top-oder-flop\/","name":"European identity project: top or flop?","isPartOf":{"@id":"https:\/\/www.stiftungfuerzukunftsfragen.de\/#website"},"primaryImageOfPage":{"@id":"https:\/\/www.stiftungfuerzukunftsfragen.de\/projekt-europaeische-identitaet-top-oder-flop\/#primaryimage"},"image":{"@id":"https:\/\/www.stiftungfuerzukunftsfragen.de\/projekt-europaeische-identitaet-top-oder-flop\/#primaryimage"},"thumbnailUrl":"https:\/\/www.stiftungfuerzukunftsfragen.de\/wp-content\/uploads\/pexels-shvetsa-4672288-scaled-e1716289813833.jpg","datePublished":"2024-06-06T05:00:07+00:00","dateModified":"2025-10-31T07:05:50+00:00","description":"Is there a European identity? Does the population believe in a true human closeness that transcends national borders?","breadcrumb":{"@id":"https:\/\/www.stiftungfuerzukunftsfragen.de\/projekt-europaeische-identitaet-top-oder-flop\/#breadcrumb"},"inLanguage":"en-GB","potentialAction":[{"@type":"ReadAction","target":["https:\/\/www.stiftungfuerzukunftsfragen.de\/projekt-europaeische-identitaet-top-oder-flop\/"]}]},{"@type":"ImageObject","inLanguage":"en-GB","@id":"https:\/\/www.stiftungfuerzukunftsfragen.de\/projekt-europaeische-identitaet-top-oder-flop\/#primaryimage","url":"https:\/\/www.stiftungfuerzukunftsfragen.de\/wp-content\/uploads\/pexels-shvetsa-4672288-scaled-e1716289813833.jpg","contentUrl":"https:\/\/www.stiftungfuerzukunftsfragen.de\/wp-content\/uploads\/pexels-shvetsa-4672288-scaled-e1716289813833.jpg","width":1706,"height":2120},{"@type":"BreadcrumbList","@id":"https:\/\/www.stiftungfuerzukunftsfragen.de\/projekt-europaeische-identitaet-top-oder-flop\/#breadcrumb","itemListElement":[{"@type":"ListItem","position":1,"name":"Startseite","item":"https:\/\/www.stiftungfuerzukunftsfragen.de\/"},{"@type":"ListItem","position":2,"name":"Projekt Europ\u00e4ische Identit\u00e4t: Top oder Flop?"}]},{"@type":"WebSite","@id":"https:\/\/www.stiftungfuerzukunftsfragen.de\/#website","url":"https:\/\/www.stiftungfuerzukunftsfragen.de\/","name":"Foundation for Future Issues","description":"An initiative by BAT","publisher":{"@id":"https:\/\/www.stiftungfuerzukunftsfragen.de\/#organization"},"potentialAction":[{"@type":"SearchAction","target":{"@type":"EntryPoint","urlTemplate":"https:\/\/www.stiftungfuerzukunftsfragen.de\/?s={search_term_string}"},"query-input":{"@type":"PropertyValueSpecification","valueRequired":true,"valueName":"search_term_string"}}],"inLanguage":"en-GB"},{"@type":"Organization","@id":"https:\/\/www.stiftungfuerzukunftsfragen.de\/#organization","name":"Foundation for Future Issues","url":"https:\/\/www.stiftungfuerzukunftsfragen.de\/","logo":{"@type":"ImageObject","inLanguage":"en-GB","@id":"https:\/\/www.stiftungfuerzukunftsfragen.de\/#\/schema\/logo\/image\/","url":"https:\/\/www.stiftungfuerzukunftsfragen.de\/wp-content\/uploads\/Stiftung-fuer-Zukunftsfragen-Logo-e1662668075158.png","contentUrl":"https:\/\/www.stiftungfuerzukunftsfragen.de\/wp-content\/uploads\/Stiftung-fuer-Zukunftsfragen-Logo-e1662668075158.png","width":609,"height":144,"caption":"Stiftung f\u00fcr Zukunftsfragen"},"image":{"@id":"https:\/\/www.stiftungfuerzukunftsfragen.de\/#\/schema\/logo\/image\/"},"sameAs":["https:\/\/www.facebook.com\/pages\/Stiftung-fr-Zukunftsfragen\/207485789294838"]},{"@type":"Person","@id":"https:\/\/www.stiftungfuerzukunftsfragen.de\/#\/schema\/person\/ab1d46d162c905f85dba6504c00294c4","name":"guels"}]}},"_links":{"self":[{"href":"https:\/\/www.stiftungfuerzukunftsfragen.de\/en\/wp-json\/wp\/v2\/posts\/4996","targetHints":{"allow":["GET"]}}],"collection":[{"href":"https:\/\/www.stiftungfuerzukunftsfragen.de\/en\/wp-json\/wp\/v2\/posts"}],"about":[{"href":"https:\/\/www.stiftungfuerzukunftsfragen.de\/en\/wp-json\/wp\/v2\/types\/post"}],"author":[{"embeddable":true,"href":"https:\/\/www.stiftungfuerzukunftsfragen.de\/en\/wp-json\/wp\/v2\/users\/36"}],"replies":[{"embeddable":true,"href":"https:\/\/www.stiftungfuerzukunftsfragen.de\/en\/wp-json\/wp\/v2\/comments?post=4996"}],"version-history":[{"count":2,"href":"https:\/\/www.stiftungfuerzukunftsfragen.de\/en\/wp-json\/wp\/v2\/posts\/4996\/revisions"}],"predecessor-version":[{"id":6249,"href":"https:\/\/www.stiftungfuerzukunftsfragen.de\/en\/wp-json\/wp\/v2\/posts\/4996\/revisions\/6249"}],"wp:featuredmedia":[{"embeddable":true,"href":"https:\/\/www.stiftungfuerzukunftsfragen.de\/en\/wp-json\/wp\/v2\/media\/4997"}],"wp:attachment":[{"href":"https:\/\/www.stiftungfuerzukunftsfragen.de\/en\/wp-json\/wp\/v2\/media?parent=4996"}],"wp:term":[{"taxonomy":"category","embeddable":true,"href":"https:\/\/www.stiftungfuerzukunftsfragen.de\/en\/wp-json\/wp\/v2\/categories?post=4996"},{"taxonomy":"post_tag","embeddable":true,"href":"https:\/\/www.stiftungfuerzukunftsfragen.de\/en\/wp-json\/wp\/v2\/tags?post=4996"}],"curies":[{"name":"wp","href":"https:\/\/api.w.org\/{rel}","templated":true}]}}