{"id":5038,"date":"2024-07-11T06:29:53","date_gmt":"2024-07-11T04:29:53","guid":{"rendered":"https:\/\/www.stiftungfuerzukunftsfragen.de\/?p=5038"},"modified":"2025-10-30T15:14:18","modified_gmt":"2025-10-30T14:14:18","slug":"why-germans-are-increasingly-flying-instead-of-driving-on-holiday-2","status":"publish","type":"post","link":"https:\/\/www.stiftungfuerzukunftsfragen.de\/en\/wieso-die-deutschen-immer-oefter-in-den-urlaub-fliegen-statt-fahren-2\/","title":{"rendered":"Why Germans are increasingly flying on holiday instead of driving"},"content":{"rendered":"","protected":false},"excerpt":{"rendered":"<p>What is the most popular mode of transport when it comes to holiday travel? Does price, time or sustainability aspects determine the choice?<\/p>\n<p>In this episode, find out not only why Germans choose to travel by car, plane, train or bus, but also how the market is developing and how we will be travelling in the future.<\/p>","protected":false},"author":36,"featured_media":0,"comment_status":"closed","ping_status":"open","sticky":false,"template":"","format":"standard","meta":{"_acf_changed":false,"footnotes":""},"categories":[55],"tags":[67,98,99,100,80],"class_list":["post-5038","post","type-post","status-publish","format-standard","hentry","category-podcast","tag-zukunftserwartungen","tag-benehmen","tag-umgangsformen","tag-werte","tag-zukunft"],"acf":{"ausgabe_nummer":"Podcast, Staffel 3 - Folge 19","pdf-download_dateiname":"www.stiftungfuerzukunftsfragen.de_wieso-die-deutschen-immer-oefter-in-den-urlaub-fliegen-statt-fahren-2.pdf","podcast_embed_code":"<script class=\"podigee-podcast-player\" src=\"https:\/\/player.podigee-cdn.net\/podcast-player\/javascripts\/podigee-podcast-player.js\" data-configuration=\"https:\/\/spaeter-war-alles-besser-der-zukunftspodcast.podigee.io\/44-wie-die-deutschen-in-den-urlaub-fahren\/embed?context=external&token=Ob2WG9jBUzN7C-GvFBiLhQ\"><\/script>"},"yoast_head":"<!-- This site is optimized with the Yoast SEO plugin v27.1.1 - https:\/\/yoast.com\/product\/yoast-seo-wordpress\/ -->\n<title>Wieso die Deutschen immer \u00f6fter in den Urlaub fliegen, statt fahren - Stiftung f\u00fcr Zukunftsfragen<\/title>\n<meta name=\"description\" content=\"Erfahre in dieser Folge nicht nur die Beweggr\u00fcnde der Deutschen f\u00fcr Auto, Flugzeug und co., sondern auch wohin es sich entwickelt.\" \/>\n<meta name=\"robots\" content=\"index, follow, max-snippet:-1, max-image-preview:large, max-video-preview:-1\" \/>\n<link rel=\"canonical\" href=\"https:\/\/www.stiftungfuerzukunftsfragen.de\/en\/why-germans-are-increasingly-flying-instead-of-driving-on-holiday-2\/\" \/>\n<meta property=\"og:locale\" content=\"en_GB\" \/>\n<meta property=\"og:type\" content=\"article\" \/>\n<meta property=\"og:title\" content=\"Wieso die Deutschen immer \u00f6fter in den Urlaub fliegen, statt fahren - Stiftung f\u00fcr Zukunftsfragen\" \/>\n<meta property=\"og:description\" content=\"Erfahre in dieser Folge nicht nur die Beweggr\u00fcnde der Deutschen f\u00fcr Auto, Flugzeug und co., sondern auch wohin es sich entwickelt.\" \/>\n<meta property=\"og:url\" content=\"https:\/\/www.stiftungfuerzukunftsfragen.de\/en\/why-germans-are-increasingly-flying-instead-of-driving-on-holiday-2\/\" \/>\n<meta property=\"og:site_name\" content=\"Stiftung f\u00fcr Zukunftsfragen\" \/>\n<meta property=\"article:publisher\" content=\"https:\/\/www.facebook.com\/pages\/Stiftung-fr-Zukunftsfragen\/207485789294838\" \/>\n<meta property=\"article:published_time\" content=\"2024-07-11T04:29:53+00:00\" \/>\n<meta property=\"article:modified_time\" content=\"2025-10-30T14:14:18+00:00\" \/>\n<meta name=\"author\" content=\"guels\" \/>\n<meta name=\"twitter:card\" content=\"summary_large_image\" \/>\n<meta name=\"twitter:label1\" content=\"Written by\" \/>\n\t<meta name=\"twitter:data1\" content=\"guels\" \/>\n\t<meta name=\"twitter:label2\" content=\"Estimated reading time\" \/>\n\t<meta name=\"twitter:data2\" content=\"2 minutes\" \/>\n<script type=\"application\/ld+json\" class=\"yoast-schema-graph\">{\"@context\":\"https:\/\/schema.org\",\"@graph\":[{\"@type\":\"Article\",\"@id\":\"https:\/\/www.stiftungfuerzukunftsfragen.de\/wieso-die-deutschen-immer-oefter-in-den-urlaub-fliegen-statt-fahren-2\/#article\",\"isPartOf\":{\"@id\":\"https:\/\/www.stiftungfuerzukunftsfragen.de\/wieso-die-deutschen-immer-oefter-in-den-urlaub-fliegen-statt-fahren-2\/\"},\"author\":{\"name\":\"guels\",\"@id\":\"https:\/\/www.stiftungfuerzukunftsfragen.de\/#\/schema\/person\/ab1d46d162c905f85dba6504c00294c4\"},\"headline\":\"Wieso die Deutschen immer \u00f6fter in den Urlaub fliegen, statt fahren\",\"datePublished\":\"2024-07-11T04:29:53+00:00\",\"dateModified\":\"2025-10-30T14:14:18+00:00\",\"mainEntityOfPage\":{\"@id\":\"https:\/\/www.stiftungfuerzukunftsfragen.de\/wieso-die-deutschen-immer-oefter-in-den-urlaub-fliegen-statt-fahren-2\/\"},\"wordCount\":11,\"publisher\":{\"@id\":\"https:\/\/www.stiftungfuerzukunftsfragen.de\/#organization\"},\"keywords\":[\"Zukunftserwartungen\",\"Benehmen\",\"Umgangsformen\",\"Werte\",\"Zukunft\"],\"articleSection\":[\"Podcast\"],\"inLanguage\":\"en-GB\"},{\"@type\":\"WebPage\",\"@id\":\"https:\/\/www.stiftungfuerzukunftsfragen.de\/wieso-die-deutschen-immer-oefter-in-den-urlaub-fliegen-statt-fahren-2\/\",\"url\":\"https:\/\/www.stiftungfuerzukunftsfragen.de\/wieso-die-deutschen-immer-oefter-in-den-urlaub-fliegen-statt-fahren-2\/\",\"name\":\"Wieso die Deutschen immer \u00f6fter in den Urlaub fliegen, statt fahren - Stiftung f\u00fcr Zukunftsfragen\",\"isPartOf\":{\"@id\":\"https:\/\/www.stiftungfuerzukunftsfragen.de\/#website\"},\"datePublished\":\"2024-07-11T04:29:53+00:00\",\"dateModified\":\"2025-10-30T14:14:18+00:00\",\"description\":\"Erfahre in dieser Folge nicht nur die Beweggr\u00fcnde der Deutschen f\u00fcr Auto, Flugzeug und co., sondern auch wohin es sich entwickelt.\",\"breadcrumb\":{\"@id\":\"https:\/\/www.stiftungfuerzukunftsfragen.de\/wieso-die-deutschen-immer-oefter-in-den-urlaub-fliegen-statt-fahren-2\/#breadcrumb\"},\"inLanguage\":\"en-GB\",\"potentialAction\":[{\"@type\":\"ReadAction\",\"target\":[\"https:\/\/www.stiftungfuerzukunftsfragen.de\/wieso-die-deutschen-immer-oefter-in-den-urlaub-fliegen-statt-fahren-2\/\"]}]},{\"@type\":\"BreadcrumbList\",\"@id\":\"https:\/\/www.stiftungfuerzukunftsfragen.de\/wieso-die-deutschen-immer-oefter-in-den-urlaub-fliegen-statt-fahren-2\/#breadcrumb\",\"itemListElement\":[{\"@type\":\"ListItem\",\"position\":1,\"name\":\"Startseite\",\"item\":\"https:\/\/www.stiftungfuerzukunftsfragen.de\/\"},{\"@type\":\"ListItem\",\"position\":2,\"name\":\"Wieso die Deutschen immer \u00f6fter in den Urlaub fliegen, statt fahren\"}]},{\"@type\":\"WebSite\",\"@id\":\"https:\/\/www.stiftungfuerzukunftsfragen.de\/#website\",\"url\":\"https:\/\/www.stiftungfuerzukunftsfragen.de\/\",\"name\":\"Stiftung f\u00fcr Zukunftsfragen\",\"description\":\"Eine Initiative von BAT\",\"publisher\":{\"@id\":\"https:\/\/www.stiftungfuerzukunftsfragen.de\/#organization\"},\"potentialAction\":[{\"@type\":\"SearchAction\",\"target\":{\"@type\":\"EntryPoint\",\"urlTemplate\":\"https:\/\/www.stiftungfuerzukunftsfragen.de\/?s={search_term_string}\"},\"query-input\":{\"@type\":\"PropertyValueSpecification\",\"valueRequired\":true,\"valueName\":\"search_term_string\"}}],\"inLanguage\":\"en-GB\"},{\"@type\":\"Organization\",\"@id\":\"https:\/\/www.stiftungfuerzukunftsfragen.de\/#organization\",\"name\":\"Stiftung f\u00fcr Zukunftsfragen\",\"url\":\"https:\/\/www.stiftungfuerzukunftsfragen.de\/\",\"logo\":{\"@type\":\"ImageObject\",\"inLanguage\":\"en-GB\",\"@id\":\"https:\/\/www.stiftungfuerzukunftsfragen.de\/#\/schema\/logo\/image\/\",\"url\":\"https:\/\/www.stiftungfuerzukunftsfragen.de\/wp-content\/uploads\/Stiftung-fuer-Zukunftsfragen-Logo-e1662668075158.png\",\"contentUrl\":\"https:\/\/www.stiftungfuerzukunftsfragen.de\/wp-content\/uploads\/Stiftung-fuer-Zukunftsfragen-Logo-e1662668075158.png\",\"width\":609,\"height\":144,\"caption\":\"Stiftung f\u00fcr Zukunftsfragen\"},\"image\":{\"@id\":\"https:\/\/www.stiftungfuerzukunftsfragen.de\/#\/schema\/logo\/image\/\"},\"sameAs\":[\"https:\/\/www.facebook.com\/pages\/Stiftung-fr-Zukunftsfragen\/207485789294838\"]},{\"@type\":\"Person\",\"@id\":\"https:\/\/www.stiftungfuerzukunftsfragen.de\/#\/schema\/person\/ab1d46d162c905f85dba6504c00294c4\",\"name\":\"guels\"}]}<\/script>\n<!-- \/ Yoast SEO plugin. -->","yoast_head_json":{"title":"Why Germans are increasingly flying on holiday instead of driving - Stiftung f\u00fcr Zukunftsfragen","description":"In this episode, find out not only what motivates Germans to travel by car, plane and the like, but also where things are heading.","robots":{"index":"index","follow":"follow","max-snippet":"max-snippet:-1","max-image-preview":"max-image-preview:large","max-video-preview":"max-video-preview:-1"},"canonical":"https:\/\/www.stiftungfuerzukunftsfragen.de\/en\/why-germans-are-increasingly-flying-instead-of-driving-on-holiday-2\/","og_locale":"en_GB","og_type":"article","og_title":"Wieso die Deutschen immer \u00f6fter in den Urlaub fliegen, statt fahren - Stiftung f\u00fcr Zukunftsfragen","og_description":"Erfahre in dieser Folge nicht nur die Beweggr\u00fcnde der Deutschen f\u00fcr Auto, Flugzeug und co., sondern auch wohin es sich entwickelt.","og_url":"https:\/\/www.stiftungfuerzukunftsfragen.de\/en\/why-germans-are-increasingly-flying-instead-of-driving-on-holiday-2\/","og_site_name":"Stiftung f\u00fcr Zukunftsfragen","article_publisher":"https:\/\/www.facebook.com\/pages\/Stiftung-fr-Zukunftsfragen\/207485789294838","article_published_time":"2024-07-11T04:29:53+00:00","article_modified_time":"2025-10-30T14:14:18+00:00","author":"guels","twitter_card":"summary_large_image","twitter_misc":{"Written by":"guels","Estimated reading time":"2 minutes"},"schema":{"@context":"https:\/\/schema.org","@graph":[{"@type":"Article","@id":"https:\/\/www.stiftungfuerzukunftsfragen.de\/wieso-die-deutschen-immer-oefter-in-den-urlaub-fliegen-statt-fahren-2\/#article","isPartOf":{"@id":"https:\/\/www.stiftungfuerzukunftsfragen.de\/wieso-die-deutschen-immer-oefter-in-den-urlaub-fliegen-statt-fahren-2\/"},"author":{"name":"guels","@id":"https:\/\/www.stiftungfuerzukunftsfragen.de\/#\/schema\/person\/ab1d46d162c905f85dba6504c00294c4"},"headline":"Wieso die Deutschen immer \u00f6fter in den Urlaub fliegen, statt fahren","datePublished":"2024-07-11T04:29:53+00:00","dateModified":"2025-10-30T14:14:18+00:00","mainEntityOfPage":{"@id":"https:\/\/www.stiftungfuerzukunftsfragen.de\/wieso-die-deutschen-immer-oefter-in-den-urlaub-fliegen-statt-fahren-2\/"},"wordCount":11,"publisher":{"@id":"https:\/\/www.stiftungfuerzukunftsfragen.de\/#organization"},"keywords":["Zukunftserwartungen","Benehmen","Umgangsformen","Werte","Zukunft"],"articleSection":["Podcast"],"inLanguage":"en-GB"},{"@type":"WebPage","@id":"https:\/\/www.stiftungfuerzukunftsfragen.de\/wieso-die-deutschen-immer-oefter-in-den-urlaub-fliegen-statt-fahren-2\/","url":"https:\/\/www.stiftungfuerzukunftsfragen.de\/wieso-die-deutschen-immer-oefter-in-den-urlaub-fliegen-statt-fahren-2\/","name":"Why Germans are increasingly flying on holiday instead of driving - Stiftung f\u00fcr Zukunftsfragen","isPartOf":{"@id":"https:\/\/www.stiftungfuerzukunftsfragen.de\/#website"},"datePublished":"2024-07-11T04:29:53+00:00","dateModified":"2025-10-30T14:14:18+00:00","description":"In this episode, find out not only what motivates Germans to travel by car, plane and the like, but also where things are heading.","breadcrumb":{"@id":"https:\/\/www.stiftungfuerzukunftsfragen.de\/wieso-die-deutschen-immer-oefter-in-den-urlaub-fliegen-statt-fahren-2\/#breadcrumb"},"inLanguage":"en-GB","potentialAction":[{"@type":"ReadAction","target":["https:\/\/www.stiftungfuerzukunftsfragen.de\/wieso-die-deutschen-immer-oefter-in-den-urlaub-fliegen-statt-fahren-2\/"]}]},{"@type":"BreadcrumbList","@id":"https:\/\/www.stiftungfuerzukunftsfragen.de\/wieso-die-deutschen-immer-oefter-in-den-urlaub-fliegen-statt-fahren-2\/#breadcrumb","itemListElement":[{"@type":"ListItem","position":1,"name":"Startseite","item":"https:\/\/www.stiftungfuerzukunftsfragen.de\/"},{"@type":"ListItem","position":2,"name":"Wieso die Deutschen immer \u00f6fter in den Urlaub fliegen, statt fahren"}]},{"@type":"WebSite","@id":"https:\/\/www.stiftungfuerzukunftsfragen.de\/#website","url":"https:\/\/www.stiftungfuerzukunftsfragen.de\/","name":"Foundation for Future Issues","description":"An initiative by BAT","publisher":{"@id":"https:\/\/www.stiftungfuerzukunftsfragen.de\/#organization"},"potentialAction":[{"@type":"SearchAction","target":{"@type":"EntryPoint","urlTemplate":"https:\/\/www.stiftungfuerzukunftsfragen.de\/?s={search_term_string}"},"query-input":{"@type":"PropertyValueSpecification","valueRequired":true,"valueName":"search_term_string"}}],"inLanguage":"en-GB"},{"@type":"Organization","@id":"https:\/\/www.stiftungfuerzukunftsfragen.de\/#organization","name":"Foundation for Future Issues","url":"https:\/\/www.stiftungfuerzukunftsfragen.de\/","logo":{"@type":"ImageObject","inLanguage":"en-GB","@id":"https:\/\/www.stiftungfuerzukunftsfragen.de\/#\/schema\/logo\/image\/","url":"https:\/\/www.stiftungfuerzukunftsfragen.de\/wp-content\/uploads\/Stiftung-fuer-Zukunftsfragen-Logo-e1662668075158.png","contentUrl":"https:\/\/www.stiftungfuerzukunftsfragen.de\/wp-content\/uploads\/Stiftung-fuer-Zukunftsfragen-Logo-e1662668075158.png","width":609,"height":144,"caption":"Stiftung f\u00fcr Zukunftsfragen"},"image":{"@id":"https:\/\/www.stiftungfuerzukunftsfragen.de\/#\/schema\/logo\/image\/"},"sameAs":["https:\/\/www.facebook.com\/pages\/Stiftung-fr-Zukunftsfragen\/207485789294838"]},{"@type":"Person","@id":"https:\/\/www.stiftungfuerzukunftsfragen.de\/#\/schema\/person\/ab1d46d162c905f85dba6504c00294c4","name":"guels"}]}},"_links":{"self":[{"href":"https:\/\/www.stiftungfuerzukunftsfragen.de\/en\/wp-json\/wp\/v2\/posts\/5038","targetHints":{"allow":["GET"]}}],"collection":[{"href":"https:\/\/www.stiftungfuerzukunftsfragen.de\/en\/wp-json\/wp\/v2\/posts"}],"about":[{"href":"https:\/\/www.stiftungfuerzukunftsfragen.de\/en\/wp-json\/wp\/v2\/types\/post"}],"author":[{"embeddable":true,"href":"https:\/\/www.stiftungfuerzukunftsfragen.de\/en\/wp-json\/wp\/v2\/users\/36"}],"replies":[{"embeddable":true,"href":"https:\/\/www.stiftungfuerzukunftsfragen.de\/en\/wp-json\/wp\/v2\/comments?post=5038"}],"version-history":[{"count":3,"href":"https:\/\/www.stiftungfuerzukunftsfragen.de\/en\/wp-json\/wp\/v2\/posts\/5038\/revisions"}],"predecessor-version":[{"id":5824,"href":"https:\/\/www.stiftungfuerzukunftsfragen.de\/en\/wp-json\/wp\/v2\/posts\/5038\/revisions\/5824"}],"wp:attachment":[{"href":"https:\/\/www.stiftungfuerzukunftsfragen.de\/en\/wp-json\/wp\/v2\/media?parent=5038"}],"wp:term":[{"taxonomy":"category","embeddable":true,"href":"https:\/\/www.stiftungfuerzukunftsfragen.de\/en\/wp-json\/wp\/v2\/categories?post=5038"},{"taxonomy":"post_tag","embeddable":true,"href":"https:\/\/www.stiftungfuerzukunftsfragen.de\/en\/wp-json\/wp\/v2\/tags?post=5038"}],"curies":[{"name":"wp","href":"https:\/\/api.w.org\/{rel}","templated":true}]}}