{"id":5056,"date":"2024-08-01T06:45:02","date_gmt":"2024-08-01T04:45:02","guid":{"rendered":"https:\/\/www.stiftungfuerzukunftsfragen.de\/?p=5056"},"modified":"2025-10-31T08:05:30","modified_gmt":"2025-10-31T07:05:30","slug":"why-many-germans-do-not-consider-their-country-worth-living-in","status":"publish","type":"post","link":"https:\/\/www.stiftungfuerzukunftsfragen.de\/en\/warum-viele-deutsche-ihr-land-als-nicht-lebenswert-erachten\/","title":{"rendered":"Why many Germans do not consider their country worth living in"},"content":{"rendered":"<div class=\"infogram-embed\" data-id=\"deutschland-ist-1hnp27eklepen4g\" data-type=\"interactive\"><\/div><script>!function(e,t,s,i){var n=\"InfogramEmbeds\",o=e.getElementsByTagName(\"script\"),d=o[0],r=\/^http:\/.test(e.location)?\"http:\":\"https:\";if(\/^\\\/{2}\/.test(i)&&(i=r+i),window[n]&&window[n].initialized)window[n].process&&window[n].process();else if(!e.getElementById(s)){var a=e.createElement(\"script\");a.async=1,a.id=s,a.src=i,d.parentNode.insertBefore(a,d)}}(document,0,\"infogram-async\",\"\/\/e.infogram.com\/js\/dist\/embed-loader-min.js\");<\/script>\n<div class=\"page\" title=\"Page 31\">\n<div class=\"section\">\n<div class=\"layoutArea\">\n<div class=\"column\">\n<div class=\"page\" title=\"Page 8\">\n<div class=\"section\">\n<div class=\"layoutArea\">\n<div class=\"column\">\n<div class=\"page\" title=\"Page 7\">\n<div class=\"section\">\n<div class=\"layoutArea\">\n<div class=\"column\">\n<p>&nbsp;<\/p>\n<p><strong>Ergebnis<\/strong><\/p>\n<p>\u201eDenk ich an Deutschland in der Nacht, dann bin ich um den Schlaf gebracht\u201c, so beginnt Heinrich Heine seine Nachtgedanken im Jahre 1844. \u00c4hnlich geht es wohl derzeit vielen B\u00fcrgern, wenn Sie an ihr Land denken. Nicht einmal jeder Zweite h\u00e4lt seine Heimat f\u00fcr lebenswert, nur etwa jeder Dritte f\u00fcr sicher, wohlhabend oder wirtschaftsstark und lediglich jeder Vierte stimmt der Aussage zu, dass Deutschland ausl\u00e4nderfreundlich ist. Kinder- oder Seniorenfreundlichkeit sp\u00fcren noch weniger Deutsche im Land, nur jeder f\u00fcnfte bzw. sechste. Im 10-Jahresvergleich sanken hierbei alle Werte. Besonders stark reduzierten sich die Werte bei Verkehr, Sicherheit, Wirtschaft und Umwelt sowie der Freundlichkeit gegen\u00fcber ausl\u00e4ndischen und \u00e4lteren Mitb\u00fcrgern.<\/p>\n<p>&nbsp;<\/p>\n<p><strong>Gr\u00fcnde<\/strong><\/p>\n<p>Ein wesentlicher Grund f\u00fcr das negative Bild ist die gef\u00fchlte Unsicherheit. In den letzten Jahren haben zahlreiche Berichte \u00fcber Kriege und Katastrophen, Herausforderungen und Problemen die \u00c4ngste vieler B\u00fcrger verst\u00e4rkt. Die Klimakrise sowie gesellschaftliche Ver\u00e4nderungen, u.a. Integrationsprobleme durch eine zunehmende Migration, k\u00f6nnen zudem zu einem Gef\u00fchl der Bedrohung und \u00dcberforderung beitragen. Dies spiegelt sich in den niedrigen Werten f\u00fcr Umweltfreundlichkeit, Sicherheit und Ausl\u00e4nderfreundlichkeit wider.<\/p>\n<p>Dabei handelt es sich mitunter aber auch nur um eine gef\u00fchlte Wahrnehmung, die nicht immer mit den tats\u00e4chlichen Entwicklungen \u00fcbereinstimmt. Zahlreiche Indikatoren zeigen eine deutliche Verbesserung in vielen Bereiche. So liegt die Arbeitslosenquote seit Jahren auf einem historischen Tiefstand und die Besch\u00e4ftigungsrate erreicht Rekordwerte, was auf eine stabile Wirtschaft hinweist. Entsprechend ist Deutschland nach wie vor eine der st\u00e4rksten Wirtschaftsnationen der Welt. Zudem wurden 2023 zwar \u00fcber 5,9 Millionen Straftaten ver\u00fcbt, jedoch rund 150.000 weniger als noch 2014. Ebenso weist der Anstieg der Aufkl\u00e4rungsquote um fast vier Prozentpunkte \u2013 auf \u00fcber 58 Prozent \u2013 auf eine verbesserte Sicherheitslage hin. Auch im Bereich der Umweltpolitik gibt es Fortschritte: Deutschland hat sich ambitionierte Klimaziele gesetzt, investiert massiv in erneuerbare Energien und f\u00f6rdert so die Umweltfreundlichkeit. Ferner werden immer mehr Ma\u00dfnahmen zur Unterst\u00fctzung \u00e4lterer Menschen eingef\u00fchrt, wie der Ausbau von Pflegeangeboten und Seniorenprogrammen. All diese positiven Entwicklungen werden jedoch oft von subjektiven \u00c4ngsten oder medialer Berichterstattung \u00fcberlagert, was die Diskrepanz zwischen gef\u00fchlter und tats\u00e4chlicher Lage erkl\u00e4rt.<\/p>\n<p>&nbsp;<\/p>\n<p><strong>Prognose<\/strong><\/p>\n<p>Zweifellos steht Deutschland in Zukunft vor gro\u00dfen Herausforderungen. Um diese konstruktiv anzugehen, muss die Diskrepanz zwischen der objektiven Attraktivit\u00e4t Deutschlands und der subjektiven Wahrnehmung seiner B\u00fcrger verkleinert werden und ein Umdenken stattfinden. Die positiven Entwicklungen in zahlreichen Bereichen m\u00fcssen besser kommuniziert werden, um so das Vertrauen der B\u00fcrger in die Lebensqualit\u00e4t ihres Landes zu steigern.<\/p>\n<p>Deutschland wird auch k\u00fcnftig seine F\u00fchrungsrolle in der globalen Wirtschaft und im Umweltsektor beibehalten, w\u00e4hrend gleichzeitig die innere Sicherheitslage durch effektive Ma\u00dfnahmen und noch h\u00f6here Aufkl\u00e4rungsraten weiter verbessert wird. Mit einer besseren Integration und einem verst\u00e4rkten gesellschaftlichen Zusammenhalt werden auch die derzeit als problematisch empfundenen Aspekte, wie Migration und Integration, besser bew\u00e4ltigt werden. Infolgedessen wird die Lebensqualit\u00e4t in Deutschland nicht nur objektiv hoch bleiben, sondern auch subjektiv wahrgenommen werden.<\/p>\n<p>Und auch zuk\u00fcnftig werden fast alle L\u00e4nder der Welt Deutschland um sein umfassendes Verkehrsnetz, seine hohe Sicherheit, seine beeindruckende Wirtschaftskraft, seine kostenlose Bildung, seine sch\u00fctzenden Sozialsysteme oder attraktiven Wohnst\u00e4dte beneiden. Entsprechend werden zuk\u00fcnftig wieder mehr B\u00fcrger ihr Land als lebenswert erachten und sich bewusst machen, dass sie eigentlich nirgendswo lieber arbeiten, wohnen und leben wollen als hierzulande.<\/p>\n<\/div>\n<div class=\"fusion-button-wrapper\"><a class=\"fusion-button button-flat fusion-button-default-size button-default fusion-button-default button-1 fusion-button-default-span fusion-button-default-type\" target=\"_self\" href=\"https:\/\/audio.podigee-cdn.net\/1534023-m-189a59a4d3a1c2af1a9762a9293dd1cb.mp3?source=feed\"><span class=\"fusion-button-text awb-button__text awb-button__text--default\">Vertiefende Infos gibts in dieser Podcastfolge<\/span><\/a><\/div>\n<\/div>\n<\/div>\n<\/div>\n<\/div>\n<\/div>\n<\/div>\n<\/div>\n<\/div>\n<\/div>\n<\/div>\n<\/div>\n","protected":false},"excerpt":{"rendered":"<p>What does Germany actually stand for? Is the Federal Republic a livable place for Germans, safe, senior-friendly, or environmentally conscious?<\/p>","protected":false},"author":36,"featured_media":5057,"comment_status":"closed","ping_status":"open","sticky":false,"template":"","format":"standard","meta":{"_acf_changed":false,"footnotes":""},"categories":[53],"tags":[67,87,108,105,107,100,80,106],"class_list":["post-5056","post","type-post","status-publish","format-standard","has-post-thumbnail","hentry","category-chart-der-woche","tag-zukunftserwartungen","tag-familie","tag-gesellschaft","tag-vergangenheit","tag-vertrauen","tag-werte","tag-zukunft","tag-zukunftsplaene"],"acf":{"ausgabe_nummer":"Chart der Woche, 2024-KW31","pdf-download_dateiname":"www.stiftungfuerzukunftsfragen.de_warum-viele-deutsche-ihr-land-als-nicht-lebenswert-erachten.pdf"},"yoast_head":"<!-- This site is optimized with the Yoast SEO plugin v27.1.1 - https:\/\/yoast.com\/product\/yoast-seo-wordpress\/ -->\n<title>Warum viele Deutsche ihr Land als nicht lebenswert erachten<\/title>\n<meta name=\"description\" content=\"Wof\u00fcr steht Deutschland aktuell? Ist die Bundesrepublik lebenswert, sicher, seniorenfreundlich oder umweltbewusst?\" \/>\n<meta name=\"robots\" content=\"index, follow, max-snippet:-1, max-image-preview:large, max-video-preview:-1\" \/>\n<link rel=\"canonical\" href=\"https:\/\/www.stiftungfuerzukunftsfragen.de\/en\/why-many-germans-do-not-consider-their-country-worth-living-in\/\" \/>\n<meta property=\"og:locale\" content=\"en_GB\" \/>\n<meta property=\"og:type\" content=\"article\" \/>\n<meta property=\"og:title\" content=\"Warum viele Deutsche ihr Land als nicht lebenswert erachten\" \/>\n<meta property=\"og:description\" content=\"Wof\u00fcr steht Deutschland aktuell? Ist die Bundesrepublik lebenswert, sicher, seniorenfreundlich oder umweltbewusst?\" \/>\n<meta property=\"og:url\" content=\"https:\/\/www.stiftungfuerzukunftsfragen.de\/en\/why-many-germans-do-not-consider-their-country-worth-living-in\/\" \/>\n<meta property=\"og:site_name\" content=\"Stiftung f\u00fcr Zukunftsfragen\" \/>\n<meta property=\"article:publisher\" content=\"https:\/\/www.facebook.com\/pages\/Stiftung-fr-Zukunftsfragen\/207485789294838\" \/>\n<meta property=\"article:published_time\" content=\"2024-08-01T04:45:02+00:00\" \/>\n<meta property=\"article:modified_time\" content=\"2025-10-31T07:05:30+00:00\" \/>\n<meta property=\"og:image\" content=\"https:\/\/www.stiftungfuerzukunftsfragen.de\/wp-content\/uploads\/pexels-dariaobymaha-1683975-1.jpg\" \/>\n\t<meta property=\"og:image:width\" content=\"1920\" \/>\n\t<meta property=\"og:image:height\" content=\"1280\" \/>\n\t<meta property=\"og:image:type\" content=\"image\/jpeg\" \/>\n<meta name=\"author\" content=\"guels\" \/>\n<meta name=\"twitter:card\" content=\"summary_large_image\" \/>\n<meta name=\"twitter:label1\" content=\"Written by\" \/>\n\t<meta name=\"twitter:data1\" content=\"guels\" \/>\n\t<meta name=\"twitter:label2\" content=\"Estimated reading time\" \/>\n\t<meta name=\"twitter:data2\" content=\"4 minutes\" \/>\n<script type=\"application\/ld+json\" class=\"yoast-schema-graph\">{\"@context\":\"https:\/\/schema.org\",\"@graph\":[{\"@type\":\"Article\",\"@id\":\"https:\/\/www.stiftungfuerzukunftsfragen.de\/warum-viele-deutsche-ihr-land-als-nicht-lebenswert-erachten\/#article\",\"isPartOf\":{\"@id\":\"https:\/\/www.stiftungfuerzukunftsfragen.de\/warum-viele-deutsche-ihr-land-als-nicht-lebenswert-erachten\/\"},\"author\":{\"name\":\"guels\",\"@id\":\"https:\/\/www.stiftungfuerzukunftsfragen.de\/#\/schema\/person\/ab1d46d162c905f85dba6504c00294c4\"},\"headline\":\"Warum viele Deutsche ihr Land als nicht lebenswert erachten\",\"datePublished\":\"2024-08-01T04:45:02+00:00\",\"dateModified\":\"2025-10-31T07:05:30+00:00\",\"mainEntityOfPage\":{\"@id\":\"https:\/\/www.stiftungfuerzukunftsfragen.de\/warum-viele-deutsche-ihr-land-als-nicht-lebenswert-erachten\/\"},\"wordCount\":765,\"publisher\":{\"@id\":\"https:\/\/www.stiftungfuerzukunftsfragen.de\/#organization\"},\"image\":{\"@id\":\"https:\/\/www.stiftungfuerzukunftsfragen.de\/warum-viele-deutsche-ihr-land-als-nicht-lebenswert-erachten\/#primaryimage\"},\"thumbnailUrl\":\"https:\/\/www.stiftungfuerzukunftsfragen.de\/wp-content\/uploads\/pexels-dariaobymaha-1683975-1.jpg\",\"keywords\":[\"Zukunftserwartungen\",\"Familie\",\"Gesellschaft\",\"Vergangenheit\",\"Vertrauen\",\"Werte\",\"Zukunft\",\"Zukunftspl\u00e4ne\"],\"articleSection\":[\"Chart der Woche\"],\"inLanguage\":\"en-GB\"},{\"@type\":\"WebPage\",\"@id\":\"https:\/\/www.stiftungfuerzukunftsfragen.de\/warum-viele-deutsche-ihr-land-als-nicht-lebenswert-erachten\/\",\"url\":\"https:\/\/www.stiftungfuerzukunftsfragen.de\/warum-viele-deutsche-ihr-land-als-nicht-lebenswert-erachten\/\",\"name\":\"Warum viele Deutsche ihr Land als nicht lebenswert erachten\",\"isPartOf\":{\"@id\":\"https:\/\/www.stiftungfuerzukunftsfragen.de\/#website\"},\"primaryImageOfPage\":{\"@id\":\"https:\/\/www.stiftungfuerzukunftsfragen.de\/warum-viele-deutsche-ihr-land-als-nicht-lebenswert-erachten\/#primaryimage\"},\"image\":{\"@id\":\"https:\/\/www.stiftungfuerzukunftsfragen.de\/warum-viele-deutsche-ihr-land-als-nicht-lebenswert-erachten\/#primaryimage\"},\"thumbnailUrl\":\"https:\/\/www.stiftungfuerzukunftsfragen.de\/wp-content\/uploads\/pexels-dariaobymaha-1683975-1.jpg\",\"datePublished\":\"2024-08-01T04:45:02+00:00\",\"dateModified\":\"2025-10-31T07:05:30+00:00\",\"description\":\"Wof\u00fcr steht Deutschland aktuell? Ist die Bundesrepublik lebenswert, sicher, seniorenfreundlich oder umweltbewusst?\",\"breadcrumb\":{\"@id\":\"https:\/\/www.stiftungfuerzukunftsfragen.de\/warum-viele-deutsche-ihr-land-als-nicht-lebenswert-erachten\/#breadcrumb\"},\"inLanguage\":\"en-GB\",\"potentialAction\":[{\"@type\":\"ReadAction\",\"target\":[\"https:\/\/www.stiftungfuerzukunftsfragen.de\/warum-viele-deutsche-ihr-land-als-nicht-lebenswert-erachten\/\"]}]},{\"@type\":\"ImageObject\",\"inLanguage\":\"en-GB\",\"@id\":\"https:\/\/www.stiftungfuerzukunftsfragen.de\/warum-viele-deutsche-ihr-land-als-nicht-lebenswert-erachten\/#primaryimage\",\"url\":\"https:\/\/www.stiftungfuerzukunftsfragen.de\/wp-content\/uploads\/pexels-dariaobymaha-1683975-1.jpg\",\"contentUrl\":\"https:\/\/www.stiftungfuerzukunftsfragen.de\/wp-content\/uploads\/pexels-dariaobymaha-1683975-1.jpg\",\"width\":1920,\"height\":1280},{\"@type\":\"BreadcrumbList\",\"@id\":\"https:\/\/www.stiftungfuerzukunftsfragen.de\/warum-viele-deutsche-ihr-land-als-nicht-lebenswert-erachten\/#breadcrumb\",\"itemListElement\":[{\"@type\":\"ListItem\",\"position\":1,\"name\":\"Startseite\",\"item\":\"https:\/\/www.stiftungfuerzukunftsfragen.de\/\"},{\"@type\":\"ListItem\",\"position\":2,\"name\":\"Warum viele Deutsche ihr Land als nicht lebenswert erachten\"}]},{\"@type\":\"WebSite\",\"@id\":\"https:\/\/www.stiftungfuerzukunftsfragen.de\/#website\",\"url\":\"https:\/\/www.stiftungfuerzukunftsfragen.de\/\",\"name\":\"Stiftung f\u00fcr Zukunftsfragen\",\"description\":\"Eine Initiative von BAT\",\"publisher\":{\"@id\":\"https:\/\/www.stiftungfuerzukunftsfragen.de\/#organization\"},\"potentialAction\":[{\"@type\":\"SearchAction\",\"target\":{\"@type\":\"EntryPoint\",\"urlTemplate\":\"https:\/\/www.stiftungfuerzukunftsfragen.de\/?s={search_term_string}\"},\"query-input\":{\"@type\":\"PropertyValueSpecification\",\"valueRequired\":true,\"valueName\":\"search_term_string\"}}],\"inLanguage\":\"en-GB\"},{\"@type\":\"Organization\",\"@id\":\"https:\/\/www.stiftungfuerzukunftsfragen.de\/#organization\",\"name\":\"Stiftung f\u00fcr Zukunftsfragen\",\"url\":\"https:\/\/www.stiftungfuerzukunftsfragen.de\/\",\"logo\":{\"@type\":\"ImageObject\",\"inLanguage\":\"en-GB\",\"@id\":\"https:\/\/www.stiftungfuerzukunftsfragen.de\/#\/schema\/logo\/image\/\",\"url\":\"https:\/\/www.stiftungfuerzukunftsfragen.de\/wp-content\/uploads\/Stiftung-fuer-Zukunftsfragen-Logo-e1662668075158.png\",\"contentUrl\":\"https:\/\/www.stiftungfuerzukunftsfragen.de\/wp-content\/uploads\/Stiftung-fuer-Zukunftsfragen-Logo-e1662668075158.png\",\"width\":609,\"height\":144,\"caption\":\"Stiftung f\u00fcr Zukunftsfragen\"},\"image\":{\"@id\":\"https:\/\/www.stiftungfuerzukunftsfragen.de\/#\/schema\/logo\/image\/\"},\"sameAs\":[\"https:\/\/www.facebook.com\/pages\/Stiftung-fr-Zukunftsfragen\/207485789294838\"]},{\"@type\":\"Person\",\"@id\":\"https:\/\/www.stiftungfuerzukunftsfragen.de\/#\/schema\/person\/ab1d46d162c905f85dba6504c00294c4\",\"name\":\"guels\"}]}<\/script>\n<!-- \/ Yoast SEO plugin. -->","yoast_head_json":{"title":"Why many Germans do not consider their country worth living in","description":"What does Germany currently stand for? Is the Federal Republic worth living in, safe, senior-friendly or environmentally conscious?","robots":{"index":"index","follow":"follow","max-snippet":"max-snippet:-1","max-image-preview":"max-image-preview:large","max-video-preview":"max-video-preview:-1"},"canonical":"https:\/\/www.stiftungfuerzukunftsfragen.de\/en\/why-many-germans-do-not-consider-their-country-worth-living-in\/","og_locale":"en_GB","og_type":"article","og_title":"Warum viele Deutsche ihr Land als nicht lebenswert erachten","og_description":"Wof\u00fcr steht Deutschland aktuell? Ist die Bundesrepublik lebenswert, sicher, seniorenfreundlich oder umweltbewusst?","og_url":"https:\/\/www.stiftungfuerzukunftsfragen.de\/en\/why-many-germans-do-not-consider-their-country-worth-living-in\/","og_site_name":"Stiftung f\u00fcr Zukunftsfragen","article_publisher":"https:\/\/www.facebook.com\/pages\/Stiftung-fr-Zukunftsfragen\/207485789294838","article_published_time":"2024-08-01T04:45:02+00:00","article_modified_time":"2025-10-31T07:05:30+00:00","og_image":[{"width":1920,"height":1280,"url":"https:\/\/www.stiftungfuerzukunftsfragen.de\/wp-content\/uploads\/pexels-dariaobymaha-1683975-1.jpg","type":"image\/jpeg"}],"author":"guels","twitter_card":"summary_large_image","twitter_misc":{"Written by":"guels","Estimated reading time":"4 minutes"},"schema":{"@context":"https:\/\/schema.org","@graph":[{"@type":"Article","@id":"https:\/\/www.stiftungfuerzukunftsfragen.de\/warum-viele-deutsche-ihr-land-als-nicht-lebenswert-erachten\/#article","isPartOf":{"@id":"https:\/\/www.stiftungfuerzukunftsfragen.de\/warum-viele-deutsche-ihr-land-als-nicht-lebenswert-erachten\/"},"author":{"name":"guels","@id":"https:\/\/www.stiftungfuerzukunftsfragen.de\/#\/schema\/person\/ab1d46d162c905f85dba6504c00294c4"},"headline":"Warum viele Deutsche ihr Land als nicht lebenswert erachten","datePublished":"2024-08-01T04:45:02+00:00","dateModified":"2025-10-31T07:05:30+00:00","mainEntityOfPage":{"@id":"https:\/\/www.stiftungfuerzukunftsfragen.de\/warum-viele-deutsche-ihr-land-als-nicht-lebenswert-erachten\/"},"wordCount":765,"publisher":{"@id":"https:\/\/www.stiftungfuerzukunftsfragen.de\/#organization"},"image":{"@id":"https:\/\/www.stiftungfuerzukunftsfragen.de\/warum-viele-deutsche-ihr-land-als-nicht-lebenswert-erachten\/#primaryimage"},"thumbnailUrl":"https:\/\/www.stiftungfuerzukunftsfragen.de\/wp-content\/uploads\/pexels-dariaobymaha-1683975-1.jpg","keywords":["Zukunftserwartungen","Familie","Gesellschaft","Vergangenheit","Vertrauen","Werte","Zukunft","Zukunftspl\u00e4ne"],"articleSection":["Chart der Woche"],"inLanguage":"en-GB"},{"@type":"WebPage","@id":"https:\/\/www.stiftungfuerzukunftsfragen.de\/warum-viele-deutsche-ihr-land-als-nicht-lebenswert-erachten\/","url":"https:\/\/www.stiftungfuerzukunftsfragen.de\/warum-viele-deutsche-ihr-land-als-nicht-lebenswert-erachten\/","name":"Why many Germans do not consider their country worth living in","isPartOf":{"@id":"https:\/\/www.stiftungfuerzukunftsfragen.de\/#website"},"primaryImageOfPage":{"@id":"https:\/\/www.stiftungfuerzukunftsfragen.de\/warum-viele-deutsche-ihr-land-als-nicht-lebenswert-erachten\/#primaryimage"},"image":{"@id":"https:\/\/www.stiftungfuerzukunftsfragen.de\/warum-viele-deutsche-ihr-land-als-nicht-lebenswert-erachten\/#primaryimage"},"thumbnailUrl":"https:\/\/www.stiftungfuerzukunftsfragen.de\/wp-content\/uploads\/pexels-dariaobymaha-1683975-1.jpg","datePublished":"2024-08-01T04:45:02+00:00","dateModified":"2025-10-31T07:05:30+00:00","description":"What does Germany currently stand for? Is the Federal Republic worth living in, safe, senior-friendly or environmentally conscious?","breadcrumb":{"@id":"https:\/\/www.stiftungfuerzukunftsfragen.de\/warum-viele-deutsche-ihr-land-als-nicht-lebenswert-erachten\/#breadcrumb"},"inLanguage":"en-GB","potentialAction":[{"@type":"ReadAction","target":["https:\/\/www.stiftungfuerzukunftsfragen.de\/warum-viele-deutsche-ihr-land-als-nicht-lebenswert-erachten\/"]}]},{"@type":"ImageObject","inLanguage":"en-GB","@id":"https:\/\/www.stiftungfuerzukunftsfragen.de\/warum-viele-deutsche-ihr-land-als-nicht-lebenswert-erachten\/#primaryimage","url":"https:\/\/www.stiftungfuerzukunftsfragen.de\/wp-content\/uploads\/pexels-dariaobymaha-1683975-1.jpg","contentUrl":"https:\/\/www.stiftungfuerzukunftsfragen.de\/wp-content\/uploads\/pexels-dariaobymaha-1683975-1.jpg","width":1920,"height":1280},{"@type":"BreadcrumbList","@id":"https:\/\/www.stiftungfuerzukunftsfragen.de\/warum-viele-deutsche-ihr-land-als-nicht-lebenswert-erachten\/#breadcrumb","itemListElement":[{"@type":"ListItem","position":1,"name":"Startseite","item":"https:\/\/www.stiftungfuerzukunftsfragen.de\/"},{"@type":"ListItem","position":2,"name":"Warum viele Deutsche ihr Land als nicht lebenswert erachten"}]},{"@type":"WebSite","@id":"https:\/\/www.stiftungfuerzukunftsfragen.de\/#website","url":"https:\/\/www.stiftungfuerzukunftsfragen.de\/","name":"Foundation for Future Issues","description":"An initiative by BAT","publisher":{"@id":"https:\/\/www.stiftungfuerzukunftsfragen.de\/#organization"},"potentialAction":[{"@type":"SearchAction","target":{"@type":"EntryPoint","urlTemplate":"https:\/\/www.stiftungfuerzukunftsfragen.de\/?s={search_term_string}"},"query-input":{"@type":"PropertyValueSpecification","valueRequired":true,"valueName":"search_term_string"}}],"inLanguage":"en-GB"},{"@type":"Organization","@id":"https:\/\/www.stiftungfuerzukunftsfragen.de\/#organization","name":"Foundation for Future Issues","url":"https:\/\/www.stiftungfuerzukunftsfragen.de\/","logo":{"@type":"ImageObject","inLanguage":"en-GB","@id":"https:\/\/www.stiftungfuerzukunftsfragen.de\/#\/schema\/logo\/image\/","url":"https:\/\/www.stiftungfuerzukunftsfragen.de\/wp-content\/uploads\/Stiftung-fuer-Zukunftsfragen-Logo-e1662668075158.png","contentUrl":"https:\/\/www.stiftungfuerzukunftsfragen.de\/wp-content\/uploads\/Stiftung-fuer-Zukunftsfragen-Logo-e1662668075158.png","width":609,"height":144,"caption":"Stiftung f\u00fcr Zukunftsfragen"},"image":{"@id":"https:\/\/www.stiftungfuerzukunftsfragen.de\/#\/schema\/logo\/image\/"},"sameAs":["https:\/\/www.facebook.com\/pages\/Stiftung-fr-Zukunftsfragen\/207485789294838"]},{"@type":"Person","@id":"https:\/\/www.stiftungfuerzukunftsfragen.de\/#\/schema\/person\/ab1d46d162c905f85dba6504c00294c4","name":"guels"}]}},"_links":{"self":[{"href":"https:\/\/www.stiftungfuerzukunftsfragen.de\/en\/wp-json\/wp\/v2\/posts\/5056","targetHints":{"allow":["GET"]}}],"collection":[{"href":"https:\/\/www.stiftungfuerzukunftsfragen.de\/en\/wp-json\/wp\/v2\/posts"}],"about":[{"href":"https:\/\/www.stiftungfuerzukunftsfragen.de\/en\/wp-json\/wp\/v2\/types\/post"}],"author":[{"embeddable":true,"href":"https:\/\/www.stiftungfuerzukunftsfragen.de\/en\/wp-json\/wp\/v2\/users\/36"}],"replies":[{"embeddable":true,"href":"https:\/\/www.stiftungfuerzukunftsfragen.de\/en\/wp-json\/wp\/v2\/comments?post=5056"}],"version-history":[{"count":2,"href":"https:\/\/www.stiftungfuerzukunftsfragen.de\/en\/wp-json\/wp\/v2\/posts\/5056\/revisions"}],"predecessor-version":[{"id":6241,"href":"https:\/\/www.stiftungfuerzukunftsfragen.de\/en\/wp-json\/wp\/v2\/posts\/5056\/revisions\/6241"}],"wp:featuredmedia":[{"embeddable":true,"href":"https:\/\/www.stiftungfuerzukunftsfragen.de\/en\/wp-json\/wp\/v2\/media\/5057"}],"wp:attachment":[{"href":"https:\/\/www.stiftungfuerzukunftsfragen.de\/en\/wp-json\/wp\/v2\/media?parent=5056"}],"wp:term":[{"taxonomy":"category","embeddable":true,"href":"https:\/\/www.stiftungfuerzukunftsfragen.de\/en\/wp-json\/wp\/v2\/categories?post=5056"},{"taxonomy":"post_tag","embeddable":true,"href":"https:\/\/www.stiftungfuerzukunftsfragen.de\/en\/wp-json\/wp\/v2\/tags?post=5056"}],"curies":[{"name":"wp","href":"https:\/\/api.w.org\/{rel}","templated":true}]}}