{"id":5086,"date":"2024-08-22T06:29:54","date_gmt":"2024-08-22T04:29:54","guid":{"rendered":"https:\/\/www.stiftungfuerzukunftsfragen.de\/?p=5086"},"modified":"2025-10-31T08:05:22","modified_gmt":"2025-10-31T07:05:22","slug":"why-are-the-germans-so-stressed-causes-and-solutions","status":"publish","type":"post","link":"https:\/\/www.stiftungfuerzukunftsfragen.de\/en\/wieso-sind-die-deutschen-so-gestresst-ursachen-und-loesungen\/","title":{"rendered":"Why are Germans so stressed? Causes and solutions"},"content":{"rendered":"<div class=\"infogram-embed\" data-id=\"stresslevel-steigt-1h0r6rz3e9pql4e\" data-type=\"interactive\"><\/div><script>!function(e,t,s,i){var n=\"InfogramEmbeds\",o=e.getElementsByTagName(\"script\"),d=o[0],r=\/^http:\/.test(e.location)?\"http:\":\"https:\";if(\/^\\\/{2}\/.test(i)&&(i=r+i),window[n]&&window[n].initialized)window[n].process&&window[n].process();else if(!e.getElementById(s)){var a=e.createElement(\"script\");a.async=1,a.id=s,a.src=i,d.parentNode.insertBefore(a,d)}}(document,0,\"infogram-async\",\"\/\/e.infogram.com\/js\/dist\/embed-loader-min.js\");<\/script>\n<div class=\"page\" title=\"Page 31\">\n<div class=\"section\">\n<div class=\"layoutArea\">\n<div class=\"column\">\n<div class=\"page\" title=\"Page 8\">\n<div class=\"section\">\n<div class=\"layoutArea\">\n<div class=\"column\">\n<div class=\"page\" title=\"Page 7\">\n<div class=\"section\">\n<div class=\"layoutArea\">\n<div class=\"column\">\n<p><strong>Ergebnis<\/strong><\/p>\n<p>Eine knappe Mehrheit der B\u00fcrger f\u00fchlt sich gegenw\u00e4rtig h\u00e4ufiger gestresst als noch vor einigen Jahren. Auff\u00e4llig ist dabei die Verteilung innerhalb der verschiedenen Altersgruppen. W\u00e4hrend fast zwei Drittel der unter 30-J\u00e4hrigen eine Zunahme des Stresslevels sp\u00fcren, ist es bei den \u00fcber 65-J\u00e4hrigen \u201enur\u201c ein knappes Drittel.<\/p>\n<p><strong>Gr\u00fcnde <\/strong><\/p>\n<p>Die Ergebnisse lassen sich auf mehrere gesellschaftliche und wirtschaftliche Entwicklungen zur\u00fcckf\u00fchren. Ein bedeutender Stressfaktor ist die vorschreitende Digitalisierung und der damit einhergehende Wandel in der Arbeitswelt, durch den u.a. die Grenzen zwischen Berufs- und Privatleben zunehmend verschwimmen. Vor allem f\u00fcr die j\u00fcngere Generation kommt dann noch der soziale Druck durch den st\u00e4ndigen Vergleich in den sozialen Medien hinzu. F\u00fcr die Altersgruppe der 30 bis 64-J\u00e4hrigen sind die Herausforderungen rund um die Vereinbarkeit von Beruf und Familie ein weiterer Stressfaktor. So sind die Anforderungen an Eltern und Berufst\u00e4tige gestiegen, w\u00e4hrend gleichzeitig ehemals vorhandene private Unterst\u00fctzungssysteme (z.B. Verwandtschaft vor Ort) seltener werden. Auch finanzielle Unsicherheiten, bedingt durch volatile Arbeitsm\u00e4rkte und steigende Lebenshaltungskosten, tragen f\u00fcr viele zu einem erh\u00f6hten Stressniveau bei. B\u00fcrger \u00fcber 65 Jahren haben die Arbeitswelt oftmals hinter sich gelassen, verf\u00fcgen \u00fcber ein stabiles Einkommen und zeichnen sich zudem durch eine gewisse Gelassenheit aus, weshalb ihr Stresspegel niedriger ist. Jedoch f\u00fchren auch f\u00fcr sie globale Herausforderungen wie der Klimawandel, Pandemien, Kriege oder Konflikte zu Unsicherheit, Zukunftssorgen und Stress.<\/p>\n<p><strong>Prognose<\/strong><\/p>\n<p>Ohne gezielte Gegenma\u00dfnahmen wird das Stressniveau insbesondere in den j\u00fcngeren und mittleren Altersgruppen weiter steigen. Eine verst\u00e4rkte Sensibilisierung f\u00fcr Themen wie die Vereinbarkeit von Beruf- und Privatleben, psychische Gesundheit und Stressbew\u00e4ltigung sind daher erforderlich. Unternehmen werden zudem st\u00e4rker in Programme investieren, die das Wohlbefinden ihrer Mitarbeitenden f\u00f6rdern, um stressbedingte Arbeitsausf\u00e4lle und Wegg\u00e4nge zu reduzieren. Auf politischer Ebene wird das Thema der sozialen Absicherungen st\u00e4rker in den Fokus r\u00fccken, ist dieses doch bereits gegenw\u00e4rtig eine der Hauptsorgen f\u00fcr die Zukunft innerhalb der Bev\u00f6lkerung. Die Einf\u00fchrung von gesetzlichen Rahmenbedingungen, wie etwa ein Recht auf Nicht-Erreichbarkeit, gro\u00dfz\u00fcgigere Regelungen bei den Eltern- und Pflegezeiten k\u00f6nnten dabei eine Entlastung bringen. Nicht zuletzt liegt es aber auch an jedem Einzelnen, selbst Strategien zur Stressbew\u00e4ltigung zu entwickeln und sich Zeit f\u00fcr Erholung und Entspannung zu nehmen. Hierzu z\u00e4hlen zum Beispiel regelm\u00e4\u00dfige k\u00f6rperliche Aktivit\u00e4ten, denn Sport senkt den Stresshormonspiegel und f\u00f6rdert die Freisetzung von Endorphinen. Entspannungstechniken wie Yoga und Meditation haben ebenfalls positive Effekte auf das Stresslevel. Weiterhin tragen eine ausgewogene Ern\u00e4hrung, ausreichend Schlaf und der Aufbau sozialer Unterst\u00fctzungssysteme in der Regel erheblich zur Stressreduktion bei. Ein effektives Zeitmanagement und das Ausleben von Hobbys sind ebenfalls gute Mittel, um \u00dcberforderung zu vermeiden, genauso wie die Auseinandersetzung mit Achtsamkeitspraktiken oder der Aufenthalt in der Natur.<\/p>\n<\/div>\n<div class=\"fusion-button-wrapper\"><a class=\"fusion-button button-flat fusion-button-default-size button-default fusion-button-default button-1 fusion-button-default-span fusion-button-default-type\" target=\"_self\" href=\"https:\/\/audio.podigee-cdn.net\/1570559-m-2fd0902bab5da2001717f674f92fb3f4.mp3?source=feed\"><span class=\"fusion-button-text awb-button__text awb-button__text--default\">Vertiefende Infos gibts in dieser Podcastfolge<\/span><\/a><\/div>\n<\/div>\n<\/div>\n<\/div>\n<\/div>\n<\/div>\n<\/div>\n<\/div>\n<\/div>\n<\/div>\n<\/div>\n<\/div>\n","protected":false},"excerpt":{"rendered":"<p>A slight majority of people currently feel more stressed than they did a few years ago. The distribution within the different age groups is striking. While almost two thirds of those under 30 feel an increase in stress levels, \u201eonly\u201c just under a third of those over 65 do.<\/p>","protected":false},"author":36,"featured_media":5087,"comment_status":"closed","ping_status":"open","sticky":false,"template":"","format":"standard","meta":{"_acf_changed":false,"footnotes":""},"categories":[53],"tags":[67,87,108,105,107,100,80,106],"class_list":["post-5086","post","type-post","status-publish","format-standard","has-post-thumbnail","hentry","category-chart-der-woche","tag-zukunftserwartungen","tag-familie","tag-gesellschaft","tag-vergangenheit","tag-vertrauen","tag-werte","tag-zukunft","tag-zukunftsplaene"],"acf":{"ausgabe_nummer":"Chart der Woche, 2024-KW34","pdf-download_dateiname":"www.stiftungfuerzukunftsfragen.de_wieso-sind-die-deutschen-so-gestresst-ursachen-und-loesungen.pdf"},"yoast_head":"<!-- This site is optimized with the Yoast SEO plugin v27.1.1 - https:\/\/yoast.com\/product\/yoast-seo-wordpress\/ -->\n<title>Wieso sind die Deutschen so gestresst? Ursachen und L\u00f6sungen<\/title>\n<meta name=\"description\" content=\"Die Deutschen f\u00fchlen sich h\u00e4ufiger gestresst als noch vor einigen Jahren. Auff\u00e4llig gestiegen ist das Stresslevel bei der j\u00fcngeren Generation\" \/>\n<meta name=\"robots\" content=\"index, follow, max-snippet:-1, max-image-preview:large, max-video-preview:-1\" \/>\n<link rel=\"canonical\" href=\"https:\/\/www.stiftungfuerzukunftsfragen.de\/en\/why-are-the-germans-so-stressed-causes-and-solutions\/\" \/>\n<meta property=\"og:locale\" content=\"en_GB\" \/>\n<meta property=\"og:type\" content=\"article\" \/>\n<meta property=\"og:title\" content=\"Wieso sind die Deutschen so gestresst? Ursachen und L\u00f6sungen\" \/>\n<meta property=\"og:description\" content=\"Die Deutschen f\u00fchlen sich h\u00e4ufiger gestresst als noch vor einigen Jahren. Auff\u00e4llig gestiegen ist das Stresslevel bei der j\u00fcngeren Generation\" \/>\n<meta property=\"og:url\" content=\"https:\/\/www.stiftungfuerzukunftsfragen.de\/en\/why-are-the-germans-so-stressed-causes-and-solutions\/\" \/>\n<meta property=\"og:site_name\" content=\"Stiftung f\u00fcr Zukunftsfragen\" \/>\n<meta property=\"article:publisher\" content=\"https:\/\/www.facebook.com\/pages\/Stiftung-fr-Zukunftsfragen\/207485789294838\" \/>\n<meta property=\"article:published_time\" content=\"2024-08-22T04:29:54+00:00\" \/>\n<meta property=\"article:modified_time\" content=\"2025-10-31T07:05:22+00:00\" \/>\n<meta property=\"og:image\" content=\"https:\/\/www.stiftungfuerzukunftsfragen.de\/wp-content\/uploads\/pexels-mastercowley-897817.jpg\" \/>\n\t<meta property=\"og:image:width\" content=\"1920\" \/>\n\t<meta property=\"og:image:height\" content=\"1280\" \/>\n\t<meta property=\"og:image:type\" content=\"image\/jpeg\" \/>\n<meta name=\"author\" content=\"guels\" \/>\n<meta name=\"twitter:card\" content=\"summary_large_image\" \/>\n<meta name=\"twitter:label1\" content=\"Written by\" \/>\n\t<meta name=\"twitter:data1\" content=\"guels\" \/>\n\t<meta name=\"twitter:label2\" content=\"Estimated reading time\" \/>\n\t<meta name=\"twitter:data2\" content=\"4 minutes\" \/>\n<script type=\"application\/ld+json\" class=\"yoast-schema-graph\">{\"@context\":\"https:\/\/schema.org\",\"@graph\":[{\"@type\":\"Article\",\"@id\":\"https:\/\/www.stiftungfuerzukunftsfragen.de\/wieso-sind-die-deutschen-so-gestresst-ursachen-und-loesungen\/#article\",\"isPartOf\":{\"@id\":\"https:\/\/www.stiftungfuerzukunftsfragen.de\/wieso-sind-die-deutschen-so-gestresst-ursachen-und-loesungen\/\"},\"author\":{\"name\":\"guels\",\"@id\":\"https:\/\/www.stiftungfuerzukunftsfragen.de\/#\/schema\/person\/ab1d46d162c905f85dba6504c00294c4\"},\"headline\":\"Wieso sind die Deutschen so gestresst? Ursachen und L\u00f6sungen\",\"datePublished\":\"2024-08-22T04:29:54+00:00\",\"dateModified\":\"2025-10-31T07:05:22+00:00\",\"mainEntityOfPage\":{\"@id\":\"https:\/\/www.stiftungfuerzukunftsfragen.de\/wieso-sind-die-deutschen-so-gestresst-ursachen-und-loesungen\/\"},\"wordCount\":676,\"publisher\":{\"@id\":\"https:\/\/www.stiftungfuerzukunftsfragen.de\/#organization\"},\"image\":{\"@id\":\"https:\/\/www.stiftungfuerzukunftsfragen.de\/wieso-sind-die-deutschen-so-gestresst-ursachen-und-loesungen\/#primaryimage\"},\"thumbnailUrl\":\"https:\/\/www.stiftungfuerzukunftsfragen.de\/wp-content\/uploads\/pexels-mastercowley-897817.jpg\",\"keywords\":[\"Zukunftserwartungen\",\"Familie\",\"Gesellschaft\",\"Vergangenheit\",\"Vertrauen\",\"Werte\",\"Zukunft\",\"Zukunftspl\u00e4ne\"],\"articleSection\":[\"Chart der Woche\"],\"inLanguage\":\"en-GB\"},{\"@type\":\"WebPage\",\"@id\":\"https:\/\/www.stiftungfuerzukunftsfragen.de\/wieso-sind-die-deutschen-so-gestresst-ursachen-und-loesungen\/\",\"url\":\"https:\/\/www.stiftungfuerzukunftsfragen.de\/wieso-sind-die-deutschen-so-gestresst-ursachen-und-loesungen\/\",\"name\":\"Wieso sind die Deutschen so gestresst? Ursachen und L\u00f6sungen\",\"isPartOf\":{\"@id\":\"https:\/\/www.stiftungfuerzukunftsfragen.de\/#website\"},\"primaryImageOfPage\":{\"@id\":\"https:\/\/www.stiftungfuerzukunftsfragen.de\/wieso-sind-die-deutschen-so-gestresst-ursachen-und-loesungen\/#primaryimage\"},\"image\":{\"@id\":\"https:\/\/www.stiftungfuerzukunftsfragen.de\/wieso-sind-die-deutschen-so-gestresst-ursachen-und-loesungen\/#primaryimage\"},\"thumbnailUrl\":\"https:\/\/www.stiftungfuerzukunftsfragen.de\/wp-content\/uploads\/pexels-mastercowley-897817.jpg\",\"datePublished\":\"2024-08-22T04:29:54+00:00\",\"dateModified\":\"2025-10-31T07:05:22+00:00\",\"description\":\"Die Deutschen f\u00fchlen sich h\u00e4ufiger gestresst als noch vor einigen Jahren. Auff\u00e4llig gestiegen ist das Stresslevel bei der j\u00fcngeren Generation\",\"breadcrumb\":{\"@id\":\"https:\/\/www.stiftungfuerzukunftsfragen.de\/wieso-sind-die-deutschen-so-gestresst-ursachen-und-loesungen\/#breadcrumb\"},\"inLanguage\":\"en-GB\",\"potentialAction\":[{\"@type\":\"ReadAction\",\"target\":[\"https:\/\/www.stiftungfuerzukunftsfragen.de\/wieso-sind-die-deutschen-so-gestresst-ursachen-und-loesungen\/\"]}]},{\"@type\":\"ImageObject\",\"inLanguage\":\"en-GB\",\"@id\":\"https:\/\/www.stiftungfuerzukunftsfragen.de\/wieso-sind-die-deutschen-so-gestresst-ursachen-und-loesungen\/#primaryimage\",\"url\":\"https:\/\/www.stiftungfuerzukunftsfragen.de\/wp-content\/uploads\/pexels-mastercowley-897817.jpg\",\"contentUrl\":\"https:\/\/www.stiftungfuerzukunftsfragen.de\/wp-content\/uploads\/pexels-mastercowley-897817.jpg\",\"width\":1920,\"height\":1280},{\"@type\":\"BreadcrumbList\",\"@id\":\"https:\/\/www.stiftungfuerzukunftsfragen.de\/wieso-sind-die-deutschen-so-gestresst-ursachen-und-loesungen\/#breadcrumb\",\"itemListElement\":[{\"@type\":\"ListItem\",\"position\":1,\"name\":\"Startseite\",\"item\":\"https:\/\/www.stiftungfuerzukunftsfragen.de\/\"},{\"@type\":\"ListItem\",\"position\":2,\"name\":\"Wieso sind die Deutschen so gestresst? Ursachen und L\u00f6sungen\"}]},{\"@type\":\"WebSite\",\"@id\":\"https:\/\/www.stiftungfuerzukunftsfragen.de\/#website\",\"url\":\"https:\/\/www.stiftungfuerzukunftsfragen.de\/\",\"name\":\"Stiftung f\u00fcr Zukunftsfragen\",\"description\":\"Eine Initiative von BAT\",\"publisher\":{\"@id\":\"https:\/\/www.stiftungfuerzukunftsfragen.de\/#organization\"},\"potentialAction\":[{\"@type\":\"SearchAction\",\"target\":{\"@type\":\"EntryPoint\",\"urlTemplate\":\"https:\/\/www.stiftungfuerzukunftsfragen.de\/?s={search_term_string}\"},\"query-input\":{\"@type\":\"PropertyValueSpecification\",\"valueRequired\":true,\"valueName\":\"search_term_string\"}}],\"inLanguage\":\"en-GB\"},{\"@type\":\"Organization\",\"@id\":\"https:\/\/www.stiftungfuerzukunftsfragen.de\/#organization\",\"name\":\"Stiftung f\u00fcr Zukunftsfragen\",\"url\":\"https:\/\/www.stiftungfuerzukunftsfragen.de\/\",\"logo\":{\"@type\":\"ImageObject\",\"inLanguage\":\"en-GB\",\"@id\":\"https:\/\/www.stiftungfuerzukunftsfragen.de\/#\/schema\/logo\/image\/\",\"url\":\"https:\/\/www.stiftungfuerzukunftsfragen.de\/wp-content\/uploads\/Stiftung-fuer-Zukunftsfragen-Logo-e1662668075158.png\",\"contentUrl\":\"https:\/\/www.stiftungfuerzukunftsfragen.de\/wp-content\/uploads\/Stiftung-fuer-Zukunftsfragen-Logo-e1662668075158.png\",\"width\":609,\"height\":144,\"caption\":\"Stiftung f\u00fcr Zukunftsfragen\"},\"image\":{\"@id\":\"https:\/\/www.stiftungfuerzukunftsfragen.de\/#\/schema\/logo\/image\/\"},\"sameAs\":[\"https:\/\/www.facebook.com\/pages\/Stiftung-fr-Zukunftsfragen\/207485789294838\"]},{\"@type\":\"Person\",\"@id\":\"https:\/\/www.stiftungfuerzukunftsfragen.de\/#\/schema\/person\/ab1d46d162c905f85dba6504c00294c4\",\"name\":\"guels\"}]}<\/script>\n<!-- \/ Yoast SEO plugin. -->","yoast_head_json":{"title":"Why are Germans so stressed? Causes and solutions","description":"Germans feel stressed more often than they did a few years ago. Stress levels have risen noticeably among the younger generation","robots":{"index":"index","follow":"follow","max-snippet":"max-snippet:-1","max-image-preview":"max-image-preview:large","max-video-preview":"max-video-preview:-1"},"canonical":"https:\/\/www.stiftungfuerzukunftsfragen.de\/en\/why-are-the-germans-so-stressed-causes-and-solutions\/","og_locale":"en_GB","og_type":"article","og_title":"Wieso sind die Deutschen so gestresst? Ursachen und L\u00f6sungen","og_description":"Die Deutschen f\u00fchlen sich h\u00e4ufiger gestresst als noch vor einigen Jahren. Auff\u00e4llig gestiegen ist das Stresslevel bei der j\u00fcngeren Generation","og_url":"https:\/\/www.stiftungfuerzukunftsfragen.de\/en\/why-are-the-germans-so-stressed-causes-and-solutions\/","og_site_name":"Stiftung f\u00fcr Zukunftsfragen","article_publisher":"https:\/\/www.facebook.com\/pages\/Stiftung-fr-Zukunftsfragen\/207485789294838","article_published_time":"2024-08-22T04:29:54+00:00","article_modified_time":"2025-10-31T07:05:22+00:00","og_image":[{"width":1920,"height":1280,"url":"https:\/\/www.stiftungfuerzukunftsfragen.de\/wp-content\/uploads\/pexels-mastercowley-897817.jpg","type":"image\/jpeg"}],"author":"guels","twitter_card":"summary_large_image","twitter_misc":{"Written by":"guels","Estimated reading time":"4 minutes"},"schema":{"@context":"https:\/\/schema.org","@graph":[{"@type":"Article","@id":"https:\/\/www.stiftungfuerzukunftsfragen.de\/wieso-sind-die-deutschen-so-gestresst-ursachen-und-loesungen\/#article","isPartOf":{"@id":"https:\/\/www.stiftungfuerzukunftsfragen.de\/wieso-sind-die-deutschen-so-gestresst-ursachen-und-loesungen\/"},"author":{"name":"guels","@id":"https:\/\/www.stiftungfuerzukunftsfragen.de\/#\/schema\/person\/ab1d46d162c905f85dba6504c00294c4"},"headline":"Wieso sind die Deutschen so gestresst? Ursachen und L\u00f6sungen","datePublished":"2024-08-22T04:29:54+00:00","dateModified":"2025-10-31T07:05:22+00:00","mainEntityOfPage":{"@id":"https:\/\/www.stiftungfuerzukunftsfragen.de\/wieso-sind-die-deutschen-so-gestresst-ursachen-und-loesungen\/"},"wordCount":676,"publisher":{"@id":"https:\/\/www.stiftungfuerzukunftsfragen.de\/#organization"},"image":{"@id":"https:\/\/www.stiftungfuerzukunftsfragen.de\/wieso-sind-die-deutschen-so-gestresst-ursachen-und-loesungen\/#primaryimage"},"thumbnailUrl":"https:\/\/www.stiftungfuerzukunftsfragen.de\/wp-content\/uploads\/pexels-mastercowley-897817.jpg","keywords":["Zukunftserwartungen","Familie","Gesellschaft","Vergangenheit","Vertrauen","Werte","Zukunft","Zukunftspl\u00e4ne"],"articleSection":["Chart der Woche"],"inLanguage":"en-GB"},{"@type":"WebPage","@id":"https:\/\/www.stiftungfuerzukunftsfragen.de\/wieso-sind-die-deutschen-so-gestresst-ursachen-und-loesungen\/","url":"https:\/\/www.stiftungfuerzukunftsfragen.de\/wieso-sind-die-deutschen-so-gestresst-ursachen-und-loesungen\/","name":"Why are Germans so stressed? Causes and solutions","isPartOf":{"@id":"https:\/\/www.stiftungfuerzukunftsfragen.de\/#website"},"primaryImageOfPage":{"@id":"https:\/\/www.stiftungfuerzukunftsfragen.de\/wieso-sind-die-deutschen-so-gestresst-ursachen-und-loesungen\/#primaryimage"},"image":{"@id":"https:\/\/www.stiftungfuerzukunftsfragen.de\/wieso-sind-die-deutschen-so-gestresst-ursachen-und-loesungen\/#primaryimage"},"thumbnailUrl":"https:\/\/www.stiftungfuerzukunftsfragen.de\/wp-content\/uploads\/pexels-mastercowley-897817.jpg","datePublished":"2024-08-22T04:29:54+00:00","dateModified":"2025-10-31T07:05:22+00:00","description":"Germans feel stressed more often than they did a few years ago. Stress levels have risen noticeably among the younger generation","breadcrumb":{"@id":"https:\/\/www.stiftungfuerzukunftsfragen.de\/wieso-sind-die-deutschen-so-gestresst-ursachen-und-loesungen\/#breadcrumb"},"inLanguage":"en-GB","potentialAction":[{"@type":"ReadAction","target":["https:\/\/www.stiftungfuerzukunftsfragen.de\/wieso-sind-die-deutschen-so-gestresst-ursachen-und-loesungen\/"]}]},{"@type":"ImageObject","inLanguage":"en-GB","@id":"https:\/\/www.stiftungfuerzukunftsfragen.de\/wieso-sind-die-deutschen-so-gestresst-ursachen-und-loesungen\/#primaryimage","url":"https:\/\/www.stiftungfuerzukunftsfragen.de\/wp-content\/uploads\/pexels-mastercowley-897817.jpg","contentUrl":"https:\/\/www.stiftungfuerzukunftsfragen.de\/wp-content\/uploads\/pexels-mastercowley-897817.jpg","width":1920,"height":1280},{"@type":"BreadcrumbList","@id":"https:\/\/www.stiftungfuerzukunftsfragen.de\/wieso-sind-die-deutschen-so-gestresst-ursachen-und-loesungen\/#breadcrumb","itemListElement":[{"@type":"ListItem","position":1,"name":"Startseite","item":"https:\/\/www.stiftungfuerzukunftsfragen.de\/"},{"@type":"ListItem","position":2,"name":"Wieso sind die Deutschen so gestresst? Ursachen und L\u00f6sungen"}]},{"@type":"WebSite","@id":"https:\/\/www.stiftungfuerzukunftsfragen.de\/#website","url":"https:\/\/www.stiftungfuerzukunftsfragen.de\/","name":"Foundation for Future Issues","description":"An initiative by BAT","publisher":{"@id":"https:\/\/www.stiftungfuerzukunftsfragen.de\/#organization"},"potentialAction":[{"@type":"SearchAction","target":{"@type":"EntryPoint","urlTemplate":"https:\/\/www.stiftungfuerzukunftsfragen.de\/?s={search_term_string}"},"query-input":{"@type":"PropertyValueSpecification","valueRequired":true,"valueName":"search_term_string"}}],"inLanguage":"en-GB"},{"@type":"Organization","@id":"https:\/\/www.stiftungfuerzukunftsfragen.de\/#organization","name":"Foundation for Future Issues","url":"https:\/\/www.stiftungfuerzukunftsfragen.de\/","logo":{"@type":"ImageObject","inLanguage":"en-GB","@id":"https:\/\/www.stiftungfuerzukunftsfragen.de\/#\/schema\/logo\/image\/","url":"https:\/\/www.stiftungfuerzukunftsfragen.de\/wp-content\/uploads\/Stiftung-fuer-Zukunftsfragen-Logo-e1662668075158.png","contentUrl":"https:\/\/www.stiftungfuerzukunftsfragen.de\/wp-content\/uploads\/Stiftung-fuer-Zukunftsfragen-Logo-e1662668075158.png","width":609,"height":144,"caption":"Stiftung f\u00fcr Zukunftsfragen"},"image":{"@id":"https:\/\/www.stiftungfuerzukunftsfragen.de\/#\/schema\/logo\/image\/"},"sameAs":["https:\/\/www.facebook.com\/pages\/Stiftung-fr-Zukunftsfragen\/207485789294838"]},{"@type":"Person","@id":"https:\/\/www.stiftungfuerzukunftsfragen.de\/#\/schema\/person\/ab1d46d162c905f85dba6504c00294c4","name":"guels"}]}},"_links":{"self":[{"href":"https:\/\/www.stiftungfuerzukunftsfragen.de\/en\/wp-json\/wp\/v2\/posts\/5086","targetHints":{"allow":["GET"]}}],"collection":[{"href":"https:\/\/www.stiftungfuerzukunftsfragen.de\/en\/wp-json\/wp\/v2\/posts"}],"about":[{"href":"https:\/\/www.stiftungfuerzukunftsfragen.de\/en\/wp-json\/wp\/v2\/types\/post"}],"author":[{"embeddable":true,"href":"https:\/\/www.stiftungfuerzukunftsfragen.de\/en\/wp-json\/wp\/v2\/users\/36"}],"replies":[{"embeddable":true,"href":"https:\/\/www.stiftungfuerzukunftsfragen.de\/en\/wp-json\/wp\/v2\/comments?post=5086"}],"version-history":[{"count":4,"href":"https:\/\/www.stiftungfuerzukunftsfragen.de\/en\/wp-json\/wp\/v2\/posts\/5086\/revisions"}],"predecessor-version":[{"id":6238,"href":"https:\/\/www.stiftungfuerzukunftsfragen.de\/en\/wp-json\/wp\/v2\/posts\/5086\/revisions\/6238"}],"wp:featuredmedia":[{"embeddable":true,"href":"https:\/\/www.stiftungfuerzukunftsfragen.de\/en\/wp-json\/wp\/v2\/media\/5087"}],"wp:attachment":[{"href":"https:\/\/www.stiftungfuerzukunftsfragen.de\/en\/wp-json\/wp\/v2\/media?parent=5086"}],"wp:term":[{"taxonomy":"category","embeddable":true,"href":"https:\/\/www.stiftungfuerzukunftsfragen.de\/en\/wp-json\/wp\/v2\/categories?post=5086"},{"taxonomy":"post_tag","embeddable":true,"href":"https:\/\/www.stiftungfuerzukunftsfragen.de\/en\/wp-json\/wp\/v2\/tags?post=5086"}],"curies":[{"name":"wp","href":"https:\/\/api.w.org\/{rel}","templated":true}]}}