{"id":5152,"date":"2024-10-17T06:00:32","date_gmt":"2024-10-17T04:00:32","guid":{"rendered":"https:\/\/www.stiftungfuerzukunftsfragen.de\/?p=5152"},"modified":"2025-10-30T15:13:51","modified_gmt":"2025-10-30T14:13:51","slug":"why-annual-festivals-and-folk-festivals-are-so-fascinating-origin-and-development","status":"publish","type":"post","link":"https:\/\/www.stiftungfuerzukunftsfragen.de\/en\/warum-faszinieren-jahrmaerkte-und-volksfeste-so-ursprung-und-entwicklung\/","title":{"rendered":"Why are fairs and folk festivals so fascinating? Origin and development"},"content":{"rendered":"","protected":false},"excerpt":{"rendered":"<p>Fairs and festivals have delighted visitors for centuries and have retained their special charm to this day. These traditional events offer a unique blend of entertainment, culture, and community that continues to attract people.<\/p>\n<p>In this episode, you&#039;ll learn more about the history of fairs and festivals, how they differ internationally, and their significance for society. And as always, we&#039;ll take a look into the future.<\/p>","protected":false},"author":36,"featured_media":0,"comment_status":"closed","ping_status":"open","sticky":false,"template":"","format":"standard","meta":{"_acf_changed":false,"footnotes":""},"categories":[55],"tags":[67,98,99,100,80],"class_list":["post-5152","post","type-post","status-publish","format-standard","hentry","category-podcast","tag-zukunftserwartungen","tag-benehmen","tag-umgangsformen","tag-werte","tag-zukunft"],"acf":{"ausgabe_nummer":"Podcast, Staffel 3 - Folge 33","pdf-download_dateiname":"www.stiftungfuerzukunftsfragen.de_warum-faszinieren-jahrmaerkte-und-volksfeste-so-ursprung-und-entwicklung.pdf","podcast_embed_code":"<script class=\"podigee-podcast-player\" src=\"https:\/\/player.podigee-cdn.net\/podcast-player\/javascripts\/podigee-podcast-player.js\" data-configuration=\"https:\/\/spaeter-war-alles-besser-der-zukunftspodcast.podigee.io\/58-warum-faszinieren-jahrmarkte-und-volksfeste-so-ursprung-und-entwicklung\/embed?context=external&token=K_QuywpyfiCLoycd447Bxg\"><\/script>"},"yoast_head":"<!-- This site is optimized with the Yoast SEO plugin v27.1.1 - https:\/\/yoast.com\/product\/yoast-seo-wordpress\/ -->\n<title>Warum faszinieren Jahrm\u00e4rkte und Volksfeste so? Ursprung und Entwicklung - Stiftung f\u00fcr Zukunftsfragen<\/title>\n<meta name=\"description\" content=\"In dieser Folge erf\u00e4hrst du mehr \u00fcber die Geschichte von Jahrm\u00e4rkten, und welche Bedeutung sie f\u00fcr die Gesellschaft haben.\" \/>\n<meta name=\"robots\" content=\"index, follow, max-snippet:-1, max-image-preview:large, max-video-preview:-1\" \/>\n<link rel=\"canonical\" href=\"https:\/\/www.stiftungfuerzukunftsfragen.de\/en\/why-annual-festivals-and-folk-festivals-are-so-fascinating-origin-and-development\/\" \/>\n<meta property=\"og:locale\" content=\"en_GB\" \/>\n<meta property=\"og:type\" content=\"article\" \/>\n<meta property=\"og:title\" content=\"Warum faszinieren Jahrm\u00e4rkte und Volksfeste so? Ursprung und Entwicklung - Stiftung f\u00fcr Zukunftsfragen\" \/>\n<meta property=\"og:description\" content=\"In dieser Folge erf\u00e4hrst du mehr \u00fcber die Geschichte von Jahrm\u00e4rkten, und welche Bedeutung sie f\u00fcr die Gesellschaft haben.\" \/>\n<meta property=\"og:url\" content=\"https:\/\/www.stiftungfuerzukunftsfragen.de\/en\/why-annual-festivals-and-folk-festivals-are-so-fascinating-origin-and-development\/\" \/>\n<meta property=\"og:site_name\" content=\"Stiftung f\u00fcr Zukunftsfragen\" \/>\n<meta property=\"article:publisher\" content=\"https:\/\/www.facebook.com\/pages\/Stiftung-fr-Zukunftsfragen\/207485789294838\" \/>\n<meta property=\"article:published_time\" content=\"2024-10-17T04:00:32+00:00\" \/>\n<meta property=\"article:modified_time\" content=\"2025-10-30T14:13:51+00:00\" \/>\n<meta name=\"author\" content=\"guels\" \/>\n<meta name=\"twitter:card\" content=\"summary_large_image\" \/>\n<meta name=\"twitter:label1\" content=\"Written by\" \/>\n\t<meta name=\"twitter:data1\" content=\"guels\" \/>\n\t<meta name=\"twitter:label2\" content=\"Estimated reading time\" \/>\n\t<meta name=\"twitter:data2\" content=\"2 minutes\" \/>\n<script type=\"application\/ld+json\" class=\"yoast-schema-graph\">{\"@context\":\"https:\/\/schema.org\",\"@graph\":[{\"@type\":\"Article\",\"@id\":\"https:\/\/www.stiftungfuerzukunftsfragen.de\/warum-faszinieren-jahrmaerkte-und-volksfeste-so-ursprung-und-entwicklung\/#article\",\"isPartOf\":{\"@id\":\"https:\/\/www.stiftungfuerzukunftsfragen.de\/warum-faszinieren-jahrmaerkte-und-volksfeste-so-ursprung-und-entwicklung\/\"},\"author\":{\"name\":\"guels\",\"@id\":\"https:\/\/www.stiftungfuerzukunftsfragen.de\/#\/schema\/person\/ab1d46d162c905f85dba6504c00294c4\"},\"headline\":\"Warum faszinieren Jahrm\u00e4rkte und Volksfeste so? Ursprung und Entwicklung\",\"datePublished\":\"2024-10-17T04:00:32+00:00\",\"dateModified\":\"2025-10-30T14:13:51+00:00\",\"mainEntityOfPage\":{\"@id\":\"https:\/\/www.stiftungfuerzukunftsfragen.de\/warum-faszinieren-jahrmaerkte-und-volksfeste-so-ursprung-und-entwicklung\/\"},\"wordCount\":10,\"publisher\":{\"@id\":\"https:\/\/www.stiftungfuerzukunftsfragen.de\/#organization\"},\"keywords\":[\"Zukunftserwartungen\",\"Benehmen\",\"Umgangsformen\",\"Werte\",\"Zukunft\"],\"articleSection\":[\"Podcast\"],\"inLanguage\":\"en-GB\"},{\"@type\":\"WebPage\",\"@id\":\"https:\/\/www.stiftungfuerzukunftsfragen.de\/warum-faszinieren-jahrmaerkte-und-volksfeste-so-ursprung-und-entwicklung\/\",\"url\":\"https:\/\/www.stiftungfuerzukunftsfragen.de\/warum-faszinieren-jahrmaerkte-und-volksfeste-so-ursprung-und-entwicklung\/\",\"name\":\"Warum faszinieren Jahrm\u00e4rkte und Volksfeste so? Ursprung und Entwicklung - Stiftung f\u00fcr Zukunftsfragen\",\"isPartOf\":{\"@id\":\"https:\/\/www.stiftungfuerzukunftsfragen.de\/#website\"},\"datePublished\":\"2024-10-17T04:00:32+00:00\",\"dateModified\":\"2025-10-30T14:13:51+00:00\",\"description\":\"In dieser Folge erf\u00e4hrst du mehr \u00fcber die Geschichte von Jahrm\u00e4rkten, und welche Bedeutung sie f\u00fcr die Gesellschaft haben.\",\"breadcrumb\":{\"@id\":\"https:\/\/www.stiftungfuerzukunftsfragen.de\/warum-faszinieren-jahrmaerkte-und-volksfeste-so-ursprung-und-entwicklung\/#breadcrumb\"},\"inLanguage\":\"en-GB\",\"potentialAction\":[{\"@type\":\"ReadAction\",\"target\":[\"https:\/\/www.stiftungfuerzukunftsfragen.de\/warum-faszinieren-jahrmaerkte-und-volksfeste-so-ursprung-und-entwicklung\/\"]}]},{\"@type\":\"BreadcrumbList\",\"@id\":\"https:\/\/www.stiftungfuerzukunftsfragen.de\/warum-faszinieren-jahrmaerkte-und-volksfeste-so-ursprung-und-entwicklung\/#breadcrumb\",\"itemListElement\":[{\"@type\":\"ListItem\",\"position\":1,\"name\":\"Startseite\",\"item\":\"https:\/\/www.stiftungfuerzukunftsfragen.de\/\"},{\"@type\":\"ListItem\",\"position\":2,\"name\":\"Warum faszinieren Jahrm\u00e4rkte und Volksfeste so? Ursprung und Entwicklung\"}]},{\"@type\":\"WebSite\",\"@id\":\"https:\/\/www.stiftungfuerzukunftsfragen.de\/#website\",\"url\":\"https:\/\/www.stiftungfuerzukunftsfragen.de\/\",\"name\":\"Stiftung f\u00fcr Zukunftsfragen\",\"description\":\"Eine Initiative von BAT\",\"publisher\":{\"@id\":\"https:\/\/www.stiftungfuerzukunftsfragen.de\/#organization\"},\"potentialAction\":[{\"@type\":\"SearchAction\",\"target\":{\"@type\":\"EntryPoint\",\"urlTemplate\":\"https:\/\/www.stiftungfuerzukunftsfragen.de\/?s={search_term_string}\"},\"query-input\":{\"@type\":\"PropertyValueSpecification\",\"valueRequired\":true,\"valueName\":\"search_term_string\"}}],\"inLanguage\":\"en-GB\"},{\"@type\":\"Organization\",\"@id\":\"https:\/\/www.stiftungfuerzukunftsfragen.de\/#organization\",\"name\":\"Stiftung f\u00fcr Zukunftsfragen\",\"url\":\"https:\/\/www.stiftungfuerzukunftsfragen.de\/\",\"logo\":{\"@type\":\"ImageObject\",\"inLanguage\":\"en-GB\",\"@id\":\"https:\/\/www.stiftungfuerzukunftsfragen.de\/#\/schema\/logo\/image\/\",\"url\":\"https:\/\/www.stiftungfuerzukunftsfragen.de\/wp-content\/uploads\/Stiftung-fuer-Zukunftsfragen-Logo-e1662668075158.png\",\"contentUrl\":\"https:\/\/www.stiftungfuerzukunftsfragen.de\/wp-content\/uploads\/Stiftung-fuer-Zukunftsfragen-Logo-e1662668075158.png\",\"width\":609,\"height\":144,\"caption\":\"Stiftung f\u00fcr Zukunftsfragen\"},\"image\":{\"@id\":\"https:\/\/www.stiftungfuerzukunftsfragen.de\/#\/schema\/logo\/image\/\"},\"sameAs\":[\"https:\/\/www.facebook.com\/pages\/Stiftung-fr-Zukunftsfragen\/207485789294838\"]},{\"@type\":\"Person\",\"@id\":\"https:\/\/www.stiftungfuerzukunftsfragen.de\/#\/schema\/person\/ab1d46d162c905f85dba6504c00294c4\",\"name\":\"guels\"}]}<\/script>\n<!-- \/ Yoast SEO plugin. -->","yoast_head_json":{"title":"Why are fairs and festivals so fascinating? Origin and development \u2013 Foundation for Future Issues","description":"In this episode you will learn more about the history of fairs and their significance for society.","robots":{"index":"index","follow":"follow","max-snippet":"max-snippet:-1","max-image-preview":"max-image-preview:large","max-video-preview":"max-video-preview:-1"},"canonical":"https:\/\/www.stiftungfuerzukunftsfragen.de\/en\/why-annual-festivals-and-folk-festivals-are-so-fascinating-origin-and-development\/","og_locale":"en_GB","og_type":"article","og_title":"Warum faszinieren Jahrm\u00e4rkte und Volksfeste so? Ursprung und Entwicklung - Stiftung f\u00fcr Zukunftsfragen","og_description":"In dieser Folge erf\u00e4hrst du mehr \u00fcber die Geschichte von Jahrm\u00e4rkten, und welche Bedeutung sie f\u00fcr die Gesellschaft haben.","og_url":"https:\/\/www.stiftungfuerzukunftsfragen.de\/en\/why-annual-festivals-and-folk-festivals-are-so-fascinating-origin-and-development\/","og_site_name":"Stiftung f\u00fcr Zukunftsfragen","article_publisher":"https:\/\/www.facebook.com\/pages\/Stiftung-fr-Zukunftsfragen\/207485789294838","article_published_time":"2024-10-17T04:00:32+00:00","article_modified_time":"2025-10-30T14:13:51+00:00","author":"guels","twitter_card":"summary_large_image","twitter_misc":{"Written by":"guels","Estimated reading time":"2 minutes"},"schema":{"@context":"https:\/\/schema.org","@graph":[{"@type":"Article","@id":"https:\/\/www.stiftungfuerzukunftsfragen.de\/warum-faszinieren-jahrmaerkte-und-volksfeste-so-ursprung-und-entwicklung\/#article","isPartOf":{"@id":"https:\/\/www.stiftungfuerzukunftsfragen.de\/warum-faszinieren-jahrmaerkte-und-volksfeste-so-ursprung-und-entwicklung\/"},"author":{"name":"guels","@id":"https:\/\/www.stiftungfuerzukunftsfragen.de\/#\/schema\/person\/ab1d46d162c905f85dba6504c00294c4"},"headline":"Warum faszinieren Jahrm\u00e4rkte und Volksfeste so? Ursprung und Entwicklung","datePublished":"2024-10-17T04:00:32+00:00","dateModified":"2025-10-30T14:13:51+00:00","mainEntityOfPage":{"@id":"https:\/\/www.stiftungfuerzukunftsfragen.de\/warum-faszinieren-jahrmaerkte-und-volksfeste-so-ursprung-und-entwicklung\/"},"wordCount":10,"publisher":{"@id":"https:\/\/www.stiftungfuerzukunftsfragen.de\/#organization"},"keywords":["Zukunftserwartungen","Benehmen","Umgangsformen","Werte","Zukunft"],"articleSection":["Podcast"],"inLanguage":"en-GB"},{"@type":"WebPage","@id":"https:\/\/www.stiftungfuerzukunftsfragen.de\/warum-faszinieren-jahrmaerkte-und-volksfeste-so-ursprung-und-entwicklung\/","url":"https:\/\/www.stiftungfuerzukunftsfragen.de\/warum-faszinieren-jahrmaerkte-und-volksfeste-so-ursprung-und-entwicklung\/","name":"Why are fairs and festivals so fascinating? Origin and development \u2013 Foundation for Future Issues","isPartOf":{"@id":"https:\/\/www.stiftungfuerzukunftsfragen.de\/#website"},"datePublished":"2024-10-17T04:00:32+00:00","dateModified":"2025-10-30T14:13:51+00:00","description":"In this episode you will learn more about the history of fairs and their significance for society.","breadcrumb":{"@id":"https:\/\/www.stiftungfuerzukunftsfragen.de\/warum-faszinieren-jahrmaerkte-und-volksfeste-so-ursprung-und-entwicklung\/#breadcrumb"},"inLanguage":"en-GB","potentialAction":[{"@type":"ReadAction","target":["https:\/\/www.stiftungfuerzukunftsfragen.de\/warum-faszinieren-jahrmaerkte-und-volksfeste-so-ursprung-und-entwicklung\/"]}]},{"@type":"BreadcrumbList","@id":"https:\/\/www.stiftungfuerzukunftsfragen.de\/warum-faszinieren-jahrmaerkte-und-volksfeste-so-ursprung-und-entwicklung\/#breadcrumb","itemListElement":[{"@type":"ListItem","position":1,"name":"Startseite","item":"https:\/\/www.stiftungfuerzukunftsfragen.de\/"},{"@type":"ListItem","position":2,"name":"Warum faszinieren Jahrm\u00e4rkte und Volksfeste so? Ursprung und Entwicklung"}]},{"@type":"WebSite","@id":"https:\/\/www.stiftungfuerzukunftsfragen.de\/#website","url":"https:\/\/www.stiftungfuerzukunftsfragen.de\/","name":"Foundation for Future Issues","description":"An initiative by BAT","publisher":{"@id":"https:\/\/www.stiftungfuerzukunftsfragen.de\/#organization"},"potentialAction":[{"@type":"SearchAction","target":{"@type":"EntryPoint","urlTemplate":"https:\/\/www.stiftungfuerzukunftsfragen.de\/?s={search_term_string}"},"query-input":{"@type":"PropertyValueSpecification","valueRequired":true,"valueName":"search_term_string"}}],"inLanguage":"en-GB"},{"@type":"Organization","@id":"https:\/\/www.stiftungfuerzukunftsfragen.de\/#organization","name":"Foundation for Future Issues","url":"https:\/\/www.stiftungfuerzukunftsfragen.de\/","logo":{"@type":"ImageObject","inLanguage":"en-GB","@id":"https:\/\/www.stiftungfuerzukunftsfragen.de\/#\/schema\/logo\/image\/","url":"https:\/\/www.stiftungfuerzukunftsfragen.de\/wp-content\/uploads\/Stiftung-fuer-Zukunftsfragen-Logo-e1662668075158.png","contentUrl":"https:\/\/www.stiftungfuerzukunftsfragen.de\/wp-content\/uploads\/Stiftung-fuer-Zukunftsfragen-Logo-e1662668075158.png","width":609,"height":144,"caption":"Stiftung f\u00fcr Zukunftsfragen"},"image":{"@id":"https:\/\/www.stiftungfuerzukunftsfragen.de\/#\/schema\/logo\/image\/"},"sameAs":["https:\/\/www.facebook.com\/pages\/Stiftung-fr-Zukunftsfragen\/207485789294838"]},{"@type":"Person","@id":"https:\/\/www.stiftungfuerzukunftsfragen.de\/#\/schema\/person\/ab1d46d162c905f85dba6504c00294c4","name":"guels"}]}},"_links":{"self":[{"href":"https:\/\/www.stiftungfuerzukunftsfragen.de\/en\/wp-json\/wp\/v2\/posts\/5152","targetHints":{"allow":["GET"]}}],"collection":[{"href":"https:\/\/www.stiftungfuerzukunftsfragen.de\/en\/wp-json\/wp\/v2\/posts"}],"about":[{"href":"https:\/\/www.stiftungfuerzukunftsfragen.de\/en\/wp-json\/wp\/v2\/types\/post"}],"author":[{"embeddable":true,"href":"https:\/\/www.stiftungfuerzukunftsfragen.de\/en\/wp-json\/wp\/v2\/users\/36"}],"replies":[{"embeddable":true,"href":"https:\/\/www.stiftungfuerzukunftsfragen.de\/en\/wp-json\/wp\/v2\/comments?post=5152"}],"version-history":[{"count":2,"href":"https:\/\/www.stiftungfuerzukunftsfragen.de\/en\/wp-json\/wp\/v2\/posts\/5152\/revisions"}],"predecessor-version":[{"id":5810,"href":"https:\/\/www.stiftungfuerzukunftsfragen.de\/en\/wp-json\/wp\/v2\/posts\/5152\/revisions\/5810"}],"wp:attachment":[{"href":"https:\/\/www.stiftungfuerzukunftsfragen.de\/en\/wp-json\/wp\/v2\/media?parent=5152"}],"wp:term":[{"taxonomy":"category","embeddable":true,"href":"https:\/\/www.stiftungfuerzukunftsfragen.de\/en\/wp-json\/wp\/v2\/categories?post=5152"},{"taxonomy":"post_tag","embeddable":true,"href":"https:\/\/www.stiftungfuerzukunftsfragen.de\/en\/wp-json\/wp\/v2\/tags?post=5152"}],"curies":[{"name":"wp","href":"https:\/\/api.w.org\/{rel}","templated":true}]}}