{"id":5210,"date":"2024-12-12T06:00:09","date_gmt":"2024-12-12T05:00:09","guid":{"rendered":"https:\/\/www.stiftungfuerzukunftsfragen.de\/?p=5210"},"modified":"2025-10-31T08:04:43","modified_gmt":"2025-10-31T07:04:43","slug":"no-room-for-egoism-why-our-society-needs-more-cohesion-2","status":"publish","type":"post","link":"https:\/\/www.stiftungfuerzukunftsfragen.de\/en\/kein-platz-fuer-egoismus-warum-unsere-gesellschaft-mehr-zusammenhalt-braucht-2\/","title":{"rendered":"No room for selfishness: Why our society needs more cohesion"},"content":{"rendered":"<div class=\"infogram-embed\" data-id=\"egoismus-1h984wvz79n1z2p\" data-type=\"interactive\"><\/div><script>!function(e,t,s,i){var n=\"InfogramEmbeds\",o=e.getElementsByTagName(\"script\"),d=o[0],r=\/^http:\/.test(e.location)?\"http:\":\"https:\";if(\/^\\\/{2}\/.test(i)&&(i=r+i),window[n]&&window[n].initialized)window[n].process&&window[n].process();else if(!e.getElementById(s)){var a=e.createElement(\"script\");a.async=1,a.id=s,a.src=i,d.parentNode.insertBefore(a,d)}}(document,0,\"infogram-async\",\"\/\/e.infogram.com\/js\/dist\/embed-loader-min.js\");<\/script>\n<div class=\"page\" title=\"Page 31\">\n<div class=\"section\">\n<div class=\"layoutArea\">\n<div class=\"column\">\n<div class=\"page\" title=\"Page 8\">\n<div class=\"section\">\n<div class=\"layoutArea\">\n<div class=\"column\">\n<div class=\"page\" title=\"Page 7\">\n<div class=\"section\">\n<div class=\"layoutArea\">\n<div class=\"column\">\n<p>&nbsp;<\/p>\n<h3>Ergebnis<\/h3>\n<p>Der Ruf nach mehr Zusammenhalt in der Gesellschaft wird immer deutlicher vernehmbar. So sind 89 von 100 Befragten der Ansicht, dass f\u00fcr Egoismus in unserer Gesellschaft zunehmend weniger Platz ist und ein st\u00e4rkerer Zusammenhalt erforderlich wird. Im Vergleich zu 2016, als bereits 86 Prozent dieser Meinung waren, hat sich der Wunsch nach Solidarit\u00e4t weiter intensiviert. Besonders hoch ist die Zustimmung bei den \u00fcber 65-J\u00e4hrigen: In dieser Altersgruppe stimmen 95 von 100 Befragten der Aussage zu.<\/p>\n<h3><\/h3>\n<h3>Gr\u00fcnde<\/h3>\n<p>Globale Unsicherheiten wie geopolitische Spannungen und wirtschaftliche Krisen haben das Bed\u00fcrfnis nach Stabilit\u00e4t und kollektiven L\u00f6sungen erheblich verst\u00e4rkt. Viele Menschen erkennen zunehmend die Bedeutung gegenseitiger Unterst\u00fctzung, insbesondere \u00c4ltere, die h\u00e4ufig auf Hilfe angewiesen sind.<\/p>\n<p>Gleichzeitig f\u00f6rdert die zunehmende politische Polarisierung und gesellschaftliche Spaltung den Wunsch nach Einheit. In einer Welt, die immer st\u00e4rker durch Individualisierung und Eigeninteressen gepr\u00e4gt erscheint, w\u00e4chst bei vielen der Wunsch nach Gemeinschaft und gegenseitiger R\u00fccksichtnahme. Auch die sozialen Medien spielen dabei eine zentrale Rolle: Plattformen wie X (ehemals Twitter) verst\u00e4rken durch Filterblasen oft bestehende Wahrnehmungen, f\u00f6rdern extreme Positionen und tragen somit zur gesellschaftlichen Spaltung bei.<\/p>\n<h3><\/h3>\n<h3>Prognose<\/h3>\n<p>Die Sehnsucht nach Gemeinschaft wird durch Kriege, Krisen und Konflikte sowie die fortschreitende Digitalisierung weiter zunehmen. Je mehr das Vertrauen in Institutionen wie Politik, Kirche, Medien oder Wirtschaft schwindet, desto enger r\u00fccken die Menschen zusammen und suchen Halt sowie Zugeh\u00f6rigkeit im unmittelbaren Umfeld.<\/p>\n<p>Eine m\u00f6gliche Alternative zu dieser &#8222;Renaissance der Gemeinschaft&#8220; w\u00e4re eine zunehmende gesellschaftliche Fragmentierung. Diese Entwicklung w\u00fcrde jedoch zu wachsenden Spannungen f\u00fchren \u2013 ein Szenario, das die meisten Menschen ablehnen. Um eine positive Entwicklung zu f\u00f6rdern, bedarf es des aktiven Engagements jedes Einzelnen. Solidarit\u00e4t und gegenseitige Unterst\u00fctzung m\u00fcssen bewusst gelebt werden \u2013 in der Familie und im Freundeskreis, in der Nachbarschaft und im Verein, bei der Arbeit und in der Freizeit. Nur so kann ein harmonisches Miteinander entstehen.<\/p>\n<div class=\"fusion-button-wrapper\"><a class=\"fusion-button button-flat fusion-button-default-size button-default fusion-button-default button-1 fusion-button-default-span fusion-button-default-type\" target=\"_self\" href=\"https:\/\/audio.podigee-cdn.net\/1692536-m-07f8911bfd93d07f31803c7f8ed05684.mp3?source=feed\"><span class=\"fusion-button-text awb-button__text awb-button__text--default\">Vertiefende Infos gibts in dieser Podcastfolge<\/span><\/a><\/div>\n<\/div>\n<\/div>\n<\/div>\n<\/div>\n<\/div>\n<\/div>\n<\/div>\n<\/div>\n<\/div>\n<\/div>\n<\/div>\n<\/div>\n","protected":false},"excerpt":{"rendered":"<p>The call for more cohesion in society is becoming increasingly clear. For example, 89 out of 100 respondents believe that there is less and less room for selfishness in our society and that greater cohesion is needed. Compared to 2016, when 86 per cent were already of this opinion, the desire for solidarity has intensified further. Agreement is particularly high among the over 65s: In this age group, 95 out of 100 respondents agreed with the statement.<\/p>","protected":false},"author":36,"featured_media":5211,"comment_status":"closed","ping_status":"open","sticky":false,"template":"","format":"standard","meta":{"_acf_changed":false,"footnotes":""},"categories":[53],"tags":[67,87,108,105,107,100,80,106],"class_list":["post-5210","post","type-post","status-publish","format-standard","has-post-thumbnail","hentry","category-chart-der-woche","tag-zukunftserwartungen","tag-familie","tag-gesellschaft","tag-vergangenheit","tag-vertrauen","tag-werte","tag-zukunft","tag-zukunftsplaene"],"acf":{"ausgabe_nummer":"Chart der Woche, 2024-KW50","pdf-download_dateiname":"www.stiftungfuerzukunftsfragen.de_kein-platz-fuer-egoismus-warum-unsere-gesellschaft-mehr-zusammenhalt-braucht-2.pdf"},"yoast_head":"<!-- This site is optimized with the Yoast SEO plugin v27.1.1 - https:\/\/yoast.com\/product\/yoast-seo-wordpress\/ -->\n<title>Kein Platz f\u00fcr Egoismus: Warum unsere Gesellschaft mehr Zusammenhalt braucht<\/title>\n<meta name=\"description\" content=\"Der Ruf nach mehr Zusammenhalt in der Gesellschaft wird immer deutlicher vernehmbar. Die Bev\u00f6lkerung sieht ein Ende des Egoismus.\" \/>\n<meta name=\"robots\" content=\"index, follow, max-snippet:-1, max-image-preview:large, max-video-preview:-1\" \/>\n<link rel=\"canonical\" href=\"https:\/\/www.stiftungfuerzukunftsfragen.de\/en\/no-room-for-egoism-why-our-society-needs-more-cohesion-2\/\" \/>\n<meta property=\"og:locale\" content=\"en_GB\" \/>\n<meta property=\"og:type\" content=\"article\" \/>\n<meta property=\"og:title\" content=\"Kein Platz f\u00fcr Egoismus: Warum unsere Gesellschaft mehr Zusammenhalt braucht\" \/>\n<meta property=\"og:description\" content=\"Der Ruf nach mehr Zusammenhalt in der Gesellschaft wird immer deutlicher vernehmbar. Die Bev\u00f6lkerung sieht ein Ende des Egoismus.\" \/>\n<meta property=\"og:url\" content=\"https:\/\/www.stiftungfuerzukunftsfragen.de\/en\/no-room-for-egoism-why-our-society-needs-more-cohesion-2\/\" \/>\n<meta property=\"og:site_name\" content=\"Stiftung f\u00fcr Zukunftsfragen\" \/>\n<meta property=\"article:publisher\" content=\"https:\/\/www.facebook.com\/pages\/Stiftung-fr-Zukunftsfragen\/207485789294838\" \/>\n<meta property=\"article:published_time\" content=\"2024-12-12T05:00:09+00:00\" \/>\n<meta property=\"article:modified_time\" content=\"2025-10-31T07:04:43+00:00\" \/>\n<meta property=\"og:image\" content=\"https:\/\/www.stiftungfuerzukunftsfragen.de\/wp-content\/uploads\/pexels-pixabay-461049.jpg\" \/>\n\t<meta property=\"og:image:width\" content=\"1920\" \/>\n\t<meta property=\"og:image:height\" content=\"1555\" \/>\n\t<meta property=\"og:image:type\" content=\"image\/jpeg\" \/>\n<meta name=\"author\" content=\"guels\" \/>\n<meta name=\"twitter:card\" content=\"summary_large_image\" \/>\n<meta name=\"twitter:label1\" content=\"Written by\" \/>\n\t<meta name=\"twitter:data1\" content=\"guels\" \/>\n\t<meta name=\"twitter:label2\" content=\"Estimated reading time\" \/>\n\t<meta name=\"twitter:data2\" content=\"3 minutes\" \/>\n<script type=\"application\/ld+json\" class=\"yoast-schema-graph\">{\"@context\":\"https:\/\/schema.org\",\"@graph\":[{\"@type\":\"Article\",\"@id\":\"https:\/\/www.stiftungfuerzukunftsfragen.de\/kein-platz-fuer-egoismus-warum-unsere-gesellschaft-mehr-zusammenhalt-braucht-2\/#article\",\"isPartOf\":{\"@id\":\"https:\/\/www.stiftungfuerzukunftsfragen.de\/kein-platz-fuer-egoismus-warum-unsere-gesellschaft-mehr-zusammenhalt-braucht-2\/\"},\"author\":{\"name\":\"guels\",\"@id\":\"https:\/\/www.stiftungfuerzukunftsfragen.de\/#\/schema\/person\/ab1d46d162c905f85dba6504c00294c4\"},\"headline\":\"Kein Platz f\u00fcr Egoismus: Warum unsere Gesellschaft mehr Zusammenhalt braucht\",\"datePublished\":\"2024-12-12T05:00:09+00:00\",\"dateModified\":\"2025-10-31T07:04:43+00:00\",\"mainEntityOfPage\":{\"@id\":\"https:\/\/www.stiftungfuerzukunftsfragen.de\/kein-platz-fuer-egoismus-warum-unsere-gesellschaft-mehr-zusammenhalt-braucht-2\/\"},\"wordCount\":517,\"publisher\":{\"@id\":\"https:\/\/www.stiftungfuerzukunftsfragen.de\/#organization\"},\"image\":{\"@id\":\"https:\/\/www.stiftungfuerzukunftsfragen.de\/kein-platz-fuer-egoismus-warum-unsere-gesellschaft-mehr-zusammenhalt-braucht-2\/#primaryimage\"},\"thumbnailUrl\":\"https:\/\/www.stiftungfuerzukunftsfragen.de\/wp-content\/uploads\/pexels-pixabay-461049.jpg\",\"keywords\":[\"Zukunftserwartungen\",\"Familie\",\"Gesellschaft\",\"Vergangenheit\",\"Vertrauen\",\"Werte\",\"Zukunft\",\"Zukunftspl\u00e4ne\"],\"articleSection\":[\"Chart der Woche\"],\"inLanguage\":\"en-GB\"},{\"@type\":\"WebPage\",\"@id\":\"https:\/\/www.stiftungfuerzukunftsfragen.de\/kein-platz-fuer-egoismus-warum-unsere-gesellschaft-mehr-zusammenhalt-braucht-2\/\",\"url\":\"https:\/\/www.stiftungfuerzukunftsfragen.de\/kein-platz-fuer-egoismus-warum-unsere-gesellschaft-mehr-zusammenhalt-braucht-2\/\",\"name\":\"Kein Platz f\u00fcr Egoismus: Warum unsere Gesellschaft mehr Zusammenhalt braucht\",\"isPartOf\":{\"@id\":\"https:\/\/www.stiftungfuerzukunftsfragen.de\/#website\"},\"primaryImageOfPage\":{\"@id\":\"https:\/\/www.stiftungfuerzukunftsfragen.de\/kein-platz-fuer-egoismus-warum-unsere-gesellschaft-mehr-zusammenhalt-braucht-2\/#primaryimage\"},\"image\":{\"@id\":\"https:\/\/www.stiftungfuerzukunftsfragen.de\/kein-platz-fuer-egoismus-warum-unsere-gesellschaft-mehr-zusammenhalt-braucht-2\/#primaryimage\"},\"thumbnailUrl\":\"https:\/\/www.stiftungfuerzukunftsfragen.de\/wp-content\/uploads\/pexels-pixabay-461049.jpg\",\"datePublished\":\"2024-12-12T05:00:09+00:00\",\"dateModified\":\"2025-10-31T07:04:43+00:00\",\"description\":\"Der Ruf nach mehr Zusammenhalt in der Gesellschaft wird immer deutlicher vernehmbar. Die Bev\u00f6lkerung sieht ein Ende des Egoismus.\",\"breadcrumb\":{\"@id\":\"https:\/\/www.stiftungfuerzukunftsfragen.de\/kein-platz-fuer-egoismus-warum-unsere-gesellschaft-mehr-zusammenhalt-braucht-2\/#breadcrumb\"},\"inLanguage\":\"en-GB\",\"potentialAction\":[{\"@type\":\"ReadAction\",\"target\":[\"https:\/\/www.stiftungfuerzukunftsfragen.de\/kein-platz-fuer-egoismus-warum-unsere-gesellschaft-mehr-zusammenhalt-braucht-2\/\"]}]},{\"@type\":\"ImageObject\",\"inLanguage\":\"en-GB\",\"@id\":\"https:\/\/www.stiftungfuerzukunftsfragen.de\/kein-platz-fuer-egoismus-warum-unsere-gesellschaft-mehr-zusammenhalt-braucht-2\/#primaryimage\",\"url\":\"https:\/\/www.stiftungfuerzukunftsfragen.de\/wp-content\/uploads\/pexels-pixabay-461049.jpg\",\"contentUrl\":\"https:\/\/www.stiftungfuerzukunftsfragen.de\/wp-content\/uploads\/pexels-pixabay-461049.jpg\",\"width\":1920,\"height\":1555},{\"@type\":\"BreadcrumbList\",\"@id\":\"https:\/\/www.stiftungfuerzukunftsfragen.de\/kein-platz-fuer-egoismus-warum-unsere-gesellschaft-mehr-zusammenhalt-braucht-2\/#breadcrumb\",\"itemListElement\":[{\"@type\":\"ListItem\",\"position\":1,\"name\":\"Startseite\",\"item\":\"https:\/\/www.stiftungfuerzukunftsfragen.de\/\"},{\"@type\":\"ListItem\",\"position\":2,\"name\":\"Kein Platz f\u00fcr Egoismus: Warum unsere Gesellschaft mehr Zusammenhalt braucht\"}]},{\"@type\":\"WebSite\",\"@id\":\"https:\/\/www.stiftungfuerzukunftsfragen.de\/#website\",\"url\":\"https:\/\/www.stiftungfuerzukunftsfragen.de\/\",\"name\":\"Stiftung f\u00fcr Zukunftsfragen\",\"description\":\"Eine Initiative von BAT\",\"publisher\":{\"@id\":\"https:\/\/www.stiftungfuerzukunftsfragen.de\/#organization\"},\"potentialAction\":[{\"@type\":\"SearchAction\",\"target\":{\"@type\":\"EntryPoint\",\"urlTemplate\":\"https:\/\/www.stiftungfuerzukunftsfragen.de\/?s={search_term_string}\"},\"query-input\":{\"@type\":\"PropertyValueSpecification\",\"valueRequired\":true,\"valueName\":\"search_term_string\"}}],\"inLanguage\":\"en-GB\"},{\"@type\":\"Organization\",\"@id\":\"https:\/\/www.stiftungfuerzukunftsfragen.de\/#organization\",\"name\":\"Stiftung f\u00fcr Zukunftsfragen\",\"url\":\"https:\/\/www.stiftungfuerzukunftsfragen.de\/\",\"logo\":{\"@type\":\"ImageObject\",\"inLanguage\":\"en-GB\",\"@id\":\"https:\/\/www.stiftungfuerzukunftsfragen.de\/#\/schema\/logo\/image\/\",\"url\":\"https:\/\/www.stiftungfuerzukunftsfragen.de\/wp-content\/uploads\/Stiftung-fuer-Zukunftsfragen-Logo-e1662668075158.png\",\"contentUrl\":\"https:\/\/www.stiftungfuerzukunftsfragen.de\/wp-content\/uploads\/Stiftung-fuer-Zukunftsfragen-Logo-e1662668075158.png\",\"width\":609,\"height\":144,\"caption\":\"Stiftung f\u00fcr Zukunftsfragen\"},\"image\":{\"@id\":\"https:\/\/www.stiftungfuerzukunftsfragen.de\/#\/schema\/logo\/image\/\"},\"sameAs\":[\"https:\/\/www.facebook.com\/pages\/Stiftung-fr-Zukunftsfragen\/207485789294838\"]},{\"@type\":\"Person\",\"@id\":\"https:\/\/www.stiftungfuerzukunftsfragen.de\/#\/schema\/person\/ab1d46d162c905f85dba6504c00294c4\",\"name\":\"guels\"}]}<\/script>\n<!-- \/ Yoast SEO plugin. -->","yoast_head_json":{"title":"No room for selfishness: Why our society needs more cohesion","description":"The call for more cohesion in society is becoming increasingly audible. The population sees an end to selfishness.","robots":{"index":"index","follow":"follow","max-snippet":"max-snippet:-1","max-image-preview":"max-image-preview:large","max-video-preview":"max-video-preview:-1"},"canonical":"https:\/\/www.stiftungfuerzukunftsfragen.de\/en\/no-room-for-egoism-why-our-society-needs-more-cohesion-2\/","og_locale":"en_GB","og_type":"article","og_title":"Kein Platz f\u00fcr Egoismus: Warum unsere Gesellschaft mehr Zusammenhalt braucht","og_description":"Der Ruf nach mehr Zusammenhalt in der Gesellschaft wird immer deutlicher vernehmbar. Die Bev\u00f6lkerung sieht ein Ende des Egoismus.","og_url":"https:\/\/www.stiftungfuerzukunftsfragen.de\/en\/no-room-for-egoism-why-our-society-needs-more-cohesion-2\/","og_site_name":"Stiftung f\u00fcr Zukunftsfragen","article_publisher":"https:\/\/www.facebook.com\/pages\/Stiftung-fr-Zukunftsfragen\/207485789294838","article_published_time":"2024-12-12T05:00:09+00:00","article_modified_time":"2025-10-31T07:04:43+00:00","og_image":[{"width":1920,"height":1555,"url":"https:\/\/www.stiftungfuerzukunftsfragen.de\/wp-content\/uploads\/pexels-pixabay-461049.jpg","type":"image\/jpeg"}],"author":"guels","twitter_card":"summary_large_image","twitter_misc":{"Written by":"guels","Estimated reading time":"3 minutes"},"schema":{"@context":"https:\/\/schema.org","@graph":[{"@type":"Article","@id":"https:\/\/www.stiftungfuerzukunftsfragen.de\/kein-platz-fuer-egoismus-warum-unsere-gesellschaft-mehr-zusammenhalt-braucht-2\/#article","isPartOf":{"@id":"https:\/\/www.stiftungfuerzukunftsfragen.de\/kein-platz-fuer-egoismus-warum-unsere-gesellschaft-mehr-zusammenhalt-braucht-2\/"},"author":{"name":"guels","@id":"https:\/\/www.stiftungfuerzukunftsfragen.de\/#\/schema\/person\/ab1d46d162c905f85dba6504c00294c4"},"headline":"Kein Platz f\u00fcr Egoismus: Warum unsere Gesellschaft mehr Zusammenhalt braucht","datePublished":"2024-12-12T05:00:09+00:00","dateModified":"2025-10-31T07:04:43+00:00","mainEntityOfPage":{"@id":"https:\/\/www.stiftungfuerzukunftsfragen.de\/kein-platz-fuer-egoismus-warum-unsere-gesellschaft-mehr-zusammenhalt-braucht-2\/"},"wordCount":517,"publisher":{"@id":"https:\/\/www.stiftungfuerzukunftsfragen.de\/#organization"},"image":{"@id":"https:\/\/www.stiftungfuerzukunftsfragen.de\/kein-platz-fuer-egoismus-warum-unsere-gesellschaft-mehr-zusammenhalt-braucht-2\/#primaryimage"},"thumbnailUrl":"https:\/\/www.stiftungfuerzukunftsfragen.de\/wp-content\/uploads\/pexels-pixabay-461049.jpg","keywords":["Zukunftserwartungen","Familie","Gesellschaft","Vergangenheit","Vertrauen","Werte","Zukunft","Zukunftspl\u00e4ne"],"articleSection":["Chart der Woche"],"inLanguage":"en-GB"},{"@type":"WebPage","@id":"https:\/\/www.stiftungfuerzukunftsfragen.de\/kein-platz-fuer-egoismus-warum-unsere-gesellschaft-mehr-zusammenhalt-braucht-2\/","url":"https:\/\/www.stiftungfuerzukunftsfragen.de\/kein-platz-fuer-egoismus-warum-unsere-gesellschaft-mehr-zusammenhalt-braucht-2\/","name":"No room for selfishness: Why our society needs more cohesion","isPartOf":{"@id":"https:\/\/www.stiftungfuerzukunftsfragen.de\/#website"},"primaryImageOfPage":{"@id":"https:\/\/www.stiftungfuerzukunftsfragen.de\/kein-platz-fuer-egoismus-warum-unsere-gesellschaft-mehr-zusammenhalt-braucht-2\/#primaryimage"},"image":{"@id":"https:\/\/www.stiftungfuerzukunftsfragen.de\/kein-platz-fuer-egoismus-warum-unsere-gesellschaft-mehr-zusammenhalt-braucht-2\/#primaryimage"},"thumbnailUrl":"https:\/\/www.stiftungfuerzukunftsfragen.de\/wp-content\/uploads\/pexels-pixabay-461049.jpg","datePublished":"2024-12-12T05:00:09+00:00","dateModified":"2025-10-31T07:04:43+00:00","description":"The call for more cohesion in society is becoming increasingly audible. The population sees an end to selfishness.","breadcrumb":{"@id":"https:\/\/www.stiftungfuerzukunftsfragen.de\/kein-platz-fuer-egoismus-warum-unsere-gesellschaft-mehr-zusammenhalt-braucht-2\/#breadcrumb"},"inLanguage":"en-GB","potentialAction":[{"@type":"ReadAction","target":["https:\/\/www.stiftungfuerzukunftsfragen.de\/kein-platz-fuer-egoismus-warum-unsere-gesellschaft-mehr-zusammenhalt-braucht-2\/"]}]},{"@type":"ImageObject","inLanguage":"en-GB","@id":"https:\/\/www.stiftungfuerzukunftsfragen.de\/kein-platz-fuer-egoismus-warum-unsere-gesellschaft-mehr-zusammenhalt-braucht-2\/#primaryimage","url":"https:\/\/www.stiftungfuerzukunftsfragen.de\/wp-content\/uploads\/pexels-pixabay-461049.jpg","contentUrl":"https:\/\/www.stiftungfuerzukunftsfragen.de\/wp-content\/uploads\/pexels-pixabay-461049.jpg","width":1920,"height":1555},{"@type":"BreadcrumbList","@id":"https:\/\/www.stiftungfuerzukunftsfragen.de\/kein-platz-fuer-egoismus-warum-unsere-gesellschaft-mehr-zusammenhalt-braucht-2\/#breadcrumb","itemListElement":[{"@type":"ListItem","position":1,"name":"Startseite","item":"https:\/\/www.stiftungfuerzukunftsfragen.de\/"},{"@type":"ListItem","position":2,"name":"Kein Platz f\u00fcr Egoismus: Warum unsere Gesellschaft mehr Zusammenhalt braucht"}]},{"@type":"WebSite","@id":"https:\/\/www.stiftungfuerzukunftsfragen.de\/#website","url":"https:\/\/www.stiftungfuerzukunftsfragen.de\/","name":"Foundation for Future Issues","description":"An initiative by BAT","publisher":{"@id":"https:\/\/www.stiftungfuerzukunftsfragen.de\/#organization"},"potentialAction":[{"@type":"SearchAction","target":{"@type":"EntryPoint","urlTemplate":"https:\/\/www.stiftungfuerzukunftsfragen.de\/?s={search_term_string}"},"query-input":{"@type":"PropertyValueSpecification","valueRequired":true,"valueName":"search_term_string"}}],"inLanguage":"en-GB"},{"@type":"Organization","@id":"https:\/\/www.stiftungfuerzukunftsfragen.de\/#organization","name":"Foundation for Future Issues","url":"https:\/\/www.stiftungfuerzukunftsfragen.de\/","logo":{"@type":"ImageObject","inLanguage":"en-GB","@id":"https:\/\/www.stiftungfuerzukunftsfragen.de\/#\/schema\/logo\/image\/","url":"https:\/\/www.stiftungfuerzukunftsfragen.de\/wp-content\/uploads\/Stiftung-fuer-Zukunftsfragen-Logo-e1662668075158.png","contentUrl":"https:\/\/www.stiftungfuerzukunftsfragen.de\/wp-content\/uploads\/Stiftung-fuer-Zukunftsfragen-Logo-e1662668075158.png","width":609,"height":144,"caption":"Stiftung f\u00fcr Zukunftsfragen"},"image":{"@id":"https:\/\/www.stiftungfuerzukunftsfragen.de\/#\/schema\/logo\/image\/"},"sameAs":["https:\/\/www.facebook.com\/pages\/Stiftung-fr-Zukunftsfragen\/207485789294838"]},{"@type":"Person","@id":"https:\/\/www.stiftungfuerzukunftsfragen.de\/#\/schema\/person\/ab1d46d162c905f85dba6504c00294c4","name":"guels"}]}},"_links":{"self":[{"href":"https:\/\/www.stiftungfuerzukunftsfragen.de\/en\/wp-json\/wp\/v2\/posts\/5210","targetHints":{"allow":["GET"]}}],"collection":[{"href":"https:\/\/www.stiftungfuerzukunftsfragen.de\/en\/wp-json\/wp\/v2\/posts"}],"about":[{"href":"https:\/\/www.stiftungfuerzukunftsfragen.de\/en\/wp-json\/wp\/v2\/types\/post"}],"author":[{"embeddable":true,"href":"https:\/\/www.stiftungfuerzukunftsfragen.de\/en\/wp-json\/wp\/v2\/users\/36"}],"replies":[{"embeddable":true,"href":"https:\/\/www.stiftungfuerzukunftsfragen.de\/en\/wp-json\/wp\/v2\/comments?post=5210"}],"version-history":[{"count":3,"href":"https:\/\/www.stiftungfuerzukunftsfragen.de\/en\/wp-json\/wp\/v2\/posts\/5210\/revisions"}],"predecessor-version":[{"id":6223,"href":"https:\/\/www.stiftungfuerzukunftsfragen.de\/en\/wp-json\/wp\/v2\/posts\/5210\/revisions\/6223"}],"wp:featuredmedia":[{"embeddable":true,"href":"https:\/\/www.stiftungfuerzukunftsfragen.de\/en\/wp-json\/wp\/v2\/media\/5211"}],"wp:attachment":[{"href":"https:\/\/www.stiftungfuerzukunftsfragen.de\/en\/wp-json\/wp\/v2\/media?parent=5210"}],"wp:term":[{"taxonomy":"category","embeddable":true,"href":"https:\/\/www.stiftungfuerzukunftsfragen.de\/en\/wp-json\/wp\/v2\/categories?post=5210"},{"taxonomy":"post_tag","embeddable":true,"href":"https:\/\/www.stiftungfuerzukunftsfragen.de\/en\/wp-json\/wp\/v2\/tags?post=5210"}],"curies":[{"name":"wp","href":"https:\/\/api.w.org\/{rel}","templated":true}]}}