{"id":5214,"date":"2025-01-02T06:24:53","date_gmt":"2025-01-02T05:24:53","guid":{"rendered":"https:\/\/www.stiftungfuerzukunftsfragen.de\/?p=5214"},"modified":"2025-10-31T08:04:35","modified_gmt":"2025-10-31T07:04:35","slug":"how-citizens-look-ahead-to-2025-with-fear-and-a-little-hope","status":"publish","type":"post","link":"https:\/\/www.stiftungfuerzukunftsfragen.de\/en\/so-blicken-die-buerger-auf-das-jahr-2025-sorgen-angst-und-ein-wenig-hoffnung\/","title":{"rendered":"How citizens are looking ahead to 2025: worries, fear and a little hope"},"content":{"rendered":"<div class=\"infogram-embed\" data-id=\"cdw-jahresausblick-2025-1hnp27en05kly4g\" data-type=\"interactive\"><\/div><script>!function(e,t,s,i){var n=\"InfogramEmbeds\",o=e.getElementsByTagName(\"script\"),d=o[0],r=\/^http:\/.test(e.location)?\"http:\":\"https:\";if(\/^\\\/{2}\/.test(i)&&(i=r+i),window[n]&&window[n].initialized)window[n].process&&window[n].process();else if(!e.getElementById(s)){var a=e.createElement(\"script\");a.async=1,a.id=s,a.src=i,d.parentNode.insertBefore(a,d)}}(document,0,\"infogram-async\",\"\/\/e.infogram.com\/js\/dist\/embed-loader-min.js\");<\/script>\n<div class=\"page\" title=\"Page 31\">\n<div class=\"section\">\n<div class=\"layoutArea\">\n<div class=\"column\">\n<div class=\"page\" title=\"Page 8\">\n<div class=\"section\">\n<div class=\"layoutArea\">\n<div class=\"column\">\n<div class=\"page\" title=\"Page 7\">\n<div class=\"section\">\n<div class=\"layoutArea\">\n<div class=\"column\">\n<h3><\/h3>\n<h3>Ergebnis<\/h3>\n<p>Die Mehrheit der Bundesb\u00fcrger blickt mit Sorge auf die kommenden zw\u00f6lf Monate. 63 Prozent der Bev\u00f6lkerung \u00e4u\u00dfern \u00c4ngste und Unsicherheiten, w\u00e4hrend lediglich 37 Prozent optimistisch in die Zukunft schauen. Dabei zeigen sich Unterschiede zwischen verschiedenen Bev\u00f6lkerungsgruppen: Frauen bewerten die Zukunft pessimistischer als M\u00e4nner (+6 Prozentpunkte). Besonders auff\u00e4llig ist der Unterschied beim Einkommen: Geringverdiener \u00e4u\u00dfern h\u00e4ufiger Sorgen als Besserverdienende (+9 Prozentpunkte). Die Generationen n\u00e4hern sich hingegen an. W\u00e4hrend 57 Prozent der unter 30-J\u00e4hrigen skeptisch in die Zukunft blicken, liegt dieser Anteil bei den \u00fcber 55-J\u00e4hrigen bei 64 Prozent. Diese Angleichung deutet darauf hin, dass sich die Sorgen von Jung und Alt zunehmend \u00e4hneln.<\/p>\n<h3><\/h3>\n<h3>Gr\u00fcnde<\/h3>\n<p>Die Wahrnehmung der Bev\u00f6lkerung spiegelt die vielf\u00e4ltigen Herausforderungen der Gegenwart wider. Geopolitische Spannungen, etwa der Krieg in der Ukraine, und globale Probleme wie der Klimawandel tragen zu einem allgemeinen Gef\u00fchl der Unsicherheit bei. Wirtschaftliche Belastungen \u2013 darunter Inflation, steigende Lebenshaltungskosten und Arbeitsplatzsorgen \u2013 treffen insbesondere einkommensschw\u00e4chere Haushalte, die ohnehin weniger finanzielle Spielr\u00e4ume haben.<\/p>\n<p>Frauen zeigen sich h\u00e4ufig sensibler gegen\u00fcber sozialen und famili\u00e4ren Unsicherheiten. Themen wie Kinderbetreuung, Altersvorsorge oder Gleichstellung beeinflussen ihre Wahrnehmung st\u00e4rker als die vieler M\u00e4nner. J\u00fcngere Generationen blicken hingegen auf eine Zukunft, die von technologischen Umbr\u00fcchen und \u00f6kologischen Herausforderungen gepr\u00e4gt ist. Die Verantwortung, L\u00f6sungen f\u00fcr diese globalen Probleme zu finden, wird als belastend empfunden. \u00c4ltere Menschen hingegen f\u00fchlen sich h\u00e4ufiger durch Unsicherheiten in den Bereichen Rente und Gesundheitssystem belastet.<\/p>\n<h3><\/h3>\n<h3>Prognose<\/h3>\n<p>Die angespannte gesellschaftliche Stimmung d\u00fcrfte anhalten, solange keine deutlichen Fortschritte bei den zentralen Herausforderungen erkennbar sind. Politische Ma\u00dfnahmen, etwa zur Bek\u00e4mpfung von Inflation und sozialer Ungleichheit, k\u00f6nnten jedoch das Vertrauen in eine bessere Zukunft st\u00e4rken. Einkommensschw\u00e4chere Haushalte w\u00fcrden besonders von gezielten Unterst\u00fctzungsprogrammen profitieren, w\u00e4hrend junge Menschen durch Initiativen in Bildung und Innovation entlastet werden k\u00f6nnten.<\/p>\n<p>Langfristig wird es entscheidend sein, wie Politik und Gesellschaft auf Krisen reagieren. Transparente Kommunikation \u00fcber Erfolge in den Bereichen Klimaschutz, Bildung oder soziale Sicherheit k\u00f6nnte positive Signale setzen. Zugleich bietet das wachsende Bewusstsein f\u00fcr gemeinschaftliche L\u00f6sungen eine Chance, \u00c4ngste abzubauen und den Blick auf eine positive Zukunft zu richten. Die Bereitschaft vieler B\u00fcrger, aktiv an Ver\u00e4nderungen mitzuwirken, ist ein ermutigendes Zeichen f\u00fcr die kommenden Jahre.<\/p>\n<\/div>\n<\/div>\n<\/div>\n<\/div>\n<\/div>\n<\/div>\n<\/div>\n<\/div>\n<\/div>\n<\/div>\n<\/div>\n<\/div>\n","protected":false},"excerpt":{"rendered":"<p>The majority of Germans are looking ahead to the next twelve months with concern. 63 percent of the population express fears and uncertainties, while only 37 percent are optimistic about the future. Differences emerge between various population groups: women are more pessimistic about the future than men (+6 percentage points). The difference is particularly striking with regard to income: low-income earners express concerns more frequently than higher-income earners (+9 percentage points).<\/p>","protected":false},"author":36,"featured_media":5215,"comment_status":"closed","ping_status":"open","sticky":false,"template":"","format":"standard","meta":{"_acf_changed":false,"footnotes":""},"categories":[53],"tags":[67,87,108,105,107,100,80,106],"class_list":["post-5214","post","type-post","status-publish","format-standard","has-post-thumbnail","hentry","category-chart-der-woche","tag-zukunftserwartungen","tag-familie","tag-gesellschaft","tag-vergangenheit","tag-vertrauen","tag-werte","tag-zukunft","tag-zukunftsplaene"],"acf":{"ausgabe_nummer":"Chart der Woche, 2025-KW1","pdf-download_dateiname":"www.stiftungfuerzukunftsfragen.de_so-blicken-die-buerger-auf-das-jahr-2025-sorgen-angst-und-ein-wenig-hoffnung.pdf"},"yoast_head":"<!-- This site is optimized with the Yoast SEO plugin v27.1.1 - https:\/\/yoast.com\/product\/yoast-seo-wordpress\/ -->\n<title>So blicken die B\u00fcrger auf das Jahr 2025: Sorgen, Angst und ein wenig Hoffnung<\/title>\n<meta name=\"description\" content=\"Die Mehrheit der Bundesb\u00fcrger blickt mit Sorge auf die kommenden zw\u00f6lf Monate. 63 Prozent der Bev\u00f6lkerung \u00e4u\u00dfern \u00c4ngste und Unsicherheiten.\" \/>\n<meta name=\"robots\" content=\"index, follow, max-snippet:-1, max-image-preview:large, max-video-preview:-1\" \/>\n<link rel=\"canonical\" href=\"https:\/\/www.stiftungfuerzukunftsfragen.de\/en\/how-citizens-look-ahead-to-2025-with-fear-and-a-little-hope\/\" \/>\n<meta property=\"og:locale\" content=\"en_GB\" \/>\n<meta property=\"og:type\" content=\"article\" \/>\n<meta property=\"og:title\" content=\"So blicken die B\u00fcrger auf das Jahr 2025: Sorgen, Angst und ein wenig Hoffnung\" \/>\n<meta property=\"og:description\" content=\"Die Mehrheit der Bundesb\u00fcrger blickt mit Sorge auf die kommenden zw\u00f6lf Monate. 63 Prozent der Bev\u00f6lkerung \u00e4u\u00dfern \u00c4ngste und Unsicherheiten.\" \/>\n<meta property=\"og:url\" content=\"https:\/\/www.stiftungfuerzukunftsfragen.de\/en\/how-citizens-look-ahead-to-2025-with-fear-and-a-little-hope\/\" \/>\n<meta property=\"og:site_name\" content=\"Stiftung f\u00fcr Zukunftsfragen\" \/>\n<meta property=\"article:publisher\" content=\"https:\/\/www.facebook.com\/pages\/Stiftung-fr-Zukunftsfragen\/207485789294838\" \/>\n<meta property=\"article:published_time\" content=\"2025-01-02T05:24:53+00:00\" \/>\n<meta property=\"article:modified_time\" content=\"2025-10-31T07:04:35+00:00\" \/>\n<meta property=\"og:image\" content=\"https:\/\/www.stiftungfuerzukunftsfragen.de\/wp-content\/uploads\/pexels-bertellifotografia-29509451.jpg\" \/>\n\t<meta property=\"og:image:width\" content=\"1920\" \/>\n\t<meta property=\"og:image:height\" content=\"1280\" \/>\n\t<meta property=\"og:image:type\" content=\"image\/jpeg\" \/>\n<meta name=\"author\" content=\"guels\" \/>\n<meta name=\"twitter:card\" content=\"summary_large_image\" \/>\n<meta name=\"twitter:label1\" content=\"Written by\" \/>\n\t<meta name=\"twitter:data1\" content=\"guels\" \/>\n\t<meta name=\"twitter:label2\" content=\"Estimated reading time\" \/>\n\t<meta name=\"twitter:data2\" content=\"3 minutes\" \/>\n<script type=\"application\/ld+json\" class=\"yoast-schema-graph\">{\"@context\":\"https:\/\/schema.org\",\"@graph\":[{\"@type\":\"Article\",\"@id\":\"https:\/\/www.stiftungfuerzukunftsfragen.de\/so-blicken-die-buerger-auf-das-jahr-2025-sorgen-angst-und-ein-wenig-hoffnung\/#article\",\"isPartOf\":{\"@id\":\"https:\/\/www.stiftungfuerzukunftsfragen.de\/so-blicken-die-buerger-auf-das-jahr-2025-sorgen-angst-und-ein-wenig-hoffnung\/\"},\"author\":{\"name\":\"guels\",\"@id\":\"https:\/\/www.stiftungfuerzukunftsfragen.de\/#\/schema\/person\/ab1d46d162c905f85dba6504c00294c4\"},\"headline\":\"So blicken die B\u00fcrger auf das Jahr 2025: Sorgen, Angst und ein wenig Hoffnung\",\"datePublished\":\"2025-01-02T05:24:53+00:00\",\"dateModified\":\"2025-10-31T07:04:35+00:00\",\"mainEntityOfPage\":{\"@id\":\"https:\/\/www.stiftungfuerzukunftsfragen.de\/so-blicken-die-buerger-auf-das-jahr-2025-sorgen-angst-und-ein-wenig-hoffnung\/\"},\"wordCount\":410,\"publisher\":{\"@id\":\"https:\/\/www.stiftungfuerzukunftsfragen.de\/#organization\"},\"image\":{\"@id\":\"https:\/\/www.stiftungfuerzukunftsfragen.de\/so-blicken-die-buerger-auf-das-jahr-2025-sorgen-angst-und-ein-wenig-hoffnung\/#primaryimage\"},\"thumbnailUrl\":\"https:\/\/www.stiftungfuerzukunftsfragen.de\/wp-content\/uploads\/pexels-bertellifotografia-29509451.jpg\",\"keywords\":[\"Zukunftserwartungen\",\"Familie\",\"Gesellschaft\",\"Vergangenheit\",\"Vertrauen\",\"Werte\",\"Zukunft\",\"Zukunftspl\u00e4ne\"],\"articleSection\":[\"Chart der Woche\"],\"inLanguage\":\"en-GB\"},{\"@type\":\"WebPage\",\"@id\":\"https:\/\/www.stiftungfuerzukunftsfragen.de\/so-blicken-die-buerger-auf-das-jahr-2025-sorgen-angst-und-ein-wenig-hoffnung\/\",\"url\":\"https:\/\/www.stiftungfuerzukunftsfragen.de\/so-blicken-die-buerger-auf-das-jahr-2025-sorgen-angst-und-ein-wenig-hoffnung\/\",\"name\":\"So blicken die B\u00fcrger auf das Jahr 2025: Sorgen, Angst und ein wenig Hoffnung\",\"isPartOf\":{\"@id\":\"https:\/\/www.stiftungfuerzukunftsfragen.de\/#website\"},\"primaryImageOfPage\":{\"@id\":\"https:\/\/www.stiftungfuerzukunftsfragen.de\/so-blicken-die-buerger-auf-das-jahr-2025-sorgen-angst-und-ein-wenig-hoffnung\/#primaryimage\"},\"image\":{\"@id\":\"https:\/\/www.stiftungfuerzukunftsfragen.de\/so-blicken-die-buerger-auf-das-jahr-2025-sorgen-angst-und-ein-wenig-hoffnung\/#primaryimage\"},\"thumbnailUrl\":\"https:\/\/www.stiftungfuerzukunftsfragen.de\/wp-content\/uploads\/pexels-bertellifotografia-29509451.jpg\",\"datePublished\":\"2025-01-02T05:24:53+00:00\",\"dateModified\":\"2025-10-31T07:04:35+00:00\",\"description\":\"Die Mehrheit der Bundesb\u00fcrger blickt mit Sorge auf die kommenden zw\u00f6lf Monate. 63 Prozent der Bev\u00f6lkerung \u00e4u\u00dfern \u00c4ngste und Unsicherheiten.\",\"breadcrumb\":{\"@id\":\"https:\/\/www.stiftungfuerzukunftsfragen.de\/so-blicken-die-buerger-auf-das-jahr-2025-sorgen-angst-und-ein-wenig-hoffnung\/#breadcrumb\"},\"inLanguage\":\"en-GB\",\"potentialAction\":[{\"@type\":\"ReadAction\",\"target\":[\"https:\/\/www.stiftungfuerzukunftsfragen.de\/so-blicken-die-buerger-auf-das-jahr-2025-sorgen-angst-und-ein-wenig-hoffnung\/\"]}]},{\"@type\":\"ImageObject\",\"inLanguage\":\"en-GB\",\"@id\":\"https:\/\/www.stiftungfuerzukunftsfragen.de\/so-blicken-die-buerger-auf-das-jahr-2025-sorgen-angst-und-ein-wenig-hoffnung\/#primaryimage\",\"url\":\"https:\/\/www.stiftungfuerzukunftsfragen.de\/wp-content\/uploads\/pexels-bertellifotografia-29509451.jpg\",\"contentUrl\":\"https:\/\/www.stiftungfuerzukunftsfragen.de\/wp-content\/uploads\/pexels-bertellifotografia-29509451.jpg\",\"width\":1920,\"height\":1280},{\"@type\":\"BreadcrumbList\",\"@id\":\"https:\/\/www.stiftungfuerzukunftsfragen.de\/so-blicken-die-buerger-auf-das-jahr-2025-sorgen-angst-und-ein-wenig-hoffnung\/#breadcrumb\",\"itemListElement\":[{\"@type\":\"ListItem\",\"position\":1,\"name\":\"Startseite\",\"item\":\"https:\/\/www.stiftungfuerzukunftsfragen.de\/\"},{\"@type\":\"ListItem\",\"position\":2,\"name\":\"So blicken die B\u00fcrger auf das Jahr 2025: Sorgen, Angst und ein wenig Hoffnung\"}]},{\"@type\":\"WebSite\",\"@id\":\"https:\/\/www.stiftungfuerzukunftsfragen.de\/#website\",\"url\":\"https:\/\/www.stiftungfuerzukunftsfragen.de\/\",\"name\":\"Stiftung f\u00fcr Zukunftsfragen\",\"description\":\"Eine Initiative von BAT\",\"publisher\":{\"@id\":\"https:\/\/www.stiftungfuerzukunftsfragen.de\/#organization\"},\"potentialAction\":[{\"@type\":\"SearchAction\",\"target\":{\"@type\":\"EntryPoint\",\"urlTemplate\":\"https:\/\/www.stiftungfuerzukunftsfragen.de\/?s={search_term_string}\"},\"query-input\":{\"@type\":\"PropertyValueSpecification\",\"valueRequired\":true,\"valueName\":\"search_term_string\"}}],\"inLanguage\":\"en-GB\"},{\"@type\":\"Organization\",\"@id\":\"https:\/\/www.stiftungfuerzukunftsfragen.de\/#organization\",\"name\":\"Stiftung f\u00fcr Zukunftsfragen\",\"url\":\"https:\/\/www.stiftungfuerzukunftsfragen.de\/\",\"logo\":{\"@type\":\"ImageObject\",\"inLanguage\":\"en-GB\",\"@id\":\"https:\/\/www.stiftungfuerzukunftsfragen.de\/#\/schema\/logo\/image\/\",\"url\":\"https:\/\/www.stiftungfuerzukunftsfragen.de\/wp-content\/uploads\/Stiftung-fuer-Zukunftsfragen-Logo-e1662668075158.png\",\"contentUrl\":\"https:\/\/www.stiftungfuerzukunftsfragen.de\/wp-content\/uploads\/Stiftung-fuer-Zukunftsfragen-Logo-e1662668075158.png\",\"width\":609,\"height\":144,\"caption\":\"Stiftung f\u00fcr Zukunftsfragen\"},\"image\":{\"@id\":\"https:\/\/www.stiftungfuerzukunftsfragen.de\/#\/schema\/logo\/image\/\"},\"sameAs\":[\"https:\/\/www.facebook.com\/pages\/Stiftung-fr-Zukunftsfragen\/207485789294838\"]},{\"@type\":\"Person\",\"@id\":\"https:\/\/www.stiftungfuerzukunftsfragen.de\/#\/schema\/person\/ab1d46d162c905f85dba6504c00294c4\",\"name\":\"guels\"}]}<\/script>\n<!-- \/ Yoast SEO plugin. -->","yoast_head_json":{"title":"How citizens are looking ahead to 2025: worries, fear and a little hope","description":"The majority of Germans are worried about the coming twelve months. 63 per cent of the population express fears and uncertainties.","robots":{"index":"index","follow":"follow","max-snippet":"max-snippet:-1","max-image-preview":"max-image-preview:large","max-video-preview":"max-video-preview:-1"},"canonical":"https:\/\/www.stiftungfuerzukunftsfragen.de\/en\/how-citizens-look-ahead-to-2025-with-fear-and-a-little-hope\/","og_locale":"en_GB","og_type":"article","og_title":"So blicken die B\u00fcrger auf das Jahr 2025: Sorgen, Angst und ein wenig Hoffnung","og_description":"Die Mehrheit der Bundesb\u00fcrger blickt mit Sorge auf die kommenden zw\u00f6lf Monate. 63 Prozent der Bev\u00f6lkerung \u00e4u\u00dfern \u00c4ngste und Unsicherheiten.","og_url":"https:\/\/www.stiftungfuerzukunftsfragen.de\/en\/how-citizens-look-ahead-to-2025-with-fear-and-a-little-hope\/","og_site_name":"Stiftung f\u00fcr Zukunftsfragen","article_publisher":"https:\/\/www.facebook.com\/pages\/Stiftung-fr-Zukunftsfragen\/207485789294838","article_published_time":"2025-01-02T05:24:53+00:00","article_modified_time":"2025-10-31T07:04:35+00:00","og_image":[{"width":1920,"height":1280,"url":"https:\/\/www.stiftungfuerzukunftsfragen.de\/wp-content\/uploads\/pexels-bertellifotografia-29509451.jpg","type":"image\/jpeg"}],"author":"guels","twitter_card":"summary_large_image","twitter_misc":{"Written by":"guels","Estimated reading time":"3 minutes"},"schema":{"@context":"https:\/\/schema.org","@graph":[{"@type":"Article","@id":"https:\/\/www.stiftungfuerzukunftsfragen.de\/so-blicken-die-buerger-auf-das-jahr-2025-sorgen-angst-und-ein-wenig-hoffnung\/#article","isPartOf":{"@id":"https:\/\/www.stiftungfuerzukunftsfragen.de\/so-blicken-die-buerger-auf-das-jahr-2025-sorgen-angst-und-ein-wenig-hoffnung\/"},"author":{"name":"guels","@id":"https:\/\/www.stiftungfuerzukunftsfragen.de\/#\/schema\/person\/ab1d46d162c905f85dba6504c00294c4"},"headline":"So blicken die B\u00fcrger auf das Jahr 2025: Sorgen, Angst und ein wenig Hoffnung","datePublished":"2025-01-02T05:24:53+00:00","dateModified":"2025-10-31T07:04:35+00:00","mainEntityOfPage":{"@id":"https:\/\/www.stiftungfuerzukunftsfragen.de\/so-blicken-die-buerger-auf-das-jahr-2025-sorgen-angst-und-ein-wenig-hoffnung\/"},"wordCount":410,"publisher":{"@id":"https:\/\/www.stiftungfuerzukunftsfragen.de\/#organization"},"image":{"@id":"https:\/\/www.stiftungfuerzukunftsfragen.de\/so-blicken-die-buerger-auf-das-jahr-2025-sorgen-angst-und-ein-wenig-hoffnung\/#primaryimage"},"thumbnailUrl":"https:\/\/www.stiftungfuerzukunftsfragen.de\/wp-content\/uploads\/pexels-bertellifotografia-29509451.jpg","keywords":["Zukunftserwartungen","Familie","Gesellschaft","Vergangenheit","Vertrauen","Werte","Zukunft","Zukunftspl\u00e4ne"],"articleSection":["Chart der Woche"],"inLanguage":"en-GB"},{"@type":"WebPage","@id":"https:\/\/www.stiftungfuerzukunftsfragen.de\/so-blicken-die-buerger-auf-das-jahr-2025-sorgen-angst-und-ein-wenig-hoffnung\/","url":"https:\/\/www.stiftungfuerzukunftsfragen.de\/so-blicken-die-buerger-auf-das-jahr-2025-sorgen-angst-und-ein-wenig-hoffnung\/","name":"How citizens are looking ahead to 2025: worries, fear and a little hope","isPartOf":{"@id":"https:\/\/www.stiftungfuerzukunftsfragen.de\/#website"},"primaryImageOfPage":{"@id":"https:\/\/www.stiftungfuerzukunftsfragen.de\/so-blicken-die-buerger-auf-das-jahr-2025-sorgen-angst-und-ein-wenig-hoffnung\/#primaryimage"},"image":{"@id":"https:\/\/www.stiftungfuerzukunftsfragen.de\/so-blicken-die-buerger-auf-das-jahr-2025-sorgen-angst-und-ein-wenig-hoffnung\/#primaryimage"},"thumbnailUrl":"https:\/\/www.stiftungfuerzukunftsfragen.de\/wp-content\/uploads\/pexels-bertellifotografia-29509451.jpg","datePublished":"2025-01-02T05:24:53+00:00","dateModified":"2025-10-31T07:04:35+00:00","description":"The majority of Germans are worried about the coming twelve months. 63 per cent of the population express fears and uncertainties.","breadcrumb":{"@id":"https:\/\/www.stiftungfuerzukunftsfragen.de\/so-blicken-die-buerger-auf-das-jahr-2025-sorgen-angst-und-ein-wenig-hoffnung\/#breadcrumb"},"inLanguage":"en-GB","potentialAction":[{"@type":"ReadAction","target":["https:\/\/www.stiftungfuerzukunftsfragen.de\/so-blicken-die-buerger-auf-das-jahr-2025-sorgen-angst-und-ein-wenig-hoffnung\/"]}]},{"@type":"ImageObject","inLanguage":"en-GB","@id":"https:\/\/www.stiftungfuerzukunftsfragen.de\/so-blicken-die-buerger-auf-das-jahr-2025-sorgen-angst-und-ein-wenig-hoffnung\/#primaryimage","url":"https:\/\/www.stiftungfuerzukunftsfragen.de\/wp-content\/uploads\/pexels-bertellifotografia-29509451.jpg","contentUrl":"https:\/\/www.stiftungfuerzukunftsfragen.de\/wp-content\/uploads\/pexels-bertellifotografia-29509451.jpg","width":1920,"height":1280},{"@type":"BreadcrumbList","@id":"https:\/\/www.stiftungfuerzukunftsfragen.de\/so-blicken-die-buerger-auf-das-jahr-2025-sorgen-angst-und-ein-wenig-hoffnung\/#breadcrumb","itemListElement":[{"@type":"ListItem","position":1,"name":"Startseite","item":"https:\/\/www.stiftungfuerzukunftsfragen.de\/"},{"@type":"ListItem","position":2,"name":"So blicken die B\u00fcrger auf das Jahr 2025: Sorgen, Angst und ein wenig Hoffnung"}]},{"@type":"WebSite","@id":"https:\/\/www.stiftungfuerzukunftsfragen.de\/#website","url":"https:\/\/www.stiftungfuerzukunftsfragen.de\/","name":"Foundation for Future Issues","description":"An initiative by BAT","publisher":{"@id":"https:\/\/www.stiftungfuerzukunftsfragen.de\/#organization"},"potentialAction":[{"@type":"SearchAction","target":{"@type":"EntryPoint","urlTemplate":"https:\/\/www.stiftungfuerzukunftsfragen.de\/?s={search_term_string}"},"query-input":{"@type":"PropertyValueSpecification","valueRequired":true,"valueName":"search_term_string"}}],"inLanguage":"en-GB"},{"@type":"Organization","@id":"https:\/\/www.stiftungfuerzukunftsfragen.de\/#organization","name":"Foundation for Future Issues","url":"https:\/\/www.stiftungfuerzukunftsfragen.de\/","logo":{"@type":"ImageObject","inLanguage":"en-GB","@id":"https:\/\/www.stiftungfuerzukunftsfragen.de\/#\/schema\/logo\/image\/","url":"https:\/\/www.stiftungfuerzukunftsfragen.de\/wp-content\/uploads\/Stiftung-fuer-Zukunftsfragen-Logo-e1662668075158.png","contentUrl":"https:\/\/www.stiftungfuerzukunftsfragen.de\/wp-content\/uploads\/Stiftung-fuer-Zukunftsfragen-Logo-e1662668075158.png","width":609,"height":144,"caption":"Stiftung f\u00fcr Zukunftsfragen"},"image":{"@id":"https:\/\/www.stiftungfuerzukunftsfragen.de\/#\/schema\/logo\/image\/"},"sameAs":["https:\/\/www.facebook.com\/pages\/Stiftung-fr-Zukunftsfragen\/207485789294838"]},{"@type":"Person","@id":"https:\/\/www.stiftungfuerzukunftsfragen.de\/#\/schema\/person\/ab1d46d162c905f85dba6504c00294c4","name":"guels"}]}},"_links":{"self":[{"href":"https:\/\/www.stiftungfuerzukunftsfragen.de\/en\/wp-json\/wp\/v2\/posts\/5214","targetHints":{"allow":["GET"]}}],"collection":[{"href":"https:\/\/www.stiftungfuerzukunftsfragen.de\/en\/wp-json\/wp\/v2\/posts"}],"about":[{"href":"https:\/\/www.stiftungfuerzukunftsfragen.de\/en\/wp-json\/wp\/v2\/types\/post"}],"author":[{"embeddable":true,"href":"https:\/\/www.stiftungfuerzukunftsfragen.de\/en\/wp-json\/wp\/v2\/users\/36"}],"replies":[{"embeddable":true,"href":"https:\/\/www.stiftungfuerzukunftsfragen.de\/en\/wp-json\/wp\/v2\/comments?post=5214"}],"version-history":[{"count":2,"href":"https:\/\/www.stiftungfuerzukunftsfragen.de\/en\/wp-json\/wp\/v2\/posts\/5214\/revisions"}],"predecessor-version":[{"id":6220,"href":"https:\/\/www.stiftungfuerzukunftsfragen.de\/en\/wp-json\/wp\/v2\/posts\/5214\/revisions\/6220"}],"wp:featuredmedia":[{"embeddable":true,"href":"https:\/\/www.stiftungfuerzukunftsfragen.de\/en\/wp-json\/wp\/v2\/media\/5215"}],"wp:attachment":[{"href":"https:\/\/www.stiftungfuerzukunftsfragen.de\/en\/wp-json\/wp\/v2\/media?parent=5214"}],"wp:term":[{"taxonomy":"category","embeddable":true,"href":"https:\/\/www.stiftungfuerzukunftsfragen.de\/en\/wp-json\/wp\/v2\/categories?post=5214"},{"taxonomy":"post_tag","embeddable":true,"href":"https:\/\/www.stiftungfuerzukunftsfragen.de\/en\/wp-json\/wp\/v2\/tags?post=5214"}],"curies":[{"name":"wp","href":"https:\/\/api.w.org\/{rel}","templated":true}]}}