{"id":5230,"date":"2024-12-19T06:25:21","date_gmt":"2024-12-19T05:25:21","guid":{"rendered":"https:\/\/www.stiftungfuerzukunftsfragen.de\/?p=5230"},"modified":"2025-10-31T08:04:40","modified_gmt":"2025-10-31T07:04:40","slug":"how-do-germans-spend-the-festive-season-between-family-and-loneliness","status":"publish","type":"post","link":"https:\/\/www.stiftungfuerzukunftsfragen.de\/en\/wie-verbringen-die-deutschen-die-festtage-zwischen-familie-und-einsamkeit\/","title":{"rendered":"How do Germans spend the festive season? Between family and loneliness"},"content":{"rendered":"<div class=\"infogram-embed\" data-id=\"festtage-1hnp27endvyln4g\" data-type=\"interactive\"><\/div><script>!function(e,t,s,i){var n=\"InfogramEmbeds\",o=e.getElementsByTagName(\"script\"),d=o[0],r=\/^http:\/.test(e.location)?\"http:\":\"https:\";if(\/^\\\/{2}\/.test(i)&&(i=r+i),window[n]&&window[n].initialized)window[n].process&&window[n].process();else if(!e.getElementById(s)){var a=e.createElement(\"script\");a.async=1,a.id=s,a.src=i,d.parentNode.insertBefore(a,d)}}(document,0,\"infogram-async\",\"\/\/e.infogram.com\/js\/dist\/embed-loader-min.js\");<\/script>\n<p>&nbsp;<\/p>\n<div class=\"column\">\n<h3>Ergebnis<\/h3>\n<p>Die Mehrheit der Bundesb\u00fcrger verbringt Weihnachten im famili\u00e4ren Umfeld. Zwei von f\u00fcnf feiern traditionell mit der Kernfamilie, jeder Vierte besucht seine Familie und etwa jeder Achte l\u00e4dt zu einer Feier im gr\u00f6\u00dferen Kreis ein. Acht Prozent nutzen die Feiertage f\u00fcr eine Reise, w\u00e4hrend jeweils sieben Prozent Heiligabend allein verbringen oder gar nicht feiern.<\/p>\n<p>Silvester wird von jedem Dritten im kleinen Kreis zu Hause verbracht. Jeder F\u00fcnfte nimmt an einer privaten Party teil, w\u00e4hrend zw\u00f6lf Prozent den Jahreswechsel nicht feiern. Zehn Prozent verbringen den Abend allein, sechs Prozent reisen innerhalb Deutschlands oder ins Ausland. Organisierte Veranstaltungen und das Feiern im Freien ziehen jeweils f\u00fcnf Prozent an.<\/p>\n<p>&nbsp;<\/p>\n<h3>Gr\u00fcnde<\/h3>\n<p>Weihnachten ist f\u00fcr viele B\u00fcrger das Fest der Familie, bei dem Rituale und Traditionen eine zentrale Rolle spielen. Gemeinsames Essen, der geschm\u00fcckte Tannenbaum und Geschenke geh\u00f6ren ebenso dazu wie Zeit f\u00fcr Gespr\u00e4che und Besinnlichkeit. Entsprechend nutzen die Meisten die Feiertage, um sich mit ihren Liebsten zu verbinden und die famili\u00e4ren Bindungen zu st\u00e4rken. Der Wunsch nach Ruhe und Geborgenheit pr\u00e4gt dabei die Entscheidungen vieler B\u00fcrger. Gleichzeitig gibt es eine wachsende Gruppe, die dem Weihnachtsstress entfliehen m\u00f6chte und sich bewusst f\u00fcr eine Reise entscheidet, um den Feiertagen einen anderen Charakter zu geben.<\/p>\n<p>Die Art und Weise wie die B\u00fcrger Silvester verbringen, h\u00e4ngt von individuellen Vorlieben, sozialen Bed\u00fcrfnissen und praktischen \u00dcberlegungen ab. Viele entscheiden sich f\u00fcr einen ruhigen Abend im kleinen Kreis zu Hause, um das Jahr entspannt ausklingen zu lassen. Der Wunsch nach Intimit\u00e4t, Gem\u00fctlichkeit und einer \u00fcberschaubaren Feier steht dabei im Vordergrund. F\u00fcr einige ist Silvester aber auch eine Gelegenheit, innezuhalten, das vergangene Jahr Revue passieren zu lassen und in vertrauter Atmosph\u00e4re ins neue Jahr zu starten. Ein Teil der B\u00fcrger misst Silvester keine besondere Bedeutung bei und behandelt den Abend wie jeden anderen Tag im Jahr. Pers\u00f6nliche Pr\u00e4ferenzen, fehlendes Interesse oder die Abkehr von gesellschaftlichem Druck spielen hierbei eine Rolle. Und manche ziehen es vor, den Abend allein zu verbringen \u2013 sei es aus freien St\u00fccken oder aufgrund fehlender Alternativen. Reisen sind auch um den Jahreswechsel eine Alternative. Im Vordergrund stehen Erholung, Tapetenwechsel oder das Bed\u00fcrfnis nach neuen Erlebnissen. Organisierte Veranstaltungen wie Theaterbesuche oder Silvesterfeiern bieten wiederum eine attraktive Option f\u00fcr diejenigen, die den Abend in festlicher Umgebung und in gr\u00f6\u00dferer Runde verbringen m\u00f6chten.<\/p>\n<p>&nbsp;<\/p>\n<h3>Prognose<\/h3>\n<p>Weihnachten bleibt auch zuk\u00fcnftig ein fest verankerter Bestandteil der deutschen Kultur mit einem klaren Fokus auf Familie, Rituale und Traditionen. Was z\u00e4hlt ist die Geselligkeit und Gemeinschaft, Gespr\u00e4che und Gem\u00fctlichkeit. Dazu kommen noch das gute Essen und die Freunde \u00fcber Geschenke.<\/p>\n<p>Auch Silvester bleibt in erster Linie ein Fest im privaten Umfeld \u2013 wahlweise mit der Familie oder Freunden. Zunehmen werden aber auch Kurztrips ins In- und Ausland, um dort in besonderer Atmosph\u00e4re ins neue Jahr zu starten.<\/p>\n<div class=\"fusion-button-wrapper\"><a class=\"fusion-button button-flat fusion-button-default-size button-default fusion-button-default button-1 fusion-button-default-span fusion-button-default-type\" target=\"_self\" href=\"https:\/\/audio.podigee-cdn.net\/1716545-m-5dda2726c50f145b4c6ef201b59b1d89.mp3?source=feed\"><span class=\"fusion-button-text awb-button__text awb-button__text--default\">Vertiefende Infos gibts in dieser Podcastfolge<\/span><\/a><\/div>\n<\/div>\n<\/div>\n<\/div>\n<\/div>\n<\/div>\n<\/div>\n<\/div>\n<\/div>\n<\/div>\n<\/div>\n<\/div>\n<\/div>\n","protected":false},"excerpt":{"rendered":"<p>The last few weeks of the year are a time for contemplation and tranquillity - at least in theory. But how do Germans actually spend the festive season? Is the focus on the family, or are more and more people packing their suitcases to celebrate under palm trees?<\/p>","protected":false},"author":36,"featured_media":5231,"comment_status":"closed","ping_status":"open","sticky":false,"template":"","format":"standard","meta":{"_acf_changed":false,"footnotes":""},"categories":[53],"tags":[67,87,108,105,107,100,80,106],"class_list":["post-5230","post","type-post","status-publish","format-standard","has-post-thumbnail","hentry","category-chart-der-woche","tag-zukunftserwartungen","tag-familie","tag-gesellschaft","tag-vergangenheit","tag-vertrauen","tag-werte","tag-zukunft","tag-zukunftsplaene"],"acf":{"ausgabe_nummer":"Chart der Woche, 2024-KW51","pdf-download_dateiname":"www.stiftungfuerzukunftsfragen.de_wie-verbringen-die-deutschen-die-festtage-zwischen-familie-und-einsamkeit.pdf"},"yoast_head":"<!-- This site is optimized with the Yoast SEO plugin v27.1.1 - https:\/\/yoast.com\/product\/yoast-seo-wordpress\/ -->\n<title>Wie verbringen die Deutschen die Festtage? Zwischen Familie und Einsamkeit<\/title>\n<meta name=\"description\" content=\"Die letzten Wochen des Jahres stehen f\u00fcr Besinnlichkeit und Ruhe. Doch wie verbringen die Deutschen die Feiertage tats\u00e4chlich?\" \/>\n<meta name=\"robots\" content=\"index, follow, max-snippet:-1, max-image-preview:large, max-video-preview:-1\" \/>\n<link rel=\"canonical\" href=\"https:\/\/www.stiftungfuerzukunftsfragen.de\/en\/how-do-germans-spend-the-festive-season-between-family-and-loneliness\/\" \/>\n<meta property=\"og:locale\" content=\"en_GB\" \/>\n<meta property=\"og:type\" content=\"article\" \/>\n<meta property=\"og:title\" content=\"Wie verbringen die Deutschen die Festtage? Zwischen Familie und Einsamkeit\" \/>\n<meta property=\"og:description\" content=\"Die letzten Wochen des Jahres stehen f\u00fcr Besinnlichkeit und Ruhe. Doch wie verbringen die Deutschen die Feiertage tats\u00e4chlich?\" \/>\n<meta property=\"og:url\" content=\"https:\/\/www.stiftungfuerzukunftsfragen.de\/en\/how-do-germans-spend-the-festive-season-between-family-and-loneliness\/\" \/>\n<meta property=\"og:site_name\" content=\"Stiftung f\u00fcr Zukunftsfragen\" \/>\n<meta property=\"article:publisher\" content=\"https:\/\/www.facebook.com\/pages\/Stiftung-fr-Zukunftsfragen\/207485789294838\" \/>\n<meta property=\"article:published_time\" content=\"2024-12-19T05:25:21+00:00\" \/>\n<meta property=\"article:modified_time\" content=\"2025-10-31T07:04:40+00:00\" \/>\n<meta property=\"og:image\" content=\"https:\/\/www.stiftungfuerzukunftsfragen.de\/wp-content\/uploads\/pexels-kpaukshtite-3444345-scaled-e1734244408882.jpg\" \/>\n\t<meta property=\"og:image:width\" content=\"1707\" \/>\n\t<meta property=\"og:image:height\" content=\"1783\" \/>\n\t<meta property=\"og:image:type\" content=\"image\/jpeg\" \/>\n<meta name=\"author\" content=\"guels\" \/>\n<meta name=\"twitter:card\" content=\"summary_large_image\" \/>\n<meta name=\"twitter:label1\" content=\"Written by\" \/>\n\t<meta name=\"twitter:data1\" content=\"guels\" \/>\n\t<meta name=\"twitter:label2\" content=\"Estimated reading time\" \/>\n\t<meta name=\"twitter:data2\" content=\"4 minutes\" \/>\n<script type=\"application\/ld+json\" class=\"yoast-schema-graph\">{\"@context\":\"https:\/\/schema.org\",\"@graph\":[{\"@type\":\"Article\",\"@id\":\"https:\/\/www.stiftungfuerzukunftsfragen.de\/wie-verbringen-die-deutschen-die-festtage-zwischen-familie-und-einsamkeit\/#article\",\"isPartOf\":{\"@id\":\"https:\/\/www.stiftungfuerzukunftsfragen.de\/wie-verbringen-die-deutschen-die-festtage-zwischen-familie-und-einsamkeit\/\"},\"author\":{\"name\":\"guels\",\"@id\":\"https:\/\/www.stiftungfuerzukunftsfragen.de\/#\/schema\/person\/ab1d46d162c905f85dba6504c00294c4\"},\"headline\":\"Wie verbringen die Deutschen die Festtage? Zwischen Familie und Einsamkeit\",\"datePublished\":\"2024-12-19T05:25:21+00:00\",\"dateModified\":\"2025-10-31T07:04:40+00:00\",\"mainEntityOfPage\":{\"@id\":\"https:\/\/www.stiftungfuerzukunftsfragen.de\/wie-verbringen-die-deutschen-die-festtage-zwischen-familie-und-einsamkeit\/\"},\"wordCount\":695,\"publisher\":{\"@id\":\"https:\/\/www.stiftungfuerzukunftsfragen.de\/#organization\"},\"image\":{\"@id\":\"https:\/\/www.stiftungfuerzukunftsfragen.de\/wie-verbringen-die-deutschen-die-festtage-zwischen-familie-und-einsamkeit\/#primaryimage\"},\"thumbnailUrl\":\"https:\/\/www.stiftungfuerzukunftsfragen.de\/wp-content\/uploads\/pexels-kpaukshtite-3444345-scaled-e1734244408882.jpg\",\"keywords\":[\"Zukunftserwartungen\",\"Familie\",\"Gesellschaft\",\"Vergangenheit\",\"Vertrauen\",\"Werte\",\"Zukunft\",\"Zukunftspl\u00e4ne\"],\"articleSection\":[\"Chart der Woche\"],\"inLanguage\":\"en-GB\"},{\"@type\":\"WebPage\",\"@id\":\"https:\/\/www.stiftungfuerzukunftsfragen.de\/wie-verbringen-die-deutschen-die-festtage-zwischen-familie-und-einsamkeit\/\",\"url\":\"https:\/\/www.stiftungfuerzukunftsfragen.de\/wie-verbringen-die-deutschen-die-festtage-zwischen-familie-und-einsamkeit\/\",\"name\":\"Wie verbringen die Deutschen die Festtage? Zwischen Familie und Einsamkeit\",\"isPartOf\":{\"@id\":\"https:\/\/www.stiftungfuerzukunftsfragen.de\/#website\"},\"primaryImageOfPage\":{\"@id\":\"https:\/\/www.stiftungfuerzukunftsfragen.de\/wie-verbringen-die-deutschen-die-festtage-zwischen-familie-und-einsamkeit\/#primaryimage\"},\"image\":{\"@id\":\"https:\/\/www.stiftungfuerzukunftsfragen.de\/wie-verbringen-die-deutschen-die-festtage-zwischen-familie-und-einsamkeit\/#primaryimage\"},\"thumbnailUrl\":\"https:\/\/www.stiftungfuerzukunftsfragen.de\/wp-content\/uploads\/pexels-kpaukshtite-3444345-scaled-e1734244408882.jpg\",\"datePublished\":\"2024-12-19T05:25:21+00:00\",\"dateModified\":\"2025-10-31T07:04:40+00:00\",\"description\":\"Die letzten Wochen des Jahres stehen f\u00fcr Besinnlichkeit und Ruhe. Doch wie verbringen die Deutschen die Feiertage tats\u00e4chlich?\",\"breadcrumb\":{\"@id\":\"https:\/\/www.stiftungfuerzukunftsfragen.de\/wie-verbringen-die-deutschen-die-festtage-zwischen-familie-und-einsamkeit\/#breadcrumb\"},\"inLanguage\":\"en-GB\",\"potentialAction\":[{\"@type\":\"ReadAction\",\"target\":[\"https:\/\/www.stiftungfuerzukunftsfragen.de\/wie-verbringen-die-deutschen-die-festtage-zwischen-familie-und-einsamkeit\/\"]}]},{\"@type\":\"ImageObject\",\"inLanguage\":\"en-GB\",\"@id\":\"https:\/\/www.stiftungfuerzukunftsfragen.de\/wie-verbringen-die-deutschen-die-festtage-zwischen-familie-und-einsamkeit\/#primaryimage\",\"url\":\"https:\/\/www.stiftungfuerzukunftsfragen.de\/wp-content\/uploads\/pexels-kpaukshtite-3444345-scaled-e1734244408882.jpg\",\"contentUrl\":\"https:\/\/www.stiftungfuerzukunftsfragen.de\/wp-content\/uploads\/pexels-kpaukshtite-3444345-scaled-e1734244408882.jpg\",\"width\":1707,\"height\":1783},{\"@type\":\"BreadcrumbList\",\"@id\":\"https:\/\/www.stiftungfuerzukunftsfragen.de\/wie-verbringen-die-deutschen-die-festtage-zwischen-familie-und-einsamkeit\/#breadcrumb\",\"itemListElement\":[{\"@type\":\"ListItem\",\"position\":1,\"name\":\"Startseite\",\"item\":\"https:\/\/www.stiftungfuerzukunftsfragen.de\/\"},{\"@type\":\"ListItem\",\"position\":2,\"name\":\"Wie verbringen die Deutschen die Festtage? Zwischen Familie und Einsamkeit\"}]},{\"@type\":\"WebSite\",\"@id\":\"https:\/\/www.stiftungfuerzukunftsfragen.de\/#website\",\"url\":\"https:\/\/www.stiftungfuerzukunftsfragen.de\/\",\"name\":\"Stiftung f\u00fcr Zukunftsfragen\",\"description\":\"Eine Initiative von BAT\",\"publisher\":{\"@id\":\"https:\/\/www.stiftungfuerzukunftsfragen.de\/#organization\"},\"potentialAction\":[{\"@type\":\"SearchAction\",\"target\":{\"@type\":\"EntryPoint\",\"urlTemplate\":\"https:\/\/www.stiftungfuerzukunftsfragen.de\/?s={search_term_string}\"},\"query-input\":{\"@type\":\"PropertyValueSpecification\",\"valueRequired\":true,\"valueName\":\"search_term_string\"}}],\"inLanguage\":\"en-GB\"},{\"@type\":\"Organization\",\"@id\":\"https:\/\/www.stiftungfuerzukunftsfragen.de\/#organization\",\"name\":\"Stiftung f\u00fcr Zukunftsfragen\",\"url\":\"https:\/\/www.stiftungfuerzukunftsfragen.de\/\",\"logo\":{\"@type\":\"ImageObject\",\"inLanguage\":\"en-GB\",\"@id\":\"https:\/\/www.stiftungfuerzukunftsfragen.de\/#\/schema\/logo\/image\/\",\"url\":\"https:\/\/www.stiftungfuerzukunftsfragen.de\/wp-content\/uploads\/Stiftung-fuer-Zukunftsfragen-Logo-e1662668075158.png\",\"contentUrl\":\"https:\/\/www.stiftungfuerzukunftsfragen.de\/wp-content\/uploads\/Stiftung-fuer-Zukunftsfragen-Logo-e1662668075158.png\",\"width\":609,\"height\":144,\"caption\":\"Stiftung f\u00fcr Zukunftsfragen\"},\"image\":{\"@id\":\"https:\/\/www.stiftungfuerzukunftsfragen.de\/#\/schema\/logo\/image\/\"},\"sameAs\":[\"https:\/\/www.facebook.com\/pages\/Stiftung-fr-Zukunftsfragen\/207485789294838\"]},{\"@type\":\"Person\",\"@id\":\"https:\/\/www.stiftungfuerzukunftsfragen.de\/#\/schema\/person\/ab1d46d162c905f85dba6504c00294c4\",\"name\":\"guels\"}]}<\/script>\n<!-- \/ Yoast SEO plugin. -->","yoast_head_json":{"title":"How do Germans spend the festive season? Between family and loneliness","description":"The last few weeks of the year are synonymous with contemplation and tranquillity. But how do Germans actually spend the festive season?","robots":{"index":"index","follow":"follow","max-snippet":"max-snippet:-1","max-image-preview":"max-image-preview:large","max-video-preview":"max-video-preview:-1"},"canonical":"https:\/\/www.stiftungfuerzukunftsfragen.de\/en\/how-do-germans-spend-the-festive-season-between-family-and-loneliness\/","og_locale":"en_GB","og_type":"article","og_title":"Wie verbringen die Deutschen die Festtage? Zwischen Familie und Einsamkeit","og_description":"Die letzten Wochen des Jahres stehen f\u00fcr Besinnlichkeit und Ruhe. Doch wie verbringen die Deutschen die Feiertage tats\u00e4chlich?","og_url":"https:\/\/www.stiftungfuerzukunftsfragen.de\/en\/how-do-germans-spend-the-festive-season-between-family-and-loneliness\/","og_site_name":"Stiftung f\u00fcr Zukunftsfragen","article_publisher":"https:\/\/www.facebook.com\/pages\/Stiftung-fr-Zukunftsfragen\/207485789294838","article_published_time":"2024-12-19T05:25:21+00:00","article_modified_time":"2025-10-31T07:04:40+00:00","og_image":[{"width":1707,"height":1783,"url":"https:\/\/www.stiftungfuerzukunftsfragen.de\/wp-content\/uploads\/pexels-kpaukshtite-3444345-scaled-e1734244408882.jpg","type":"image\/jpeg"}],"author":"guels","twitter_card":"summary_large_image","twitter_misc":{"Written by":"guels","Estimated reading time":"4 minutes"},"schema":{"@context":"https:\/\/schema.org","@graph":[{"@type":"Article","@id":"https:\/\/www.stiftungfuerzukunftsfragen.de\/wie-verbringen-die-deutschen-die-festtage-zwischen-familie-und-einsamkeit\/#article","isPartOf":{"@id":"https:\/\/www.stiftungfuerzukunftsfragen.de\/wie-verbringen-die-deutschen-die-festtage-zwischen-familie-und-einsamkeit\/"},"author":{"name":"guels","@id":"https:\/\/www.stiftungfuerzukunftsfragen.de\/#\/schema\/person\/ab1d46d162c905f85dba6504c00294c4"},"headline":"Wie verbringen die Deutschen die Festtage? Zwischen Familie und Einsamkeit","datePublished":"2024-12-19T05:25:21+00:00","dateModified":"2025-10-31T07:04:40+00:00","mainEntityOfPage":{"@id":"https:\/\/www.stiftungfuerzukunftsfragen.de\/wie-verbringen-die-deutschen-die-festtage-zwischen-familie-und-einsamkeit\/"},"wordCount":695,"publisher":{"@id":"https:\/\/www.stiftungfuerzukunftsfragen.de\/#organization"},"image":{"@id":"https:\/\/www.stiftungfuerzukunftsfragen.de\/wie-verbringen-die-deutschen-die-festtage-zwischen-familie-und-einsamkeit\/#primaryimage"},"thumbnailUrl":"https:\/\/www.stiftungfuerzukunftsfragen.de\/wp-content\/uploads\/pexels-kpaukshtite-3444345-scaled-e1734244408882.jpg","keywords":["Zukunftserwartungen","Familie","Gesellschaft","Vergangenheit","Vertrauen","Werte","Zukunft","Zukunftspl\u00e4ne"],"articleSection":["Chart der Woche"],"inLanguage":"en-GB"},{"@type":"WebPage","@id":"https:\/\/www.stiftungfuerzukunftsfragen.de\/wie-verbringen-die-deutschen-die-festtage-zwischen-familie-und-einsamkeit\/","url":"https:\/\/www.stiftungfuerzukunftsfragen.de\/wie-verbringen-die-deutschen-die-festtage-zwischen-familie-und-einsamkeit\/","name":"How do Germans spend the festive season? Between family and loneliness","isPartOf":{"@id":"https:\/\/www.stiftungfuerzukunftsfragen.de\/#website"},"primaryImageOfPage":{"@id":"https:\/\/www.stiftungfuerzukunftsfragen.de\/wie-verbringen-die-deutschen-die-festtage-zwischen-familie-und-einsamkeit\/#primaryimage"},"image":{"@id":"https:\/\/www.stiftungfuerzukunftsfragen.de\/wie-verbringen-die-deutschen-die-festtage-zwischen-familie-und-einsamkeit\/#primaryimage"},"thumbnailUrl":"https:\/\/www.stiftungfuerzukunftsfragen.de\/wp-content\/uploads\/pexels-kpaukshtite-3444345-scaled-e1734244408882.jpg","datePublished":"2024-12-19T05:25:21+00:00","dateModified":"2025-10-31T07:04:40+00:00","description":"The last few weeks of the year are synonymous with contemplation and tranquillity. But how do Germans actually spend the festive season?","breadcrumb":{"@id":"https:\/\/www.stiftungfuerzukunftsfragen.de\/wie-verbringen-die-deutschen-die-festtage-zwischen-familie-und-einsamkeit\/#breadcrumb"},"inLanguage":"en-GB","potentialAction":[{"@type":"ReadAction","target":["https:\/\/www.stiftungfuerzukunftsfragen.de\/wie-verbringen-die-deutschen-die-festtage-zwischen-familie-und-einsamkeit\/"]}]},{"@type":"ImageObject","inLanguage":"en-GB","@id":"https:\/\/www.stiftungfuerzukunftsfragen.de\/wie-verbringen-die-deutschen-die-festtage-zwischen-familie-und-einsamkeit\/#primaryimage","url":"https:\/\/www.stiftungfuerzukunftsfragen.de\/wp-content\/uploads\/pexels-kpaukshtite-3444345-scaled-e1734244408882.jpg","contentUrl":"https:\/\/www.stiftungfuerzukunftsfragen.de\/wp-content\/uploads\/pexels-kpaukshtite-3444345-scaled-e1734244408882.jpg","width":1707,"height":1783},{"@type":"BreadcrumbList","@id":"https:\/\/www.stiftungfuerzukunftsfragen.de\/wie-verbringen-die-deutschen-die-festtage-zwischen-familie-und-einsamkeit\/#breadcrumb","itemListElement":[{"@type":"ListItem","position":1,"name":"Startseite","item":"https:\/\/www.stiftungfuerzukunftsfragen.de\/"},{"@type":"ListItem","position":2,"name":"Wie verbringen die Deutschen die Festtage? Zwischen Familie und Einsamkeit"}]},{"@type":"WebSite","@id":"https:\/\/www.stiftungfuerzukunftsfragen.de\/#website","url":"https:\/\/www.stiftungfuerzukunftsfragen.de\/","name":"Foundation for Future Issues","description":"An initiative by BAT","publisher":{"@id":"https:\/\/www.stiftungfuerzukunftsfragen.de\/#organization"},"potentialAction":[{"@type":"SearchAction","target":{"@type":"EntryPoint","urlTemplate":"https:\/\/www.stiftungfuerzukunftsfragen.de\/?s={search_term_string}"},"query-input":{"@type":"PropertyValueSpecification","valueRequired":true,"valueName":"search_term_string"}}],"inLanguage":"en-GB"},{"@type":"Organization","@id":"https:\/\/www.stiftungfuerzukunftsfragen.de\/#organization","name":"Foundation for Future Issues","url":"https:\/\/www.stiftungfuerzukunftsfragen.de\/","logo":{"@type":"ImageObject","inLanguage":"en-GB","@id":"https:\/\/www.stiftungfuerzukunftsfragen.de\/#\/schema\/logo\/image\/","url":"https:\/\/www.stiftungfuerzukunftsfragen.de\/wp-content\/uploads\/Stiftung-fuer-Zukunftsfragen-Logo-e1662668075158.png","contentUrl":"https:\/\/www.stiftungfuerzukunftsfragen.de\/wp-content\/uploads\/Stiftung-fuer-Zukunftsfragen-Logo-e1662668075158.png","width":609,"height":144,"caption":"Stiftung f\u00fcr Zukunftsfragen"},"image":{"@id":"https:\/\/www.stiftungfuerzukunftsfragen.de\/#\/schema\/logo\/image\/"},"sameAs":["https:\/\/www.facebook.com\/pages\/Stiftung-fr-Zukunftsfragen\/207485789294838"]},{"@type":"Person","@id":"https:\/\/www.stiftungfuerzukunftsfragen.de\/#\/schema\/person\/ab1d46d162c905f85dba6504c00294c4","name":"guels"}]}},"_links":{"self":[{"href":"https:\/\/www.stiftungfuerzukunftsfragen.de\/en\/wp-json\/wp\/v2\/posts\/5230","targetHints":{"allow":["GET"]}}],"collection":[{"href":"https:\/\/www.stiftungfuerzukunftsfragen.de\/en\/wp-json\/wp\/v2\/posts"}],"about":[{"href":"https:\/\/www.stiftungfuerzukunftsfragen.de\/en\/wp-json\/wp\/v2\/types\/post"}],"author":[{"embeddable":true,"href":"https:\/\/www.stiftungfuerzukunftsfragen.de\/en\/wp-json\/wp\/v2\/users\/36"}],"replies":[{"embeddable":true,"href":"https:\/\/www.stiftungfuerzukunftsfragen.de\/en\/wp-json\/wp\/v2\/comments?post=5230"}],"version-history":[{"count":3,"href":"https:\/\/www.stiftungfuerzukunftsfragen.de\/en\/wp-json\/wp\/v2\/posts\/5230\/revisions"}],"predecessor-version":[{"id":6222,"href":"https:\/\/www.stiftungfuerzukunftsfragen.de\/en\/wp-json\/wp\/v2\/posts\/5230\/revisions\/6222"}],"wp:featuredmedia":[{"embeddable":true,"href":"https:\/\/www.stiftungfuerzukunftsfragen.de\/en\/wp-json\/wp\/v2\/media\/5231"}],"wp:attachment":[{"href":"https:\/\/www.stiftungfuerzukunftsfragen.de\/en\/wp-json\/wp\/v2\/media?parent=5230"}],"wp:term":[{"taxonomy":"category","embeddable":true,"href":"https:\/\/www.stiftungfuerzukunftsfragen.de\/en\/wp-json\/wp\/v2\/categories?post=5230"},{"taxonomy":"post_tag","embeddable":true,"href":"https:\/\/www.stiftungfuerzukunftsfragen.de\/en\/wp-json\/wp\/v2\/tags?post=5230"}],"curies":[{"name":"wp","href":"https:\/\/api.w.org\/{rel}","templated":true}]}}