{"id":5286,"date":"2025-03-20T10:46:55","date_gmt":"2025-03-20T09:46:55","guid":{"rendered":"https:\/\/www.stiftungfuerzukunftsfragen.de\/?p=5286"},"modified":"2025-10-30T15:13:29","modified_gmt":"2025-10-30T14:13:29","slug":"travel-behaviour-of-germans-when-to-book-and-where-to-go","status":"publish","type":"post","link":"https:\/\/www.stiftungfuerzukunftsfragen.de\/en\/reiseverhalten-der-deutschen-wann-wird-gebucht-und-wohin-wird-es-gehen\/","title":{"rendered":"Travel behaviour of Germans: When do they book and where do they go?"},"content":{"rendered":"","protected":false},"excerpt":{"rendered":"<p>Whether early bookers or last-minute decision-makers - the booking behaviour of Germans reveals a lot about their travel plans and priorities. But who belongs to which group and what are the advantages of each strategy? And where are Germans travelling to in the coming season?<\/p>\n<p>In this episode, find out not only about travel and booking behaviour, but also what lies behind the longing for a holiday. Is it about relaxation, adventure or perhaps an escape from everyday life?<\/p>","protected":false},"author":36,"featured_media":0,"comment_status":"closed","ping_status":"open","sticky":false,"template":"","format":"standard","meta":{"_acf_changed":false,"footnotes":""},"categories":[55],"tags":[67,98,99,100,80],"class_list":["post-5286","post","type-post","status-publish","format-standard","hentry","category-podcast","tag-zukunftserwartungen","tag-benehmen","tag-umgangsformen","tag-werte","tag-zukunft"],"acf":{"ausgabe_nummer":"Podcast, Staffel 4 - Folge 2","pdf-download_dateiname":"www.stiftungfuerzukunftsfragen.de_reiseverhalten-der-deutschen-wann-wird-gebucht-und-wohin-wird-es-gehen.pdf","podcast_embed_code":"<script class=\"podigee-podcast-player\" src=\"https:\/\/player.podigee-cdn.net\/podcast-player\/javascripts\/podigee-podcast-player.js\" data-configuration=\"https:\/\/spaeter-war-alles-besser-der-zukunftspodcast.podigee.io\/72-reiseverhalten-der-deutschen-wann-wird-gebucht-und-wohin-wird-es-gehen\/embed?context=external\"><\/script>"},"yoast_head":"<!-- This site is optimized with the Yoast SEO plugin v27.1.1 - https:\/\/yoast.com\/product\/yoast-seo-wordpress\/ -->\n<title>Reiseverhalten der Deutschen: Wann wird gebucht, und wohin wird es gehen? - Stiftung f\u00fcr Zukunftsfragen<\/title>\n<meta name=\"description\" content=\"Ob Fr\u00fchbucher oder Last-Minute-Entscheider \u2013 das Buchungsverhalten der Deutschen verr\u00e4t viel \u00fcber ihre Reisepl\u00e4ne und Priorit\u00e4ten.\" \/>\n<meta name=\"robots\" content=\"index, follow, max-snippet:-1, max-image-preview:large, max-video-preview:-1\" \/>\n<link rel=\"canonical\" href=\"https:\/\/www.stiftungfuerzukunftsfragen.de\/en\/travel-behaviour-of-germans-when-to-book-and-where-to-go\/\" \/>\n<meta property=\"og:locale\" content=\"en_GB\" \/>\n<meta property=\"og:type\" content=\"article\" \/>\n<meta property=\"og:title\" content=\"Reiseverhalten der Deutschen: Wann wird gebucht, und wohin wird es gehen? - Stiftung f\u00fcr Zukunftsfragen\" \/>\n<meta property=\"og:description\" content=\"Ob Fr\u00fchbucher oder Last-Minute-Entscheider \u2013 das Buchungsverhalten der Deutschen verr\u00e4t viel \u00fcber ihre Reisepl\u00e4ne und Priorit\u00e4ten.\" \/>\n<meta property=\"og:url\" content=\"https:\/\/www.stiftungfuerzukunftsfragen.de\/en\/travel-behaviour-of-germans-when-to-book-and-where-to-go\/\" \/>\n<meta property=\"og:site_name\" content=\"Stiftung f\u00fcr Zukunftsfragen\" \/>\n<meta property=\"article:publisher\" content=\"https:\/\/www.facebook.com\/pages\/Stiftung-fr-Zukunftsfragen\/207485789294838\" \/>\n<meta property=\"article:published_time\" content=\"2025-03-20T09:46:55+00:00\" \/>\n<meta property=\"article:modified_time\" content=\"2025-10-30T14:13:29+00:00\" \/>\n<meta name=\"author\" content=\"guels\" \/>\n<meta name=\"twitter:card\" content=\"summary_large_image\" \/>\n<meta name=\"twitter:label1\" content=\"Written by\" \/>\n\t<meta name=\"twitter:data1\" content=\"guels\" \/>\n\t<meta name=\"twitter:label2\" content=\"Estimated reading time\" \/>\n\t<meta name=\"twitter:data2\" content=\"1 minute\" \/>\n<script type=\"application\/ld+json\" class=\"yoast-schema-graph\">{\"@context\":\"https:\/\/schema.org\",\"@graph\":[{\"@type\":\"Article\",\"@id\":\"https:\/\/www.stiftungfuerzukunftsfragen.de\/reiseverhalten-der-deutschen-wann-wird-gebucht-und-wohin-wird-es-gehen\/#article\",\"isPartOf\":{\"@id\":\"https:\/\/www.stiftungfuerzukunftsfragen.de\/reiseverhalten-der-deutschen-wann-wird-gebucht-und-wohin-wird-es-gehen\/\"},\"author\":{\"name\":\"guels\",\"@id\":\"https:\/\/www.stiftungfuerzukunftsfragen.de\/#\/schema\/person\/ab1d46d162c905f85dba6504c00294c4\"},\"headline\":\"Reiseverhalten der Deutschen: Wann wird gebucht, und wohin wird es gehen?\",\"datePublished\":\"2025-03-20T09:46:55+00:00\",\"dateModified\":\"2025-10-30T14:13:29+00:00\",\"mainEntityOfPage\":{\"@id\":\"https:\/\/www.stiftungfuerzukunftsfragen.de\/reiseverhalten-der-deutschen-wann-wird-gebucht-und-wohin-wird-es-gehen\/\"},\"wordCount\":11,\"publisher\":{\"@id\":\"https:\/\/www.stiftungfuerzukunftsfragen.de\/#organization\"},\"keywords\":[\"Zukunftserwartungen\",\"Benehmen\",\"Umgangsformen\",\"Werte\",\"Zukunft\"],\"articleSection\":[\"Podcast\"],\"inLanguage\":\"en-GB\"},{\"@type\":\"WebPage\",\"@id\":\"https:\/\/www.stiftungfuerzukunftsfragen.de\/reiseverhalten-der-deutschen-wann-wird-gebucht-und-wohin-wird-es-gehen\/\",\"url\":\"https:\/\/www.stiftungfuerzukunftsfragen.de\/reiseverhalten-der-deutschen-wann-wird-gebucht-und-wohin-wird-es-gehen\/\",\"name\":\"Reiseverhalten der Deutschen: Wann wird gebucht, und wohin wird es gehen? - Stiftung f\u00fcr Zukunftsfragen\",\"isPartOf\":{\"@id\":\"https:\/\/www.stiftungfuerzukunftsfragen.de\/#website\"},\"datePublished\":\"2025-03-20T09:46:55+00:00\",\"dateModified\":\"2025-10-30T14:13:29+00:00\",\"description\":\"Ob Fr\u00fchbucher oder Last-Minute-Entscheider \u2013 das Buchungsverhalten der Deutschen verr\u00e4t viel \u00fcber ihre Reisepl\u00e4ne und Priorit\u00e4ten.\",\"breadcrumb\":{\"@id\":\"https:\/\/www.stiftungfuerzukunftsfragen.de\/reiseverhalten-der-deutschen-wann-wird-gebucht-und-wohin-wird-es-gehen\/#breadcrumb\"},\"inLanguage\":\"en-GB\",\"potentialAction\":[{\"@type\":\"ReadAction\",\"target\":[\"https:\/\/www.stiftungfuerzukunftsfragen.de\/reiseverhalten-der-deutschen-wann-wird-gebucht-und-wohin-wird-es-gehen\/\"]}]},{\"@type\":\"BreadcrumbList\",\"@id\":\"https:\/\/www.stiftungfuerzukunftsfragen.de\/reiseverhalten-der-deutschen-wann-wird-gebucht-und-wohin-wird-es-gehen\/#breadcrumb\",\"itemListElement\":[{\"@type\":\"ListItem\",\"position\":1,\"name\":\"Startseite\",\"item\":\"https:\/\/www.stiftungfuerzukunftsfragen.de\/\"},{\"@type\":\"ListItem\",\"position\":2,\"name\":\"Reiseverhalten der Deutschen: Wann wird gebucht, und wohin wird es gehen?\"}]},{\"@type\":\"WebSite\",\"@id\":\"https:\/\/www.stiftungfuerzukunftsfragen.de\/#website\",\"url\":\"https:\/\/www.stiftungfuerzukunftsfragen.de\/\",\"name\":\"Stiftung f\u00fcr Zukunftsfragen\",\"description\":\"Eine Initiative von BAT\",\"publisher\":{\"@id\":\"https:\/\/www.stiftungfuerzukunftsfragen.de\/#organization\"},\"potentialAction\":[{\"@type\":\"SearchAction\",\"target\":{\"@type\":\"EntryPoint\",\"urlTemplate\":\"https:\/\/www.stiftungfuerzukunftsfragen.de\/?s={search_term_string}\"},\"query-input\":{\"@type\":\"PropertyValueSpecification\",\"valueRequired\":true,\"valueName\":\"search_term_string\"}}],\"inLanguage\":\"en-GB\"},{\"@type\":\"Organization\",\"@id\":\"https:\/\/www.stiftungfuerzukunftsfragen.de\/#organization\",\"name\":\"Stiftung f\u00fcr Zukunftsfragen\",\"url\":\"https:\/\/www.stiftungfuerzukunftsfragen.de\/\",\"logo\":{\"@type\":\"ImageObject\",\"inLanguage\":\"en-GB\",\"@id\":\"https:\/\/www.stiftungfuerzukunftsfragen.de\/#\/schema\/logo\/image\/\",\"url\":\"https:\/\/www.stiftungfuerzukunftsfragen.de\/wp-content\/uploads\/Stiftung-fuer-Zukunftsfragen-Logo-e1662668075158.png\",\"contentUrl\":\"https:\/\/www.stiftungfuerzukunftsfragen.de\/wp-content\/uploads\/Stiftung-fuer-Zukunftsfragen-Logo-e1662668075158.png\",\"width\":609,\"height\":144,\"caption\":\"Stiftung f\u00fcr Zukunftsfragen\"},\"image\":{\"@id\":\"https:\/\/www.stiftungfuerzukunftsfragen.de\/#\/schema\/logo\/image\/\"},\"sameAs\":[\"https:\/\/www.facebook.com\/pages\/Stiftung-fr-Zukunftsfragen\/207485789294838\"]},{\"@type\":\"Person\",\"@id\":\"https:\/\/www.stiftungfuerzukunftsfragen.de\/#\/schema\/person\/ab1d46d162c905f85dba6504c00294c4\",\"name\":\"guels\"}]}<\/script>\n<!-- \/ Yoast SEO plugin. -->","yoast_head_json":{"title":"Travel behaviour of Germans: When will they book and where will they go? - Foundation for Future Studies","description":"Whether early bookers or last-minute decision-makers - the booking behaviour of Germans reveals a lot about their travel plans and priorities.","robots":{"index":"index","follow":"follow","max-snippet":"max-snippet:-1","max-image-preview":"max-image-preview:large","max-video-preview":"max-video-preview:-1"},"canonical":"https:\/\/www.stiftungfuerzukunftsfragen.de\/en\/travel-behaviour-of-germans-when-to-book-and-where-to-go\/","og_locale":"en_GB","og_type":"article","og_title":"Reiseverhalten der Deutschen: Wann wird gebucht, und wohin wird es gehen? - Stiftung f\u00fcr Zukunftsfragen","og_description":"Ob Fr\u00fchbucher oder Last-Minute-Entscheider \u2013 das Buchungsverhalten der Deutschen verr\u00e4t viel \u00fcber ihre Reisepl\u00e4ne und Priorit\u00e4ten.","og_url":"https:\/\/www.stiftungfuerzukunftsfragen.de\/en\/travel-behaviour-of-germans-when-to-book-and-where-to-go\/","og_site_name":"Stiftung f\u00fcr Zukunftsfragen","article_publisher":"https:\/\/www.facebook.com\/pages\/Stiftung-fr-Zukunftsfragen\/207485789294838","article_published_time":"2025-03-20T09:46:55+00:00","article_modified_time":"2025-10-30T14:13:29+00:00","author":"guels","twitter_card":"summary_large_image","twitter_misc":{"Written by":"guels","Estimated reading time":"1 minute"},"schema":{"@context":"https:\/\/schema.org","@graph":[{"@type":"Article","@id":"https:\/\/www.stiftungfuerzukunftsfragen.de\/reiseverhalten-der-deutschen-wann-wird-gebucht-und-wohin-wird-es-gehen\/#article","isPartOf":{"@id":"https:\/\/www.stiftungfuerzukunftsfragen.de\/reiseverhalten-der-deutschen-wann-wird-gebucht-und-wohin-wird-es-gehen\/"},"author":{"name":"guels","@id":"https:\/\/www.stiftungfuerzukunftsfragen.de\/#\/schema\/person\/ab1d46d162c905f85dba6504c00294c4"},"headline":"Reiseverhalten der Deutschen: Wann wird gebucht, und wohin wird es gehen?","datePublished":"2025-03-20T09:46:55+00:00","dateModified":"2025-10-30T14:13:29+00:00","mainEntityOfPage":{"@id":"https:\/\/www.stiftungfuerzukunftsfragen.de\/reiseverhalten-der-deutschen-wann-wird-gebucht-und-wohin-wird-es-gehen\/"},"wordCount":11,"publisher":{"@id":"https:\/\/www.stiftungfuerzukunftsfragen.de\/#organization"},"keywords":["Zukunftserwartungen","Benehmen","Umgangsformen","Werte","Zukunft"],"articleSection":["Podcast"],"inLanguage":"en-GB"},{"@type":"WebPage","@id":"https:\/\/www.stiftungfuerzukunftsfragen.de\/reiseverhalten-der-deutschen-wann-wird-gebucht-und-wohin-wird-es-gehen\/","url":"https:\/\/www.stiftungfuerzukunftsfragen.de\/reiseverhalten-der-deutschen-wann-wird-gebucht-und-wohin-wird-es-gehen\/","name":"Travel behaviour of Germans: When will they book and where will they go? - Foundation for Future Studies","isPartOf":{"@id":"https:\/\/www.stiftungfuerzukunftsfragen.de\/#website"},"datePublished":"2025-03-20T09:46:55+00:00","dateModified":"2025-10-30T14:13:29+00:00","description":"Whether early bookers or last-minute decision-makers - the booking behaviour of Germans reveals a lot about their travel plans and priorities.","breadcrumb":{"@id":"https:\/\/www.stiftungfuerzukunftsfragen.de\/reiseverhalten-der-deutschen-wann-wird-gebucht-und-wohin-wird-es-gehen\/#breadcrumb"},"inLanguage":"en-GB","potentialAction":[{"@type":"ReadAction","target":["https:\/\/www.stiftungfuerzukunftsfragen.de\/reiseverhalten-der-deutschen-wann-wird-gebucht-und-wohin-wird-es-gehen\/"]}]},{"@type":"BreadcrumbList","@id":"https:\/\/www.stiftungfuerzukunftsfragen.de\/reiseverhalten-der-deutschen-wann-wird-gebucht-und-wohin-wird-es-gehen\/#breadcrumb","itemListElement":[{"@type":"ListItem","position":1,"name":"Startseite","item":"https:\/\/www.stiftungfuerzukunftsfragen.de\/"},{"@type":"ListItem","position":2,"name":"Reiseverhalten der Deutschen: Wann wird gebucht, und wohin wird es gehen?"}]},{"@type":"WebSite","@id":"https:\/\/www.stiftungfuerzukunftsfragen.de\/#website","url":"https:\/\/www.stiftungfuerzukunftsfragen.de\/","name":"Foundation for Future Issues","description":"An initiative by BAT","publisher":{"@id":"https:\/\/www.stiftungfuerzukunftsfragen.de\/#organization"},"potentialAction":[{"@type":"SearchAction","target":{"@type":"EntryPoint","urlTemplate":"https:\/\/www.stiftungfuerzukunftsfragen.de\/?s={search_term_string}"},"query-input":{"@type":"PropertyValueSpecification","valueRequired":true,"valueName":"search_term_string"}}],"inLanguage":"en-GB"},{"@type":"Organization","@id":"https:\/\/www.stiftungfuerzukunftsfragen.de\/#organization","name":"Foundation for Future Issues","url":"https:\/\/www.stiftungfuerzukunftsfragen.de\/","logo":{"@type":"ImageObject","inLanguage":"en-GB","@id":"https:\/\/www.stiftungfuerzukunftsfragen.de\/#\/schema\/logo\/image\/","url":"https:\/\/www.stiftungfuerzukunftsfragen.de\/wp-content\/uploads\/Stiftung-fuer-Zukunftsfragen-Logo-e1662668075158.png","contentUrl":"https:\/\/www.stiftungfuerzukunftsfragen.de\/wp-content\/uploads\/Stiftung-fuer-Zukunftsfragen-Logo-e1662668075158.png","width":609,"height":144,"caption":"Stiftung f\u00fcr Zukunftsfragen"},"image":{"@id":"https:\/\/www.stiftungfuerzukunftsfragen.de\/#\/schema\/logo\/image\/"},"sameAs":["https:\/\/www.facebook.com\/pages\/Stiftung-fr-Zukunftsfragen\/207485789294838"]},{"@type":"Person","@id":"https:\/\/www.stiftungfuerzukunftsfragen.de\/#\/schema\/person\/ab1d46d162c905f85dba6504c00294c4","name":"guels"}]}},"_links":{"self":[{"href":"https:\/\/www.stiftungfuerzukunftsfragen.de\/en\/wp-json\/wp\/v2\/posts\/5286","targetHints":{"allow":["GET"]}}],"collection":[{"href":"https:\/\/www.stiftungfuerzukunftsfragen.de\/en\/wp-json\/wp\/v2\/posts"}],"about":[{"href":"https:\/\/www.stiftungfuerzukunftsfragen.de\/en\/wp-json\/wp\/v2\/types\/post"}],"author":[{"embeddable":true,"href":"https:\/\/www.stiftungfuerzukunftsfragen.de\/en\/wp-json\/wp\/v2\/users\/36"}],"replies":[{"embeddable":true,"href":"https:\/\/www.stiftungfuerzukunftsfragen.de\/en\/wp-json\/wp\/v2\/comments?post=5286"}],"version-history":[{"count":3,"href":"https:\/\/www.stiftungfuerzukunftsfragen.de\/en\/wp-json\/wp\/v2\/posts\/5286\/revisions"}],"predecessor-version":[{"id":5797,"href":"https:\/\/www.stiftungfuerzukunftsfragen.de\/en\/wp-json\/wp\/v2\/posts\/5286\/revisions\/5797"}],"wp:attachment":[{"href":"https:\/\/www.stiftungfuerzukunftsfragen.de\/en\/wp-json\/wp\/v2\/media?parent=5286"}],"wp:term":[{"taxonomy":"category","embeddable":true,"href":"https:\/\/www.stiftungfuerzukunftsfragen.de\/en\/wp-json\/wp\/v2\/categories?post=5286"},{"taxonomy":"post_tag","embeddable":true,"href":"https:\/\/www.stiftungfuerzukunftsfragen.de\/en\/wp-json\/wp\/v2\/tags?post=5286"}],"curies":[{"name":"wp","href":"https:\/\/api.w.org\/{rel}","templated":true}]}}