{"id":5288,"date":"2025-03-20T10:59:47","date_gmt":"2025-03-20T09:59:47","guid":{"rendered":"https:\/\/www.stiftungfuerzukunftsfragen.de\/?p=5288"},"modified":"2025-10-31T08:04:30","modified_gmt":"2025-10-31T07:04:30","slug":"travel-behaviour-of-germans-when-to-book-and-where-to-go-2","status":"publish","type":"post","link":"https:\/\/www.stiftungfuerzukunftsfragen.de\/en\/reiseverhalten-der-deutschen-wann-wird-gebucht-und-wohin-wird-es-gehen-2\/","title":{"rendered":"Travel behaviour of Germans: When do they book and where do they go?"},"content":{"rendered":"<div class=\"infogram-embed\" data-id=\"last-minute-1hnp27exn9o1n4g\" data-type=\"interactive\"><\/div><script>!function(e,t,s,i){var n=\"InfogramEmbeds\",o=e.getElementsByTagName(\"script\"),d=o[0],r=\/^http:\/.test(e.location)?\"http:\":\"https:\";if(\/^\\\/{2}\/.test(i)&&(i=r+i),window[n]&&window[n].initialized)window[n].process&&window[n].process();else if(!e.getElementById(s)){var a=e.createElement(\"script\");a.async=1,a.id=s,a.src=i,d.parentNode.insertBefore(a,d)}}(document,0,\"infogram-async\",\"\/\/e.infogram.com\/js\/dist\/embed-loader-min.js\");<\/script>\n<div class=\"page\" title=\"Page 31\">\n<div class=\"section\">\n<div class=\"layoutArea\">\n<div class=\"column\">\n<div class=\"page\" title=\"Page 8\">\n<div class=\"section\">\n<div class=\"layoutArea\">\n<div class=\"column\">\n<div class=\"page\" title=\"Page 7\">\n<div class=\"section\">\n<div class=\"layoutArea\">\n<div class=\"column\">\n<p>&nbsp;<\/p>\n<p><strong>Ergebnisse<\/strong><\/p>\n<p>Etwa jeder zehnte Bundesb\u00fcrger entscheidet sich spontan f\u00fcr ein Urlaubsziel und bucht Last-Minute Reisen. Junge Erwachsene zeigen die mit Abstand h\u00f6chste Affinit\u00e4t, kurzfristig auf Angebote zu reagieren, w\u00e4hrend in allen anderen Lebensphasen st\u00e4rker auf Planungssicherheit gesetzt wird.<\/p>\n<p>&nbsp;<\/p>\n<p><strong>Gr\u00fcnde<\/strong><\/p>\n<p>Last-Minute Reisen erfreuen sich gro\u00dfer Beliebtheit, da sie eine hohe Flexibilit\u00e4t erm\u00f6glichen. Spontane Entscheidungen erlauben es, kurzfristig auf \u00e4u\u00dfere Umst\u00e4nde wie Wetter, ein langes Wochenende oder Resturlaubstage zu reagieren. Auch der Wunsch nach kurzfristiger Abwechslung und dem schnellen Entfliehen aus dem Alltag macht spontane Urlaube attraktiv. Ein weiterer Grund sind die finanziellen Vorteile. Restpl\u00e4tze bei Fluggesellschaften oder Hotels werden oft zu reduzierten Preisen angeboten, was Last-Minute Reisen zu einer kosteng\u00fcnstigen Alternative macht. F\u00fcr viele ist dieses eine M\u00f6glichkeit, auch mit begrenztem Budget interessante Reiseziele zu entdecken.<\/p>\n<p>F\u00fcr junge Erwachsene sind die genannten Gr\u00fcnde besonders wichtig, weshalb sie ein h\u00f6heres Interesse zeigen. Kurzfristige Entscheidungen passen gut zu ihrem Lebensstil, der von Unabh\u00e4ngigkeit und Spontaneit\u00e4t gepr\u00e4gt ist. Sie verf\u00fcgen \u00fcber eine hohe Flexibilit\u00e4t im Alltag durch weniger feste berufliche oder famili\u00e4re Verpflichtungen und k\u00f6nnen so &#8222;in letzter Minute&#8220; attraktive Ziele zu erschwinglichen Preisen entdecken. Hinzu kommt noch ihre ausgepr\u00e4gte Experimentierfreude: Sie reagieren spontan auf aktuelle Trends oder Empfehlungen und verbinden Abenteuerlust mit Freiheit.<\/p>\n<p>Trotz all dieser Vorteile entscheiden sich fast neun von zehn B\u00fcrgern gegen eine spontane Buchung. Ein zentraler Grund hierf\u00fcr ist die fehlende Planungssicherheit. Wer kurzfristig bucht, hat weniger Zeit, sich auf die Reise vorzubereiten, was organisatorische Herausforderungen mit sich bringt. Auch fehlt die Vorfreude, die bei langfristiger Planung entsteht und f\u00fcr viele Reisende ein wichtiger Bestandteil des Urlaubserlebnisses ist. Ein weiterer Nachteil besteht in der eingeschr\u00e4nkten Auswahl. Beliebte Reiseziele oder Unterk\u00fcnfte sind bei kurzfristigen Buchungen h\u00e4ufig bereits ausgebucht. Entsprechend m\u00fcssen Kompromisse eingegangen und sich mit Alternativen zufriedengeben werden, die m\u00f6glicherweise nicht den urspr\u00fcnglichen Vorstellungen entsprechen. Zus\u00e4tzlich kann der spontane Charakter von Last-Minute Reisen unn\u00f6tigen Druck erzeugen. Die Suche nach passenden Angeboten innerhalb kurzer Zeitfenster f\u00fchrt oft zu Stress bei der Reiseplanung. Langfristigere Planungen bleiben daher f\u00fcr viele Bundesb\u00fcrger die bevorzugte Option, um den Urlaub entspannt und nach individuellen W\u00fcnschen gestalten zu k\u00f6nnen.<\/p>\n<p>&nbsp;<\/p>\n<p><strong>Prognose<\/strong><\/p>\n<p>Last-Minute Reisen werden auch in Zukunft eine Option f\u00fcr Kurzentschlossene bleiben, jedoch wird ihre Bedeutung durch technische und wirtschaftliche Entwicklungen neu definiert. Anbieter werden datenbasierte Systeme nutzen, um Auslastungen pr\u00e4ziser zu berechnen und Preise noch dynamisch anzupassen. Hierdurch wird es fr\u00fchzeitig m\u00f6glich sein aufzuzeigen, welche Angebote verf\u00fcgbar sind und zu welchen Konditionen gebucht werden kann.<\/p>\n<p>Durch die Einf\u00fchrung dynamischer Preismodelle steuern Anbieter so ihre Kapazit\u00e4ten effizienter. In Zeiten schwacher Nachfrage sinken die Preise gezielt, um kurzfristig mehr Buchungen zu generieren. Gleichzeitig erh\u00f6hen sich die Preise in stark nachgefragten Zeitr\u00e4umen, wodurch spontane Reisen weniger attraktiv werden. Hierdurch werden Last-Minute-Angebote nicht mehr nur als Schn\u00e4ppchen wahrgenommen, sondern h\u00e4ngen st\u00e4rker von der aktuellen Marktlage ab.<\/p>\n<p>F\u00fcr Reisende und Anbieter ergeben sich hierdurch Vorteile: Eine optimierte Steuerung der Kapazit\u00e4ten verbessert nicht nur die Auslastung, sondern steigert auch die Wirtschaftlichkeit der Tourismusbranche. Reisende profitieren von einer gr\u00f6\u00dferen Transparenz bei der Preisgestaltung, was ihnen eine informierte Entscheidung erm\u00f6glicht.<\/p>\n<\/div>\n<\/div>\n<\/div>\n<\/div>\n<\/div>\n<\/div>\n<\/div>\n<\/div>\n<\/div>\n<\/div>\n<\/div>\n<\/div>\n","protected":false},"excerpt":{"rendered":"<p>Around one in ten German citizens spontaneously decides on a holiday destination and books last-minute trips. Young adults are by far the most likely to react to offers at short notice, while people in all other phases of life are more likely to plan ahead.<\/p>","protected":false},"author":36,"featured_media":5289,"comment_status":"closed","ping_status":"open","sticky":false,"template":"","format":"standard","meta":{"_acf_changed":false,"footnotes":""},"categories":[53],"tags":[67,87,108,105,107,100,80,106],"class_list":["post-5288","post","type-post","status-publish","format-standard","has-post-thumbnail","hentry","category-chart-der-woche","tag-zukunftserwartungen","tag-familie","tag-gesellschaft","tag-vergangenheit","tag-vertrauen","tag-werte","tag-zukunft","tag-zukunftsplaene"],"acf":{"ausgabe_nummer":"Chart der Woche, 2025-KW11","pdf-download_dateiname":"www.stiftungfuerzukunftsfragen.de_reiseverhalten-der-deutschen-wann-wird-gebucht-und-wohin-wird-es-gehen-2.pdf"},"yoast_head":"<!-- This site is optimized with the Yoast SEO plugin v27.1.1 - https:\/\/yoast.com\/product\/yoast-seo-wordpress\/ -->\n<title>Reiseverhalten der Deutschen: Wann wird gebucht, und wohin wird es gehen?<\/title>\n<meta name=\"description\" content=\"Etwa jeder zehnte Bundesb\u00fcrger entscheidet sich spontan f\u00fcr ein Urlaubsziel und bucht Last-Minute Reisen.\" \/>\n<meta name=\"robots\" content=\"index, follow, max-snippet:-1, max-image-preview:large, max-video-preview:-1\" \/>\n<link rel=\"canonical\" href=\"https:\/\/www.stiftungfuerzukunftsfragen.de\/en\/travel-behaviour-of-germans-when-to-book-and-where-to-go-2\/\" \/>\n<meta property=\"og:locale\" content=\"en_GB\" \/>\n<meta property=\"og:type\" content=\"article\" \/>\n<meta property=\"og:title\" content=\"Reiseverhalten der Deutschen: Wann wird gebucht, und wohin wird es gehen?\" \/>\n<meta property=\"og:description\" content=\"Etwa jeder zehnte Bundesb\u00fcrger entscheidet sich spontan f\u00fcr ein Urlaubsziel und bucht Last-Minute Reisen.\" \/>\n<meta property=\"og:url\" content=\"https:\/\/www.stiftungfuerzukunftsfragen.de\/en\/travel-behaviour-of-germans-when-to-book-and-where-to-go-2\/\" \/>\n<meta property=\"og:site_name\" content=\"Stiftung f\u00fcr Zukunftsfragen\" \/>\n<meta property=\"article:publisher\" content=\"https:\/\/www.facebook.com\/pages\/Stiftung-fr-Zukunftsfragen\/207485789294838\" \/>\n<meta property=\"article:published_time\" content=\"2025-03-20T09:59:47+00:00\" \/>\n<meta property=\"article:modified_time\" content=\"2025-10-31T07:04:30+00:00\" \/>\n<meta property=\"og:image\" content=\"https:\/\/www.stiftungfuerzukunftsfragen.de\/wp-content\/uploads\/pexels-moose-photos-170195-1037993.jpg\" \/>\n\t<meta property=\"og:image:width\" content=\"1920\" \/>\n\t<meta property=\"og:image:height\" content=\"1282\" \/>\n\t<meta property=\"og:image:type\" content=\"image\/jpeg\" \/>\n<meta name=\"author\" content=\"guels\" \/>\n<meta name=\"twitter:card\" content=\"summary_large_image\" \/>\n<meta name=\"twitter:label1\" content=\"Written by\" \/>\n\t<meta name=\"twitter:data1\" content=\"guels\" \/>\n\t<meta name=\"twitter:label2\" content=\"Estimated reading time\" \/>\n\t<meta name=\"twitter:data2\" content=\"3 minutes\" \/>\n<script type=\"application\/ld+json\" class=\"yoast-schema-graph\">{\"@context\":\"https:\/\/schema.org\",\"@graph\":[{\"@type\":\"Article\",\"@id\":\"https:\/\/www.stiftungfuerzukunftsfragen.de\/reiseverhalten-der-deutschen-wann-wird-gebucht-und-wohin-wird-es-gehen-2\/#article\",\"isPartOf\":{\"@id\":\"https:\/\/www.stiftungfuerzukunftsfragen.de\/reiseverhalten-der-deutschen-wann-wird-gebucht-und-wohin-wird-es-gehen-2\/\"},\"author\":{\"name\":\"guels\",\"@id\":\"https:\/\/www.stiftungfuerzukunftsfragen.de\/#\/schema\/person\/ab1d46d162c905f85dba6504c00294c4\"},\"headline\":\"Reiseverhalten der Deutschen: Wann wird gebucht, und wohin wird es gehen?\",\"datePublished\":\"2025-03-20T09:59:47+00:00\",\"dateModified\":\"2025-10-31T07:04:30+00:00\",\"mainEntityOfPage\":{\"@id\":\"https:\/\/www.stiftungfuerzukunftsfragen.de\/reiseverhalten-der-deutschen-wann-wird-gebucht-und-wohin-wird-es-gehen-2\/\"},\"wordCount\":579,\"publisher\":{\"@id\":\"https:\/\/www.stiftungfuerzukunftsfragen.de\/#organization\"},\"image\":{\"@id\":\"https:\/\/www.stiftungfuerzukunftsfragen.de\/reiseverhalten-der-deutschen-wann-wird-gebucht-und-wohin-wird-es-gehen-2\/#primaryimage\"},\"thumbnailUrl\":\"https:\/\/www.stiftungfuerzukunftsfragen.de\/wp-content\/uploads\/pexels-moose-photos-170195-1037993.jpg\",\"keywords\":[\"Zukunftserwartungen\",\"Familie\",\"Gesellschaft\",\"Vergangenheit\",\"Vertrauen\",\"Werte\",\"Zukunft\",\"Zukunftspl\u00e4ne\"],\"articleSection\":[\"Chart der Woche\"],\"inLanguage\":\"en-GB\"},{\"@type\":\"WebPage\",\"@id\":\"https:\/\/www.stiftungfuerzukunftsfragen.de\/reiseverhalten-der-deutschen-wann-wird-gebucht-und-wohin-wird-es-gehen-2\/\",\"url\":\"https:\/\/www.stiftungfuerzukunftsfragen.de\/reiseverhalten-der-deutschen-wann-wird-gebucht-und-wohin-wird-es-gehen-2\/\",\"name\":\"Reiseverhalten der Deutschen: Wann wird gebucht, und wohin wird es gehen?\",\"isPartOf\":{\"@id\":\"https:\/\/www.stiftungfuerzukunftsfragen.de\/#website\"},\"primaryImageOfPage\":{\"@id\":\"https:\/\/www.stiftungfuerzukunftsfragen.de\/reiseverhalten-der-deutschen-wann-wird-gebucht-und-wohin-wird-es-gehen-2\/#primaryimage\"},\"image\":{\"@id\":\"https:\/\/www.stiftungfuerzukunftsfragen.de\/reiseverhalten-der-deutschen-wann-wird-gebucht-und-wohin-wird-es-gehen-2\/#primaryimage\"},\"thumbnailUrl\":\"https:\/\/www.stiftungfuerzukunftsfragen.de\/wp-content\/uploads\/pexels-moose-photos-170195-1037993.jpg\",\"datePublished\":\"2025-03-20T09:59:47+00:00\",\"dateModified\":\"2025-10-31T07:04:30+00:00\",\"description\":\"Etwa jeder zehnte Bundesb\u00fcrger entscheidet sich spontan f\u00fcr ein Urlaubsziel und bucht Last-Minute Reisen.\",\"breadcrumb\":{\"@id\":\"https:\/\/www.stiftungfuerzukunftsfragen.de\/reiseverhalten-der-deutschen-wann-wird-gebucht-und-wohin-wird-es-gehen-2\/#breadcrumb\"},\"inLanguage\":\"en-GB\",\"potentialAction\":[{\"@type\":\"ReadAction\",\"target\":[\"https:\/\/www.stiftungfuerzukunftsfragen.de\/reiseverhalten-der-deutschen-wann-wird-gebucht-und-wohin-wird-es-gehen-2\/\"]}]},{\"@type\":\"ImageObject\",\"inLanguage\":\"en-GB\",\"@id\":\"https:\/\/www.stiftungfuerzukunftsfragen.de\/reiseverhalten-der-deutschen-wann-wird-gebucht-und-wohin-wird-es-gehen-2\/#primaryimage\",\"url\":\"https:\/\/www.stiftungfuerzukunftsfragen.de\/wp-content\/uploads\/pexels-moose-photos-170195-1037993.jpg\",\"contentUrl\":\"https:\/\/www.stiftungfuerzukunftsfragen.de\/wp-content\/uploads\/pexels-moose-photos-170195-1037993.jpg\",\"width\":1920,\"height\":1282},{\"@type\":\"BreadcrumbList\",\"@id\":\"https:\/\/www.stiftungfuerzukunftsfragen.de\/reiseverhalten-der-deutschen-wann-wird-gebucht-und-wohin-wird-es-gehen-2\/#breadcrumb\",\"itemListElement\":[{\"@type\":\"ListItem\",\"position\":1,\"name\":\"Startseite\",\"item\":\"https:\/\/www.stiftungfuerzukunftsfragen.de\/\"},{\"@type\":\"ListItem\",\"position\":2,\"name\":\"Reiseverhalten der Deutschen: Wann wird gebucht, und wohin wird es gehen?\"}]},{\"@type\":\"WebSite\",\"@id\":\"https:\/\/www.stiftungfuerzukunftsfragen.de\/#website\",\"url\":\"https:\/\/www.stiftungfuerzukunftsfragen.de\/\",\"name\":\"Stiftung f\u00fcr Zukunftsfragen\",\"description\":\"Eine Initiative von BAT\",\"publisher\":{\"@id\":\"https:\/\/www.stiftungfuerzukunftsfragen.de\/#organization\"},\"potentialAction\":[{\"@type\":\"SearchAction\",\"target\":{\"@type\":\"EntryPoint\",\"urlTemplate\":\"https:\/\/www.stiftungfuerzukunftsfragen.de\/?s={search_term_string}\"},\"query-input\":{\"@type\":\"PropertyValueSpecification\",\"valueRequired\":true,\"valueName\":\"search_term_string\"}}],\"inLanguage\":\"en-GB\"},{\"@type\":\"Organization\",\"@id\":\"https:\/\/www.stiftungfuerzukunftsfragen.de\/#organization\",\"name\":\"Stiftung f\u00fcr Zukunftsfragen\",\"url\":\"https:\/\/www.stiftungfuerzukunftsfragen.de\/\",\"logo\":{\"@type\":\"ImageObject\",\"inLanguage\":\"en-GB\",\"@id\":\"https:\/\/www.stiftungfuerzukunftsfragen.de\/#\/schema\/logo\/image\/\",\"url\":\"https:\/\/www.stiftungfuerzukunftsfragen.de\/wp-content\/uploads\/Stiftung-fuer-Zukunftsfragen-Logo-e1662668075158.png\",\"contentUrl\":\"https:\/\/www.stiftungfuerzukunftsfragen.de\/wp-content\/uploads\/Stiftung-fuer-Zukunftsfragen-Logo-e1662668075158.png\",\"width\":609,\"height\":144,\"caption\":\"Stiftung f\u00fcr Zukunftsfragen\"},\"image\":{\"@id\":\"https:\/\/www.stiftungfuerzukunftsfragen.de\/#\/schema\/logo\/image\/\"},\"sameAs\":[\"https:\/\/www.facebook.com\/pages\/Stiftung-fr-Zukunftsfragen\/207485789294838\"]},{\"@type\":\"Person\",\"@id\":\"https:\/\/www.stiftungfuerzukunftsfragen.de\/#\/schema\/person\/ab1d46d162c905f85dba6504c00294c4\",\"name\":\"guels\"}]}<\/script>\n<!-- \/ Yoast SEO plugin. -->","yoast_head_json":{"title":"Travel behaviour of Germans: When do they book and where do they go?","description":"Around one in ten Germans spontaneously decides on a holiday destination and books last-minute trips.","robots":{"index":"index","follow":"follow","max-snippet":"max-snippet:-1","max-image-preview":"max-image-preview:large","max-video-preview":"max-video-preview:-1"},"canonical":"https:\/\/www.stiftungfuerzukunftsfragen.de\/en\/travel-behaviour-of-germans-when-to-book-and-where-to-go-2\/","og_locale":"en_GB","og_type":"article","og_title":"Reiseverhalten der Deutschen: Wann wird gebucht, und wohin wird es gehen?","og_description":"Etwa jeder zehnte Bundesb\u00fcrger entscheidet sich spontan f\u00fcr ein Urlaubsziel und bucht Last-Minute Reisen.","og_url":"https:\/\/www.stiftungfuerzukunftsfragen.de\/en\/travel-behaviour-of-germans-when-to-book-and-where-to-go-2\/","og_site_name":"Stiftung f\u00fcr Zukunftsfragen","article_publisher":"https:\/\/www.facebook.com\/pages\/Stiftung-fr-Zukunftsfragen\/207485789294838","article_published_time":"2025-03-20T09:59:47+00:00","article_modified_time":"2025-10-31T07:04:30+00:00","og_image":[{"width":1920,"height":1282,"url":"https:\/\/www.stiftungfuerzukunftsfragen.de\/wp-content\/uploads\/pexels-moose-photos-170195-1037993.jpg","type":"image\/jpeg"}],"author":"guels","twitter_card":"summary_large_image","twitter_misc":{"Written by":"guels","Estimated reading time":"3 minutes"},"schema":{"@context":"https:\/\/schema.org","@graph":[{"@type":"Article","@id":"https:\/\/www.stiftungfuerzukunftsfragen.de\/reiseverhalten-der-deutschen-wann-wird-gebucht-und-wohin-wird-es-gehen-2\/#article","isPartOf":{"@id":"https:\/\/www.stiftungfuerzukunftsfragen.de\/reiseverhalten-der-deutschen-wann-wird-gebucht-und-wohin-wird-es-gehen-2\/"},"author":{"name":"guels","@id":"https:\/\/www.stiftungfuerzukunftsfragen.de\/#\/schema\/person\/ab1d46d162c905f85dba6504c00294c4"},"headline":"Reiseverhalten der Deutschen: Wann wird gebucht, und wohin wird es gehen?","datePublished":"2025-03-20T09:59:47+00:00","dateModified":"2025-10-31T07:04:30+00:00","mainEntityOfPage":{"@id":"https:\/\/www.stiftungfuerzukunftsfragen.de\/reiseverhalten-der-deutschen-wann-wird-gebucht-und-wohin-wird-es-gehen-2\/"},"wordCount":579,"publisher":{"@id":"https:\/\/www.stiftungfuerzukunftsfragen.de\/#organization"},"image":{"@id":"https:\/\/www.stiftungfuerzukunftsfragen.de\/reiseverhalten-der-deutschen-wann-wird-gebucht-und-wohin-wird-es-gehen-2\/#primaryimage"},"thumbnailUrl":"https:\/\/www.stiftungfuerzukunftsfragen.de\/wp-content\/uploads\/pexels-moose-photos-170195-1037993.jpg","keywords":["Zukunftserwartungen","Familie","Gesellschaft","Vergangenheit","Vertrauen","Werte","Zukunft","Zukunftspl\u00e4ne"],"articleSection":["Chart der Woche"],"inLanguage":"en-GB"},{"@type":"WebPage","@id":"https:\/\/www.stiftungfuerzukunftsfragen.de\/reiseverhalten-der-deutschen-wann-wird-gebucht-und-wohin-wird-es-gehen-2\/","url":"https:\/\/www.stiftungfuerzukunftsfragen.de\/reiseverhalten-der-deutschen-wann-wird-gebucht-und-wohin-wird-es-gehen-2\/","name":"Travel behaviour of Germans: When do they book and where do they go?","isPartOf":{"@id":"https:\/\/www.stiftungfuerzukunftsfragen.de\/#website"},"primaryImageOfPage":{"@id":"https:\/\/www.stiftungfuerzukunftsfragen.de\/reiseverhalten-der-deutschen-wann-wird-gebucht-und-wohin-wird-es-gehen-2\/#primaryimage"},"image":{"@id":"https:\/\/www.stiftungfuerzukunftsfragen.de\/reiseverhalten-der-deutschen-wann-wird-gebucht-und-wohin-wird-es-gehen-2\/#primaryimage"},"thumbnailUrl":"https:\/\/www.stiftungfuerzukunftsfragen.de\/wp-content\/uploads\/pexels-moose-photos-170195-1037993.jpg","datePublished":"2025-03-20T09:59:47+00:00","dateModified":"2025-10-31T07:04:30+00:00","description":"Around one in ten Germans spontaneously decides on a holiday destination and books last-minute trips.","breadcrumb":{"@id":"https:\/\/www.stiftungfuerzukunftsfragen.de\/reiseverhalten-der-deutschen-wann-wird-gebucht-und-wohin-wird-es-gehen-2\/#breadcrumb"},"inLanguage":"en-GB","potentialAction":[{"@type":"ReadAction","target":["https:\/\/www.stiftungfuerzukunftsfragen.de\/reiseverhalten-der-deutschen-wann-wird-gebucht-und-wohin-wird-es-gehen-2\/"]}]},{"@type":"ImageObject","inLanguage":"en-GB","@id":"https:\/\/www.stiftungfuerzukunftsfragen.de\/reiseverhalten-der-deutschen-wann-wird-gebucht-und-wohin-wird-es-gehen-2\/#primaryimage","url":"https:\/\/www.stiftungfuerzukunftsfragen.de\/wp-content\/uploads\/pexels-moose-photos-170195-1037993.jpg","contentUrl":"https:\/\/www.stiftungfuerzukunftsfragen.de\/wp-content\/uploads\/pexels-moose-photos-170195-1037993.jpg","width":1920,"height":1282},{"@type":"BreadcrumbList","@id":"https:\/\/www.stiftungfuerzukunftsfragen.de\/reiseverhalten-der-deutschen-wann-wird-gebucht-und-wohin-wird-es-gehen-2\/#breadcrumb","itemListElement":[{"@type":"ListItem","position":1,"name":"Startseite","item":"https:\/\/www.stiftungfuerzukunftsfragen.de\/"},{"@type":"ListItem","position":2,"name":"Reiseverhalten der Deutschen: Wann wird gebucht, und wohin wird es gehen?"}]},{"@type":"WebSite","@id":"https:\/\/www.stiftungfuerzukunftsfragen.de\/#website","url":"https:\/\/www.stiftungfuerzukunftsfragen.de\/","name":"Foundation for Future Issues","description":"An initiative by BAT","publisher":{"@id":"https:\/\/www.stiftungfuerzukunftsfragen.de\/#organization"},"potentialAction":[{"@type":"SearchAction","target":{"@type":"EntryPoint","urlTemplate":"https:\/\/www.stiftungfuerzukunftsfragen.de\/?s={search_term_string}"},"query-input":{"@type":"PropertyValueSpecification","valueRequired":true,"valueName":"search_term_string"}}],"inLanguage":"en-GB"},{"@type":"Organization","@id":"https:\/\/www.stiftungfuerzukunftsfragen.de\/#organization","name":"Foundation for Future Issues","url":"https:\/\/www.stiftungfuerzukunftsfragen.de\/","logo":{"@type":"ImageObject","inLanguage":"en-GB","@id":"https:\/\/www.stiftungfuerzukunftsfragen.de\/#\/schema\/logo\/image\/","url":"https:\/\/www.stiftungfuerzukunftsfragen.de\/wp-content\/uploads\/Stiftung-fuer-Zukunftsfragen-Logo-e1662668075158.png","contentUrl":"https:\/\/www.stiftungfuerzukunftsfragen.de\/wp-content\/uploads\/Stiftung-fuer-Zukunftsfragen-Logo-e1662668075158.png","width":609,"height":144,"caption":"Stiftung f\u00fcr Zukunftsfragen"},"image":{"@id":"https:\/\/www.stiftungfuerzukunftsfragen.de\/#\/schema\/logo\/image\/"},"sameAs":["https:\/\/www.facebook.com\/pages\/Stiftung-fr-Zukunftsfragen\/207485789294838"]},{"@type":"Person","@id":"https:\/\/www.stiftungfuerzukunftsfragen.de\/#\/schema\/person\/ab1d46d162c905f85dba6504c00294c4","name":"guels"}]}},"_links":{"self":[{"href":"https:\/\/www.stiftungfuerzukunftsfragen.de\/en\/wp-json\/wp\/v2\/posts\/5288","targetHints":{"allow":["GET"]}}],"collection":[{"href":"https:\/\/www.stiftungfuerzukunftsfragen.de\/en\/wp-json\/wp\/v2\/posts"}],"about":[{"href":"https:\/\/www.stiftungfuerzukunftsfragen.de\/en\/wp-json\/wp\/v2\/types\/post"}],"author":[{"embeddable":true,"href":"https:\/\/www.stiftungfuerzukunftsfragen.de\/en\/wp-json\/wp\/v2\/users\/36"}],"replies":[{"embeddable":true,"href":"https:\/\/www.stiftungfuerzukunftsfragen.de\/en\/wp-json\/wp\/v2\/comments?post=5288"}],"version-history":[{"count":2,"href":"https:\/\/www.stiftungfuerzukunftsfragen.de\/en\/wp-json\/wp\/v2\/posts\/5288\/revisions"}],"predecessor-version":[{"id":6218,"href":"https:\/\/www.stiftungfuerzukunftsfragen.de\/en\/wp-json\/wp\/v2\/posts\/5288\/revisions\/6218"}],"wp:featuredmedia":[{"embeddable":true,"href":"https:\/\/www.stiftungfuerzukunftsfragen.de\/en\/wp-json\/wp\/v2\/media\/5289"}],"wp:attachment":[{"href":"https:\/\/www.stiftungfuerzukunftsfragen.de\/en\/wp-json\/wp\/v2\/media?parent=5288"}],"wp:term":[{"taxonomy":"category","embeddable":true,"href":"https:\/\/www.stiftungfuerzukunftsfragen.de\/en\/wp-json\/wp\/v2\/categories?post=5288"},{"taxonomy":"post_tag","embeddable":true,"href":"https:\/\/www.stiftungfuerzukunftsfragen.de\/en\/wp-json\/wp\/v2\/tags?post=5288"}],"curies":[{"name":"wp","href":"https:\/\/api.w.org\/{rel}","templated":true}]}}