{"id":5300,"date":"2025-03-27T08:30:59","date_gmt":"2025-03-27T07:30:59","guid":{"rendered":"https:\/\/www.stiftungfuerzukunftsfragen.de\/?p=5300"},"modified":"2025-10-31T08:04:25","modified_gmt":"2025-10-31T07:04:25","slug":"the-future-of-travel-where-is-the-journey-really-going-2","status":"publish","type":"post","link":"https:\/\/www.stiftungfuerzukunftsfragen.de\/en\/die-zukunft-des-reisens-wohin-geht-die-reise-wirklich-2\/","title":{"rendered":"The future of travel: where is the journey really going?"},"content":{"rendered":"<div class=\"infogram-embed\" data-id=\"zukunft-reisen-1h0n25oxz5wxz4p\" data-type=\"interactive\"><\/div><script>!function(e,t,s,i){var n=\"InfogramEmbeds\",o=e.getElementsByTagName(\"script\"),d=o[0],r=\/^http:\/.test(e.location)?\"http:\":\"https:\";if(\/^\\\/{2}\/.test(i)&&(i=r+i),window[n]&&window[n].initialized)window[n].process&&window[n].process();else if(!e.getElementById(s)){var a=e.createElement(\"script\");a.async=1,a.id=s,a.src=i,d.parentNode.insertBefore(a,d)}}(document,0,\"infogram-async\",\"\/\/e.infogram.com\/js\/dist\/embed-loader-min.js\");<\/script>\n<div class=\"page\" title=\"Page 31\">\n<div class=\"section\">\n<div class=\"layoutArea\">\n<div class=\"column\">\n<div class=\"page\" title=\"Page 8\">\n<div class=\"section\">\n<div class=\"layoutArea\">\n<div class=\"column\">\n<div class=\"page\" title=\"Page 7\">\n<div class=\"section\">\n<div class=\"layoutArea\">\n<div class=\"column\">\n<p>&nbsp;<\/p>\n<p><strong>Ergebnis<\/strong><\/p>\n<p>Reisen bleibt auch in Zukunft ein zentraler Bestandteil im Leben vieler B\u00fcrger. Gleichzeitig r\u00fccken jedoch touristische Herausforderungen zunehmend ins Bewusstsein, wie z.B. Flight Shaming, der Boom privater Unterk\u00fcnfte oder die Problematik des Overtourism.<\/p>\n<p>Flight Shaming beschreibt die empfundene Scham, wenn Flugreisen angetreten und dabei die klimasch\u00e4dlichen Auswirkungen ignoriert werden. Aktuell \u00e4u\u00dfert jeder siebte dieses Schuldgef\u00fchl, wobei die Unterschiede zwischen den Altersgruppen oder Einkommensgruppen ebenso gering sind wie zwischen Inlands- und Fernreisenden.<\/p>\n<p>Private Unterk\u00fcnfte gewinnen in Zukunft an Bedeutung. Aktuell \u00fcbernachtet etwa jeder zehnte in einer Ferienwohnung oder einem Ferienhaus \u2013 in Zukunft planen 14 Prozent diese Unterkunftsart h\u00e4ufiger zu nutzen.<\/p>\n<p>Overtourism ist bereits gegenw\u00e4rtig eine Herausforderung f\u00fcr zahlreiche Destination. St\u00e4dte wie Venedig oder Barcelona leiden ebenso wie bestimmte Museen, historische St\u00e4tten oder empfindliche \u00d6kosysteme unter den Folgen des Massentourismus. Nur eine Minderheit von acht Prozent sieht kostenpflichtige Vorab-Reservierung als sinnvolle M\u00f6glichkeit, um Sehensw\u00fcrdigkeiten zu sch\u00fctzen, Umweltbelastungen zu verringern und Konflikte zwischen Touristen und Anwohnern zu reduzieren.<\/p>\n<p>&nbsp;<\/p>\n<p><strong>Gr\u00fcnde<\/strong><\/p>\n<p>Im Bereich des Flugverkehrs zeigt sich eine Diskrepanz zwischen Wissen und Handeln. Vielen B\u00fcrgern sind die klimasch\u00e4dlichen Auswirkungen des Fliegens bewusst, wollen aber trotzdem nicht auf die Flugreise verzichten (ein Hin- und R\u00fcckflug von Berlin nach Buenos Aires verursacht beispielsweise in etwa genauso viele CO\u2082-Emissionen wie der durchschnittliche j\u00e4hrliche Pro-Kopf-Aussto\u00df in Deutschland).\u00a0 Alternativen werden oft als teurer, zeitaufw\u00e4ndig oder schlicht nicht verf\u00fcgbar angesehen. Zudem \u00fcberwiegt der Wunsch nach pers\u00f6nlicher Freiheit und Mobilit\u00e4t gegen\u00fcber dem Gef\u00fchl von Verantwortung f\u00fcr den Klimaschutz zu tragen.<\/p>\n<p>Private Unterk\u00fcnfte werden vor allem wegen ihrer Authentizit\u00e4t gesch\u00e4tzt: G\u00e4ste erhalten direkten Kontakt zu Gastgebern und Einblicke in die lokale Kultur, w\u00e4hrend sie gleichzeitig von Selbstversorgungsm\u00f6glichkeiten und g\u00fcnstigeren \u00dcbernachtungskosten im Vergleich zu Hotelpreisen profitieren. Dabei wird die Tatsache ignoriert, dass diese Vorteile oft auf Kosten der lokalen Bev\u00f6lkerung gehen. So vermieten Eigent\u00fcmer Wohnungen lieber an Touristen als langfristig an Einheimische. Dieses f\u00fchrt zu steigenden Mietpreisen und Verdr\u00e4ngung der lokalen Bev\u00f6lkerung. Ebenso f\u00fchren Kurzzeitvermietungen oft zu L\u00e4rmbel\u00e4stigungen und Konflikten mit Nachbarn, da Touristen andere Bed\u00fcrfnisse und Verhaltensweisen haben als Anwohner.<\/p>\n<p>Overtourism entsteht vor allem durch die ungebremste Attraktivit\u00e4t beliebter Reiseziele. Die Reisenden wollen die Highlights sehen und erleben und sei es auch gemeinsam mit (sehr, sehr) vielen anderen. Gleichzeitig steigt die Anzahl von Touristen \u2013 unabh\u00e4ngig, ob im In- oder Ausland. Eine Besuchersteuerung durch Reservierungen w\u00fcrden zwar viele G\u00e4ste begr\u00fc\u00dfen, jedoch ist die Bereitschaft gering hierf\u00fcr zu bezahlen, Kompromisse bei den Zeiten einzugehen oder gar bestimmte Str\u00e4nde, Museen oder Innenst\u00e4dte nicht besuchen zu k\u00f6nnen \u2013 f\u00fcr die \u00dcberf\u00fcllung sind schlie\u00dflich stets die Anderen verantwortlich und nicht man selbst.<\/p>\n<p>&nbsp;<\/p>\n<p><strong>Prognose<\/strong><\/p>\n<p>Im Bereich des Flugverkehrs werden Innovationen und Investitionen in emissionsfreiere Technologien helfen, den \u00f6kologischen Fu\u00dfabdruck des Fliegens zu reduzieren. Gef\u00f6rdert werden diese Entwicklungen durch strengere Regulierungen sowie h\u00f6here Kosten f\u00fcr Flugreisen. Einher geht hiermit jedoch auch die Gefahr einer zunehmenden Spaltung auf Reisen in diejenigen, die h\u00f6here Preise bezahlen k\u00f6nnen und jene, die auf andere Verkehrsmittel und Urlaubsorte ausweichen m\u00fcssen.<\/p>\n<p>Zuk\u00fcnftig werde immer mehr St\u00e4dte klare Regeln einf\u00fchren, um negative Auswirkungen durch private Vermietungen auf den Wohnungsmarkt zu minimieren \u2013 etwa durch Begrenzungen bei Vermietungstagen oder h\u00f6here Abgaben f\u00fcr Vermieter. Plattformen wie Airbnb selbst k\u00f6nnten L\u00f6sungen entwickeln, zum Beispiel eine zus\u00e4tzliche Abgabe, die dann direkt in lokale Projekte investiert wird, wie in den Bau von bezahlbarem Wohnraum, um die Herausforderungen etwas zu reduzieren.<\/p>\n<p>Im Kampf gegen Overtourism werden langfristig kostenpflichtige Zugangsbeschr\u00e4nkungen f\u00fcr stark frequentierte Attraktionen eingef\u00fchrt werden. Eine Staffelung der Geb\u00fchren nach Tageszeit oder Saison wird helfen Sto\u00dfzeiten zu entzerren und gleichzeitig Einnahmen zu generieren, die in den Erhalt von Attraktionen flie\u00dfen.<\/p>\n<\/div>\n<\/div>\n<\/div>\n<\/div>\n<\/div>\n<\/div>\n<\/div>\n<\/div>\n<\/div>\n<\/div>\n<\/div>\n<\/div>\n","protected":false},"excerpt":{"rendered":"<p>Travelling will remain a central part of many people's lives in the future. At the same time, however, there is a growing awareness of the challenges facing tourism, such as flight shaming, the boom in private accommodation and the problem of overtourism.<\/p>","protected":false},"author":36,"featured_media":5301,"comment_status":"closed","ping_status":"open","sticky":false,"template":"","format":"standard","meta":{"_acf_changed":false,"footnotes":""},"categories":[53],"tags":[67,87,108,105,107,100,80,106],"class_list":["post-5300","post","type-post","status-publish","format-standard","has-post-thumbnail","hentry","category-chart-der-woche","tag-zukunftserwartungen","tag-familie","tag-gesellschaft","tag-vergangenheit","tag-vertrauen","tag-werte","tag-zukunft","tag-zukunftsplaene"],"acf":{"ausgabe_nummer":"Chart der Woche, 2025-KW13","pdf-download_dateiname":"www.stiftungfuerzukunftsfragen.de_die-zukunft-des-reisens-wohin-geht-die-reise-wirklich-2.pdf"},"yoast_head":"<!-- This site is optimized with the Yoast SEO plugin v27.1.1 - https:\/\/yoast.com\/product\/yoast-seo-wordpress\/ -->\n<title>Die Zukunft des Reisens: Wohin geht die Reise wirklich?<\/title>\n<meta name=\"description\" content=\"Zunehmend r\u00fccken touristische Herausforderungen ins Bewusstsein, wie z.B. Flight Shaming, der Boom privater Unterk\u00fcnfte oder Overtourism.\" \/>\n<meta name=\"robots\" content=\"index, follow, max-snippet:-1, max-image-preview:large, max-video-preview:-1\" \/>\n<link rel=\"canonical\" href=\"https:\/\/www.stiftungfuerzukunftsfragen.de\/en\/the-future-of-travel-where-is-the-journey-really-going-2\/\" \/>\n<meta property=\"og:locale\" content=\"en_GB\" \/>\n<meta property=\"og:type\" content=\"article\" \/>\n<meta property=\"og:title\" content=\"Die Zukunft des Reisens: Wohin geht die Reise wirklich?\" \/>\n<meta property=\"og:description\" content=\"Zunehmend r\u00fccken touristische Herausforderungen ins Bewusstsein, wie z.B. Flight Shaming, der Boom privater Unterk\u00fcnfte oder Overtourism.\" \/>\n<meta property=\"og:url\" content=\"https:\/\/www.stiftungfuerzukunftsfragen.de\/en\/the-future-of-travel-where-is-the-journey-really-going-2\/\" \/>\n<meta property=\"og:site_name\" content=\"Stiftung f\u00fcr Zukunftsfragen\" \/>\n<meta property=\"article:publisher\" content=\"https:\/\/www.facebook.com\/pages\/Stiftung-fr-Zukunftsfragen\/207485789294838\" \/>\n<meta property=\"article:published_time\" content=\"2025-03-27T07:30:59+00:00\" \/>\n<meta property=\"article:modified_time\" content=\"2025-10-31T07:04:25+00:00\" \/>\n<meta property=\"og:image\" content=\"https:\/\/www.stiftungfuerzukunftsfragen.de\/wp-content\/uploads\/pexels-hert-3224225-scaled-e1742473619994.jpg\" \/>\n\t<meta property=\"og:image:width\" content=\"1698\" \/>\n\t<meta property=\"og:image:height\" content=\"1502\" \/>\n\t<meta property=\"og:image:type\" content=\"image\/jpeg\" \/>\n<meta name=\"author\" content=\"guels\" \/>\n<meta name=\"twitter:card\" content=\"summary_large_image\" \/>\n<meta name=\"twitter:label1\" content=\"Written by\" \/>\n\t<meta name=\"twitter:data1\" content=\"guels\" \/>\n\t<meta name=\"twitter:label2\" content=\"Estimated reading time\" \/>\n\t<meta name=\"twitter:data2\" content=\"3 minutes\" \/>\n<script type=\"application\/ld+json\" class=\"yoast-schema-graph\">{\"@context\":\"https:\/\/schema.org\",\"@graph\":[{\"@type\":\"Article\",\"@id\":\"https:\/\/www.stiftungfuerzukunftsfragen.de\/die-zukunft-des-reisens-wohin-geht-die-reise-wirklich-2\/#article\",\"isPartOf\":{\"@id\":\"https:\/\/www.stiftungfuerzukunftsfragen.de\/die-zukunft-des-reisens-wohin-geht-die-reise-wirklich-2\/\"},\"author\":{\"name\":\"guels\",\"@id\":\"https:\/\/www.stiftungfuerzukunftsfragen.de\/#\/schema\/person\/ab1d46d162c905f85dba6504c00294c4\"},\"headline\":\"Die Zukunft des Reisens: Wohin geht die Reise wirklich?\",\"datePublished\":\"2025-03-27T07:30:59+00:00\",\"dateModified\":\"2025-10-31T07:04:25+00:00\",\"mainEntityOfPage\":{\"@id\":\"https:\/\/www.stiftungfuerzukunftsfragen.de\/die-zukunft-des-reisens-wohin-geht-die-reise-wirklich-2\/\"},\"wordCount\":675,\"publisher\":{\"@id\":\"https:\/\/www.stiftungfuerzukunftsfragen.de\/#organization\"},\"image\":{\"@id\":\"https:\/\/www.stiftungfuerzukunftsfragen.de\/die-zukunft-des-reisens-wohin-geht-die-reise-wirklich-2\/#primaryimage\"},\"thumbnailUrl\":\"https:\/\/www.stiftungfuerzukunftsfragen.de\/wp-content\/uploads\/pexels-hert-3224225-scaled-e1742473619994.jpg\",\"keywords\":[\"Zukunftserwartungen\",\"Familie\",\"Gesellschaft\",\"Vergangenheit\",\"Vertrauen\",\"Werte\",\"Zukunft\",\"Zukunftspl\u00e4ne\"],\"articleSection\":[\"Chart der Woche\"],\"inLanguage\":\"en-GB\"},{\"@type\":\"WebPage\",\"@id\":\"https:\/\/www.stiftungfuerzukunftsfragen.de\/die-zukunft-des-reisens-wohin-geht-die-reise-wirklich-2\/\",\"url\":\"https:\/\/www.stiftungfuerzukunftsfragen.de\/die-zukunft-des-reisens-wohin-geht-die-reise-wirklich-2\/\",\"name\":\"Die Zukunft des Reisens: Wohin geht die Reise wirklich?\",\"isPartOf\":{\"@id\":\"https:\/\/www.stiftungfuerzukunftsfragen.de\/#website\"},\"primaryImageOfPage\":{\"@id\":\"https:\/\/www.stiftungfuerzukunftsfragen.de\/die-zukunft-des-reisens-wohin-geht-die-reise-wirklich-2\/#primaryimage\"},\"image\":{\"@id\":\"https:\/\/www.stiftungfuerzukunftsfragen.de\/die-zukunft-des-reisens-wohin-geht-die-reise-wirklich-2\/#primaryimage\"},\"thumbnailUrl\":\"https:\/\/www.stiftungfuerzukunftsfragen.de\/wp-content\/uploads\/pexels-hert-3224225-scaled-e1742473619994.jpg\",\"datePublished\":\"2025-03-27T07:30:59+00:00\",\"dateModified\":\"2025-10-31T07:04:25+00:00\",\"description\":\"Zunehmend r\u00fccken touristische Herausforderungen ins Bewusstsein, wie z.B. Flight Shaming, der Boom privater Unterk\u00fcnfte oder Overtourism.\",\"breadcrumb\":{\"@id\":\"https:\/\/www.stiftungfuerzukunftsfragen.de\/die-zukunft-des-reisens-wohin-geht-die-reise-wirklich-2\/#breadcrumb\"},\"inLanguage\":\"en-GB\",\"potentialAction\":[{\"@type\":\"ReadAction\",\"target\":[\"https:\/\/www.stiftungfuerzukunftsfragen.de\/die-zukunft-des-reisens-wohin-geht-die-reise-wirklich-2\/\"]}]},{\"@type\":\"ImageObject\",\"inLanguage\":\"en-GB\",\"@id\":\"https:\/\/www.stiftungfuerzukunftsfragen.de\/die-zukunft-des-reisens-wohin-geht-die-reise-wirklich-2\/#primaryimage\",\"url\":\"https:\/\/www.stiftungfuerzukunftsfragen.de\/wp-content\/uploads\/pexels-hert-3224225-scaled-e1742473619994.jpg\",\"contentUrl\":\"https:\/\/www.stiftungfuerzukunftsfragen.de\/wp-content\/uploads\/pexels-hert-3224225-scaled-e1742473619994.jpg\",\"width\":1698,\"height\":1502},{\"@type\":\"BreadcrumbList\",\"@id\":\"https:\/\/www.stiftungfuerzukunftsfragen.de\/die-zukunft-des-reisens-wohin-geht-die-reise-wirklich-2\/#breadcrumb\",\"itemListElement\":[{\"@type\":\"ListItem\",\"position\":1,\"name\":\"Startseite\",\"item\":\"https:\/\/www.stiftungfuerzukunftsfragen.de\/\"},{\"@type\":\"ListItem\",\"position\":2,\"name\":\"Die Zukunft des Reisens: Wohin geht die Reise wirklich?\"}]},{\"@type\":\"WebSite\",\"@id\":\"https:\/\/www.stiftungfuerzukunftsfragen.de\/#website\",\"url\":\"https:\/\/www.stiftungfuerzukunftsfragen.de\/\",\"name\":\"Stiftung f\u00fcr Zukunftsfragen\",\"description\":\"Eine Initiative von BAT\",\"publisher\":{\"@id\":\"https:\/\/www.stiftungfuerzukunftsfragen.de\/#organization\"},\"potentialAction\":[{\"@type\":\"SearchAction\",\"target\":{\"@type\":\"EntryPoint\",\"urlTemplate\":\"https:\/\/www.stiftungfuerzukunftsfragen.de\/?s={search_term_string}\"},\"query-input\":{\"@type\":\"PropertyValueSpecification\",\"valueRequired\":true,\"valueName\":\"search_term_string\"}}],\"inLanguage\":\"en-GB\"},{\"@type\":\"Organization\",\"@id\":\"https:\/\/www.stiftungfuerzukunftsfragen.de\/#organization\",\"name\":\"Stiftung f\u00fcr Zukunftsfragen\",\"url\":\"https:\/\/www.stiftungfuerzukunftsfragen.de\/\",\"logo\":{\"@type\":\"ImageObject\",\"inLanguage\":\"en-GB\",\"@id\":\"https:\/\/www.stiftungfuerzukunftsfragen.de\/#\/schema\/logo\/image\/\",\"url\":\"https:\/\/www.stiftungfuerzukunftsfragen.de\/wp-content\/uploads\/Stiftung-fuer-Zukunftsfragen-Logo-e1662668075158.png\",\"contentUrl\":\"https:\/\/www.stiftungfuerzukunftsfragen.de\/wp-content\/uploads\/Stiftung-fuer-Zukunftsfragen-Logo-e1662668075158.png\",\"width\":609,\"height\":144,\"caption\":\"Stiftung f\u00fcr Zukunftsfragen\"},\"image\":{\"@id\":\"https:\/\/www.stiftungfuerzukunftsfragen.de\/#\/schema\/logo\/image\/\"},\"sameAs\":[\"https:\/\/www.facebook.com\/pages\/Stiftung-fr-Zukunftsfragen\/207485789294838\"]},{\"@type\":\"Person\",\"@id\":\"https:\/\/www.stiftungfuerzukunftsfragen.de\/#\/schema\/person\/ab1d46d162c905f85dba6504c00294c4\",\"name\":\"guels\"}]}<\/script>\n<!-- \/ Yoast SEO plugin. -->","yoast_head_json":{"title":"The future of travel: where is the journey really going?","description":"There is a growing awareness of the challenges facing tourism, such as flight shaming, the boom in private accommodation and overtourism.","robots":{"index":"index","follow":"follow","max-snippet":"max-snippet:-1","max-image-preview":"max-image-preview:large","max-video-preview":"max-video-preview:-1"},"canonical":"https:\/\/www.stiftungfuerzukunftsfragen.de\/en\/the-future-of-travel-where-is-the-journey-really-going-2\/","og_locale":"en_GB","og_type":"article","og_title":"Die Zukunft des Reisens: Wohin geht die Reise wirklich?","og_description":"Zunehmend r\u00fccken touristische Herausforderungen ins Bewusstsein, wie z.B. Flight Shaming, der Boom privater Unterk\u00fcnfte oder Overtourism.","og_url":"https:\/\/www.stiftungfuerzukunftsfragen.de\/en\/the-future-of-travel-where-is-the-journey-really-going-2\/","og_site_name":"Stiftung f\u00fcr Zukunftsfragen","article_publisher":"https:\/\/www.facebook.com\/pages\/Stiftung-fr-Zukunftsfragen\/207485789294838","article_published_time":"2025-03-27T07:30:59+00:00","article_modified_time":"2025-10-31T07:04:25+00:00","og_image":[{"width":1698,"height":1502,"url":"https:\/\/www.stiftungfuerzukunftsfragen.de\/wp-content\/uploads\/pexels-hert-3224225-scaled-e1742473619994.jpg","type":"image\/jpeg"}],"author":"guels","twitter_card":"summary_large_image","twitter_misc":{"Written by":"guels","Estimated reading time":"3 minutes"},"schema":{"@context":"https:\/\/schema.org","@graph":[{"@type":"Article","@id":"https:\/\/www.stiftungfuerzukunftsfragen.de\/die-zukunft-des-reisens-wohin-geht-die-reise-wirklich-2\/#article","isPartOf":{"@id":"https:\/\/www.stiftungfuerzukunftsfragen.de\/die-zukunft-des-reisens-wohin-geht-die-reise-wirklich-2\/"},"author":{"name":"guels","@id":"https:\/\/www.stiftungfuerzukunftsfragen.de\/#\/schema\/person\/ab1d46d162c905f85dba6504c00294c4"},"headline":"Die Zukunft des Reisens: Wohin geht die Reise wirklich?","datePublished":"2025-03-27T07:30:59+00:00","dateModified":"2025-10-31T07:04:25+00:00","mainEntityOfPage":{"@id":"https:\/\/www.stiftungfuerzukunftsfragen.de\/die-zukunft-des-reisens-wohin-geht-die-reise-wirklich-2\/"},"wordCount":675,"publisher":{"@id":"https:\/\/www.stiftungfuerzukunftsfragen.de\/#organization"},"image":{"@id":"https:\/\/www.stiftungfuerzukunftsfragen.de\/die-zukunft-des-reisens-wohin-geht-die-reise-wirklich-2\/#primaryimage"},"thumbnailUrl":"https:\/\/www.stiftungfuerzukunftsfragen.de\/wp-content\/uploads\/pexels-hert-3224225-scaled-e1742473619994.jpg","keywords":["Zukunftserwartungen","Familie","Gesellschaft","Vergangenheit","Vertrauen","Werte","Zukunft","Zukunftspl\u00e4ne"],"articleSection":["Chart der Woche"],"inLanguage":"en-GB"},{"@type":"WebPage","@id":"https:\/\/www.stiftungfuerzukunftsfragen.de\/die-zukunft-des-reisens-wohin-geht-die-reise-wirklich-2\/","url":"https:\/\/www.stiftungfuerzukunftsfragen.de\/die-zukunft-des-reisens-wohin-geht-die-reise-wirklich-2\/","name":"The future of travel: where is the journey really going?","isPartOf":{"@id":"https:\/\/www.stiftungfuerzukunftsfragen.de\/#website"},"primaryImageOfPage":{"@id":"https:\/\/www.stiftungfuerzukunftsfragen.de\/die-zukunft-des-reisens-wohin-geht-die-reise-wirklich-2\/#primaryimage"},"image":{"@id":"https:\/\/www.stiftungfuerzukunftsfragen.de\/die-zukunft-des-reisens-wohin-geht-die-reise-wirklich-2\/#primaryimage"},"thumbnailUrl":"https:\/\/www.stiftungfuerzukunftsfragen.de\/wp-content\/uploads\/pexels-hert-3224225-scaled-e1742473619994.jpg","datePublished":"2025-03-27T07:30:59+00:00","dateModified":"2025-10-31T07:04:25+00:00","description":"There is a growing awareness of the challenges facing tourism, such as flight shaming, the boom in private accommodation and overtourism.","breadcrumb":{"@id":"https:\/\/www.stiftungfuerzukunftsfragen.de\/die-zukunft-des-reisens-wohin-geht-die-reise-wirklich-2\/#breadcrumb"},"inLanguage":"en-GB","potentialAction":[{"@type":"ReadAction","target":["https:\/\/www.stiftungfuerzukunftsfragen.de\/die-zukunft-des-reisens-wohin-geht-die-reise-wirklich-2\/"]}]},{"@type":"ImageObject","inLanguage":"en-GB","@id":"https:\/\/www.stiftungfuerzukunftsfragen.de\/die-zukunft-des-reisens-wohin-geht-die-reise-wirklich-2\/#primaryimage","url":"https:\/\/www.stiftungfuerzukunftsfragen.de\/wp-content\/uploads\/pexels-hert-3224225-scaled-e1742473619994.jpg","contentUrl":"https:\/\/www.stiftungfuerzukunftsfragen.de\/wp-content\/uploads\/pexels-hert-3224225-scaled-e1742473619994.jpg","width":1698,"height":1502},{"@type":"BreadcrumbList","@id":"https:\/\/www.stiftungfuerzukunftsfragen.de\/die-zukunft-des-reisens-wohin-geht-die-reise-wirklich-2\/#breadcrumb","itemListElement":[{"@type":"ListItem","position":1,"name":"Startseite","item":"https:\/\/www.stiftungfuerzukunftsfragen.de\/"},{"@type":"ListItem","position":2,"name":"Die Zukunft des Reisens: Wohin geht die Reise wirklich?"}]},{"@type":"WebSite","@id":"https:\/\/www.stiftungfuerzukunftsfragen.de\/#website","url":"https:\/\/www.stiftungfuerzukunftsfragen.de\/","name":"Foundation for Future Issues","description":"An initiative by BAT","publisher":{"@id":"https:\/\/www.stiftungfuerzukunftsfragen.de\/#organization"},"potentialAction":[{"@type":"SearchAction","target":{"@type":"EntryPoint","urlTemplate":"https:\/\/www.stiftungfuerzukunftsfragen.de\/?s={search_term_string}"},"query-input":{"@type":"PropertyValueSpecification","valueRequired":true,"valueName":"search_term_string"}}],"inLanguage":"en-GB"},{"@type":"Organization","@id":"https:\/\/www.stiftungfuerzukunftsfragen.de\/#organization","name":"Foundation for Future Issues","url":"https:\/\/www.stiftungfuerzukunftsfragen.de\/","logo":{"@type":"ImageObject","inLanguage":"en-GB","@id":"https:\/\/www.stiftungfuerzukunftsfragen.de\/#\/schema\/logo\/image\/","url":"https:\/\/www.stiftungfuerzukunftsfragen.de\/wp-content\/uploads\/Stiftung-fuer-Zukunftsfragen-Logo-e1662668075158.png","contentUrl":"https:\/\/www.stiftungfuerzukunftsfragen.de\/wp-content\/uploads\/Stiftung-fuer-Zukunftsfragen-Logo-e1662668075158.png","width":609,"height":144,"caption":"Stiftung f\u00fcr Zukunftsfragen"},"image":{"@id":"https:\/\/www.stiftungfuerzukunftsfragen.de\/#\/schema\/logo\/image\/"},"sameAs":["https:\/\/www.facebook.com\/pages\/Stiftung-fr-Zukunftsfragen\/207485789294838"]},{"@type":"Person","@id":"https:\/\/www.stiftungfuerzukunftsfragen.de\/#\/schema\/person\/ab1d46d162c905f85dba6504c00294c4","name":"guels"}]}},"_links":{"self":[{"href":"https:\/\/www.stiftungfuerzukunftsfragen.de\/en\/wp-json\/wp\/v2\/posts\/5300","targetHints":{"allow":["GET"]}}],"collection":[{"href":"https:\/\/www.stiftungfuerzukunftsfragen.de\/en\/wp-json\/wp\/v2\/posts"}],"about":[{"href":"https:\/\/www.stiftungfuerzukunftsfragen.de\/en\/wp-json\/wp\/v2\/types\/post"}],"author":[{"embeddable":true,"href":"https:\/\/www.stiftungfuerzukunftsfragen.de\/en\/wp-json\/wp\/v2\/users\/36"}],"replies":[{"embeddable":true,"href":"https:\/\/www.stiftungfuerzukunftsfragen.de\/en\/wp-json\/wp\/v2\/comments?post=5300"}],"version-history":[{"count":2,"href":"https:\/\/www.stiftungfuerzukunftsfragen.de\/en\/wp-json\/wp\/v2\/posts\/5300\/revisions"}],"predecessor-version":[{"id":6216,"href":"https:\/\/www.stiftungfuerzukunftsfragen.de\/en\/wp-json\/wp\/v2\/posts\/5300\/revisions\/6216"}],"wp:featuredmedia":[{"embeddable":true,"href":"https:\/\/www.stiftungfuerzukunftsfragen.de\/en\/wp-json\/wp\/v2\/media\/5301"}],"wp:attachment":[{"href":"https:\/\/www.stiftungfuerzukunftsfragen.de\/en\/wp-json\/wp\/v2\/media?parent=5300"}],"wp:term":[{"taxonomy":"category","embeddable":true,"href":"https:\/\/www.stiftungfuerzukunftsfragen.de\/en\/wp-json\/wp\/v2\/categories?post=5300"},{"taxonomy":"post_tag","embeddable":true,"href":"https:\/\/www.stiftungfuerzukunftsfragen.de\/en\/wp-json\/wp\/v2\/tags?post=5300"}],"curies":[{"name":"wp","href":"https:\/\/api.w.org\/{rel}","templated":true}]}}