{"id":5485,"date":"2025-07-17T06:26:45","date_gmt":"2025-07-17T04:26:45","guid":{"rendered":"https:\/\/www.stiftungfuerzukunftsfragen.de\/?p=5485"},"modified":"2025-10-31T08:03:43","modified_gmt":"2025-10-31T07:03:43","slug":"living-independently-and-safely-in-old-age","status":"publish","type":"post","link":"https:\/\/www.stiftungfuerzukunftsfragen.de\/en\/wohnen-im-alter-selbstbestimmt-sicher-und-mittendrin\/","title":{"rendered":"Living in old age: self-determined, safe and in the centre of things?"},"content":{"rendered":"<div class=\"infogram-embed\" data-id=\"wohnen-im-alter-1hnq41o1l0gdk23\" data-type=\"interactive\"><\/div><script>!function(e,t,s,i){var n=\"InfogramEmbeds\",o=e.getElementsByTagName(\"script\"),d=o[0],r=\/^http:\/.test(e.location)?\"http:\":\"https:\";if(\/^\\\/{2}\/.test(i)&&(i=r+i),window[n]&&window[n].initialized)window[n].process&&window[n].process();else if(!e.getElementById(s)){var a=e.createElement(\"script\");a.async=1,a.id=s,a.src=i,d.parentNode.insertBefore(a,d)}}(document,0,\"infogram-async\",\"\/\/e.infogram.com\/js\/dist\/embed-loader-min.js\");<\/script>\n<div class=\"page\" title=\"Page 31\">\n<div class=\"section\">\n<div class=\"layoutArea\">\n<div class=\"column\">\n<div class=\"page\" title=\"Page 8\">\n<div class=\"section\">\n<div class=\"layoutArea\">\n<div class=\"column\">\n<div class=\"page\" title=\"Page 7\">\n<div class=\"section\">\n<div class=\"layoutArea\">\n<div class=\"column\">\n<p>&nbsp;<\/p>\n<p><strong>Ergebnis<\/strong><\/p>\n<p>Viele Menschen m\u00f6chten im Alter m\u00f6glichst lange selbstbestimmt in ihrer eigenen Wohnung leben. Dabei geht es nicht nur um Barrierefreiheit, sondern auch um Sicherheit, Autonomie und Anschluss an das soziale Umfeld. Wohnformen mit unterst\u00fctzenden Angeboten \u2013 etwa ambulante Pflege oder hausnahe Dienstleistungen \u2013 gewinnen an Bedeutung, klassische Pflegeeinrichtungen r\u00fccken meist erst in h\u00f6herem Alter in den Fokus.<\/p>\n<p>Gemeinschaftliches Wohnen im Alter wird zunehmend diskutiert, bleibt bislang aber eine Ausnahme. Die Mehrheit bevorzugt Wohnl\u00f6sungen, die R\u00fcckzug erm\u00f6glichen, aber bei Bedarf Unterst\u00fctzung bieten. Der Wunsch nach Kontinuit\u00e4t ist hoch \u2013 viele m\u00f6chten bleiben, wo sie sind.<\/p>\n<p><strong>Gr\u00fcnde<\/strong><\/p>\n<p>Die bestehenden Wohnverh\u00e4ltnisse sind h\u00e4ufig nicht auf die Bed\u00fcrfnisse im Alter ausgerichtet. Ein Gro\u00dfteil der Wohnungen ist nicht barrierearm, Umz\u00fcge sind organisatorisch und finanziell anspruchsvoll, passende Alternativen oft schwer zu finden.<\/p>\n<p>Gleichzeitig nimmt der Unterst\u00fctzungsbedarf im Alter zu \u2013 die Zahl der pflegebed\u00fcrftigen Menschen ist in den letzten Jahren deutlich gestiegen. Dennoch bleibt der Wunsch nach Selbstst\u00e4ndigkeit stabil. Internationale Modelle zeigen, dass flexible, mehrstufige Wohnformen mit abgestuften Unterst\u00fctzungsangeboten diesen Anforderungen gerecht werden k\u00f6nnen.<\/p>\n<p>Zudem gewinnt das Thema Gemeinschaft an Bedeutung \u2013 nicht im Sinne enger Bindung, sondern als M\u00f6glichkeit, Verantwortung zu teilen und soziale Isolation zu vermeiden.<\/p>\n<p><strong>Prognose<\/strong><\/p>\n<p>In einer \u00e4lter werdenden Gesellschaft wird die Frage nach geeigneten Wohnformen weiter an Bedeutung gewinnen. Ben\u00f6tigt werden Angebote, die zwischen Eigenst\u00e4ndigkeit und Pflege vermitteln, bezahlbar sind und unterschiedliche Lebensentw\u00fcrfe ber\u00fccksichtigen.<\/p>\n<p>Altersgerechter Umbau, quartiersnahe Konzepte und neue Wohnmodelle sind zentrale Stellschrauben. Ebenso wichtig ist eine Kultur des Alterns, die auf Teilhabe, Wahlfreiheit und W\u00fcrde setzt \u2013 nicht erst im Pflegefall, sondern bereits in der Planung des Wohnens.<\/p>\n<p>Wohnen im Alter ist damit nicht nur ein individuelles Anliegen \u2013 sondern eine gesellschaftliche Zukunftsaufgabe.<\/p>\n<p>&nbsp;<\/p>\n<\/div>\n<\/div>\n<\/div>\n<\/div>\n<\/div>\n<\/div>\n<\/div>\n<\/div>\n<\/div>\n<\/div>\n<\/div>\n<\/div>\n","protected":false},"excerpt":{"rendered":"<p>How do we want to live in old age \u2013 independently, with care, or together with others? Many have clear ideas, but few find suitable options. What&#039;s missing, what works \u2013 and what do we need to rethink? A look at the housing preferences of older people reveals what will be important in the future.<\/p>","protected":false},"author":36,"featured_media":3462,"comment_status":"closed","ping_status":"open","sticky":false,"template":"","format":"standard","meta":{"_acf_changed":false,"footnotes":""},"categories":[53],"tags":[67,87,108,105,107,100,80,106],"class_list":["post-5485","post","type-post","status-publish","format-standard","has-post-thumbnail","hentry","category-chart-der-woche","tag-zukunftserwartungen","tag-familie","tag-gesellschaft","tag-vergangenheit","tag-vertrauen","tag-werte","tag-zukunft","tag-zukunftsplaene"],"acf":{"ausgabe_nummer":"Chart der Woche, 2025-KW29","pdf-download_dateiname":"","markdown":"# Wohnen im Alter: Selbstbestimmt, sicher und mittendrin?\r\nChart der Woche, 2025-KW29\r\n17. Juli 2025\r\n\r\n[Dekoratives Bild: Zwei H\u00e4nde halten sich vor einem sonnigen, unscharfen Hintergrund]\r\n\r\n# Wohnw\u00fcnsche f\u00fcrs Alter\r\nVon je 100 Befragten m\u00f6chten im Alter wie folgt wohnen:\r\n\r\nBalkendiagramm: Wohnw\u00fcnsche f\u00fcrs Alter nach Altersgruppen und Gesamtbev\u00f6lkerung (Angaben in Prozent)\r\n\r\n| Wohnwunsch                                               | Gesamt | 18-34 Jahre | 35-54 Jahre | 55-74 Jahre |\r\n| :------------------------------------------------------- | :----- | :---------- | :---------- | :---------- |\r\n| Selbstst\u00e4ndig in eigener Wohnung                         | 30     | 25          | 27          | 37          |\r\n| In eigener Wohnung mit ambulanter Pflege                 | 17     | 15          | 15          | 20          |\r\n| Wohnen auf dem Land inmitten der Natur                   | 16     | 21          | 17          | 11          |\r\n| Eigene Wohnung mit zus\u00e4tzlichen Service                  | 14     | 15          | 14          | 15          |\r\n| In einer Altenwohnung (Betreutes Wohnen)                 | 12     | 10          | 12          | 13          |\r\n| In einer Senioren-Wohngemeinschaft                        | 9      | 13          | 8           | 6           |\r\n| In einem Alters- oder Pflegeheim mit Vollversorgung      | 9      | 10          | 8           | 9           |\r\n| Zentral wohnen mitten in der Stadt                       | 9      | 11          | 8           | 8           |\r\n| In einer Seniorenresidenz mit Angeboten und Rundumversorgung | 8      | 11          | 7           | 6           |\r\n| In einer Hausgemeinschaft mit Freunden                   | 7      | 12          | 7           | 5           |\r\n| Im Haushalt der eigenen Kinder                           | 7      | 11          | 7           | 4           |\r\n| In einem Alterswohnsitz in der Sonne                     | 6      | 10          | 8           | 3           |\r\n| In einer Haus- und Baugemeinschaft                       | 5      | 9           | 5           | 2           |\r\n| Als Sozialhilfeempf\u00e4nger auf der Stra\u00dfe                  | 5      | 8           | 5           | 2           |\r\n| Auf einem Kreuzfahrtschiff mit Service und Betreuung     | 4      | 9           | 3           | 2           |\r\n\r\nOnline Repr\u00e4sentativbefragung von 2.000 Personen ab 18 Jahren durch die GfK in Deutschland\r\n\r\n## Ergebnis\r\nViele Menschen m\u00f6chten im Alter m\u00f6glichst lange selbstbestimmt in ihrer eigenen Wohnung leben. Dabei geht es nicht nur um Barrierefreiheit, sondern auch um Sicherheit, Autonomie und Anschluss an das soziale Umfeld. Wohnformen mit unterst\u00fctzenden Angeboten \u2013 etwa ambulante Pflege oder hausnahe Dienstleistungen \u2013 gewinnen an Bedeutung, klassische Pflegeeinrichtungen r\u00fccken meist erst in h\u00f6herem Alter in den Fokus.\r\n\r\nGemeinschaftliches Wohnen im Alter wird zunehmend diskutiert, bleibt bislang aber eine Ausnahme. Die Mehrheit bevorzugt Wohnl\u00f6sungen, die R\u00fcckzug erm\u00f6glichen, aber bei Bedarf Unterst\u00fctzung bieten. Der Wunsch nach Kontinuit\u00e4t ist hoch \u2013 viele m\u00f6chten bleiben, wo sie sind.\r\n\r\n## Gr\u00fcnde\r\nDie bestehenden Wohnverh\u00e4ltnisse sind h\u00e4ufig nicht auf die Bed\u00fcrfnisse im Alter ausgerichtet. Ein Gro\u00dfteil der Wohnungen ist nicht barrierearm, Umz\u00fcge sind organisatorisch und finanziell anspruchsvoll, passende Alternativen oft schwer zu finden.\r\n\r\nGleichzeitig nimmt der Unterst\u00fctzungsbedarf im Alter zu \u2013 die Zahl der pflegebed\u00fcrftigen Menschen ist in den letzten Jahren deutlich gestiegen. Dennoch bleibt der Wunsch nach Selbstst\u00e4ndigkeit stabil. Internationale Modelle zeigen, dass flexible, mehrstufige Wohnformen mit abgestuften Unterst\u00fctzungsangeboten diesen Anforderungen gerecht werden k\u00f6nnen.\r\n\r\nZudem gewinnt das Thema Gemeinschaft an Bedeutung \u2013 nicht im Sinne enger Bindung, sondern als M\u00f6glichkeit, Verantwortung zu teilen und soziale Isolation zu vermeiden.\r\n\r\n## Prognose\r\nIn einer \u00e4lter werdenden Gesellschaft wird die Frage nach geeigneten Wohnformen weiter an Bedeutung gewinnen. Ben\u00f6tigt werden Angebote, die zwischen Eigenst\u00e4ndigkeit und Pflege vermitteln, bezahlbar sind und unterschiedliche Lebensentw\u00fcrfe ber\u00fccksichtigen.\r\n\r\nAltersgerechter Umbau, quartiersnahe Konzepte und neue Wohnmodelle sind zentrale Stellschrauben. Ebenso wichtig ist eine Kultur des Alterns, die auf Teilhabe, Wahlfreiheit und W\u00fcrde setzt \u2013 nicht erst im Pflegefall, sondern bereits in der Planung des Wohnens.\r\n\r\nWohnen im Alter ist damit nicht nur ein individuelles Anliegen \u2013 sondern eine gesellschaftliche Zukunftsaufgabe.","pdf-clean":"https:\/\/www.stiftungfuerzukunftsfragen.de\/wp-content\/uploads\/SFZ-PDF-5485.pdf","hidden_html":""},"yoast_head":"<!-- This site is optimized with the Yoast SEO plugin v27.1.1 - https:\/\/yoast.com\/product\/yoast-seo-wordpress\/ -->\n<title>Wohnen im Alter: Selbstbestimmt, sicher und mittendrin?<\/title>\n<meta name=\"description\" content=\"Selbstbestimmt wohnen im Alter \u2013 ein Wunsch, den viele teilen, aber nur wenige realisieren k\u00f6nnen. Welche Wohnformen braucht es k\u00fcnftig?\" \/>\n<meta name=\"robots\" content=\"index, follow, max-snippet:-1, max-image-preview:large, max-video-preview:-1\" \/>\n<link rel=\"canonical\" href=\"https:\/\/www.stiftungfuerzukunftsfragen.de\/en\/living-independently-and-safely-in-old-age\/\" \/>\n<meta property=\"og:locale\" content=\"en_GB\" \/>\n<meta property=\"og:type\" content=\"article\" \/>\n<meta property=\"og:title\" content=\"Wohnen im Alter: Selbstbestimmt, sicher und mittendrin?\" \/>\n<meta property=\"og:description\" content=\"Selbstbestimmt wohnen im Alter \u2013 ein Wunsch, den viele teilen, aber nur wenige realisieren k\u00f6nnen. Welche Wohnformen braucht es k\u00fcnftig?\" \/>\n<meta property=\"og:url\" content=\"https:\/\/www.stiftungfuerzukunftsfragen.de\/en\/living-independently-and-safely-in-old-age\/\" \/>\n<meta property=\"og:site_name\" content=\"Stiftung f\u00fcr Zukunftsfragen\" \/>\n<meta property=\"article:publisher\" content=\"https:\/\/www.facebook.com\/pages\/Stiftung-fr-Zukunftsfragen\/207485789294838\" \/>\n<meta property=\"article:published_time\" content=\"2025-07-17T04:26:45+00:00\" \/>\n<meta property=\"article:modified_time\" content=\"2025-10-31T07:03:43+00:00\" \/>\n<meta property=\"og:image\" content=\"https:\/\/www.stiftungfuerzukunftsfragen.de\/wp-content\/uploads\/joe-yates-wNOymf_yTUA-unsplash.jpg\" \/>\n\t<meta property=\"og:image:width\" content=\"1920\" \/>\n\t<meta property=\"og:image:height\" content=\"1283\" \/>\n\t<meta property=\"og:image:type\" content=\"image\/jpeg\" \/>\n<meta name=\"author\" content=\"guels\" \/>\n<meta name=\"twitter:card\" content=\"summary_large_image\" \/>\n<meta name=\"twitter:label1\" content=\"Written by\" \/>\n\t<meta name=\"twitter:data1\" content=\"guels\" \/>\n\t<meta name=\"twitter:label2\" content=\"Estimated reading time\" \/>\n\t<meta name=\"twitter:data2\" content=\"2 minutes\" \/>\n<script type=\"application\/ld+json\" class=\"yoast-schema-graph\">{\"@context\":\"https:\/\/schema.org\",\"@graph\":[{\"@type\":\"Article\",\"@id\":\"https:\/\/www.stiftungfuerzukunftsfragen.de\/wohnen-im-alter-selbstbestimmt-sicher-und-mittendrin\/#article\",\"isPartOf\":{\"@id\":\"https:\/\/www.stiftungfuerzukunftsfragen.de\/wohnen-im-alter-selbstbestimmt-sicher-und-mittendrin\/\"},\"author\":{\"name\":\"guels\",\"@id\":\"https:\/\/www.stiftungfuerzukunftsfragen.de\/#\/schema\/person\/ab1d46d162c905f85dba6504c00294c4\"},\"headline\":\"Wohnen im Alter: Selbstbestimmt, sicher und mittendrin?\",\"datePublished\":\"2025-07-17T04:26:45+00:00\",\"dateModified\":\"2025-10-31T07:03:43+00:00\",\"mainEntityOfPage\":{\"@id\":\"https:\/\/www.stiftungfuerzukunftsfragen.de\/wohnen-im-alter-selbstbestimmt-sicher-und-mittendrin\/\"},\"wordCount\":314,\"publisher\":{\"@id\":\"https:\/\/www.stiftungfuerzukunftsfragen.de\/#organization\"},\"image\":{\"@id\":\"https:\/\/www.stiftungfuerzukunftsfragen.de\/wohnen-im-alter-selbstbestimmt-sicher-und-mittendrin\/#primaryimage\"},\"thumbnailUrl\":\"https:\/\/www.stiftungfuerzukunftsfragen.de\/wp-content\/uploads\/joe-yates-wNOymf_yTUA-unsplash.jpg\",\"keywords\":[\"Zukunftserwartungen\",\"Familie\",\"Gesellschaft\",\"Vergangenheit\",\"Vertrauen\",\"Werte\",\"Zukunft\",\"Zukunftspl\u00e4ne\"],\"articleSection\":[\"Chart der Woche\"],\"inLanguage\":\"en-GB\"},{\"@type\":\"WebPage\",\"@id\":\"https:\/\/www.stiftungfuerzukunftsfragen.de\/wohnen-im-alter-selbstbestimmt-sicher-und-mittendrin\/\",\"url\":\"https:\/\/www.stiftungfuerzukunftsfragen.de\/wohnen-im-alter-selbstbestimmt-sicher-und-mittendrin\/\",\"name\":\"Wohnen im Alter: Selbstbestimmt, sicher und mittendrin?\",\"isPartOf\":{\"@id\":\"https:\/\/www.stiftungfuerzukunftsfragen.de\/#website\"},\"primaryImageOfPage\":{\"@id\":\"https:\/\/www.stiftungfuerzukunftsfragen.de\/wohnen-im-alter-selbstbestimmt-sicher-und-mittendrin\/#primaryimage\"},\"image\":{\"@id\":\"https:\/\/www.stiftungfuerzukunftsfragen.de\/wohnen-im-alter-selbstbestimmt-sicher-und-mittendrin\/#primaryimage\"},\"thumbnailUrl\":\"https:\/\/www.stiftungfuerzukunftsfragen.de\/wp-content\/uploads\/joe-yates-wNOymf_yTUA-unsplash.jpg\",\"datePublished\":\"2025-07-17T04:26:45+00:00\",\"dateModified\":\"2025-10-31T07:03:43+00:00\",\"description\":\"Selbstbestimmt wohnen im Alter \u2013 ein Wunsch, den viele teilen, aber nur wenige realisieren k\u00f6nnen. Welche Wohnformen braucht es k\u00fcnftig?\",\"breadcrumb\":{\"@id\":\"https:\/\/www.stiftungfuerzukunftsfragen.de\/wohnen-im-alter-selbstbestimmt-sicher-und-mittendrin\/#breadcrumb\"},\"inLanguage\":\"en-GB\",\"potentialAction\":[{\"@type\":\"ReadAction\",\"target\":[\"https:\/\/www.stiftungfuerzukunftsfragen.de\/wohnen-im-alter-selbstbestimmt-sicher-und-mittendrin\/\"]}]},{\"@type\":\"ImageObject\",\"inLanguage\":\"en-GB\",\"@id\":\"https:\/\/www.stiftungfuerzukunftsfragen.de\/wohnen-im-alter-selbstbestimmt-sicher-und-mittendrin\/#primaryimage\",\"url\":\"https:\/\/www.stiftungfuerzukunftsfragen.de\/wp-content\/uploads\/joe-yates-wNOymf_yTUA-unsplash.jpg\",\"contentUrl\":\"https:\/\/www.stiftungfuerzukunftsfragen.de\/wp-content\/uploads\/joe-yates-wNOymf_yTUA-unsplash.jpg\",\"width\":1920,\"height\":1283},{\"@type\":\"BreadcrumbList\",\"@id\":\"https:\/\/www.stiftungfuerzukunftsfragen.de\/wohnen-im-alter-selbstbestimmt-sicher-und-mittendrin\/#breadcrumb\",\"itemListElement\":[{\"@type\":\"ListItem\",\"position\":1,\"name\":\"Startseite\",\"item\":\"https:\/\/www.stiftungfuerzukunftsfragen.de\/\"},{\"@type\":\"ListItem\",\"position\":2,\"name\":\"Wohnen im Alter: Selbstbestimmt, sicher und mittendrin?\"}]},{\"@type\":\"WebSite\",\"@id\":\"https:\/\/www.stiftungfuerzukunftsfragen.de\/#website\",\"url\":\"https:\/\/www.stiftungfuerzukunftsfragen.de\/\",\"name\":\"Stiftung f\u00fcr Zukunftsfragen\",\"description\":\"Eine Initiative von BAT\",\"publisher\":{\"@id\":\"https:\/\/www.stiftungfuerzukunftsfragen.de\/#organization\"},\"potentialAction\":[{\"@type\":\"SearchAction\",\"target\":{\"@type\":\"EntryPoint\",\"urlTemplate\":\"https:\/\/www.stiftungfuerzukunftsfragen.de\/?s={search_term_string}\"},\"query-input\":{\"@type\":\"PropertyValueSpecification\",\"valueRequired\":true,\"valueName\":\"search_term_string\"}}],\"inLanguage\":\"en-GB\"},{\"@type\":\"Organization\",\"@id\":\"https:\/\/www.stiftungfuerzukunftsfragen.de\/#organization\",\"name\":\"Stiftung f\u00fcr Zukunftsfragen\",\"url\":\"https:\/\/www.stiftungfuerzukunftsfragen.de\/\",\"logo\":{\"@type\":\"ImageObject\",\"inLanguage\":\"en-GB\",\"@id\":\"https:\/\/www.stiftungfuerzukunftsfragen.de\/#\/schema\/logo\/image\/\",\"url\":\"https:\/\/www.stiftungfuerzukunftsfragen.de\/wp-content\/uploads\/Stiftung-fuer-Zukunftsfragen-Logo-e1662668075158.png\",\"contentUrl\":\"https:\/\/www.stiftungfuerzukunftsfragen.de\/wp-content\/uploads\/Stiftung-fuer-Zukunftsfragen-Logo-e1662668075158.png\",\"width\":609,\"height\":144,\"caption\":\"Stiftung f\u00fcr Zukunftsfragen\"},\"image\":{\"@id\":\"https:\/\/www.stiftungfuerzukunftsfragen.de\/#\/schema\/logo\/image\/\"},\"sameAs\":[\"https:\/\/www.facebook.com\/pages\/Stiftung-fr-Zukunftsfragen\/207485789294838\"]},{\"@type\":\"Person\",\"@id\":\"https:\/\/www.stiftungfuerzukunftsfragen.de\/#\/schema\/person\/ab1d46d162c905f85dba6504c00294c4\",\"name\":\"guels\"}]}<\/script>\n<!-- \/ Yoast SEO plugin. -->","yoast_head_json":{"title":"Living in old age: self-determined, safe and in the centre of things?","description":"Self-determined living in old age - a wish shared by many, but realised by only a few. What forms of housing will be needed in the future?","robots":{"index":"index","follow":"follow","max-snippet":"max-snippet:-1","max-image-preview":"max-image-preview:large","max-video-preview":"max-video-preview:-1"},"canonical":"https:\/\/www.stiftungfuerzukunftsfragen.de\/en\/living-independently-and-safely-in-old-age\/","og_locale":"en_GB","og_type":"article","og_title":"Wohnen im Alter: Selbstbestimmt, sicher und mittendrin?","og_description":"Selbstbestimmt wohnen im Alter \u2013 ein Wunsch, den viele teilen, aber nur wenige realisieren k\u00f6nnen. Welche Wohnformen braucht es k\u00fcnftig?","og_url":"https:\/\/www.stiftungfuerzukunftsfragen.de\/en\/living-independently-and-safely-in-old-age\/","og_site_name":"Stiftung f\u00fcr Zukunftsfragen","article_publisher":"https:\/\/www.facebook.com\/pages\/Stiftung-fr-Zukunftsfragen\/207485789294838","article_published_time":"2025-07-17T04:26:45+00:00","article_modified_time":"2025-10-31T07:03:43+00:00","og_image":[{"width":1920,"height":1283,"url":"https:\/\/www.stiftungfuerzukunftsfragen.de\/wp-content\/uploads\/joe-yates-wNOymf_yTUA-unsplash.jpg","type":"image\/jpeg"}],"author":"guels","twitter_card":"summary_large_image","twitter_misc":{"Written by":"guels","Estimated reading time":"2 minutes"},"schema":{"@context":"https:\/\/schema.org","@graph":[{"@type":"Article","@id":"https:\/\/www.stiftungfuerzukunftsfragen.de\/wohnen-im-alter-selbstbestimmt-sicher-und-mittendrin\/#article","isPartOf":{"@id":"https:\/\/www.stiftungfuerzukunftsfragen.de\/wohnen-im-alter-selbstbestimmt-sicher-und-mittendrin\/"},"author":{"name":"guels","@id":"https:\/\/www.stiftungfuerzukunftsfragen.de\/#\/schema\/person\/ab1d46d162c905f85dba6504c00294c4"},"headline":"Wohnen im Alter: Selbstbestimmt, sicher und mittendrin?","datePublished":"2025-07-17T04:26:45+00:00","dateModified":"2025-10-31T07:03:43+00:00","mainEntityOfPage":{"@id":"https:\/\/www.stiftungfuerzukunftsfragen.de\/wohnen-im-alter-selbstbestimmt-sicher-und-mittendrin\/"},"wordCount":314,"publisher":{"@id":"https:\/\/www.stiftungfuerzukunftsfragen.de\/#organization"},"image":{"@id":"https:\/\/www.stiftungfuerzukunftsfragen.de\/wohnen-im-alter-selbstbestimmt-sicher-und-mittendrin\/#primaryimage"},"thumbnailUrl":"https:\/\/www.stiftungfuerzukunftsfragen.de\/wp-content\/uploads\/joe-yates-wNOymf_yTUA-unsplash.jpg","keywords":["Zukunftserwartungen","Familie","Gesellschaft","Vergangenheit","Vertrauen","Werte","Zukunft","Zukunftspl\u00e4ne"],"articleSection":["Chart der Woche"],"inLanguage":"en-GB"},{"@type":"WebPage","@id":"https:\/\/www.stiftungfuerzukunftsfragen.de\/wohnen-im-alter-selbstbestimmt-sicher-und-mittendrin\/","url":"https:\/\/www.stiftungfuerzukunftsfragen.de\/wohnen-im-alter-selbstbestimmt-sicher-und-mittendrin\/","name":"Living in old age: self-determined, safe and in the centre of things?","isPartOf":{"@id":"https:\/\/www.stiftungfuerzukunftsfragen.de\/#website"},"primaryImageOfPage":{"@id":"https:\/\/www.stiftungfuerzukunftsfragen.de\/wohnen-im-alter-selbstbestimmt-sicher-und-mittendrin\/#primaryimage"},"image":{"@id":"https:\/\/www.stiftungfuerzukunftsfragen.de\/wohnen-im-alter-selbstbestimmt-sicher-und-mittendrin\/#primaryimage"},"thumbnailUrl":"https:\/\/www.stiftungfuerzukunftsfragen.de\/wp-content\/uploads\/joe-yates-wNOymf_yTUA-unsplash.jpg","datePublished":"2025-07-17T04:26:45+00:00","dateModified":"2025-10-31T07:03:43+00:00","description":"Self-determined living in old age - a wish shared by many, but realised by only a few. What forms of housing will be needed in the future?","breadcrumb":{"@id":"https:\/\/www.stiftungfuerzukunftsfragen.de\/wohnen-im-alter-selbstbestimmt-sicher-und-mittendrin\/#breadcrumb"},"inLanguage":"en-GB","potentialAction":[{"@type":"ReadAction","target":["https:\/\/www.stiftungfuerzukunftsfragen.de\/wohnen-im-alter-selbstbestimmt-sicher-und-mittendrin\/"]}]},{"@type":"ImageObject","inLanguage":"en-GB","@id":"https:\/\/www.stiftungfuerzukunftsfragen.de\/wohnen-im-alter-selbstbestimmt-sicher-und-mittendrin\/#primaryimage","url":"https:\/\/www.stiftungfuerzukunftsfragen.de\/wp-content\/uploads\/joe-yates-wNOymf_yTUA-unsplash.jpg","contentUrl":"https:\/\/www.stiftungfuerzukunftsfragen.de\/wp-content\/uploads\/joe-yates-wNOymf_yTUA-unsplash.jpg","width":1920,"height":1283},{"@type":"BreadcrumbList","@id":"https:\/\/www.stiftungfuerzukunftsfragen.de\/wohnen-im-alter-selbstbestimmt-sicher-und-mittendrin\/#breadcrumb","itemListElement":[{"@type":"ListItem","position":1,"name":"Startseite","item":"https:\/\/www.stiftungfuerzukunftsfragen.de\/"},{"@type":"ListItem","position":2,"name":"Wohnen im Alter: Selbstbestimmt, sicher und mittendrin?"}]},{"@type":"WebSite","@id":"https:\/\/www.stiftungfuerzukunftsfragen.de\/#website","url":"https:\/\/www.stiftungfuerzukunftsfragen.de\/","name":"Foundation for Future Issues","description":"An initiative by BAT","publisher":{"@id":"https:\/\/www.stiftungfuerzukunftsfragen.de\/#organization"},"potentialAction":[{"@type":"SearchAction","target":{"@type":"EntryPoint","urlTemplate":"https:\/\/www.stiftungfuerzukunftsfragen.de\/?s={search_term_string}"},"query-input":{"@type":"PropertyValueSpecification","valueRequired":true,"valueName":"search_term_string"}}],"inLanguage":"en-GB"},{"@type":"Organization","@id":"https:\/\/www.stiftungfuerzukunftsfragen.de\/#organization","name":"Foundation for Future Issues","url":"https:\/\/www.stiftungfuerzukunftsfragen.de\/","logo":{"@type":"ImageObject","inLanguage":"en-GB","@id":"https:\/\/www.stiftungfuerzukunftsfragen.de\/#\/schema\/logo\/image\/","url":"https:\/\/www.stiftungfuerzukunftsfragen.de\/wp-content\/uploads\/Stiftung-fuer-Zukunftsfragen-Logo-e1662668075158.png","contentUrl":"https:\/\/www.stiftungfuerzukunftsfragen.de\/wp-content\/uploads\/Stiftung-fuer-Zukunftsfragen-Logo-e1662668075158.png","width":609,"height":144,"caption":"Stiftung f\u00fcr Zukunftsfragen"},"image":{"@id":"https:\/\/www.stiftungfuerzukunftsfragen.de\/#\/schema\/logo\/image\/"},"sameAs":["https:\/\/www.facebook.com\/pages\/Stiftung-fr-Zukunftsfragen\/207485789294838"]},{"@type":"Person","@id":"https:\/\/www.stiftungfuerzukunftsfragen.de\/#\/schema\/person\/ab1d46d162c905f85dba6504c00294c4","name":"guels"}]}},"_links":{"self":[{"href":"https:\/\/www.stiftungfuerzukunftsfragen.de\/en\/wp-json\/wp\/v2\/posts\/5485","targetHints":{"allow":["GET"]}}],"collection":[{"href":"https:\/\/www.stiftungfuerzukunftsfragen.de\/en\/wp-json\/wp\/v2\/posts"}],"about":[{"href":"https:\/\/www.stiftungfuerzukunftsfragen.de\/en\/wp-json\/wp\/v2\/types\/post"}],"author":[{"embeddable":true,"href":"https:\/\/www.stiftungfuerzukunftsfragen.de\/en\/wp-json\/wp\/v2\/users\/36"}],"replies":[{"embeddable":true,"href":"https:\/\/www.stiftungfuerzukunftsfragen.de\/en\/wp-json\/wp\/v2\/comments?post=5485"}],"version-history":[{"count":2,"href":"https:\/\/www.stiftungfuerzukunftsfragen.de\/en\/wp-json\/wp\/v2\/posts\/5485\/revisions"}],"predecessor-version":[{"id":6200,"href":"https:\/\/www.stiftungfuerzukunftsfragen.de\/en\/wp-json\/wp\/v2\/posts\/5485\/revisions\/6200"}],"wp:featuredmedia":[{"embeddable":true,"href":"https:\/\/www.stiftungfuerzukunftsfragen.de\/en\/wp-json\/wp\/v2\/media\/3462"}],"wp:attachment":[{"href":"https:\/\/www.stiftungfuerzukunftsfragen.de\/en\/wp-json\/wp\/v2\/media?parent=5485"}],"wp:term":[{"taxonomy":"category","embeddable":true,"href":"https:\/\/www.stiftungfuerzukunftsfragen.de\/en\/wp-json\/wp\/v2\/categories?post=5485"},{"taxonomy":"post_tag","embeddable":true,"href":"https:\/\/www.stiftungfuerzukunftsfragen.de\/en\/wp-json\/wp\/v2\/tags?post=5485"}],"curies":[{"name":"wp","href":"https:\/\/api.w.org\/{rel}","templated":true}]}}