{"id":5491,"date":"2025-07-24T10:01:12","date_gmt":"2025-07-24T08:01:12","guid":{"rendered":"https:\/\/www.stiftungfuerzukunftsfragen.de\/?p=5491"},"modified":"2025-10-31T08:03:41","modified_gmt":"2025-10-31T07:03:41","slug":"smart-home-how-digital-do-we-want-to-live-2","status":"publish","type":"post","link":"https:\/\/www.stiftungfuerzukunftsfragen.de\/en\/smart-home-wie-digital-wollen-wir-wohnen-2\/","title":{"rendered":"Smart Home: How digital do we want to live?"},"content":{"rendered":"<div class=\"infogram-embed\" data-id=\"smart-home-1h1749w8qnxnq2z\" data-type=\"interactive\"><\/div><script>!function(e,t,s,i){var n=\"InfogramEmbeds\",o=e.getElementsByTagName(\"script\"),d=o[0],r=\/^http:\/.test(e.location)?\"http:\":\"https:\";if(\/^\\\/{2}\/.test(i)&&(i=r+i),window[n]&&window[n].initialized)window[n].process&&window[n].process();else if(!e.getElementById(s)){var a=e.createElement(\"script\");a.async=1,a.id=s,a.src=i,d.parentNode.insertBefore(a,d)}}(document,0,\"infogram-async\",\"\/\/e.infogram.com\/js\/dist\/embed-loader-min.js\");<\/script>\n<div class=\"page\" title=\"Page 31\">\n<div class=\"section\">\n<div class=\"layoutArea\">\n<div class=\"column\">\n<div class=\"page\" title=\"Page 8\">\n<div class=\"section\">\n<div class=\"layoutArea\">\n<div class=\"column\">\n<div class=\"page\" title=\"Page 7\">\n<div class=\"section\">\n<div class=\"layoutArea\">\n<div class=\"column\">\n<p>&nbsp;<\/p>\n<p data-start=\"190\" data-end=\"1015\"><strong data-start=\"190\" data-end=\"202\">Ergebnis<\/strong><br data-start=\"202\" data-end=\"205\" \/>Zw\u00f6lf Prozent der Bev\u00f6lkerung k\u00f6nnen sich vorstellen, in einem sogenannten Smart Home zu leben \u2013 also in einem Geb\u00e4ude, das digitale Technologien gezielt f\u00fcr mehr Komfort, Sicherheit und Energieeffizienz nutzt. Die Zustimmung liegt bei M\u00e4nnern mit 14 Prozent h\u00f6her als bei Frauen mit neun Prozent. Die Zahlen wirken auf den ersten Blick zur\u00fcckhaltend, zeigen aber bereits eine erkennbare Zielgruppe mit technologischem Interesse. Zudem nutzen viele B\u00fcrger heute schon einzelne Smart-Home-Anwendungen, ohne sie als Teil eines gr\u00f6\u00dferen Systems wahrzunehmen. Sprachassistenten wie Siri, Alexa oder Google Home, app-gesteuerte Lichtquellen, automatische Rolll\u00e4den oder smarte Thermostate sind l\u00e4ngst verbreitet. Das Bewusstsein f\u00fcr diese Technologien als Elemente eines Smart Homes ist jedoch noch nicht vorhanden.<\/p>\n<p data-start=\"1017\" data-end=\"2288\"><strong data-start=\"1017\" data-end=\"1027\">Gr\u00fcnde<\/strong><br data-start=\"1027\" data-end=\"1030\" \/>Die Zur\u00fcckhaltung gegen\u00fcber dem vollst\u00e4ndigen Smart Home hat verschiedene Gr\u00fcnde. An erster Stelle steht das Thema Datenschutz. Die Vorstellung, Ger\u00e4te k\u00f6nnten Gespr\u00e4che mitschneiden, pers\u00f6nliche Daten weiterleiten oder Bewegungsprofile erstellen, erzeugt bei vielen B\u00fcrgern ein Gef\u00fchl von \u00dcberwachung. Besonders im privaten Raum besteht ein starkes Bed\u00fcrfnis nach Kontrolle und Abgrenzung gegen\u00fcber technologischen Eingriffen.<br data-start=\"1457\" data-end=\"1460\" \/>Auch wirtschaftliche Faktoren spielen eine Rolle. Die Anschaffung intelligenter Haustechnik gilt als kostspielig, die Einsparpotenziale erscheinen vielen noch abstrakt. Hinzu kommt Unsicherheit bei der technischen Kompatibilit\u00e4t: Nicht alle Ger\u00e4te lassen sich miteinander verkn\u00fcpfen, und nicht jede App kommuniziert mit jeder Plattform. Wer sich f\u00fcr ein System entscheidet, bindet sich h\u00e4ufig an einen Anbieter \u2013 eine Entscheidung, die mit langfristigen Folgen verbunden ist.<br data-start=\"1935\" data-end=\"1938\" \/>Neben diesen strukturellen H\u00fcrden wirkt auch eine psychologische Komponente. Die Sorge vor Abh\u00e4ngigkeit w\u00e4chst mit zunehmender Automatisierung. F\u00e4llt das System aus, funktioniert im schlimmsten Fall weder die Heizung noch das Licht. Viele f\u00fcrchten den Verlust von Selbstbestimmung und greifen lieber auf vertraute, manuell steuerbare L\u00f6sungen zur\u00fcck.<\/p>\n<p data-start=\"2290\" data-end=\"3618\"><strong data-start=\"2290\" data-end=\"2302\">Prognose<\/strong><br data-start=\"2302\" data-end=\"2305\" \/>Trotz dieser Vorbehalte spricht vieles f\u00fcr einen positiven Entwicklungspfad. Smart-Home-Technologien werden durch wachsende Alltagstauglichkeit an Attraktivit\u00e4t gewinnen. Systeme werden immer intuitiver bedienbar, erschwinglicher und besser miteinander vernetzbar. Auch setzen immer mehr Anbieter auf offene Schnittstellen und einfache Nachr\u00fcstl\u00f6sungen \u2013 ohne aufwendige Umbauten oder technisches Vorwissen.<br data-start=\"2712\" data-end=\"2715\" \/>Bereits gegenw\u00e4rtig zeigt sich, wie digital unterst\u00fctztes Wohnen den Alltag erleichtert: Fensterkontakte regulieren automatisch die Heizung beim L\u00fcften, smarte Lichtsysteme simulieren Anwesenheit und steigern das Sicherheitsgef\u00fchl. \u00c4ltere Menschen profitieren von Assistenzfunktionen, die St\u00fcrze melden oder an Medikamenteneinnahmen erinnern. Auch in energiepolitischer Hinsicht bieten smarte Systeme neue Chancen \u2013 etwa durch zeitgesteuerte Steuerung von Waschmaschinen oder durch Optimierung des Eigenverbrauchs bei Solaranlagen.<br data-start=\"3246\" data-end=\"3249\" \/>Je st\u00e4rker die Vorteile sichtbar werden, desto gr\u00f6\u00dfer wird die Bereitschaft, digitale L\u00f6sungen in den eigenen Wohnalltag zu integrieren. Smart Homes werden sich entsprechend Schritt f\u00fcr Schritt vom technologischen Nischenprodukt zum zukunftsf\u00e4higen Wohnstandard entwickeln \u2013 helfen die Systeme doch, Komfort, Nachhaltigkeit und Sicherheit auf smarte Weise zu verbinden.<\/p>\n<p>&nbsp;<\/p>\n<\/div>\n<\/div>\n<\/div>\n<\/div>\n<\/div>\n<\/div>\n<\/div>\n<\/div>\n<\/div>\n<\/div>\n<\/div>\n<\/div>\n","protected":false},"excerpt":{"rendered":"<p>Smart homes are already a reality \u2013 but only twelve percent of the population can imagine living in one full-time.<br \/>\nThe reasons for this reluctance range from data privacy concerns to fears of dependency and loss of control.<br \/>\nAt the same time, many people are already using smart individual applications, often without consciously realizing it.<br \/>\nConnected living offers great potential for greater comfort, security and energy efficiency in everyday life.<\/p>","protected":false},"author":36,"featured_media":4753,"comment_status":"closed","ping_status":"open","sticky":false,"template":"","format":"standard","meta":{"_acf_changed":false,"footnotes":""},"categories":[53],"tags":[67,87,108,105,107,100,80,106],"class_list":["post-5491","post","type-post","status-publish","format-standard","has-post-thumbnail","hentry","category-chart-der-woche","tag-zukunftserwartungen","tag-familie","tag-gesellschaft","tag-vergangenheit","tag-vertrauen","tag-werte","tag-zukunft","tag-zukunftsplaene"],"acf":{"ausgabe_nummer":"Chart der Woche, 2025-KW30","pdf-download_dateiname":"","markdown":"Stiftung f\u00fcr Zukunftsfragen\r\n\r\n# Smart Home: Wie digital wollen wir wohnen?\r\nChart der Woche, 2025-KW30\r\n24. Juli 2025\r\n\r\n[Dekoratives Bild: Zwei H\u00e4nde sch\u00fctteln sich, \u00fcberlagert von einem digitalen Netzwerk aus leuchtenden Punkten und Linien.]\r\n\r\n## Smart Home\r\nVon je 100 Befragten sagen: Ich m\u00f6chte in einem intelligenten Geb\u00e4ude (\u201eSmart Home\u201c) wohnen, das digitale Technologien f\u00fcr Komfort, Sicherheit und Energieeinsparung nutzt.\r\n\r\n**Balkendiagramm: Zustimmung zum Wohnen in einem Smart Home**\r\n\r\n| Kategorie        | Prozentuale Zustimmung |\r\n|------------------|------------------------|\r\n| Gesamtbev\u00f6lkerung | 12                     |\r\n| M\u00e4nner           | 14                     |\r\n| Frauen           | 9                      |\r\n\r\nOnline Repr\u00e4sentativbefragung von 2.000 Personen ab 18 Jahren durch die GfK in Deutschland\r\n\r\n## Ergebnis\r\nZw\u00f6lf Prozent der Bev\u00f6lkerung k\u00f6nnen sich vorstellen, in einem sogenannten Smart Home zu leben \u2013 also in einem Geb\u00e4ude, das digitale Technologien gezielt f\u00fcr mehr Komfort, Sicherheit und Energieeffizienz nutzt. Die Zustimmung liegt bei M\u00e4nnern mit 14 Prozent h\u00f6her als bei Frauen mit neun Prozent. Die Zahlen wirken auf den ersten Blick zur\u00fcckhaltend, zeigen aber bereits eine erkennbare Zielgruppe mit technologischem Interesse. Zudem nutzen viele B\u00fcrger heute schon einzelne Smart-Home-Anwendungen, ohne sie als Teil eines gr\u00f6\u00dferen Systems wahrzunehmen. Sprachassistenten wie Siri, Alexa oder Google Home, app-gesteuerte Lichtquellen, automatische Rolll\u00e4den oder smarte Thermostate sind l\u00e4ngst verbreitet. Das Bewusstsein f\u00fcr diese Technologien als Elemente eines Smart Homes ist jedoch noch nicht vorhanden.\r\n\r\n## Gr\u00fcnde\r\nDie Zur\u00fcckhaltung gegen\u00fcber dem vollst\u00e4ndigen Smart Home hat verschiedene Gr\u00fcnde. An erster Stelle steht das Thema Datenschutz. Die Vorstellung, Ger\u00e4te k\u00f6nnten Gespr\u00e4che mitschneiden, pers\u00f6nliche Daten weiterleiten oder Bewegungsprofile erstellen, erzeugt bei vielen B\u00fcrgern ein Gef\u00fchl von \u00dcberwachung. Besonders im privaten Raum besteht ein starkes Bed\u00fcrfnis nach Kontrolle und Abgrenzung gegen\u00fcber technologischen Eingriffen.\r\n\r\nAuch wirtschaftliche Faktoren spielen eine Rolle. Die Anschaffung intelligenter Haustechnik gilt als kostspielig, die Einsparpotenziale erscheinen vielen noch abstrakt. Hinzu kommt Unsicherheit bei der technischen Kompatibilit\u00e4t: Nicht alle Ger\u00e4te lassen sich miteinander verkn\u00fcpfen, und nicht jede App kommuniziert mit jeder Plattform. Wer sich f\u00fcr ein System entscheidet, bindet sich h\u00e4ufig an einen Anbieter \u2013 eine Entscheidung, die mit langfristigen Folgen verbunden ist.\r\n\r\nNeben diesen strukturellen H\u00fcrden wirkt auch eine psychologische Komponente. Die Sorge vor Abh\u00e4ngigkeit w\u00e4chst mit zunehmender Automatisierung. F\u00e4llt das System aus, funktioniert im schlimmsten Fall weder die Heizung noch das Licht. Viele f\u00fcrchten den Verlust von Selbstbestimmung und greifen lieber auf vertraute, manuell steuerbare L\u00f6sungen zur\u00fcck.\r\n\r\n## Prognose\r\nTrotz dieser Vorbehalte spricht vieles f\u00fcr einen positiven Entwicklungspfad. Smart-Home-Technologien werden durch wachsende Alltagstauglichkeit an Attraktivit\u00e4t gewinnen. Systeme werden immer intuitiver bedienbar, erschwinglicher und besser miteinander vernetzbar. Auch setzen immer mehr Anbieter auf offene Schnittstellen und einfache Nachr\u00fcstl\u00f6sungen \u2013 ohne aufwendige Umbauten oder technisches Vorwissen.\r\n\r\nBereits gegenw\u00e4rtig zeigt sich, wie digital unterst\u00fctztes Wohnen den Alltag erleichtert: Fensterkontakte regulieren automatisch die Heizung beim L\u00fcften, smarte Lichtsysteme simulieren Anwesenheit und steigern das Sicherheitsgef\u00fchl. \u00c4ltere Menschen profitieren von Assistenzfunktionen, die St\u00fcrze melden oder an Medikamenteneinnahmen erinnern. Auch in energiepolitischer Hinsicht bieten smarte Systeme neue Chancen \u2013 etwa durch zeitgesteuerte Steuerung von Waschmaschinen oder durch Optimierung des Eigenverbrauchs bei Solaranlagen.\r\n\r\nJe st\u00e4rker die Vorteile sichtbar werden, desto gr\u00f6\u00dfer wird die Bereitschaft, digitale L\u00f6sungen in den eigenen Wohnalltag zu integrieren. Smart Homes werden sich entsprechend Schritt f\u00fcr Schritt vom technologischen Nischenprodukt zum zukunftsf\u00e4higen Wohnstandard entwickeln \u2013 helfen die Systeme doch, Komfort, Nachhaltigkeit und Sicherheit auf smarte Weise zu verbinden.","pdf-clean":"https:\/\/www.stiftungfuerzukunftsfragen.de\/wp-content\/uploads\/SFZ-PDF-5491.pdf","hidden_html":""},"yoast_head":"<!-- This site is optimized with the Yoast SEO plugin v27.1.1 - https:\/\/yoast.com\/product\/yoast-seo-wordpress\/ -->\n<title>Smart Home: Wie digital wollen wir wohnen?<\/title>\n<meta name=\"description\" content=\"Vernetztes Wohnen birgt gro\u00dfes Potenzial f\u00fcr mehr Komfort, Sicherheit und Energieeffizienz im Alltag. Wie sehen dies die Deutschen?\" \/>\n<meta name=\"robots\" content=\"index, follow, max-snippet:-1, max-image-preview:large, max-video-preview:-1\" \/>\n<link rel=\"canonical\" href=\"https:\/\/www.stiftungfuerzukunftsfragen.de\/en\/smart-home-how-digital-do-we-want-to-live-2\/\" \/>\n<meta property=\"og:locale\" content=\"en_GB\" \/>\n<meta property=\"og:type\" content=\"article\" \/>\n<meta property=\"og:title\" content=\"Smart Home: Wie digital wollen wir wohnen?\" \/>\n<meta property=\"og:description\" content=\"Vernetztes Wohnen birgt gro\u00dfes Potenzial f\u00fcr mehr Komfort, Sicherheit und Energieeffizienz im Alltag. Wie sehen dies die Deutschen?\" \/>\n<meta property=\"og:url\" content=\"https:\/\/www.stiftungfuerzukunftsfragen.de\/en\/smart-home-how-digital-do-we-want-to-live-2\/\" \/>\n<meta property=\"og:site_name\" content=\"Stiftung f\u00fcr Zukunftsfragen\" \/>\n<meta property=\"article:publisher\" content=\"https:\/\/www.facebook.com\/pages\/Stiftung-fr-Zukunftsfragen\/207485789294838\" \/>\n<meta property=\"article:published_time\" content=\"2025-07-24T08:01:12+00:00\" \/>\n<meta property=\"article:modified_time\" content=\"2025-10-31T07:03:41+00:00\" \/>\n<meta property=\"og:image\" content=\"https:\/\/www.stiftungfuerzukunftsfragen.de\/wp-content\/uploads\/blockchain-2850276_1280.jpg\" \/>\n\t<meta property=\"og:image:width\" content=\"1280\" \/>\n\t<meta property=\"og:image:height\" content=\"850\" \/>\n\t<meta property=\"og:image:type\" content=\"image\/jpeg\" \/>\n<meta name=\"author\" content=\"guels\" \/>\n<meta name=\"twitter:card\" content=\"summary_large_image\" \/>\n<meta name=\"twitter:label1\" content=\"Written by\" \/>\n\t<meta name=\"twitter:data1\" content=\"guels\" \/>\n\t<meta name=\"twitter:label2\" content=\"Estimated reading time\" \/>\n\t<meta name=\"twitter:data2\" content=\"3 minutes\" \/>\n<script type=\"application\/ld+json\" class=\"yoast-schema-graph\">{\"@context\":\"https:\/\/schema.org\",\"@graph\":[{\"@type\":\"Article\",\"@id\":\"https:\/\/www.stiftungfuerzukunftsfragen.de\/smart-home-wie-digital-wollen-wir-wohnen-2\/#article\",\"isPartOf\":{\"@id\":\"https:\/\/www.stiftungfuerzukunftsfragen.de\/smart-home-wie-digital-wollen-wir-wohnen-2\/\"},\"author\":{\"name\":\"guels\",\"@id\":\"https:\/\/www.stiftungfuerzukunftsfragen.de\/#\/schema\/person\/ab1d46d162c905f85dba6504c00294c4\"},\"headline\":\"Smart Home: Wie digital wollen wir wohnen?\",\"datePublished\":\"2025-07-24T08:01:12+00:00\",\"dateModified\":\"2025-10-31T07:03:41+00:00\",\"mainEntityOfPage\":{\"@id\":\"https:\/\/www.stiftungfuerzukunftsfragen.de\/smart-home-wie-digital-wollen-wir-wohnen-2\/\"},\"wordCount\":491,\"publisher\":{\"@id\":\"https:\/\/www.stiftungfuerzukunftsfragen.de\/#organization\"},\"image\":{\"@id\":\"https:\/\/www.stiftungfuerzukunftsfragen.de\/smart-home-wie-digital-wollen-wir-wohnen-2\/#primaryimage\"},\"thumbnailUrl\":\"https:\/\/www.stiftungfuerzukunftsfragen.de\/wp-content\/uploads\/blockchain-2850276_1280.jpg\",\"keywords\":[\"Zukunftserwartungen\",\"Familie\",\"Gesellschaft\",\"Vergangenheit\",\"Vertrauen\",\"Werte\",\"Zukunft\",\"Zukunftspl\u00e4ne\"],\"articleSection\":[\"Chart der Woche\"],\"inLanguage\":\"en-GB\"},{\"@type\":\"WebPage\",\"@id\":\"https:\/\/www.stiftungfuerzukunftsfragen.de\/smart-home-wie-digital-wollen-wir-wohnen-2\/\",\"url\":\"https:\/\/www.stiftungfuerzukunftsfragen.de\/smart-home-wie-digital-wollen-wir-wohnen-2\/\",\"name\":\"Smart Home: Wie digital wollen wir wohnen?\",\"isPartOf\":{\"@id\":\"https:\/\/www.stiftungfuerzukunftsfragen.de\/#website\"},\"primaryImageOfPage\":{\"@id\":\"https:\/\/www.stiftungfuerzukunftsfragen.de\/smart-home-wie-digital-wollen-wir-wohnen-2\/#primaryimage\"},\"image\":{\"@id\":\"https:\/\/www.stiftungfuerzukunftsfragen.de\/smart-home-wie-digital-wollen-wir-wohnen-2\/#primaryimage\"},\"thumbnailUrl\":\"https:\/\/www.stiftungfuerzukunftsfragen.de\/wp-content\/uploads\/blockchain-2850276_1280.jpg\",\"datePublished\":\"2025-07-24T08:01:12+00:00\",\"dateModified\":\"2025-10-31T07:03:41+00:00\",\"description\":\"Vernetztes Wohnen birgt gro\u00dfes Potenzial f\u00fcr mehr Komfort, Sicherheit und Energieeffizienz im Alltag. Wie sehen dies die Deutschen?\",\"breadcrumb\":{\"@id\":\"https:\/\/www.stiftungfuerzukunftsfragen.de\/smart-home-wie-digital-wollen-wir-wohnen-2\/#breadcrumb\"},\"inLanguage\":\"en-GB\",\"potentialAction\":[{\"@type\":\"ReadAction\",\"target\":[\"https:\/\/www.stiftungfuerzukunftsfragen.de\/smart-home-wie-digital-wollen-wir-wohnen-2\/\"]}]},{\"@type\":\"ImageObject\",\"inLanguage\":\"en-GB\",\"@id\":\"https:\/\/www.stiftungfuerzukunftsfragen.de\/smart-home-wie-digital-wollen-wir-wohnen-2\/#primaryimage\",\"url\":\"https:\/\/www.stiftungfuerzukunftsfragen.de\/wp-content\/uploads\/blockchain-2850276_1280.jpg\",\"contentUrl\":\"https:\/\/www.stiftungfuerzukunftsfragen.de\/wp-content\/uploads\/blockchain-2850276_1280.jpg\",\"width\":1280,\"height\":850},{\"@type\":\"BreadcrumbList\",\"@id\":\"https:\/\/www.stiftungfuerzukunftsfragen.de\/smart-home-wie-digital-wollen-wir-wohnen-2\/#breadcrumb\",\"itemListElement\":[{\"@type\":\"ListItem\",\"position\":1,\"name\":\"Startseite\",\"item\":\"https:\/\/www.stiftungfuerzukunftsfragen.de\/\"},{\"@type\":\"ListItem\",\"position\":2,\"name\":\"Smart Home: Wie digital wollen wir wohnen?\"}]},{\"@type\":\"WebSite\",\"@id\":\"https:\/\/www.stiftungfuerzukunftsfragen.de\/#website\",\"url\":\"https:\/\/www.stiftungfuerzukunftsfragen.de\/\",\"name\":\"Stiftung f\u00fcr Zukunftsfragen\",\"description\":\"Eine Initiative von BAT\",\"publisher\":{\"@id\":\"https:\/\/www.stiftungfuerzukunftsfragen.de\/#organization\"},\"potentialAction\":[{\"@type\":\"SearchAction\",\"target\":{\"@type\":\"EntryPoint\",\"urlTemplate\":\"https:\/\/www.stiftungfuerzukunftsfragen.de\/?s={search_term_string}\"},\"query-input\":{\"@type\":\"PropertyValueSpecification\",\"valueRequired\":true,\"valueName\":\"search_term_string\"}}],\"inLanguage\":\"en-GB\"},{\"@type\":\"Organization\",\"@id\":\"https:\/\/www.stiftungfuerzukunftsfragen.de\/#organization\",\"name\":\"Stiftung f\u00fcr Zukunftsfragen\",\"url\":\"https:\/\/www.stiftungfuerzukunftsfragen.de\/\",\"logo\":{\"@type\":\"ImageObject\",\"inLanguage\":\"en-GB\",\"@id\":\"https:\/\/www.stiftungfuerzukunftsfragen.de\/#\/schema\/logo\/image\/\",\"url\":\"https:\/\/www.stiftungfuerzukunftsfragen.de\/wp-content\/uploads\/Stiftung-fuer-Zukunftsfragen-Logo-e1662668075158.png\",\"contentUrl\":\"https:\/\/www.stiftungfuerzukunftsfragen.de\/wp-content\/uploads\/Stiftung-fuer-Zukunftsfragen-Logo-e1662668075158.png\",\"width\":609,\"height\":144,\"caption\":\"Stiftung f\u00fcr Zukunftsfragen\"},\"image\":{\"@id\":\"https:\/\/www.stiftungfuerzukunftsfragen.de\/#\/schema\/logo\/image\/\"},\"sameAs\":[\"https:\/\/www.facebook.com\/pages\/Stiftung-fr-Zukunftsfragen\/207485789294838\"]},{\"@type\":\"Person\",\"@id\":\"https:\/\/www.stiftungfuerzukunftsfragen.de\/#\/schema\/person\/ab1d46d162c905f85dba6504c00294c4\",\"name\":\"guels\"}]}<\/script>\n<!-- \/ Yoast SEO plugin. -->","yoast_head_json":{"title":"Smart Home: How digital do we want to live?","description":"Connected living harbours great potential for greater convenience, security and energy efficiency in everyday life. How do Germans see this?","robots":{"index":"index","follow":"follow","max-snippet":"max-snippet:-1","max-image-preview":"max-image-preview:large","max-video-preview":"max-video-preview:-1"},"canonical":"https:\/\/www.stiftungfuerzukunftsfragen.de\/en\/smart-home-how-digital-do-we-want-to-live-2\/","og_locale":"en_GB","og_type":"article","og_title":"Smart Home: Wie digital wollen wir wohnen?","og_description":"Vernetztes Wohnen birgt gro\u00dfes Potenzial f\u00fcr mehr Komfort, Sicherheit und Energieeffizienz im Alltag. Wie sehen dies die Deutschen?","og_url":"https:\/\/www.stiftungfuerzukunftsfragen.de\/en\/smart-home-how-digital-do-we-want-to-live-2\/","og_site_name":"Stiftung f\u00fcr Zukunftsfragen","article_publisher":"https:\/\/www.facebook.com\/pages\/Stiftung-fr-Zukunftsfragen\/207485789294838","article_published_time":"2025-07-24T08:01:12+00:00","article_modified_time":"2025-10-31T07:03:41+00:00","og_image":[{"width":1280,"height":850,"url":"https:\/\/www.stiftungfuerzukunftsfragen.de\/wp-content\/uploads\/blockchain-2850276_1280.jpg","type":"image\/jpeg"}],"author":"guels","twitter_card":"summary_large_image","twitter_misc":{"Written by":"guels","Estimated reading time":"3 minutes"},"schema":{"@context":"https:\/\/schema.org","@graph":[{"@type":"Article","@id":"https:\/\/www.stiftungfuerzukunftsfragen.de\/smart-home-wie-digital-wollen-wir-wohnen-2\/#article","isPartOf":{"@id":"https:\/\/www.stiftungfuerzukunftsfragen.de\/smart-home-wie-digital-wollen-wir-wohnen-2\/"},"author":{"name":"guels","@id":"https:\/\/www.stiftungfuerzukunftsfragen.de\/#\/schema\/person\/ab1d46d162c905f85dba6504c00294c4"},"headline":"Smart Home: Wie digital wollen wir wohnen?","datePublished":"2025-07-24T08:01:12+00:00","dateModified":"2025-10-31T07:03:41+00:00","mainEntityOfPage":{"@id":"https:\/\/www.stiftungfuerzukunftsfragen.de\/smart-home-wie-digital-wollen-wir-wohnen-2\/"},"wordCount":491,"publisher":{"@id":"https:\/\/www.stiftungfuerzukunftsfragen.de\/#organization"},"image":{"@id":"https:\/\/www.stiftungfuerzukunftsfragen.de\/smart-home-wie-digital-wollen-wir-wohnen-2\/#primaryimage"},"thumbnailUrl":"https:\/\/www.stiftungfuerzukunftsfragen.de\/wp-content\/uploads\/blockchain-2850276_1280.jpg","keywords":["Zukunftserwartungen","Familie","Gesellschaft","Vergangenheit","Vertrauen","Werte","Zukunft","Zukunftspl\u00e4ne"],"articleSection":["Chart der Woche"],"inLanguage":"en-GB"},{"@type":"WebPage","@id":"https:\/\/www.stiftungfuerzukunftsfragen.de\/smart-home-wie-digital-wollen-wir-wohnen-2\/","url":"https:\/\/www.stiftungfuerzukunftsfragen.de\/smart-home-wie-digital-wollen-wir-wohnen-2\/","name":"Smart Home: How digital do we want to live?","isPartOf":{"@id":"https:\/\/www.stiftungfuerzukunftsfragen.de\/#website"},"primaryImageOfPage":{"@id":"https:\/\/www.stiftungfuerzukunftsfragen.de\/smart-home-wie-digital-wollen-wir-wohnen-2\/#primaryimage"},"image":{"@id":"https:\/\/www.stiftungfuerzukunftsfragen.de\/smart-home-wie-digital-wollen-wir-wohnen-2\/#primaryimage"},"thumbnailUrl":"https:\/\/www.stiftungfuerzukunftsfragen.de\/wp-content\/uploads\/blockchain-2850276_1280.jpg","datePublished":"2025-07-24T08:01:12+00:00","dateModified":"2025-10-31T07:03:41+00:00","description":"Connected living harbours great potential for greater convenience, security and energy efficiency in everyday life. How do Germans see this?","breadcrumb":{"@id":"https:\/\/www.stiftungfuerzukunftsfragen.de\/smart-home-wie-digital-wollen-wir-wohnen-2\/#breadcrumb"},"inLanguage":"en-GB","potentialAction":[{"@type":"ReadAction","target":["https:\/\/www.stiftungfuerzukunftsfragen.de\/smart-home-wie-digital-wollen-wir-wohnen-2\/"]}]},{"@type":"ImageObject","inLanguage":"en-GB","@id":"https:\/\/www.stiftungfuerzukunftsfragen.de\/smart-home-wie-digital-wollen-wir-wohnen-2\/#primaryimage","url":"https:\/\/www.stiftungfuerzukunftsfragen.de\/wp-content\/uploads\/blockchain-2850276_1280.jpg","contentUrl":"https:\/\/www.stiftungfuerzukunftsfragen.de\/wp-content\/uploads\/blockchain-2850276_1280.jpg","width":1280,"height":850},{"@type":"BreadcrumbList","@id":"https:\/\/www.stiftungfuerzukunftsfragen.de\/smart-home-wie-digital-wollen-wir-wohnen-2\/#breadcrumb","itemListElement":[{"@type":"ListItem","position":1,"name":"Startseite","item":"https:\/\/www.stiftungfuerzukunftsfragen.de\/"},{"@type":"ListItem","position":2,"name":"Smart Home: Wie digital wollen wir wohnen?"}]},{"@type":"WebSite","@id":"https:\/\/www.stiftungfuerzukunftsfragen.de\/#website","url":"https:\/\/www.stiftungfuerzukunftsfragen.de\/","name":"Foundation for Future Issues","description":"An initiative by BAT","publisher":{"@id":"https:\/\/www.stiftungfuerzukunftsfragen.de\/#organization"},"potentialAction":[{"@type":"SearchAction","target":{"@type":"EntryPoint","urlTemplate":"https:\/\/www.stiftungfuerzukunftsfragen.de\/?s={search_term_string}"},"query-input":{"@type":"PropertyValueSpecification","valueRequired":true,"valueName":"search_term_string"}}],"inLanguage":"en-GB"},{"@type":"Organization","@id":"https:\/\/www.stiftungfuerzukunftsfragen.de\/#organization","name":"Foundation for Future Issues","url":"https:\/\/www.stiftungfuerzukunftsfragen.de\/","logo":{"@type":"ImageObject","inLanguage":"en-GB","@id":"https:\/\/www.stiftungfuerzukunftsfragen.de\/#\/schema\/logo\/image\/","url":"https:\/\/www.stiftungfuerzukunftsfragen.de\/wp-content\/uploads\/Stiftung-fuer-Zukunftsfragen-Logo-e1662668075158.png","contentUrl":"https:\/\/www.stiftungfuerzukunftsfragen.de\/wp-content\/uploads\/Stiftung-fuer-Zukunftsfragen-Logo-e1662668075158.png","width":609,"height":144,"caption":"Stiftung f\u00fcr Zukunftsfragen"},"image":{"@id":"https:\/\/www.stiftungfuerzukunftsfragen.de\/#\/schema\/logo\/image\/"},"sameAs":["https:\/\/www.facebook.com\/pages\/Stiftung-fr-Zukunftsfragen\/207485789294838"]},{"@type":"Person","@id":"https:\/\/www.stiftungfuerzukunftsfragen.de\/#\/schema\/person\/ab1d46d162c905f85dba6504c00294c4","name":"guels"}]}},"_links":{"self":[{"href":"https:\/\/www.stiftungfuerzukunftsfragen.de\/en\/wp-json\/wp\/v2\/posts\/5491","targetHints":{"allow":["GET"]}}],"collection":[{"href":"https:\/\/www.stiftungfuerzukunftsfragen.de\/en\/wp-json\/wp\/v2\/posts"}],"about":[{"href":"https:\/\/www.stiftungfuerzukunftsfragen.de\/en\/wp-json\/wp\/v2\/types\/post"}],"author":[{"embeddable":true,"href":"https:\/\/www.stiftungfuerzukunftsfragen.de\/en\/wp-json\/wp\/v2\/users\/36"}],"replies":[{"embeddable":true,"href":"https:\/\/www.stiftungfuerzukunftsfragen.de\/en\/wp-json\/wp\/v2\/comments?post=5491"}],"version-history":[{"count":2,"href":"https:\/\/www.stiftungfuerzukunftsfragen.de\/en\/wp-json\/wp\/v2\/posts\/5491\/revisions"}],"predecessor-version":[{"id":6199,"href":"https:\/\/www.stiftungfuerzukunftsfragen.de\/en\/wp-json\/wp\/v2\/posts\/5491\/revisions\/6199"}],"wp:featuredmedia":[{"embeddable":true,"href":"https:\/\/www.stiftungfuerzukunftsfragen.de\/en\/wp-json\/wp\/v2\/media\/4753"}],"wp:attachment":[{"href":"https:\/\/www.stiftungfuerzukunftsfragen.de\/en\/wp-json\/wp\/v2\/media?parent=5491"}],"wp:term":[{"taxonomy":"category","embeddable":true,"href":"https:\/\/www.stiftungfuerzukunftsfragen.de\/en\/wp-json\/wp\/v2\/categories?post=5491"},{"taxonomy":"post_tag","embeddable":true,"href":"https:\/\/www.stiftungfuerzukunftsfragen.de\/en\/wp-json\/wp\/v2\/tags?post=5491"}],"curies":[{"name":"wp","href":"https:\/\/api.w.org\/{rel}","templated":true}]}}