{"id":5495,"date":"2025-08-04T09:50:57","date_gmt":"2025-08-04T07:50:57","guid":{"rendered":"https:\/\/www.stiftungfuerzukunftsfragen.de\/?p=5495"},"modified":"2025-10-30T15:12:55","modified_gmt":"2025-10-30T14:12:55","slug":"holidays-in-2025-how-germans-travel","status":"publish","type":"post","link":"https:\/\/www.stiftungfuerzukunftsfragen.de\/en\/urlaub-2025-so-reisen-die-deutschen\/","title":{"rendered":"Holidays in 2025: How Germans will be travelling"},"content":{"rendered":"<p><img decoding=\"async\" class=\"lazyload alignleft wp-image-4417\" src=\"https:\/\/www.stiftungfuerzukunftsfragen.de\/wp-content\/uploads\/jeshoots-com-mSESwdMZr-A-unsplash.jpg\" data-orig-src=\"https:\/\/www.stiftungfuerzukunftsfragen.de\/wp-content\/uploads\/jeshoots-com-mSESwdMZr-A-unsplash.jpg\" alt=\"\" width=\"493\" height=\"329\" srcset=\"data:image\/svg+xml,%3Csvg%20xmlns%3D%27http%3A%2F%2Fwww.w3.org%2F2000%2Fsvg%27%20width%3D%27493%27%20height%3D%27329%27%20viewBox%3D%270%200%20493%20329%27%3E%3Crect%20width%3D%27493%27%20height%3D%27329%27%20fill-opacity%3D%220%22%2F%3E%3C%2Fsvg%3E\" data-srcset=\"https:\/\/www.stiftungfuerzukunftsfragen.de\/wp-content\/uploads\/jeshoots-com-mSESwdMZr-A-unsplash-200x133.jpg 200w, https:\/\/www.stiftungfuerzukunftsfragen.de\/wp-content\/uploads\/jeshoots-com-mSESwdMZr-A-unsplash-300x200.jpg 300w, https:\/\/www.stiftungfuerzukunftsfragen.de\/wp-content\/uploads\/jeshoots-com-mSESwdMZr-A-unsplash-400x267.jpg 400w, https:\/\/www.stiftungfuerzukunftsfragen.de\/wp-content\/uploads\/jeshoots-com-mSESwdMZr-A-unsplash-600x400.jpg 600w, https:\/\/www.stiftungfuerzukunftsfragen.de\/wp-content\/uploads\/jeshoots-com-mSESwdMZr-A-unsplash-768x512.jpg 768w, https:\/\/www.stiftungfuerzukunftsfragen.de\/wp-content\/uploads\/jeshoots-com-mSESwdMZr-A-unsplash-800x533.jpg 800w, https:\/\/www.stiftungfuerzukunftsfragen.de\/wp-content\/uploads\/jeshoots-com-mSESwdMZr-A-unsplash-1024x683.jpg 1024w, https:\/\/www.stiftungfuerzukunftsfragen.de\/wp-content\/uploads\/jeshoots-com-mSESwdMZr-A-unsplash-1200x800.jpg 1200w, https:\/\/www.stiftungfuerzukunftsfragen.de\/wp-content\/uploads\/jeshoots-com-mSESwdMZr-A-unsplash-1536x1024.jpg 1536w, https:\/\/www.stiftungfuerzukunftsfragen.de\/wp-content\/uploads\/jeshoots-com-mSESwdMZr-A-unsplash.jpg 1920w\" data-sizes=\"auto\" data-orig-sizes=\"(max-width: 493px) 100vw, 493px\" \/><\/p>\n<p>&nbsp;<\/p>\n<p>&nbsp;<\/p>\n<p>&nbsp;<\/p>\n<p>&nbsp;<\/p>\n<p>&nbsp;<\/p>\n<p>&nbsp;<\/p>\n<p>&nbsp;<\/p>\n<p>&nbsp;<\/p>\n<p>&nbsp;<\/p>\n<h3><strong>Vacation 2025: Between self-determination, bargain hunting and a guilty conscience<\/strong><\/h3>\n<p><em>A new study by the BAT Foundation for Future Issues reveals how Germany travels today \u2013 and why the biggest individualists aren&#039;t necessarily the youngest. GfK surveyed 3,000 German citizens aged 18 and over online about their booking habits. <\/em><\/p>\n<p>Travel is and remains a place of longing \u2013 but how, when, and with what expectations do Germans actually travel today? The latest tourism study by the BAT Foundation for Future Issues reveals a new area of tension between individualization, digital influences, and growing climate awareness. The desire for freedom and flexibility clashes with economic constraints, the influence of social media is changing travel decisions \u2013 and the 65+ generation, of all people, is proving to be the most autonomous group of vacationers.<\/p>\n<p>&nbsp;<\/p>\n<p><strong>Self-made instead of a carefree package: Who books how?<\/strong><\/p>\n<p>The classic package holiday is losing ground. Only 29% of those surveyed still opt for a complete package including flight, hotel, and activities from a single provider \u2013 compared to 33% twenty years ago. The vast majority now plan their holidays individually or use partial packages, meaning individual services that are combined with separate bookings.<\/p>\n<p>Particularly noteworthy: The largest group of self-planners is not the 18- to 29-year-olds \u2013 but those over 65. 64% of seniors book their holidays entirely on their own, without a travel agency or platform. They compare offers, combine flights and accommodations independently, and increasingly rely on digital tools in the process.<\/p>\n<p>In contrast, the younger generation is more reserved. Only about a third of those under 30 organize their holidays entirely independently. Around a third use partial package deals \u2013 for example, to secure flights or accommodation in advance \u2013 while the remaining third sticks with the classic package tour. Professor Dr. Ulrich Reinhardt:<br \/>\n\u201e&quot;The results contradict common stereotypes. Many consider digital natives to be particularly autonomous and tech-savvy \u2013 but when traveling, they show a surprising affinity for standardized offerings. It is the more experienced travelers who act independently and confidently \u2013 also digitally.&quot;\u201c<\/p>\n<p>&nbsp;<\/p>\n<p><strong>More digital, more spontaneous \u2013 and increasingly contradictory<\/strong><\/p>\n<p>New developments are also emerging beyond the booking method:<\/p>\n<ul>\n<li><strong>36 %<\/strong> plan their holidays as early as possible,<\/li>\n<li><strong>11 %<\/strong> In contrast, people book spontaneously and travel last-minute.<\/li>\n<li><strong>14 %<\/strong> They are guided by social media or influencers when making their holiday decisions.<\/li>\n<li><strong>14 %<\/strong> prefer Airbnbs or private accommodations.<\/li>\n<li><strong>5 %<\/strong> They indicate that vegetarian or vegan options influence their choice of destination.<\/li>\n<\/ul>\n<p>Also striking is the growing moral ambivalence:<br \/>\n<strong>14 %<\/strong> Germans feel guilty when they fly \u2013 at the same time, only <strong>17 %<\/strong>, Sustainability is more important than price when choosing a travel destination. The desire to travel remains strong \u2013 but it is increasingly subject to ethical scrutiny.<\/p>\n<p>&nbsp;<\/p>\n<p><strong>Conclusion: Diversity instead of standardization<\/strong><\/p>\n<p>Travel in 2025 is characterized by individualization, but not by radical change. The fundamental booking patterns remain remarkably stable over 20 years \u2013 package tours decline slightly, independent travel increases moderately, and partial package holidays gain in importance. However, beneath the surface, the motivations are shifting: it&#039;s less about the &quot;how&quot; of the trip and more about the &quot;why.&quot;.<\/p>\n<p>Whether for cost reasons, digital curiosity, or a desire for control \u2013 the reasons for the way travelers organize their trips are as varied as the travelers themselves. What unites them all, however, is the desire for freedom of choice.<\/p>\n<p>\u201eTravel providers would be well advised to focus less on rigid, all-inclusive packages in the future \u2013 and instead offer flexible modular systems,\u201c said Reinhardt. \u201eGermans don\u2019t want pre-packaged trips \u2013 they want offers that suit them.\u201c<\/p>\n<p>&nbsp;<\/p>","protected":false},"excerpt":{"rendered":"<p>Travel is and remains a place of longing \u2013 but how, when, and with what expectations do Germans actually travel today? The latest tourism study reveals: A new area of tension has emerged between individualization, digital influences, and growing climate awareness.<\/p>","protected":false},"author":36,"featured_media":4417,"comment_status":"closed","ping_status":"open","sticky":false,"template":"","format":"standard","meta":{"_acf_changed":false,"footnotes":""},"categories":[1],"tags":[93,94,80],"class_list":["post-5495","post","type-post","status-publish","format-standard","has-post-thumbnail","hentry","category-forschung-aktuell","tag-arbeit","tag-arbeitszeit","tag-zukunft"],"acf":{"ausgabe_nummer":"Forschung aktuell, 311","pdf-download_dateiname":"","markdown":"# Urlaub 2025: So reisen die Deutschen\n4. August 2025\n\n[Dekoratives Bild: Ein Mann sitzt in einer Flughafenlounge und blickt auf ein startendes Flugzeug.]\n\n## Urlaub 2025: Zwischen Selbstbestimmung, Schn\u00e4ppchenjagd und schlechtem Gewissen\n\nNeue Studie der BAT-Stiftung f\u00fcr Zukunftsfragen zeigt, wie Deutschland heute reist \u2013 und warum die gr\u00f6\u00dften Individualisten nicht die J\u00fcngsten sind. 3000 Bundesb\u00fcrger ab 18 Jahren wurden online durch die GfK zu ihrem Buchungsverhalten befragt.\n\nReisen ist und bleibt ein Sehnsuchtsort \u2013 doch wie, wann und mit welchem Anspruch verreisen die Deutschen heute wirklich? Die neuste Tourismusstudie der BAT-Stiftung f\u00fcr Zukunftsfragen offenbart: Zwischen Individualisierung, digitalen Einfl\u00fcssen und wachsendem Klimabewusstsein ist ein neues Spannungsfeld entstanden. Der Wunsch nach Freiheit und Flexibilit\u00e4t trifft auf \u00f6konomische Zw\u00e4nge, der Einfluss von Social Media ver\u00e4ndert Reiseentscheidungen \u2013 und ausgerechnet die Generation 65plus zeigt sich als autonomste Urlaubergruppe.\n\n### Selfmade statt Sorglospaket: Wer bucht wie?\n\nDer klassische Pauschalurlaub verliert an Boden. Nur noch 29% der Befragten setzen auf die Komplettl\u00f6sung aus Flug, Hotel und Programm aus einer Hand \u2013 vor zwanzig Jahren waren es noch 33%. Die gro\u00dfe Mehrheit plant ihren Urlaub heute individuell oder nutzt Teilpauschalen, also Einzelleistungen, die mit eigenen Buchungen kombiniert werden.\n\nBesonders bemerkenswert: Die gr\u00f6\u00dfte Gruppe der Selbstplaner sind nicht etwa die 18- bis 29-J\u00e4hrigen \u2013 sondern die \u00fcber 65-J\u00e4hrigen. 64% der Senioren buchen ihren Urlaub vollst\u00e4ndig selbst, ohne Reiseb\u00fcro oder Plattform. Sie vergleichen Angebote, kombinieren Fl\u00fcge und Unterk\u00fcnfte eigenst\u00e4ndig und greifen dabei zunehmend auf digitale Hilfsmittel zur\u00fcck.\n\nDemgegen\u00fcber zeigt sich die junge Generation zur\u00fcckhaltender. Nur ein gutes Drittel der unter 30-J\u00e4hrigen organisiert den Urlaub komplett eigenst\u00e4ndig. Rund ein Drittel nutzt Teilpauschalen \u2013 etwa, um Flug oder Unterkunft vorab abzusichern \u2013 das restliche Drittel bleibt bei der klassischen Pauschalreise. Professor Dr. Ulrich Reinhardt:\n\u201eDie Ergebnisse widersprechen den g\u00e4ngigen Klischees. Viele halten Digital Natives f\u00fcr besonders autonom und technikaffin \u2013 doch beim Reisen zeigen sie eine \u00fcberraschende N\u00e4he zu standardisierten Angeboten. Es sind die Erfahreneren, die eigenst\u00e4ndig und selbstbewusst agieren \u2013 auch digital.\u201c\n\n### Digitaler, spontaner \u2013 und zunehmend widerspr\u00fcchlich\n\nAuch abseits der Buchungsform zeigen sich neue Entwicklungen:\n\n*   36% planen ihren Urlaub m\u00f6glichst fr\u00fchzeitig,\n*   11% buchen dagegen spontan und reisen Last-Minute.\n*   14% lassen sich bei der Urlaubsentscheidung von Social Media oder Influencern leiten.\n*   14% bevorzugen Airbnbs oder private Unterk\u00fcnfte.\n*   5% geben an, dass vegetarische oder vegane Angebote ihre Zielwahl beeinflussen.\n\nAuff\u00e4llig ist auch die wachsende moralische Ambivalenz: 14% der Deutschen versp\u00fcren ein schlechtes Gewissen, wenn sie fliegen \u2013 gleichzeitig finden nur 17%, dass Nachhaltigkeit bei der Wahl des Reiseziels wichtiger sei als der Preis. Die Reiselust bleibt ungebrochen \u2013 aber sie steht zunehmend unter ethischer Beobachtung.\n\n### Fazit: Vielfalt statt Vereinheitlichung\n\nReisen im Jahr 2025 ist gepr\u00e4gt von Individualisierung, aber nicht von radikalem Wandel. Die grundlegenden Buchungsmuster bleiben \u00fcber 20 Jahre hinweg erstaunlich stabil \u2013 die Pauschalreise verliert leicht, Individualreisen legen moderat zu, Teilpauschalen gewinnen an Bedeutung. Doch unter der Oberfl\u00e4che ver\u00e4ndert sich das Motivgef\u00fcge: Es geht weniger um das \u201eWie\u201c der Reise, sondern um das \u201eWozu\u201c.\n\nOb aus Kostengr\u00fcnden, aus digitaler Neugier oder aus dem Wunsch nach Kontrolle \u2013 die Gr\u00fcnde f\u00fcr die Art der Reiseorganisation sind so vielf\u00e4ltig wie die Reisenden selbst. Was jedoch alle eint: der Wunsch nach Wahlfreiheit.\n\n\u201eReiseanbieter sind gut beraten, k\u00fcnftig weniger auf starre Komplettpakete zu setzen \u2013 und stattdessen flexible Baukastensysteme anzubieten\u201c, so Reinhardt. \u201eDie Bundesb\u00fcrger wollen keine vorgefertigten Reisen \u2013 sie wollen Angebote, die zu ihnen passen.\u201c","pdf-clean":"https:\/\/www.stiftungfuerzukunftsfragen.de\/wp-content\/uploads\/SFZ-PDF-5495.pdf"},"yoast_head":"<!-- This site is optimized with the Yoast SEO plugin v27.1.1 - https:\/\/yoast.com\/product\/yoast-seo-wordpress\/ -->\n<title>Urlaub 2025: So reisen die Deutschen - Stiftung f\u00fcr Zukunftsfragen<\/title>\n<meta name=\"description\" content=\"Zwischen Individualisierung, digitalen Einfl\u00fcssen und wachsendem Klimabewusstsein ist ein neues Spannungsfeld entstanden.\" \/>\n<meta name=\"robots\" content=\"index, follow, max-snippet:-1, max-image-preview:large, max-video-preview:-1\" \/>\n<link rel=\"canonical\" href=\"https:\/\/www.stiftungfuerzukunftsfragen.de\/en\/holidays-in-2025-how-germans-travel\/\" \/>\n<meta property=\"og:locale\" content=\"en_GB\" \/>\n<meta property=\"og:type\" content=\"article\" \/>\n<meta property=\"og:title\" content=\"Urlaub 2025: So reisen die Deutschen - Stiftung f\u00fcr Zukunftsfragen\" \/>\n<meta property=\"og:description\" content=\"Zwischen Individualisierung, digitalen Einfl\u00fcssen und wachsendem Klimabewusstsein ist ein neues Spannungsfeld entstanden.\" \/>\n<meta property=\"og:url\" content=\"https:\/\/www.stiftungfuerzukunftsfragen.de\/en\/holidays-in-2025-how-germans-travel\/\" \/>\n<meta property=\"og:site_name\" content=\"Stiftung f\u00fcr Zukunftsfragen\" \/>\n<meta property=\"article:publisher\" content=\"https:\/\/www.facebook.com\/pages\/Stiftung-fr-Zukunftsfragen\/207485789294838\" \/>\n<meta property=\"article:published_time\" content=\"2025-08-04T07:50:57+00:00\" \/>\n<meta property=\"article:modified_time\" content=\"2025-10-30T14:12:55+00:00\" \/>\n<meta property=\"og:image\" content=\"https:\/\/www.stiftungfuerzukunftsfragen.de\/wp-content\/uploads\/jeshoots-com-mSESwdMZr-A-unsplash.jpg\" \/>\n\t<meta property=\"og:image:width\" content=\"1920\" \/>\n\t<meta property=\"og:image:height\" content=\"1280\" \/>\n\t<meta property=\"og:image:type\" content=\"image\/jpeg\" \/>\n<meta name=\"author\" content=\"guels\" \/>\n<meta name=\"twitter:card\" content=\"summary_large_image\" \/>\n<meta name=\"twitter:label1\" content=\"Written by\" \/>\n\t<meta name=\"twitter:data1\" content=\"guels\" \/>\n\t<meta name=\"twitter:label2\" content=\"Estimated reading time\" \/>\n\t<meta name=\"twitter:data2\" content=\"4 minutes\" \/>\n<script type=\"application\/ld+json\" class=\"yoast-schema-graph\">{\"@context\":\"https:\/\/schema.org\",\"@graph\":[{\"@type\":\"Article\",\"@id\":\"https:\/\/www.stiftungfuerzukunftsfragen.de\/urlaub-2025-so-reisen-die-deutschen\/#article\",\"isPartOf\":{\"@id\":\"https:\/\/www.stiftungfuerzukunftsfragen.de\/urlaub-2025-so-reisen-die-deutschen\/\"},\"author\":{\"name\":\"guels\",\"@id\":\"https:\/\/www.stiftungfuerzukunftsfragen.de\/#\/schema\/person\/ab1d46d162c905f85dba6504c00294c4\"},\"headline\":\"Urlaub 2025: So reisen die Deutschen\",\"datePublished\":\"2025-08-04T07:50:57+00:00\",\"dateModified\":\"2025-10-30T14:12:55+00:00\",\"mainEntityOfPage\":{\"@id\":\"https:\/\/www.stiftungfuerzukunftsfragen.de\/urlaub-2025-so-reisen-die-deutschen\/\"},\"wordCount\":559,\"publisher\":{\"@id\":\"https:\/\/www.stiftungfuerzukunftsfragen.de\/#organization\"},\"image\":{\"@id\":\"https:\/\/www.stiftungfuerzukunftsfragen.de\/urlaub-2025-so-reisen-die-deutschen\/#primaryimage\"},\"thumbnailUrl\":\"https:\/\/www.stiftungfuerzukunftsfragen.de\/wp-content\/uploads\/jeshoots-com-mSESwdMZr-A-unsplash.jpg\",\"keywords\":[\"Arbeit\",\"Arbeitszeit\",\"Zukunft\"],\"articleSection\":[\"Forschung aktuell\"],\"inLanguage\":\"en-GB\"},{\"@type\":\"WebPage\",\"@id\":\"https:\/\/www.stiftungfuerzukunftsfragen.de\/urlaub-2025-so-reisen-die-deutschen\/\",\"url\":\"https:\/\/www.stiftungfuerzukunftsfragen.de\/urlaub-2025-so-reisen-die-deutschen\/\",\"name\":\"Urlaub 2025: So reisen die Deutschen - Stiftung f\u00fcr Zukunftsfragen\",\"isPartOf\":{\"@id\":\"https:\/\/www.stiftungfuerzukunftsfragen.de\/#website\"},\"primaryImageOfPage\":{\"@id\":\"https:\/\/www.stiftungfuerzukunftsfragen.de\/urlaub-2025-so-reisen-die-deutschen\/#primaryimage\"},\"image\":{\"@id\":\"https:\/\/www.stiftungfuerzukunftsfragen.de\/urlaub-2025-so-reisen-die-deutschen\/#primaryimage\"},\"thumbnailUrl\":\"https:\/\/www.stiftungfuerzukunftsfragen.de\/wp-content\/uploads\/jeshoots-com-mSESwdMZr-A-unsplash.jpg\",\"datePublished\":\"2025-08-04T07:50:57+00:00\",\"dateModified\":\"2025-10-30T14:12:55+00:00\",\"description\":\"Zwischen Individualisierung, digitalen Einfl\u00fcssen und wachsendem Klimabewusstsein ist ein neues Spannungsfeld entstanden.\",\"breadcrumb\":{\"@id\":\"https:\/\/www.stiftungfuerzukunftsfragen.de\/urlaub-2025-so-reisen-die-deutschen\/#breadcrumb\"},\"inLanguage\":\"en-GB\",\"potentialAction\":[{\"@type\":\"ReadAction\",\"target\":[\"https:\/\/www.stiftungfuerzukunftsfragen.de\/urlaub-2025-so-reisen-die-deutschen\/\"]}]},{\"@type\":\"ImageObject\",\"inLanguage\":\"en-GB\",\"@id\":\"https:\/\/www.stiftungfuerzukunftsfragen.de\/urlaub-2025-so-reisen-die-deutschen\/#primaryimage\",\"url\":\"https:\/\/www.stiftungfuerzukunftsfragen.de\/wp-content\/uploads\/jeshoots-com-mSESwdMZr-A-unsplash.jpg\",\"contentUrl\":\"https:\/\/www.stiftungfuerzukunftsfragen.de\/wp-content\/uploads\/jeshoots-com-mSESwdMZr-A-unsplash.jpg\",\"width\":1920,\"height\":1280},{\"@type\":\"BreadcrumbList\",\"@id\":\"https:\/\/www.stiftungfuerzukunftsfragen.de\/urlaub-2025-so-reisen-die-deutschen\/#breadcrumb\",\"itemListElement\":[{\"@type\":\"ListItem\",\"position\":1,\"name\":\"Startseite\",\"item\":\"https:\/\/www.stiftungfuerzukunftsfragen.de\/\"},{\"@type\":\"ListItem\",\"position\":2,\"name\":\"Urlaub 2025: So reisen die Deutschen\"}]},{\"@type\":\"WebSite\",\"@id\":\"https:\/\/www.stiftungfuerzukunftsfragen.de\/#website\",\"url\":\"https:\/\/www.stiftungfuerzukunftsfragen.de\/\",\"name\":\"Stiftung f\u00fcr Zukunftsfragen\",\"description\":\"Eine Initiative von BAT\",\"publisher\":{\"@id\":\"https:\/\/www.stiftungfuerzukunftsfragen.de\/#organization\"},\"potentialAction\":[{\"@type\":\"SearchAction\",\"target\":{\"@type\":\"EntryPoint\",\"urlTemplate\":\"https:\/\/www.stiftungfuerzukunftsfragen.de\/?s={search_term_string}\"},\"query-input\":{\"@type\":\"PropertyValueSpecification\",\"valueRequired\":true,\"valueName\":\"search_term_string\"}}],\"inLanguage\":\"en-GB\"},{\"@type\":\"Organization\",\"@id\":\"https:\/\/www.stiftungfuerzukunftsfragen.de\/#organization\",\"name\":\"Stiftung f\u00fcr Zukunftsfragen\",\"url\":\"https:\/\/www.stiftungfuerzukunftsfragen.de\/\",\"logo\":{\"@type\":\"ImageObject\",\"inLanguage\":\"en-GB\",\"@id\":\"https:\/\/www.stiftungfuerzukunftsfragen.de\/#\/schema\/logo\/image\/\",\"url\":\"https:\/\/www.stiftungfuerzukunftsfragen.de\/wp-content\/uploads\/Stiftung-fuer-Zukunftsfragen-Logo-e1662668075158.png\",\"contentUrl\":\"https:\/\/www.stiftungfuerzukunftsfragen.de\/wp-content\/uploads\/Stiftung-fuer-Zukunftsfragen-Logo-e1662668075158.png\",\"width\":609,\"height\":144,\"caption\":\"Stiftung f\u00fcr Zukunftsfragen\"},\"image\":{\"@id\":\"https:\/\/www.stiftungfuerzukunftsfragen.de\/#\/schema\/logo\/image\/\"},\"sameAs\":[\"https:\/\/www.facebook.com\/pages\/Stiftung-fr-Zukunftsfragen\/207485789294838\"]},{\"@type\":\"Person\",\"@id\":\"https:\/\/www.stiftungfuerzukunftsfragen.de\/#\/schema\/person\/ab1d46d162c905f85dba6504c00294c4\",\"name\":\"guels\"}]}<\/script>\n<!-- \/ Yoast SEO plugin. -->","yoast_head_json":{"title":"Holidays in 2025: How Germans will travel - Foundation for Future Issues","description":"A new area of tension has emerged between individualization, digital influences and growing climate awareness.","robots":{"index":"index","follow":"follow","max-snippet":"max-snippet:-1","max-image-preview":"max-image-preview:large","max-video-preview":"max-video-preview:-1"},"canonical":"https:\/\/www.stiftungfuerzukunftsfragen.de\/en\/holidays-in-2025-how-germans-travel\/","og_locale":"en_GB","og_type":"article","og_title":"Urlaub 2025: So reisen die Deutschen - Stiftung f\u00fcr Zukunftsfragen","og_description":"Zwischen Individualisierung, digitalen Einfl\u00fcssen und wachsendem Klimabewusstsein ist ein neues Spannungsfeld entstanden.","og_url":"https:\/\/www.stiftungfuerzukunftsfragen.de\/en\/holidays-in-2025-how-germans-travel\/","og_site_name":"Stiftung f\u00fcr Zukunftsfragen","article_publisher":"https:\/\/www.facebook.com\/pages\/Stiftung-fr-Zukunftsfragen\/207485789294838","article_published_time":"2025-08-04T07:50:57+00:00","article_modified_time":"2025-10-30T14:12:55+00:00","og_image":[{"width":1920,"height":1280,"url":"https:\/\/www.stiftungfuerzukunftsfragen.de\/wp-content\/uploads\/jeshoots-com-mSESwdMZr-A-unsplash.jpg","type":"image\/jpeg"}],"author":"guels","twitter_card":"summary_large_image","twitter_misc":{"Written by":"guels","Estimated reading time":"4 minutes"},"schema":{"@context":"https:\/\/schema.org","@graph":[{"@type":"Article","@id":"https:\/\/www.stiftungfuerzukunftsfragen.de\/urlaub-2025-so-reisen-die-deutschen\/#article","isPartOf":{"@id":"https:\/\/www.stiftungfuerzukunftsfragen.de\/urlaub-2025-so-reisen-die-deutschen\/"},"author":{"name":"guels","@id":"https:\/\/www.stiftungfuerzukunftsfragen.de\/#\/schema\/person\/ab1d46d162c905f85dba6504c00294c4"},"headline":"Urlaub 2025: So reisen die Deutschen","datePublished":"2025-08-04T07:50:57+00:00","dateModified":"2025-10-30T14:12:55+00:00","mainEntityOfPage":{"@id":"https:\/\/www.stiftungfuerzukunftsfragen.de\/urlaub-2025-so-reisen-die-deutschen\/"},"wordCount":559,"publisher":{"@id":"https:\/\/www.stiftungfuerzukunftsfragen.de\/#organization"},"image":{"@id":"https:\/\/www.stiftungfuerzukunftsfragen.de\/urlaub-2025-so-reisen-die-deutschen\/#primaryimage"},"thumbnailUrl":"https:\/\/www.stiftungfuerzukunftsfragen.de\/wp-content\/uploads\/jeshoots-com-mSESwdMZr-A-unsplash.jpg","keywords":["Arbeit","Arbeitszeit","Zukunft"],"articleSection":["Forschung aktuell"],"inLanguage":"en-GB"},{"@type":"WebPage","@id":"https:\/\/www.stiftungfuerzukunftsfragen.de\/urlaub-2025-so-reisen-die-deutschen\/","url":"https:\/\/www.stiftungfuerzukunftsfragen.de\/urlaub-2025-so-reisen-die-deutschen\/","name":"Holidays in 2025: How Germans will travel - Foundation for Future Issues","isPartOf":{"@id":"https:\/\/www.stiftungfuerzukunftsfragen.de\/#website"},"primaryImageOfPage":{"@id":"https:\/\/www.stiftungfuerzukunftsfragen.de\/urlaub-2025-so-reisen-die-deutschen\/#primaryimage"},"image":{"@id":"https:\/\/www.stiftungfuerzukunftsfragen.de\/urlaub-2025-so-reisen-die-deutschen\/#primaryimage"},"thumbnailUrl":"https:\/\/www.stiftungfuerzukunftsfragen.de\/wp-content\/uploads\/jeshoots-com-mSESwdMZr-A-unsplash.jpg","datePublished":"2025-08-04T07:50:57+00:00","dateModified":"2025-10-30T14:12:55+00:00","description":"A new area of tension has emerged between individualization, digital influences and growing climate awareness.","breadcrumb":{"@id":"https:\/\/www.stiftungfuerzukunftsfragen.de\/urlaub-2025-so-reisen-die-deutschen\/#breadcrumb"},"inLanguage":"en-GB","potentialAction":[{"@type":"ReadAction","target":["https:\/\/www.stiftungfuerzukunftsfragen.de\/urlaub-2025-so-reisen-die-deutschen\/"]}]},{"@type":"ImageObject","inLanguage":"en-GB","@id":"https:\/\/www.stiftungfuerzukunftsfragen.de\/urlaub-2025-so-reisen-die-deutschen\/#primaryimage","url":"https:\/\/www.stiftungfuerzukunftsfragen.de\/wp-content\/uploads\/jeshoots-com-mSESwdMZr-A-unsplash.jpg","contentUrl":"https:\/\/www.stiftungfuerzukunftsfragen.de\/wp-content\/uploads\/jeshoots-com-mSESwdMZr-A-unsplash.jpg","width":1920,"height":1280},{"@type":"BreadcrumbList","@id":"https:\/\/www.stiftungfuerzukunftsfragen.de\/urlaub-2025-so-reisen-die-deutschen\/#breadcrumb","itemListElement":[{"@type":"ListItem","position":1,"name":"Startseite","item":"https:\/\/www.stiftungfuerzukunftsfragen.de\/"},{"@type":"ListItem","position":2,"name":"Urlaub 2025: So reisen die Deutschen"}]},{"@type":"WebSite","@id":"https:\/\/www.stiftungfuerzukunftsfragen.de\/#website","url":"https:\/\/www.stiftungfuerzukunftsfragen.de\/","name":"Foundation for Future Issues","description":"An initiative by BAT","publisher":{"@id":"https:\/\/www.stiftungfuerzukunftsfragen.de\/#organization"},"potentialAction":[{"@type":"SearchAction","target":{"@type":"EntryPoint","urlTemplate":"https:\/\/www.stiftungfuerzukunftsfragen.de\/?s={search_term_string}"},"query-input":{"@type":"PropertyValueSpecification","valueRequired":true,"valueName":"search_term_string"}}],"inLanguage":"en-GB"},{"@type":"Organization","@id":"https:\/\/www.stiftungfuerzukunftsfragen.de\/#organization","name":"Foundation for Future Issues","url":"https:\/\/www.stiftungfuerzukunftsfragen.de\/","logo":{"@type":"ImageObject","inLanguage":"en-GB","@id":"https:\/\/www.stiftungfuerzukunftsfragen.de\/#\/schema\/logo\/image\/","url":"https:\/\/www.stiftungfuerzukunftsfragen.de\/wp-content\/uploads\/Stiftung-fuer-Zukunftsfragen-Logo-e1662668075158.png","contentUrl":"https:\/\/www.stiftungfuerzukunftsfragen.de\/wp-content\/uploads\/Stiftung-fuer-Zukunftsfragen-Logo-e1662668075158.png","width":609,"height":144,"caption":"Stiftung f\u00fcr Zukunftsfragen"},"image":{"@id":"https:\/\/www.stiftungfuerzukunftsfragen.de\/#\/schema\/logo\/image\/"},"sameAs":["https:\/\/www.facebook.com\/pages\/Stiftung-fr-Zukunftsfragen\/207485789294838"]},{"@type":"Person","@id":"https:\/\/www.stiftungfuerzukunftsfragen.de\/#\/schema\/person\/ab1d46d162c905f85dba6504c00294c4","name":"guels"}]}},"_links":{"self":[{"href":"https:\/\/www.stiftungfuerzukunftsfragen.de\/en\/wp-json\/wp\/v2\/posts\/5495","targetHints":{"allow":["GET"]}}],"collection":[{"href":"https:\/\/www.stiftungfuerzukunftsfragen.de\/en\/wp-json\/wp\/v2\/posts"}],"about":[{"href":"https:\/\/www.stiftungfuerzukunftsfragen.de\/en\/wp-json\/wp\/v2\/types\/post"}],"author":[{"embeddable":true,"href":"https:\/\/www.stiftungfuerzukunftsfragen.de\/en\/wp-json\/wp\/v2\/users\/36"}],"replies":[{"embeddable":true,"href":"https:\/\/www.stiftungfuerzukunftsfragen.de\/en\/wp-json\/wp\/v2\/comments?post=5495"}],"version-history":[{"count":2,"href":"https:\/\/www.stiftungfuerzukunftsfragen.de\/en\/wp-json\/wp\/v2\/posts\/5495\/revisions"}],"predecessor-version":[{"id":5497,"href":"https:\/\/www.stiftungfuerzukunftsfragen.de\/en\/wp-json\/wp\/v2\/posts\/5495\/revisions\/5497"}],"wp:featuredmedia":[{"embeddable":true,"href":"https:\/\/www.stiftungfuerzukunftsfragen.de\/en\/wp-json\/wp\/v2\/media\/4417"}],"wp:attachment":[{"href":"https:\/\/www.stiftungfuerzukunftsfragen.de\/en\/wp-json\/wp\/v2\/media?parent=5495"}],"wp:term":[{"taxonomy":"category","embeddable":true,"href":"https:\/\/www.stiftungfuerzukunftsfragen.de\/en\/wp-json\/wp\/v2\/categories?post=5495"},{"taxonomy":"post_tag","embeddable":true,"href":"https:\/\/www.stiftungfuerzukunftsfragen.de\/en\/wp-json\/wp\/v2\/tags?post=5495"}],"curies":[{"name":"wp","href":"https:\/\/api.w.org\/{rel}","templated":true}]}}