{"id":5514,"date":"2025-08-21T05:32:52","date_gmt":"2025-08-21T03:32:52","guid":{"rendered":"https:\/\/www.stiftungfuerzukunftsfragen.de\/?p=5514"},"modified":"2025-10-31T08:03:31","modified_gmt":"2025-10-31T07:03:31","slug":"zelt-van-freiheit-why-camping-is-cool-again","status":"publish","type":"post","link":"https:\/\/www.stiftungfuerzukunftsfragen.de\/en\/zelt-van-freiheit-warum-camping-wieder-cool-ist\/","title":{"rendered":"Tent, van, freedom: why camping is cool again"},"content":{"rendered":"<div class=\"infogram-embed\" data-id=\"camping-1hmr6g89z7jmz2n\" data-type=\"interactive\"><\/div><script>!function(e,t,s,i){var n=\"InfogramEmbeds\",o=e.getElementsByTagName(\"script\"),d=o[0],r=\/^http:\/.test(e.location)?\"http:\":\"https:\";if(\/^\\\/{2}\/.test(i)&&(i=r+i),window[n]&&window[n].initialized)window[n].process&&window[n].process();else if(!e.getElementById(s)){var a=e.createElement(\"script\");a.async=1,a.id=s,a.src=i,d.parentNode.insertBefore(a,d)}}(document,0,\"infogram-async\",\"\/\/e.infogram.com\/js\/dist\/embed-loader-min.js\");<\/script>\n<div class=\"page\" title=\"Page 31\">\n<div class=\"section\">\n<div class=\"layoutArea\">\n<div class=\"column\">\n<div class=\"page\" title=\"Page 8\">\n<div class=\"section\">\n<div class=\"layoutArea\">\n<div class=\"column\">\n<div class=\"page\" title=\"Page 7\">\n<div class=\"section\">\n<div class=\"layoutArea\">\n<div class=\"column\">\n<p><b>Ergebnis<\/b><\/p>\n<p>Camping erlebt in Deutschland einen bemerkenswerten Aufschwung und hat sich von einer Nische zu einem breiten gesellschaftlichen Trend entwickelt. Ging vor 15 Jahren nur gut jeder zehnte Bundesb\u00fcrger (14\u202f%) wenigstens einmal im Jahr campen, ist es aktuell bereits mehr als jeder F\u00fcnfte (22\u202f%). Besonders beliebt ist diese Freizeitform bei den unter 35-J\u00e4hrigen \u2013 fast jeder Dritte (30\u202f%) dieser Altersgruppe ist regelm\u00e4\u00dfig mit Zelt, Wohnwagen oder Camper unterwegs. Auff\u00e4llig sind zudem die Unterschiede beim Einkommen: Wer mehr verdient, nutzt diese kleinen Auszeiten deutlich h\u00e4ufiger. So liegt der Anteil bei Personen mit einem Haushaltsnettoeinkommen von \u00fcber 5.000 Euro bei 28 Prozent, w\u00e4hrend er bei Geringverdienern unter 2.000 Euro nur 16 Prozent betr\u00e4gt.<\/p>\n<p><b>Gr\u00fcnde<\/b><\/p>\n<p>Der kontinuierliche Anstieg der Camping-Begeisterung l\u00e4sst sich durch ver\u00e4nderte gesellschaftliche Werte und Bed\u00fcrfnisse erkl\u00e4ren. Die M\u00f6glichkeit spontaner Ortswechsel und individueller Tagesgestaltung erf\u00fcllt den Wunsch nach Autonomie und Selbstbestimmung. Gleichzeitig erlaubt Camping unmittelbare Naturerfahrungen \u2013 als bewusster Gegenpol zur zunehmenden Digitalisierung und Verdichtung urbaner Lebenswelten. Moderne Varianten wie komfortabel ausgestattete Wohnmobile oder \u201eGlamping\u201c lassen fr\u00fchere Komfortverzichte in den Hintergrund treten und machen die Reiseform f\u00fcr neue Zielgruppen attraktiv.<\/p>\n<p>Hinzu kommt das wachsende Bed\u00fcrfnis nach nachhaltigerem Freizeitverhalten. Camping wird von vielen als umweltschonende Alternative zu ressourcenintensiven Urlaubsformen gesch\u00e4tzt. Gerade f\u00fcr die j\u00fcngere Generation, befl\u00fcgelt durch Trends wie #vanlife, ist es h\u00e4ufig auch Ausdruck eines Lebensstils, der auf Flexibilit\u00e4t, Minimalismus und individuelle Werte setzt. Nicht zuletzt schaffen flexiblere Arbeitsmodelle und die M\u00f6glichkeit des mobilen Arbeitens neue Freir\u00e4ume f\u00fcr spontane Abenteuer und eine bessere Vereinbarkeit von Beruf und Erholung.<\/p>\n<p><b>Prognose<\/b><\/p>\n<p>Die positive Entwicklung des Campings als Freizeitaktivit\u00e4t d\u00fcrfte sich in den kommenden Jahren fortsetzen. Das wachsende Umweltbewusstsein, die Suche nach authentischen Erfahrungen sowie die zunehmende Flexibilisierung von Arbeit und Alltag st\u00e4rken die Attraktivit\u00e4t naturnaher Erholung. Technische Weiterentwicklungen bei Fahrzeugen und Infrastruktur werden den Komfort weiter erh\u00f6hen, ohne die Grundidee des einfachen, selbstbestimmten Reisens zu verlieren.<\/p>\n<p>Der Markt wird sich dabei weiter ausdifferenzieren \u2013 von klassischen Zeltpl\u00e4tzen \u00fcber spezialisierte Angebote wie \u201eWorkation\u201c-Spots bis hin zu luxuri\u00f6sen Glamping-Konzepten. Camping etabliert sich damit weniger als Alternative, sondern vielmehr als Erg\u00e4nzung zu etablierten Urlaubsformen. Trotz der breiteren gesellschaftlichen Teilhabe bleibt es aber auch k\u00fcnftig vor allem ein Freizeitmodell f\u00fcr mobilere und finanziell besser gestellte Zielgruppen.<\/p>\n<\/div>\n<\/div>\n<\/div>\n<\/div>\n<\/div>\n<\/div>\n<\/div>\n<\/div>\n<\/div>\n<\/div>\n<\/div>\n<\/div>\n","protected":false},"excerpt":{"rendered":"<p>Camping in Germany is booming, especially among younger and higher-income earners seeking a flexible and nature-oriented getaway. Driven by the desire for slowing down, sustainability, and autonomy, the image of camping has fundamentally changed. Thanks to modern comforts and newfound flexibility, this trend will continue and diversify in the future.<\/p>","protected":false},"author":36,"featured_media":5515,"comment_status":"closed","ping_status":"open","sticky":false,"template":"","format":"standard","meta":{"_acf_changed":false,"footnotes":""},"categories":[53],"tags":[67,87,108,105,107,100,80,106],"class_list":["post-5514","post","type-post","status-publish","format-standard","has-post-thumbnail","hentry","category-chart-der-woche","tag-zukunftserwartungen","tag-familie","tag-gesellschaft","tag-vergangenheit","tag-vertrauen","tag-werte","tag-zukunft","tag-zukunftsplaene"],"acf":{"ausgabe_nummer":"Chart der Woche, 2025-KW34","pdf-download_dateiname":"","markdown":"# Zelt, Van, Freiheit: Warum Camping wieder cool ist\nChart der Woche, 2025-KW34\n21. August 2025\n\n[Bild: Eine Person steht bei Sonnenaufgang vor einem Zelt der Marke MAGELLAN auf einem Berg. Die Szene zeigt eine weite Landschaft.]\n\n## Camping boomt\nVon je 100 Befragten sagen: Ich gehe mindestens einmal im Jahr Campen.\n\n**Balkendiagramm: Anteil der Camper nach Jahr, Altersgruppe und Einkommen**\n\n| Kategorie        | Unterkategorie     | Wert (%) |\n|------------------|--------------------|----------|\n| Jahr             | 2010               | 14       |\n|                  | 2025               | 22       |\n| Altersgruppe     | bis 34 Jahre       | 30       |\n|                  | 35-54              | 20       |\n|                  | \u00fcber 55 Jahre      | 15       |\n| Einkommen        | < 2.000\u20ac           | 16       |\n|                  | > 5.000\u20ac           | 28       |\n\nOnline Repr\u00e4sentativbefragung von 3.000 Personen ab 18 Jahren durch die GfK in Deutschland\n\n## Ergebnis\nCamping erlebt in Deutschland einen bemerkenswerten Aufschwung und hat sich von einer Nische zu einem breiten gesellschaftlichen Trend entwickelt. Ging vor 15 Jahren nur gut jeder zehnte Bundesb\u00fcrger (14%) wenigstens einmal im Jahr campen, ist es aktuell bereits mehr als jeder F\u00fcnfte (22%). Besonders beliebt ist diese Freizeitform bei den unter 35-J\u00e4hrigen \u2013 fast jeder Dritte (30%) dieser Altersgruppe ist regelm\u00e4\u00dfig mit Zelt, Wohnwagen oder Camper unterwegs. Auff\u00e4llig sind zudem die Unterschiede beim Einkommen: Wer mehr verdient, nutzt diese kleinen Auszeiten deutlich h\u00e4ufiger. So liegt der Anteil bei Personen mit einem Haushaltsnettoeinkommen von \u00fcber 5.000 Euro bei 28 Prozent, w\u00e4hrend er bei Geringverdienern unter 2.000 Euro nur 16 Prozent betr\u00e4gt.\n\n## Gr\u00fcnde\nDer kontinuierliche Anstieg der Camping-Begeisterung l\u00e4sst sich durch ver\u00e4nderte gesellschaftliche Werte und Bed\u00fcrfnisse erkl\u00e4ren. Die M\u00f6glichkeit spontaner Ortswechsel und individueller Tagesgestaltung erf\u00fcllt den Wunsch nach Autonomie und Selbstbestimmung. Gleichzeitig erlaubt Camping unmittelbare Naturerfahrungen \u2013 als bewusster Gegenpol zur zunehmenden Digitalisierung und Verdichtung urbaner Lebenswelten. Moderne Varianten wie komfortabel ausgestattete Wohnmobile oder \u201eGlamping\u201c lassen fr\u00fchere Komfortverzichte in den Hintergrund treten und machen die Reiseform f\u00fcr neue Zielgruppen attraktiv.\n\nHinzu kommt das wachsende Bed\u00fcrfnis nach nachhaltigerem Freizeitverhalten. Camping wird von vielen als umweltschonende Alternative zu ressourcenintensiven Urlaubsformen gesch\u00e4tzt. Gerade f\u00fcr die j\u00fcngere Generation, befl\u00fcgelt durch Trends wie #vanlife, ist es h\u00e4ufig auch Ausdruck eines Lebensstils, der auf Flexibilit\u00e4t, Minimalismus und individuelle Werte setzt. Nicht zuletzt schaffen flexiblere Arbeitsmodelle und die M\u00f6glichkeit des mobilen Arbeitens neue Freir\u00e4ume f\u00fcr spontane Abenteuer und eine bessere Vereinbarkeit von Beruf und Erholung.\n\n## Prognose\nDie positive Entwicklung des Campings als Freizeitaktivit\u00e4t d\u00fcrfte sich in den kommenden Jahren fortsetzen. Das wachsende Umweltbewusstsein, die Suche nach authentischen Erfahrungen sowie die zunehmende Flexibilisierung von Arbeit und Alltag st\u00e4rken die Attraktivit\u00e4t naturnaher Erholung. Technische Weiterentwicklungen bei Fahrzeugen und Infrastruktur werden den Komfort weiter erh\u00f6hen, ohne die Grundidee des einfachen, selbstbestimmten Reisens zu verlieren.\n\nDer Markt wird sich dabei weiter ausdifferenzieren \u2013 von klassischen Zeltpl\u00e4tzen \u00fcber spezialisierte Angebote wie \u201eWorkation\u201c-Spots bis hin zu luxuri\u00f6sen Glamping-Konzepten. Camping etabliert sich damit weniger als Alternative, sondern vielmehr als Erg\u00e4nzung zu etablierten Urlaubsformen. Trotz der breiteren gesellschaftlichen Teilhabe bleibt es aber auch k\u00fcnftig vor allem ein Freizeitmodell f\u00fcr mobilere und finanziell besser gestellte Zielgruppen.","pdf-clean":"https:\/\/www.stiftungfuerzukunftsfragen.de\/wp-content\/uploads\/SFZ-PDF-5514.pdf"},"yoast_head":"<!-- This site is optimized with the Yoast SEO plugin v27.1.1 - https:\/\/yoast.com\/product\/yoast-seo-wordpress\/ -->\n<title>Zelt, Van, Freiheit: Warum Camping wieder cool ist<\/title>\n<meta name=\"description\" content=\"Vom Budget-Urlaub zum Luxus-Lifestyle: Erfahren Sie, warum immer mehr Deutsche dem Ruf der Wildnis folgen.\" \/>\n<meta name=\"robots\" content=\"index, follow, max-snippet:-1, max-image-preview:large, max-video-preview:-1\" \/>\n<link rel=\"canonical\" href=\"https:\/\/www.stiftungfuerzukunftsfragen.de\/en\/zelt-van-freiheit-why-camping-is-cool-again\/\" \/>\n<meta property=\"og:locale\" content=\"en_GB\" \/>\n<meta property=\"og:type\" content=\"article\" \/>\n<meta property=\"og:title\" content=\"Zelt, Van, Freiheit: Warum Camping wieder cool ist\" \/>\n<meta property=\"og:description\" content=\"Vom Budget-Urlaub zum Luxus-Lifestyle: Erfahren Sie, warum immer mehr Deutsche dem Ruf der Wildnis folgen.\" \/>\n<meta property=\"og:url\" content=\"https:\/\/www.stiftungfuerzukunftsfragen.de\/en\/zelt-van-freiheit-why-camping-is-cool-again\/\" \/>\n<meta property=\"og:site_name\" content=\"Stiftung f\u00fcr Zukunftsfragen\" \/>\n<meta property=\"article:publisher\" content=\"https:\/\/www.facebook.com\/pages\/Stiftung-fr-Zukunftsfragen\/207485789294838\" \/>\n<meta property=\"article:published_time\" content=\"2025-08-21T03:32:52+00:00\" \/>\n<meta property=\"article:modified_time\" content=\"2025-10-31T07:03:31+00:00\" \/>\n<meta property=\"og:image\" content=\"https:\/\/www.stiftungfuerzukunftsfragen.de\/wp-content\/uploads\/pexels-cliford-mervil-988071-2398220.jpg\" \/>\n\t<meta property=\"og:image:width\" content=\"1920\" \/>\n\t<meta property=\"og:image:height\" content=\"1281\" \/>\n\t<meta property=\"og:image:type\" content=\"image\/jpeg\" \/>\n<meta name=\"author\" content=\"guels\" \/>\n<meta name=\"twitter:card\" content=\"summary_large_image\" \/>\n<meta name=\"twitter:label1\" content=\"Written by\" \/>\n\t<meta name=\"twitter:data1\" content=\"guels\" \/>\n\t<meta name=\"twitter:label2\" content=\"Estimated reading time\" \/>\n\t<meta name=\"twitter:data2\" content=\"3 minutes\" \/>\n<script type=\"application\/ld+json\" class=\"yoast-schema-graph\">{\"@context\":\"https:\/\/schema.org\",\"@graph\":[{\"@type\":\"Article\",\"@id\":\"https:\/\/www.stiftungfuerzukunftsfragen.de\/zelt-van-freiheit-warum-camping-wieder-cool-ist\/#article\",\"isPartOf\":{\"@id\":\"https:\/\/www.stiftungfuerzukunftsfragen.de\/zelt-van-freiheit-warum-camping-wieder-cool-ist\/\"},\"author\":{\"name\":\"guels\",\"@id\":\"https:\/\/www.stiftungfuerzukunftsfragen.de\/#\/schema\/person\/ab1d46d162c905f85dba6504c00294c4\"},\"headline\":\"Zelt, Van, Freiheit: Warum Camping wieder cool ist\",\"datePublished\":\"2025-08-21T03:32:52+00:00\",\"dateModified\":\"2025-10-31T07:03:31+00:00\",\"mainEntityOfPage\":{\"@id\":\"https:\/\/www.stiftungfuerzukunftsfragen.de\/zelt-van-freiheit-warum-camping-wieder-cool-ist\/\"},\"wordCount\":404,\"publisher\":{\"@id\":\"https:\/\/www.stiftungfuerzukunftsfragen.de\/#organization\"},\"image\":{\"@id\":\"https:\/\/www.stiftungfuerzukunftsfragen.de\/zelt-van-freiheit-warum-camping-wieder-cool-ist\/#primaryimage\"},\"thumbnailUrl\":\"https:\/\/www.stiftungfuerzukunftsfragen.de\/wp-content\/uploads\/pexels-cliford-mervil-988071-2398220.jpg\",\"keywords\":[\"Zukunftserwartungen\",\"Familie\",\"Gesellschaft\",\"Vergangenheit\",\"Vertrauen\",\"Werte\",\"Zukunft\",\"Zukunftspl\u00e4ne\"],\"articleSection\":[\"Chart der Woche\"],\"inLanguage\":\"en-GB\"},{\"@type\":\"WebPage\",\"@id\":\"https:\/\/www.stiftungfuerzukunftsfragen.de\/zelt-van-freiheit-warum-camping-wieder-cool-ist\/\",\"url\":\"https:\/\/www.stiftungfuerzukunftsfragen.de\/zelt-van-freiheit-warum-camping-wieder-cool-ist\/\",\"name\":\"Zelt, Van, Freiheit: Warum Camping wieder cool ist\",\"isPartOf\":{\"@id\":\"https:\/\/www.stiftungfuerzukunftsfragen.de\/#website\"},\"primaryImageOfPage\":{\"@id\":\"https:\/\/www.stiftungfuerzukunftsfragen.de\/zelt-van-freiheit-warum-camping-wieder-cool-ist\/#primaryimage\"},\"image\":{\"@id\":\"https:\/\/www.stiftungfuerzukunftsfragen.de\/zelt-van-freiheit-warum-camping-wieder-cool-ist\/#primaryimage\"},\"thumbnailUrl\":\"https:\/\/www.stiftungfuerzukunftsfragen.de\/wp-content\/uploads\/pexels-cliford-mervil-988071-2398220.jpg\",\"datePublished\":\"2025-08-21T03:32:52+00:00\",\"dateModified\":\"2025-10-31T07:03:31+00:00\",\"description\":\"Vom Budget-Urlaub zum Luxus-Lifestyle: Erfahren Sie, warum immer mehr Deutsche dem Ruf der Wildnis folgen.\",\"breadcrumb\":{\"@id\":\"https:\/\/www.stiftungfuerzukunftsfragen.de\/zelt-van-freiheit-warum-camping-wieder-cool-ist\/#breadcrumb\"},\"inLanguage\":\"en-GB\",\"potentialAction\":[{\"@type\":\"ReadAction\",\"target\":[\"https:\/\/www.stiftungfuerzukunftsfragen.de\/zelt-van-freiheit-warum-camping-wieder-cool-ist\/\"]}]},{\"@type\":\"ImageObject\",\"inLanguage\":\"en-GB\",\"@id\":\"https:\/\/www.stiftungfuerzukunftsfragen.de\/zelt-van-freiheit-warum-camping-wieder-cool-ist\/#primaryimage\",\"url\":\"https:\/\/www.stiftungfuerzukunftsfragen.de\/wp-content\/uploads\/pexels-cliford-mervil-988071-2398220.jpg\",\"contentUrl\":\"https:\/\/www.stiftungfuerzukunftsfragen.de\/wp-content\/uploads\/pexels-cliford-mervil-988071-2398220.jpg\",\"width\":1920,\"height\":1281},{\"@type\":\"BreadcrumbList\",\"@id\":\"https:\/\/www.stiftungfuerzukunftsfragen.de\/zelt-van-freiheit-warum-camping-wieder-cool-ist\/#breadcrumb\",\"itemListElement\":[{\"@type\":\"ListItem\",\"position\":1,\"name\":\"Startseite\",\"item\":\"https:\/\/www.stiftungfuerzukunftsfragen.de\/\"},{\"@type\":\"ListItem\",\"position\":2,\"name\":\"Zelt, Van, Freiheit: Warum Camping wieder cool ist\"}]},{\"@type\":\"WebSite\",\"@id\":\"https:\/\/www.stiftungfuerzukunftsfragen.de\/#website\",\"url\":\"https:\/\/www.stiftungfuerzukunftsfragen.de\/\",\"name\":\"Stiftung f\u00fcr Zukunftsfragen\",\"description\":\"Eine Initiative von BAT\",\"publisher\":{\"@id\":\"https:\/\/www.stiftungfuerzukunftsfragen.de\/#organization\"},\"potentialAction\":[{\"@type\":\"SearchAction\",\"target\":{\"@type\":\"EntryPoint\",\"urlTemplate\":\"https:\/\/www.stiftungfuerzukunftsfragen.de\/?s={search_term_string}\"},\"query-input\":{\"@type\":\"PropertyValueSpecification\",\"valueRequired\":true,\"valueName\":\"search_term_string\"}}],\"inLanguage\":\"en-GB\"},{\"@type\":\"Organization\",\"@id\":\"https:\/\/www.stiftungfuerzukunftsfragen.de\/#organization\",\"name\":\"Stiftung f\u00fcr Zukunftsfragen\",\"url\":\"https:\/\/www.stiftungfuerzukunftsfragen.de\/\",\"logo\":{\"@type\":\"ImageObject\",\"inLanguage\":\"en-GB\",\"@id\":\"https:\/\/www.stiftungfuerzukunftsfragen.de\/#\/schema\/logo\/image\/\",\"url\":\"https:\/\/www.stiftungfuerzukunftsfragen.de\/wp-content\/uploads\/Stiftung-fuer-Zukunftsfragen-Logo-e1662668075158.png\",\"contentUrl\":\"https:\/\/www.stiftungfuerzukunftsfragen.de\/wp-content\/uploads\/Stiftung-fuer-Zukunftsfragen-Logo-e1662668075158.png\",\"width\":609,\"height\":144,\"caption\":\"Stiftung f\u00fcr Zukunftsfragen\"},\"image\":{\"@id\":\"https:\/\/www.stiftungfuerzukunftsfragen.de\/#\/schema\/logo\/image\/\"},\"sameAs\":[\"https:\/\/www.facebook.com\/pages\/Stiftung-fr-Zukunftsfragen\/207485789294838\"]},{\"@type\":\"Person\",\"@id\":\"https:\/\/www.stiftungfuerzukunftsfragen.de\/#\/schema\/person\/ab1d46d162c905f85dba6504c00294c4\",\"name\":\"guels\"}]}<\/script>\n<!-- \/ Yoast SEO plugin. -->","yoast_head_json":{"title":"Tent, van, freedom: why camping is cool again","description":"From budget holidays to luxury lifestyle: find out why more and more Germans are answering the call of the wild.","robots":{"index":"index","follow":"follow","max-snippet":"max-snippet:-1","max-image-preview":"max-image-preview:large","max-video-preview":"max-video-preview:-1"},"canonical":"https:\/\/www.stiftungfuerzukunftsfragen.de\/en\/zelt-van-freiheit-why-camping-is-cool-again\/","og_locale":"en_GB","og_type":"article","og_title":"Zelt, Van, Freiheit: Warum Camping wieder cool ist","og_description":"Vom Budget-Urlaub zum Luxus-Lifestyle: Erfahren Sie, warum immer mehr Deutsche dem Ruf der Wildnis folgen.","og_url":"https:\/\/www.stiftungfuerzukunftsfragen.de\/en\/zelt-van-freiheit-why-camping-is-cool-again\/","og_site_name":"Stiftung f\u00fcr Zukunftsfragen","article_publisher":"https:\/\/www.facebook.com\/pages\/Stiftung-fr-Zukunftsfragen\/207485789294838","article_published_time":"2025-08-21T03:32:52+00:00","article_modified_time":"2025-10-31T07:03:31+00:00","og_image":[{"width":1920,"height":1281,"url":"https:\/\/www.stiftungfuerzukunftsfragen.de\/wp-content\/uploads\/pexels-cliford-mervil-988071-2398220.jpg","type":"image\/jpeg"}],"author":"guels","twitter_card":"summary_large_image","twitter_misc":{"Written by":"guels","Estimated reading time":"3 minutes"},"schema":{"@context":"https:\/\/schema.org","@graph":[{"@type":"Article","@id":"https:\/\/www.stiftungfuerzukunftsfragen.de\/zelt-van-freiheit-warum-camping-wieder-cool-ist\/#article","isPartOf":{"@id":"https:\/\/www.stiftungfuerzukunftsfragen.de\/zelt-van-freiheit-warum-camping-wieder-cool-ist\/"},"author":{"name":"guels","@id":"https:\/\/www.stiftungfuerzukunftsfragen.de\/#\/schema\/person\/ab1d46d162c905f85dba6504c00294c4"},"headline":"Zelt, Van, Freiheit: Warum Camping wieder cool ist","datePublished":"2025-08-21T03:32:52+00:00","dateModified":"2025-10-31T07:03:31+00:00","mainEntityOfPage":{"@id":"https:\/\/www.stiftungfuerzukunftsfragen.de\/zelt-van-freiheit-warum-camping-wieder-cool-ist\/"},"wordCount":404,"publisher":{"@id":"https:\/\/www.stiftungfuerzukunftsfragen.de\/#organization"},"image":{"@id":"https:\/\/www.stiftungfuerzukunftsfragen.de\/zelt-van-freiheit-warum-camping-wieder-cool-ist\/#primaryimage"},"thumbnailUrl":"https:\/\/www.stiftungfuerzukunftsfragen.de\/wp-content\/uploads\/pexels-cliford-mervil-988071-2398220.jpg","keywords":["Zukunftserwartungen","Familie","Gesellschaft","Vergangenheit","Vertrauen","Werte","Zukunft","Zukunftspl\u00e4ne"],"articleSection":["Chart der Woche"],"inLanguage":"en-GB"},{"@type":"WebPage","@id":"https:\/\/www.stiftungfuerzukunftsfragen.de\/zelt-van-freiheit-warum-camping-wieder-cool-ist\/","url":"https:\/\/www.stiftungfuerzukunftsfragen.de\/zelt-van-freiheit-warum-camping-wieder-cool-ist\/","name":"Tent, van, freedom: why camping is cool again","isPartOf":{"@id":"https:\/\/www.stiftungfuerzukunftsfragen.de\/#website"},"primaryImageOfPage":{"@id":"https:\/\/www.stiftungfuerzukunftsfragen.de\/zelt-van-freiheit-warum-camping-wieder-cool-ist\/#primaryimage"},"image":{"@id":"https:\/\/www.stiftungfuerzukunftsfragen.de\/zelt-van-freiheit-warum-camping-wieder-cool-ist\/#primaryimage"},"thumbnailUrl":"https:\/\/www.stiftungfuerzukunftsfragen.de\/wp-content\/uploads\/pexels-cliford-mervil-988071-2398220.jpg","datePublished":"2025-08-21T03:32:52+00:00","dateModified":"2025-10-31T07:03:31+00:00","description":"From budget holidays to luxury lifestyle: find out why more and more Germans are answering the call of the wild.","breadcrumb":{"@id":"https:\/\/www.stiftungfuerzukunftsfragen.de\/zelt-van-freiheit-warum-camping-wieder-cool-ist\/#breadcrumb"},"inLanguage":"en-GB","potentialAction":[{"@type":"ReadAction","target":["https:\/\/www.stiftungfuerzukunftsfragen.de\/zelt-van-freiheit-warum-camping-wieder-cool-ist\/"]}]},{"@type":"ImageObject","inLanguage":"en-GB","@id":"https:\/\/www.stiftungfuerzukunftsfragen.de\/zelt-van-freiheit-warum-camping-wieder-cool-ist\/#primaryimage","url":"https:\/\/www.stiftungfuerzukunftsfragen.de\/wp-content\/uploads\/pexels-cliford-mervil-988071-2398220.jpg","contentUrl":"https:\/\/www.stiftungfuerzukunftsfragen.de\/wp-content\/uploads\/pexels-cliford-mervil-988071-2398220.jpg","width":1920,"height":1281},{"@type":"BreadcrumbList","@id":"https:\/\/www.stiftungfuerzukunftsfragen.de\/zelt-van-freiheit-warum-camping-wieder-cool-ist\/#breadcrumb","itemListElement":[{"@type":"ListItem","position":1,"name":"Startseite","item":"https:\/\/www.stiftungfuerzukunftsfragen.de\/"},{"@type":"ListItem","position":2,"name":"Zelt, Van, Freiheit: Warum Camping wieder cool ist"}]},{"@type":"WebSite","@id":"https:\/\/www.stiftungfuerzukunftsfragen.de\/#website","url":"https:\/\/www.stiftungfuerzukunftsfragen.de\/","name":"Foundation for Future Issues","description":"An initiative by BAT","publisher":{"@id":"https:\/\/www.stiftungfuerzukunftsfragen.de\/#organization"},"potentialAction":[{"@type":"SearchAction","target":{"@type":"EntryPoint","urlTemplate":"https:\/\/www.stiftungfuerzukunftsfragen.de\/?s={search_term_string}"},"query-input":{"@type":"PropertyValueSpecification","valueRequired":true,"valueName":"search_term_string"}}],"inLanguage":"en-GB"},{"@type":"Organization","@id":"https:\/\/www.stiftungfuerzukunftsfragen.de\/#organization","name":"Foundation for Future Issues","url":"https:\/\/www.stiftungfuerzukunftsfragen.de\/","logo":{"@type":"ImageObject","inLanguage":"en-GB","@id":"https:\/\/www.stiftungfuerzukunftsfragen.de\/#\/schema\/logo\/image\/","url":"https:\/\/www.stiftungfuerzukunftsfragen.de\/wp-content\/uploads\/Stiftung-fuer-Zukunftsfragen-Logo-e1662668075158.png","contentUrl":"https:\/\/www.stiftungfuerzukunftsfragen.de\/wp-content\/uploads\/Stiftung-fuer-Zukunftsfragen-Logo-e1662668075158.png","width":609,"height":144,"caption":"Stiftung f\u00fcr Zukunftsfragen"},"image":{"@id":"https:\/\/www.stiftungfuerzukunftsfragen.de\/#\/schema\/logo\/image\/"},"sameAs":["https:\/\/www.facebook.com\/pages\/Stiftung-fr-Zukunftsfragen\/207485789294838"]},{"@type":"Person","@id":"https:\/\/www.stiftungfuerzukunftsfragen.de\/#\/schema\/person\/ab1d46d162c905f85dba6504c00294c4","name":"guels"}]}},"_links":{"self":[{"href":"https:\/\/www.stiftungfuerzukunftsfragen.de\/en\/wp-json\/wp\/v2\/posts\/5514","targetHints":{"allow":["GET"]}}],"collection":[{"href":"https:\/\/www.stiftungfuerzukunftsfragen.de\/en\/wp-json\/wp\/v2\/posts"}],"about":[{"href":"https:\/\/www.stiftungfuerzukunftsfragen.de\/en\/wp-json\/wp\/v2\/types\/post"}],"author":[{"embeddable":true,"href":"https:\/\/www.stiftungfuerzukunftsfragen.de\/en\/wp-json\/wp\/v2\/users\/36"}],"replies":[{"embeddable":true,"href":"https:\/\/www.stiftungfuerzukunftsfragen.de\/en\/wp-json\/wp\/v2\/comments?post=5514"}],"version-history":[{"count":2,"href":"https:\/\/www.stiftungfuerzukunftsfragen.de\/en\/wp-json\/wp\/v2\/posts\/5514\/revisions"}],"predecessor-version":[{"id":6195,"href":"https:\/\/www.stiftungfuerzukunftsfragen.de\/en\/wp-json\/wp\/v2\/posts\/5514\/revisions\/6195"}],"wp:featuredmedia":[{"embeddable":true,"href":"https:\/\/www.stiftungfuerzukunftsfragen.de\/en\/wp-json\/wp\/v2\/media\/5515"}],"wp:attachment":[{"href":"https:\/\/www.stiftungfuerzukunftsfragen.de\/en\/wp-json\/wp\/v2\/media?parent=5514"}],"wp:term":[{"taxonomy":"category","embeddable":true,"href":"https:\/\/www.stiftungfuerzukunftsfragen.de\/en\/wp-json\/wp\/v2\/categories?post=5514"},{"taxonomy":"post_tag","embeddable":true,"href":"https:\/\/www.stiftungfuerzukunftsfragen.de\/en\/wp-json\/wp\/v2\/tags?post=5514"}],"curies":[{"name":"wp","href":"https:\/\/api.w.org\/{rel}","templated":true}]}}