{"id":5582,"date":"2025-10-30T05:34:43","date_gmt":"2025-10-30T04:34:43","guid":{"rendered":"https:\/\/www.stiftungfuerzukunftsfragen.de\/?p=5582"},"modified":"2025-10-30T15:12:36","modified_gmt":"2025-10-30T14:12:36","slug":"digital-literacy-why-critical-thinking-is-becoming-a-future-proof-skill-2","status":"publish","type":"post","link":"https:\/\/www.stiftungfuerzukunftsfragen.de\/en\/digitale-muendigkeit-warum-kritisches-denken-zur-zukunftsfaehigkeit-wird-2\/","title":{"rendered":"Digital Literacy: Why Critical Thinking Becomes Future-Proof"},"content":{"rendered":"","protected":false},"excerpt":{"rendered":"<p>In a world where we are bombarded daily with a flood of news, posts, and online content, it is crucial not only to be technically savvy but also to know how to evaluate information. But are we up to this challenge?<\/p>\n<p>In this episode, learn why digital literacy is becoming the most important skill for the future and is more than just knowing how to use your smartphone. We explore how algorithms trap us in filter bubbles and why even digital natives often can&#039;t understand the mechanisms behind them. And we show you which strategies can help you build a &quot;digital immune system&quot; to distinguish between truth and fake news.<\/p>","protected":false},"author":36,"featured_media":0,"comment_status":"closed","ping_status":"open","sticky":false,"template":"","format":"standard","meta":{"_acf_changed":false,"footnotes":""},"categories":[55],"tags":[67,101,80,109,110],"class_list":["post-5582","post","type-post","status-publish","format-standard","hentry","category-podcast","tag-zukunftserwartungen","tag-verhalten","tag-zukunft","tag-ki","tag-smartphone"],"acf":{"ausgabe_nummer":"Podcast, Staffel 4 - Folge 34","pdf-download_dateiname":"","markdown":"","pdf-clean":false,"podcast_embed_code":"<script class=\"podigee-podcast-player\" src=\"https:\/\/player.podigee-cdn.net\/podcast-player\/javascripts\/podigee-podcast-player.js\" data-configuration=\"https:\/\/spaeter-war-alles-besser-der-zukunftspodcast.podigee.io\/105-digitale-m-ndigkeit-warum-kritisches-denken-zur-zukunftsf-higkeit-wird\/embed?context=external&token=J7FpdZ3mfS7M8SuTas6uaA\"><\/script>","hidden_html":""},"yoast_head":"<!-- This site is optimized with the Yoast SEO plugin v27.1.1 - https:\/\/yoast.com\/product\/yoast-seo-wordpress\/ -->\n<title>Digitale M\u00fcndigkeit: Warum kritisches Denken zur Zukunftsf\u00e4higkeit wird - Stiftung f\u00fcr Zukunftsfragen<\/title>\n<meta name=\"description\" content=\"Es ist entscheidend, nicht nur technisch versiert zu sein, sondern auch zu wissen, wie man damit umgeht. Doch k\u00f6nnen wir das?\" \/>\n<meta name=\"robots\" content=\"index, follow, max-snippet:-1, max-image-preview:large, max-video-preview:-1\" \/>\n<link rel=\"canonical\" href=\"https:\/\/www.stiftungfuerzukunftsfragen.de\/en\/digital-literacy-why-critical-thinking-is-becoming-a-future-proof-skill-2\/\" \/>\n<meta property=\"og:locale\" content=\"en_GB\" \/>\n<meta property=\"og:type\" content=\"article\" \/>\n<meta property=\"og:title\" content=\"Digitale M\u00fcndigkeit: Warum kritisches Denken zur Zukunftsf\u00e4higkeit wird - Stiftung f\u00fcr Zukunftsfragen\" \/>\n<meta property=\"og:description\" content=\"Es ist entscheidend, nicht nur technisch versiert zu sein, sondern auch zu wissen, wie man damit umgeht. Doch k\u00f6nnen wir das?\" \/>\n<meta property=\"og:url\" content=\"https:\/\/www.stiftungfuerzukunftsfragen.de\/en\/digital-literacy-why-critical-thinking-is-becoming-a-future-proof-skill-2\/\" \/>\n<meta property=\"og:site_name\" content=\"Stiftung f\u00fcr Zukunftsfragen\" \/>\n<meta property=\"article:publisher\" content=\"https:\/\/www.facebook.com\/pages\/Stiftung-fr-Zukunftsfragen\/207485789294838\" \/>\n<meta property=\"article:published_time\" content=\"2025-10-30T04:34:43+00:00\" \/>\n<meta property=\"article:modified_time\" content=\"2025-10-30T14:12:36+00:00\" \/>\n<meta name=\"author\" content=\"guels\" \/>\n<meta name=\"twitter:card\" content=\"summary_large_image\" \/>\n<meta name=\"twitter:label1\" content=\"Written by\" \/>\n\t<meta name=\"twitter:data1\" content=\"guels\" \/>\n\t<meta name=\"twitter:label2\" content=\"Estimated reading time\" \/>\n\t<meta name=\"twitter:data2\" content=\"1 minute\" \/>\n<script type=\"application\/ld+json\" class=\"yoast-schema-graph\">{\"@context\":\"https:\/\/schema.org\",\"@graph\":[{\"@type\":\"Article\",\"@id\":\"https:\/\/www.stiftungfuerzukunftsfragen.de\/digitale-muendigkeit-warum-kritisches-denken-zur-zukunftsfaehigkeit-wird-2\/#article\",\"isPartOf\":{\"@id\":\"https:\/\/www.stiftungfuerzukunftsfragen.de\/digitale-muendigkeit-warum-kritisches-denken-zur-zukunftsfaehigkeit-wird-2\/\"},\"author\":{\"name\":\"guels\",\"@id\":\"https:\/\/www.stiftungfuerzukunftsfragen.de\/#\/schema\/person\/ab1d46d162c905f85dba6504c00294c4\"},\"headline\":\"Digitale M\u00fcndigkeit: Warum kritisches Denken zur Zukunftsf\u00e4higkeit wird\",\"datePublished\":\"2025-10-30T04:34:43+00:00\",\"dateModified\":\"2025-10-30T14:12:36+00:00\",\"mainEntityOfPage\":{\"@id\":\"https:\/\/www.stiftungfuerzukunftsfragen.de\/digitale-muendigkeit-warum-kritisches-denken-zur-zukunftsfaehigkeit-wird-2\/\"},\"wordCount\":10,\"publisher\":{\"@id\":\"https:\/\/www.stiftungfuerzukunftsfragen.de\/#organization\"},\"keywords\":[\"Zukunftserwartungen\",\"Verhalten\",\"Zukunft\",\"KI\",\"Smartphone\"],\"articleSection\":[\"Podcast\"],\"inLanguage\":\"en-GB\"},{\"@type\":\"WebPage\",\"@id\":\"https:\/\/www.stiftungfuerzukunftsfragen.de\/digitale-muendigkeit-warum-kritisches-denken-zur-zukunftsfaehigkeit-wird-2\/\",\"url\":\"https:\/\/www.stiftungfuerzukunftsfragen.de\/digitale-muendigkeit-warum-kritisches-denken-zur-zukunftsfaehigkeit-wird-2\/\",\"name\":\"Digitale M\u00fcndigkeit: Warum kritisches Denken zur Zukunftsf\u00e4higkeit wird - Stiftung f\u00fcr Zukunftsfragen\",\"isPartOf\":{\"@id\":\"https:\/\/www.stiftungfuerzukunftsfragen.de\/#website\"},\"datePublished\":\"2025-10-30T04:34:43+00:00\",\"dateModified\":\"2025-10-30T14:12:36+00:00\",\"description\":\"Es ist entscheidend, nicht nur technisch versiert zu sein, sondern auch zu wissen, wie man damit umgeht. Doch k\u00f6nnen wir das?\",\"breadcrumb\":{\"@id\":\"https:\/\/www.stiftungfuerzukunftsfragen.de\/digitale-muendigkeit-warum-kritisches-denken-zur-zukunftsfaehigkeit-wird-2\/#breadcrumb\"},\"inLanguage\":\"en-GB\",\"potentialAction\":[{\"@type\":\"ReadAction\",\"target\":[\"https:\/\/www.stiftungfuerzukunftsfragen.de\/digitale-muendigkeit-warum-kritisches-denken-zur-zukunftsfaehigkeit-wird-2\/\"]}]},{\"@type\":\"BreadcrumbList\",\"@id\":\"https:\/\/www.stiftungfuerzukunftsfragen.de\/digitale-muendigkeit-warum-kritisches-denken-zur-zukunftsfaehigkeit-wird-2\/#breadcrumb\",\"itemListElement\":[{\"@type\":\"ListItem\",\"position\":1,\"name\":\"Startseite\",\"item\":\"https:\/\/www.stiftungfuerzukunftsfragen.de\/\"},{\"@type\":\"ListItem\",\"position\":2,\"name\":\"Digitale M\u00fcndigkeit: Warum kritisches Denken zur Zukunftsf\u00e4higkeit wird\"}]},{\"@type\":\"WebSite\",\"@id\":\"https:\/\/www.stiftungfuerzukunftsfragen.de\/#website\",\"url\":\"https:\/\/www.stiftungfuerzukunftsfragen.de\/\",\"name\":\"Stiftung f\u00fcr Zukunftsfragen\",\"description\":\"Eine Initiative von BAT\",\"publisher\":{\"@id\":\"https:\/\/www.stiftungfuerzukunftsfragen.de\/#organization\"},\"potentialAction\":[{\"@type\":\"SearchAction\",\"target\":{\"@type\":\"EntryPoint\",\"urlTemplate\":\"https:\/\/www.stiftungfuerzukunftsfragen.de\/?s={search_term_string}\"},\"query-input\":{\"@type\":\"PropertyValueSpecification\",\"valueRequired\":true,\"valueName\":\"search_term_string\"}}],\"inLanguage\":\"en-GB\"},{\"@type\":\"Organization\",\"@id\":\"https:\/\/www.stiftungfuerzukunftsfragen.de\/#organization\",\"name\":\"Stiftung f\u00fcr Zukunftsfragen\",\"url\":\"https:\/\/www.stiftungfuerzukunftsfragen.de\/\",\"logo\":{\"@type\":\"ImageObject\",\"inLanguage\":\"en-GB\",\"@id\":\"https:\/\/www.stiftungfuerzukunftsfragen.de\/#\/schema\/logo\/image\/\",\"url\":\"https:\/\/www.stiftungfuerzukunftsfragen.de\/wp-content\/uploads\/Stiftung-fuer-Zukunftsfragen-Logo-e1662668075158.png\",\"contentUrl\":\"https:\/\/www.stiftungfuerzukunftsfragen.de\/wp-content\/uploads\/Stiftung-fuer-Zukunftsfragen-Logo-e1662668075158.png\",\"width\":609,\"height\":144,\"caption\":\"Stiftung f\u00fcr Zukunftsfragen\"},\"image\":{\"@id\":\"https:\/\/www.stiftungfuerzukunftsfragen.de\/#\/schema\/logo\/image\/\"},\"sameAs\":[\"https:\/\/www.facebook.com\/pages\/Stiftung-fr-Zukunftsfragen\/207485789294838\"]},{\"@type\":\"Person\",\"@id\":\"https:\/\/www.stiftungfuerzukunftsfragen.de\/#\/schema\/person\/ab1d46d162c905f85dba6504c00294c4\",\"name\":\"guels\"}]}<\/script>\n<!-- \/ Yoast SEO plugin. -->","yoast_head_json":{"title":"Digital Literacy: Why Critical Thinking Becomes Future Viability - Foundation for Future Issues","description":"It&#039;s crucial not only to be technically proficient, but also to know how to use it. But can we do that?","robots":{"index":"index","follow":"follow","max-snippet":"max-snippet:-1","max-image-preview":"max-image-preview:large","max-video-preview":"max-video-preview:-1"},"canonical":"https:\/\/www.stiftungfuerzukunftsfragen.de\/en\/digital-literacy-why-critical-thinking-is-becoming-a-future-proof-skill-2\/","og_locale":"en_GB","og_type":"article","og_title":"Digitale M\u00fcndigkeit: Warum kritisches Denken zur Zukunftsf\u00e4higkeit wird - Stiftung f\u00fcr Zukunftsfragen","og_description":"Es ist entscheidend, nicht nur technisch versiert zu sein, sondern auch zu wissen, wie man damit umgeht. Doch k\u00f6nnen wir das?","og_url":"https:\/\/www.stiftungfuerzukunftsfragen.de\/en\/digital-literacy-why-critical-thinking-is-becoming-a-future-proof-skill-2\/","og_site_name":"Stiftung f\u00fcr Zukunftsfragen","article_publisher":"https:\/\/www.facebook.com\/pages\/Stiftung-fr-Zukunftsfragen\/207485789294838","article_published_time":"2025-10-30T04:34:43+00:00","article_modified_time":"2025-10-30T14:12:36+00:00","author":"guels","twitter_card":"summary_large_image","twitter_misc":{"Written by":"guels","Estimated reading time":"1 minute"},"schema":{"@context":"https:\/\/schema.org","@graph":[{"@type":"Article","@id":"https:\/\/www.stiftungfuerzukunftsfragen.de\/digitale-muendigkeit-warum-kritisches-denken-zur-zukunftsfaehigkeit-wird-2\/#article","isPartOf":{"@id":"https:\/\/www.stiftungfuerzukunftsfragen.de\/digitale-muendigkeit-warum-kritisches-denken-zur-zukunftsfaehigkeit-wird-2\/"},"author":{"name":"guels","@id":"https:\/\/www.stiftungfuerzukunftsfragen.de\/#\/schema\/person\/ab1d46d162c905f85dba6504c00294c4"},"headline":"Digitale M\u00fcndigkeit: Warum kritisches Denken zur Zukunftsf\u00e4higkeit wird","datePublished":"2025-10-30T04:34:43+00:00","dateModified":"2025-10-30T14:12:36+00:00","mainEntityOfPage":{"@id":"https:\/\/www.stiftungfuerzukunftsfragen.de\/digitale-muendigkeit-warum-kritisches-denken-zur-zukunftsfaehigkeit-wird-2\/"},"wordCount":10,"publisher":{"@id":"https:\/\/www.stiftungfuerzukunftsfragen.de\/#organization"},"keywords":["Zukunftserwartungen","Verhalten","Zukunft","KI","Smartphone"],"articleSection":["Podcast"],"inLanguage":"en-GB"},{"@type":"WebPage","@id":"https:\/\/www.stiftungfuerzukunftsfragen.de\/digitale-muendigkeit-warum-kritisches-denken-zur-zukunftsfaehigkeit-wird-2\/","url":"https:\/\/www.stiftungfuerzukunftsfragen.de\/digitale-muendigkeit-warum-kritisches-denken-zur-zukunftsfaehigkeit-wird-2\/","name":"Digital Literacy: Why Critical Thinking Becomes Future Viability - Foundation for Future Issues","isPartOf":{"@id":"https:\/\/www.stiftungfuerzukunftsfragen.de\/#website"},"datePublished":"2025-10-30T04:34:43+00:00","dateModified":"2025-10-30T14:12:36+00:00","description":"It&#039;s crucial not only to be technically proficient, but also to know how to use it. But can we do that?","breadcrumb":{"@id":"https:\/\/www.stiftungfuerzukunftsfragen.de\/digitale-muendigkeit-warum-kritisches-denken-zur-zukunftsfaehigkeit-wird-2\/#breadcrumb"},"inLanguage":"en-GB","potentialAction":[{"@type":"ReadAction","target":["https:\/\/www.stiftungfuerzukunftsfragen.de\/digitale-muendigkeit-warum-kritisches-denken-zur-zukunftsfaehigkeit-wird-2\/"]}]},{"@type":"BreadcrumbList","@id":"https:\/\/www.stiftungfuerzukunftsfragen.de\/digitale-muendigkeit-warum-kritisches-denken-zur-zukunftsfaehigkeit-wird-2\/#breadcrumb","itemListElement":[{"@type":"ListItem","position":1,"name":"Startseite","item":"https:\/\/www.stiftungfuerzukunftsfragen.de\/"},{"@type":"ListItem","position":2,"name":"Digitale M\u00fcndigkeit: Warum kritisches Denken zur Zukunftsf\u00e4higkeit wird"}]},{"@type":"WebSite","@id":"https:\/\/www.stiftungfuerzukunftsfragen.de\/#website","url":"https:\/\/www.stiftungfuerzukunftsfragen.de\/","name":"Foundation for Future Issues","description":"An initiative by BAT","publisher":{"@id":"https:\/\/www.stiftungfuerzukunftsfragen.de\/#organization"},"potentialAction":[{"@type":"SearchAction","target":{"@type":"EntryPoint","urlTemplate":"https:\/\/www.stiftungfuerzukunftsfragen.de\/?s={search_term_string}"},"query-input":{"@type":"PropertyValueSpecification","valueRequired":true,"valueName":"search_term_string"}}],"inLanguage":"en-GB"},{"@type":"Organization","@id":"https:\/\/www.stiftungfuerzukunftsfragen.de\/#organization","name":"Foundation for Future Issues","url":"https:\/\/www.stiftungfuerzukunftsfragen.de\/","logo":{"@type":"ImageObject","inLanguage":"en-GB","@id":"https:\/\/www.stiftungfuerzukunftsfragen.de\/#\/schema\/logo\/image\/","url":"https:\/\/www.stiftungfuerzukunftsfragen.de\/wp-content\/uploads\/Stiftung-fuer-Zukunftsfragen-Logo-e1662668075158.png","contentUrl":"https:\/\/www.stiftungfuerzukunftsfragen.de\/wp-content\/uploads\/Stiftung-fuer-Zukunftsfragen-Logo-e1662668075158.png","width":609,"height":144,"caption":"Stiftung f\u00fcr Zukunftsfragen"},"image":{"@id":"https:\/\/www.stiftungfuerzukunftsfragen.de\/#\/schema\/logo\/image\/"},"sameAs":["https:\/\/www.facebook.com\/pages\/Stiftung-fr-Zukunftsfragen\/207485789294838"]},{"@type":"Person","@id":"https:\/\/www.stiftungfuerzukunftsfragen.de\/#\/schema\/person\/ab1d46d162c905f85dba6504c00294c4","name":"guels"}]}},"_links":{"self":[{"href":"https:\/\/www.stiftungfuerzukunftsfragen.de\/en\/wp-json\/wp\/v2\/posts\/5582","targetHints":{"allow":["GET"]}}],"collection":[{"href":"https:\/\/www.stiftungfuerzukunftsfragen.de\/en\/wp-json\/wp\/v2\/posts"}],"about":[{"href":"https:\/\/www.stiftungfuerzukunftsfragen.de\/en\/wp-json\/wp\/v2\/types\/post"}],"author":[{"embeddable":true,"href":"https:\/\/www.stiftungfuerzukunftsfragen.de\/en\/wp-json\/wp\/v2\/users\/36"}],"replies":[{"embeddable":true,"href":"https:\/\/www.stiftungfuerzukunftsfragen.de\/en\/wp-json\/wp\/v2\/comments?post=5582"}],"version-history":[{"count":4,"href":"https:\/\/www.stiftungfuerzukunftsfragen.de\/en\/wp-json\/wp\/v2\/posts\/5582\/revisions"}],"predecessor-version":[{"id":5764,"href":"https:\/\/www.stiftungfuerzukunftsfragen.de\/en\/wp-json\/wp\/v2\/posts\/5582\/revisions\/5764"}],"wp:attachment":[{"href":"https:\/\/www.stiftungfuerzukunftsfragen.de\/en\/wp-json\/wp\/v2\/media?parent=5582"}],"wp:term":[{"taxonomy":"category","embeddable":true,"href":"https:\/\/www.stiftungfuerzukunftsfragen.de\/en\/wp-json\/wp\/v2\/categories?post=5582"},{"taxonomy":"post_tag","embeddable":true,"href":"https:\/\/www.stiftungfuerzukunftsfragen.de\/en\/wp-json\/wp\/v2\/tags?post=5582"}],"curies":[{"name":"wp","href":"https:\/\/api.w.org\/{rel}","templated":true}]}}