{"id":6413,"date":"2025-11-20T07:13:05","date_gmt":"2025-11-20T06:13:05","guid":{"rendered":"https:\/\/www.stiftungfuerzukunftsfragen.de\/?p=6413"},"modified":"2025-11-20T07:13:05","modified_gmt":"2025-11-20T06:13:05","slug":"everyday-life-with-attitude-where-responsibility-is-truly-lived","status":"publish","type":"post","link":"https:\/\/www.stiftungfuerzukunftsfragen.de\/en\/alltag-mit-haltung-wo-verantwortung-wirklich-gelebt-wird\/","title":{"rendered":"Everyday life with conviction: Where responsibility is truly lived"},"content":{"rendered":"<div class=\"infogram-embed\" data-id=\"verantwortung-3-1h0r6rzw3ymrw4e\" data-type=\"interactive\"><\/div><script>!function(e,t,s,i){var n=\"InfogramEmbeds\",o=e.getElementsByTagName(\"script\"),d=o[0],r=\/^http:\/.test(e.location)?\"http:\":\"https:\";if(\/^\\\/{2}\/.test(i)&&(i=r+i),window[n]&&window[n].initialized)window[n].process&&window[n].process();else if(!e.getElementById(s)){var a=e.createElement(\"script\");a.async=1,a.id=s,a.src=i,d.parentNode.insertBefore(a,d)}}(document,0,\"infogram-async\",\"\/\/e.infogram.com\/js\/dist\/embed-loader-min.js\");<\/script>\n<p>&nbsp;<\/p>\n<h3 data-start=\"417\" data-end=\"433\"><strong data-start=\"421\" data-end=\"433\">Ergebnis<\/strong><\/h3>\n<p data-start=\"435\" data-end=\"818\">Die \u00dcbernahme von Verantwortung im Alltag geh\u00f6rt f\u00fcr viele Bundesb\u00fcrger zur gelebten Normalit\u00e4t. <strong data-start=\"532\" data-end=\"546\">52\u202fProzent<\/strong> der Bev\u00f6lkerung gaben an, sich in den letzten zwei bis drei Jahren vor allem im pers\u00f6nlichen und famili\u00e4ren Umfeld engagiert oder Hilfe geleistet zu haben. Dabei geht es h\u00e4ufig um allt\u00e4gliche Unterst\u00fctzung \u2013 wie Zuh\u00f6ren, Ansprechbarkeit oder praktische Hilfe im Haushalt.<\/p>\n<p data-start=\"820\" data-end=\"1226\">Auch in weiteren Bereichen hat die Bereitschaft zur Mitverantwortung zugenommen: etwa bei handwerklicher Hilfe, technischen Fragen oder der Unterst\u00fctzung in finanziellen und b\u00fcrokratischen Belangen. Lediglich bei Kinderbetreuung und Renovierungsarbeiten sind die Zahlen leicht r\u00fcckl\u00e4ufig \u2013 m\u00f6glicherweise eine Folge ver\u00e4nderter Lebensverh\u00e4ltnisse wie r\u00fcckl\u00e4ufiger Umzugszahlen oder sinkender Geburtenraten.<\/p>\n<p data-start=\"1228\" data-end=\"1504\">Besonders bemerkenswert ist der Wandel im gesellschaftlichen Engagement: <strong data-start=\"1301\" data-end=\"1368\">J\u00fcngere B\u00fcrger engagieren sich mittlerweile h\u00e4ufiger als \u00c4ltere<\/strong> in sozialen, \u00f6kologischen oder bildungsnahen Projekten \u2013 meist flexibel, projektbezogen und au\u00dferhalb traditioneller Vereinsstrukturen.<\/p>\n<h3 data-start=\"1511\" data-end=\"1525\"><\/h3>\n<h3 data-start=\"1511\" data-end=\"1525\"><strong data-start=\"1515\" data-end=\"1525\">Gr\u00fcnde<\/strong><\/h3>\n<p data-start=\"1527\" data-end=\"1936\">Die zunehmende Verantwortungsbereitschaft spiegelt ein gestiegenes Bed\u00fcrfnis nach sozialer Teilhabe und gemeinschaftlicher Wirksamkeit wider. Gleichzeitig haben sich die Formen des Engagements ver\u00e4ndert. Vor allem J\u00fcngere bevorzugen kurzfristige, wirksame Beteiligung an konkreten Projekten \u2013 etwa in den Bereichen Umwelt, Bildung oder Nachbarschaft \u2013 statt langfristiger Verpflichtungen in festen Strukturen.<\/p>\n<p data-start=\"1938\" data-end=\"2285\">Hinderungsgr\u00fcnde f\u00fcr ein st\u00e4rkeres Engagement sind vor allem Zeitknappheit, berufliche Belastung oder Unsicherheit \u00fcber eigene Kompetenzen. Auch mangelnde Wertsch\u00e4tzung oder die Sorge, sich zu dauerhaft zu binden, wirken abschreckend. Hinzu kommt, dass vielen B\u00fcrgern konkrete Informationen fehlen, wie und wo sie Verantwortung \u00fcbernehmen k\u00f6nnten.<\/p>\n<p data-start=\"2287\" data-end=\"2629\">Dennoch zeigt sich: Wer sich regelm\u00e4\u00dfig engagiert, profitiert h\u00e4ufig auch pers\u00f6nlich. Neben einem gest\u00e4rkten Zugeh\u00f6rigkeitsgef\u00fchl kann aktives Helfen sogar pr\u00e4ventiv gegen Isolation und Ersch\u00f6pfung wirken. In vielen F\u00e4llen beruht Engagement auf Gegenseitigkeit \u2013 nach dem Prinzip: Wer heute hilft, kann morgen selbst auf Unterst\u00fctzung z\u00e4hlen.<\/p>\n<h3 data-start=\"2636\" data-end=\"2652\"><\/h3>\n<h3 data-start=\"2636\" data-end=\"2652\"><strong data-start=\"2640\" data-end=\"2652\">Prognose<\/strong><\/h3>\n<p data-start=\"2654\" data-end=\"3055\">Verantwortungs\u00fcbernahme bleibt auch k\u00fcnftig ein zentrales Element gesellschaftlichen Zusammenhalts. Damit mehr Menschen sich einbringen, braucht es passgenaue Angebote \u2013 von kurzen Mikroengagements f\u00fcr Berufst\u00e4tige bis hin zu Mentoring-Modellen f\u00fcr \u00c4ltere. Auch Studierende und junge Erwachsene suchen Beteiligungsformen, die Gemeinschaft erm\u00f6glichen, aber gleichzeitig ihre Flexibilit\u00e4t respektieren.<\/p>\n<p data-start=\"3057\" data-end=\"3392\">Digitale Plattformen und Apps k\u00f6nnen helfen, Angebote sichtbarer zu machen und spontane Hilfsbereitschaft zu koordinieren. Wichtig ist jedoch, dass Engagement konkret bleibt \u2013 sichtbar, wirksam und pers\u00f6nlich adressiert. Denn nur so entsteht ein Gef\u00fchl echter Verantwortung \u2013 und nicht das Risiko, sich hinter der Gruppe zu verstecken.<\/p>\n<p data-start=\"3394\" data-end=\"3671\">Entscheidend f\u00fcr die Zukunft wird sein, Verantwortung nicht nur als Pflicht zu begreifen, sondern als Ausdruck von Vertrauen, Gestaltungskraft und sozialer Verbindung. Wer anderen hilft, gestaltet nicht nur das Heute \u2013 sondern auch das gesellschaftliche Miteinander von morgen.<\/p>\n","protected":false},"excerpt":{"rendered":"<p>More and more people are getting involved in everyday life, whether in their private lives or for social causes.<br \/>\nYounger people prefer flexible and project-based forms, while older people prioritize reliability and experience.<br \/>\nObstacles such as time pressure or lack of recognition remain \u2013 but targeted initiatives can make a big difference.<br \/>\nWhat counts is not the size of the effort, but the willingness to take responsibility.<\/p>","protected":false},"author":36,"featured_media":4993,"comment_status":"closed","ping_status":"open","sticky":false,"template":"","format":"standard","meta":{"_acf_changed":false,"footnotes":""},"categories":[53],"tags":[111,108,107,100,80],"class_list":["post-6413","post","type-post","status-publish","format-standard","has-post-thumbnail","hentry","category-chart-der-woche","tag-verantwortung","tag-gesellschaft","tag-vertrauen","tag-werte","tag-zukunft"],"acf":{"ausgabe_nummer":"Chart der Woche, 2025-KW47","pdf-download_dateiname":"","markdown":"# Digitale M\u00fcndigkeit: Warum kritisches Denken zur Zukunftsf\u00e4higkeit wird\r\n\r\n[Illustratives Bild: Handshake zwischen menschlicher und digitaler Hand mit Netzwerk-Overlay]\r\n\r\n## Digitalkompetenz als Schl\u00fcssel\r\n\r\nVon je 100 Befragten sagen: \u201eDigitale Kompetenz und kritischer Umgang mit Informationen sind besonders wichtig, damit die nachkommenden Generationen in Zukunft ihr Leben sinnerf\u00fcllt und erfolgreich gestalten k\u00f6nnen.\u201c\r\n\r\n| Gruppe         | Anteil der Befragten (%) |\r\n|----------------|--------------------------|\r\n| Gesamt         | 29                       |\r\n| M\u00e4nner         | 32                       |\r\n| Frauen         | 26                       |\r\n| niedr. Bildung | 19                       |\r\n| h\u00f6here Bildung | 37                       |\r\n\r\nOnline Repr\u00e4sentativbefragung von 2.000 Personen ab 18 Jahren durch die GfK in Deutschland\r\n\r\n## Ergebnis\r\n\r\nDigitale Kompetenz sowie der kritische Umgang mit Informationen werden zunehmend als unverzichtbare Zukunftsf\u00e4higkeiten angesehen. 29 Prozent der Bev\u00f6lkerung halten diese F\u00e4higkeiten f\u00fcr besonders wichtig, damit kommende Generationen ihr Leben sinnerf\u00fcllt und erfolgreich gestalten k\u00f6nnen. Unterschiede zeigen sich vor allem nach Bildungsstand: W\u00e4hrend 37 Prozent der Befragten mit h\u00f6herer Bildung diese Ansicht teilen, sind es unter jenen mit niedriger Bildung lediglich 20 Prozent. Auch nach Geschlecht zeigen sich Differenzen \u2013 M\u00e4nner (32 Prozent) stimmen dieser Aussage h\u00e4ufiger zu als Frauen (26 Prozent).\r\n\r\n## Gr\u00fcnde\r\n\r\nDie digitale Welt ist l\u00e4ngst Teil des Alltags \u2013 ob im Beruf, beim Einkaufen oder in der Freizeit. Doch der kompetente Umgang mit Informationen im Netz erfordert mehr als technisches Know-how. Es geht um die F\u00e4higkeit, Quellen einzuordnen, Desinformationen zu erkennen und sich sicher in einer zunehmend automatisierten, KI-gesteuerten Welt zu bewegen. Viele B\u00fcrger untersch\u00e4tzen dabei die Herausforderungen der digitalen Transformation. Gerade j\u00fcngere Menschen, die mit Smartphone und Social Media aufgewachsen sind, verf\u00fcgen nicht automatisch \u00fcber die notwendigen Kompetenzen. Algorithmen beeinflussen Meinungen, KI-generierte Inhalte werden nicht immer erkannt \u2013 und wer hier nicht mitdenken kann, l\u00e4uft Gefahr, manipulierbar zu werden.\r\n\r\n## Prognose\r\n\r\nDigitale Kompetenz wird sich in den kommenden Jahren als unverzichtbare Grundlage f\u00fcr gesellschaftliche Teilhabe etablieren \u2013 vergleichbar mit Lesen und Schreiben. Bildungseinrichtungen, Politik und Gesellschaft stehen vor der Aufgabe, digitale Bildung systematisch zu verankern und fl\u00e4chendeckend zug\u00e4nglich zu machen. Denn nur wer digitale Systeme durchschaut, kann souver\u00e4ne Entscheidungen treffen, kreative Potenziale nutzen und sich aktiv einbringen. Gleichzeitig muss darauf geachtet werden, dass digitale Kompetenz nicht zum n\u00e4chsten sozialen Selektionskriterium wird. Ziel muss es sein, allen B\u00fcrgern - unabh\u00e4ngig von Alter, Geschlecht oder Herkunft \u2013 die Chance zu geben, sich in der digitalen Welt sicher und bewusst zu bewegen.","pdf-clean":"https:\/\/www.stiftungfuerzukunftsfragen.de\/wp-content\/uploads\/SFZ-PDF-5578.pdf","hidden_html":""},"yoast_head":"<!-- This site is optimized with the Yoast SEO plugin v27.1.1 - https:\/\/yoast.com\/product\/yoast-seo-wordpress\/ -->\n<title>Alltag mit Haltung: Wo Verantwortung wirklich gelebt wird<\/title>\n<meta name=\"description\" content=\"Verantwortung im Alltag wird zunehmend gelebt \u2013 vorausgesetzt, sie bleibt konkret, freiwillig und gesellschaftlich sichtbar.\" \/>\n<meta name=\"robots\" content=\"index, follow, max-snippet:-1, max-image-preview:large, max-video-preview:-1\" \/>\n<link rel=\"canonical\" href=\"https:\/\/www.stiftungfuerzukunftsfragen.de\/en\/everyday-life-with-attitude-where-responsibility-is-truly-lived\/\" \/>\n<meta property=\"og:locale\" content=\"en_GB\" \/>\n<meta property=\"og:type\" content=\"article\" \/>\n<meta property=\"og:title\" content=\"Alltag mit Haltung: Wo Verantwortung wirklich gelebt wird\" \/>\n<meta property=\"og:description\" content=\"Verantwortung im Alltag wird zunehmend gelebt \u2013 vorausgesetzt, sie bleibt konkret, freiwillig und gesellschaftlich sichtbar.\" \/>\n<meta property=\"og:url\" content=\"https:\/\/www.stiftungfuerzukunftsfragen.de\/en\/everyday-life-with-attitude-where-responsibility-is-truly-lived\/\" \/>\n<meta property=\"og:site_name\" content=\"Stiftung f\u00fcr Zukunftsfragen\" \/>\n<meta property=\"article:publisher\" content=\"https:\/\/www.facebook.com\/pages\/Stiftung-fr-Zukunftsfragen\/207485789294838\" \/>\n<meta property=\"article:published_time\" content=\"2025-11-20T06:13:05+00:00\" \/>\n<meta property=\"og:image\" content=\"https:\/\/www.stiftungfuerzukunftsfragen.de\/wp-content\/uploads\/pexels-fauxels-3184416.jpg\" \/>\n\t<meta property=\"og:image:width\" content=\"1920\" \/>\n\t<meta property=\"og:image:height\" content=\"1280\" \/>\n\t<meta property=\"og:image:type\" content=\"image\/jpeg\" \/>\n<meta name=\"author\" content=\"guels\" \/>\n<meta name=\"twitter:card\" content=\"summary_large_image\" \/>\n<meta name=\"twitter:label1\" content=\"Written by\" \/>\n\t<meta name=\"twitter:data1\" content=\"guels\" \/>\n\t<meta name=\"twitter:label2\" content=\"Estimated reading time\" \/>\n\t<meta name=\"twitter:data2\" content=\"3 minutes\" \/>\n<script type=\"application\/ld+json\" class=\"yoast-schema-graph\">{\"@context\":\"https:\/\/schema.org\",\"@graph\":[{\"@type\":\"Article\",\"@id\":\"https:\/\/www.stiftungfuerzukunftsfragen.de\/alltag-mit-haltung-wo-verantwortung-wirklich-gelebt-wird\/#article\",\"isPartOf\":{\"@id\":\"https:\/\/www.stiftungfuerzukunftsfragen.de\/alltag-mit-haltung-wo-verantwortung-wirklich-gelebt-wird\/\"},\"author\":{\"name\":\"guels\",\"@id\":\"https:\/\/www.stiftungfuerzukunftsfragen.de\/#\/schema\/person\/ab1d46d162c905f85dba6504c00294c4\"},\"headline\":\"Alltag mit Haltung: Wo Verantwortung wirklich gelebt wird\",\"datePublished\":\"2025-11-20T06:13:05+00:00\",\"mainEntityOfPage\":{\"@id\":\"https:\/\/www.stiftungfuerzukunftsfragen.de\/alltag-mit-haltung-wo-verantwortung-wirklich-gelebt-wird\/\"},\"wordCount\":467,\"publisher\":{\"@id\":\"https:\/\/www.stiftungfuerzukunftsfragen.de\/#organization\"},\"image\":{\"@id\":\"https:\/\/www.stiftungfuerzukunftsfragen.de\/alltag-mit-haltung-wo-verantwortung-wirklich-gelebt-wird\/#primaryimage\"},\"thumbnailUrl\":\"https:\/\/www.stiftungfuerzukunftsfragen.de\/wp-content\/uploads\/pexels-fauxels-3184416.jpg\",\"keywords\":[\"Verantwortung\",\"Gesellschaft\",\"Vertrauen\",\"Werte\",\"Zukunft\"],\"articleSection\":[\"Chart der Woche\"],\"inLanguage\":\"en-GB\"},{\"@type\":\"WebPage\",\"@id\":\"https:\/\/www.stiftungfuerzukunftsfragen.de\/alltag-mit-haltung-wo-verantwortung-wirklich-gelebt-wird\/\",\"url\":\"https:\/\/www.stiftungfuerzukunftsfragen.de\/alltag-mit-haltung-wo-verantwortung-wirklich-gelebt-wird\/\",\"name\":\"Alltag mit Haltung: Wo Verantwortung wirklich gelebt wird\",\"isPartOf\":{\"@id\":\"https:\/\/www.stiftungfuerzukunftsfragen.de\/#website\"},\"primaryImageOfPage\":{\"@id\":\"https:\/\/www.stiftungfuerzukunftsfragen.de\/alltag-mit-haltung-wo-verantwortung-wirklich-gelebt-wird\/#primaryimage\"},\"image\":{\"@id\":\"https:\/\/www.stiftungfuerzukunftsfragen.de\/alltag-mit-haltung-wo-verantwortung-wirklich-gelebt-wird\/#primaryimage\"},\"thumbnailUrl\":\"https:\/\/www.stiftungfuerzukunftsfragen.de\/wp-content\/uploads\/pexels-fauxels-3184416.jpg\",\"datePublished\":\"2025-11-20T06:13:05+00:00\",\"description\":\"Verantwortung im Alltag wird zunehmend gelebt \u2013 vorausgesetzt, sie bleibt konkret, freiwillig und gesellschaftlich sichtbar.\",\"breadcrumb\":{\"@id\":\"https:\/\/www.stiftungfuerzukunftsfragen.de\/alltag-mit-haltung-wo-verantwortung-wirklich-gelebt-wird\/#breadcrumb\"},\"inLanguage\":\"en-GB\",\"potentialAction\":[{\"@type\":\"ReadAction\",\"target\":[\"https:\/\/www.stiftungfuerzukunftsfragen.de\/alltag-mit-haltung-wo-verantwortung-wirklich-gelebt-wird\/\"]}]},{\"@type\":\"ImageObject\",\"inLanguage\":\"en-GB\",\"@id\":\"https:\/\/www.stiftungfuerzukunftsfragen.de\/alltag-mit-haltung-wo-verantwortung-wirklich-gelebt-wird\/#primaryimage\",\"url\":\"https:\/\/www.stiftungfuerzukunftsfragen.de\/wp-content\/uploads\/pexels-fauxels-3184416.jpg\",\"contentUrl\":\"https:\/\/www.stiftungfuerzukunftsfragen.de\/wp-content\/uploads\/pexels-fauxels-3184416.jpg\",\"width\":1920,\"height\":1280},{\"@type\":\"BreadcrumbList\",\"@id\":\"https:\/\/www.stiftungfuerzukunftsfragen.de\/alltag-mit-haltung-wo-verantwortung-wirklich-gelebt-wird\/#breadcrumb\",\"itemListElement\":[{\"@type\":\"ListItem\",\"position\":1,\"name\":\"Startseite\",\"item\":\"https:\/\/www.stiftungfuerzukunftsfragen.de\/\"},{\"@type\":\"ListItem\",\"position\":2,\"name\":\"Alltag mit Haltung: Wo Verantwortung wirklich gelebt wird\"}]},{\"@type\":\"WebSite\",\"@id\":\"https:\/\/www.stiftungfuerzukunftsfragen.de\/#website\",\"url\":\"https:\/\/www.stiftungfuerzukunftsfragen.de\/\",\"name\":\"Stiftung f\u00fcr Zukunftsfragen\",\"description\":\"Eine Initiative von BAT\",\"publisher\":{\"@id\":\"https:\/\/www.stiftungfuerzukunftsfragen.de\/#organization\"},\"potentialAction\":[{\"@type\":\"SearchAction\",\"target\":{\"@type\":\"EntryPoint\",\"urlTemplate\":\"https:\/\/www.stiftungfuerzukunftsfragen.de\/?s={search_term_string}\"},\"query-input\":{\"@type\":\"PropertyValueSpecification\",\"valueRequired\":true,\"valueName\":\"search_term_string\"}}],\"inLanguage\":\"en-GB\"},{\"@type\":\"Organization\",\"@id\":\"https:\/\/www.stiftungfuerzukunftsfragen.de\/#organization\",\"name\":\"Stiftung f\u00fcr Zukunftsfragen\",\"url\":\"https:\/\/www.stiftungfuerzukunftsfragen.de\/\",\"logo\":{\"@type\":\"ImageObject\",\"inLanguage\":\"en-GB\",\"@id\":\"https:\/\/www.stiftungfuerzukunftsfragen.de\/#\/schema\/logo\/image\/\",\"url\":\"https:\/\/www.stiftungfuerzukunftsfragen.de\/wp-content\/uploads\/Stiftung-fuer-Zukunftsfragen-Logo-e1662668075158.png\",\"contentUrl\":\"https:\/\/www.stiftungfuerzukunftsfragen.de\/wp-content\/uploads\/Stiftung-fuer-Zukunftsfragen-Logo-e1662668075158.png\",\"width\":609,\"height\":144,\"caption\":\"Stiftung f\u00fcr Zukunftsfragen\"},\"image\":{\"@id\":\"https:\/\/www.stiftungfuerzukunftsfragen.de\/#\/schema\/logo\/image\/\"},\"sameAs\":[\"https:\/\/www.facebook.com\/pages\/Stiftung-fr-Zukunftsfragen\/207485789294838\"]},{\"@type\":\"Person\",\"@id\":\"https:\/\/www.stiftungfuerzukunftsfragen.de\/#\/schema\/person\/ab1d46d162c905f85dba6504c00294c4\",\"name\":\"guels\"}]}<\/script>\n<!-- \/ Yoast SEO plugin. -->","yoast_head_json":{"title":"Everyday life with conviction: Where responsibility is truly lived","description":"Responsibility in everyday life is increasingly being practiced \u2013 provided it remains concrete, voluntary and socially visible.","robots":{"index":"index","follow":"follow","max-snippet":"max-snippet:-1","max-image-preview":"max-image-preview:large","max-video-preview":"max-video-preview:-1"},"canonical":"https:\/\/www.stiftungfuerzukunftsfragen.de\/en\/everyday-life-with-attitude-where-responsibility-is-truly-lived\/","og_locale":"en_GB","og_type":"article","og_title":"Alltag mit Haltung: Wo Verantwortung wirklich gelebt wird","og_description":"Verantwortung im Alltag wird zunehmend gelebt \u2013 vorausgesetzt, sie bleibt konkret, freiwillig und gesellschaftlich sichtbar.","og_url":"https:\/\/www.stiftungfuerzukunftsfragen.de\/en\/everyday-life-with-attitude-where-responsibility-is-truly-lived\/","og_site_name":"Stiftung f\u00fcr Zukunftsfragen","article_publisher":"https:\/\/www.facebook.com\/pages\/Stiftung-fr-Zukunftsfragen\/207485789294838","article_published_time":"2025-11-20T06:13:05+00:00","og_image":[{"width":1920,"height":1280,"url":"https:\/\/www.stiftungfuerzukunftsfragen.de\/wp-content\/uploads\/pexels-fauxels-3184416.jpg","type":"image\/jpeg"}],"author":"guels","twitter_card":"summary_large_image","twitter_misc":{"Written by":"guels","Estimated reading time":"3 minutes"},"schema":{"@context":"https:\/\/schema.org","@graph":[{"@type":"Article","@id":"https:\/\/www.stiftungfuerzukunftsfragen.de\/alltag-mit-haltung-wo-verantwortung-wirklich-gelebt-wird\/#article","isPartOf":{"@id":"https:\/\/www.stiftungfuerzukunftsfragen.de\/alltag-mit-haltung-wo-verantwortung-wirklich-gelebt-wird\/"},"author":{"name":"guels","@id":"https:\/\/www.stiftungfuerzukunftsfragen.de\/#\/schema\/person\/ab1d46d162c905f85dba6504c00294c4"},"headline":"Alltag mit Haltung: Wo Verantwortung wirklich gelebt wird","datePublished":"2025-11-20T06:13:05+00:00","mainEntityOfPage":{"@id":"https:\/\/www.stiftungfuerzukunftsfragen.de\/alltag-mit-haltung-wo-verantwortung-wirklich-gelebt-wird\/"},"wordCount":467,"publisher":{"@id":"https:\/\/www.stiftungfuerzukunftsfragen.de\/#organization"},"image":{"@id":"https:\/\/www.stiftungfuerzukunftsfragen.de\/alltag-mit-haltung-wo-verantwortung-wirklich-gelebt-wird\/#primaryimage"},"thumbnailUrl":"https:\/\/www.stiftungfuerzukunftsfragen.de\/wp-content\/uploads\/pexels-fauxels-3184416.jpg","keywords":["Verantwortung","Gesellschaft","Vertrauen","Werte","Zukunft"],"articleSection":["Chart der Woche"],"inLanguage":"en-GB"},{"@type":"WebPage","@id":"https:\/\/www.stiftungfuerzukunftsfragen.de\/alltag-mit-haltung-wo-verantwortung-wirklich-gelebt-wird\/","url":"https:\/\/www.stiftungfuerzukunftsfragen.de\/alltag-mit-haltung-wo-verantwortung-wirklich-gelebt-wird\/","name":"Everyday life with conviction: Where responsibility is truly lived","isPartOf":{"@id":"https:\/\/www.stiftungfuerzukunftsfragen.de\/#website"},"primaryImageOfPage":{"@id":"https:\/\/www.stiftungfuerzukunftsfragen.de\/alltag-mit-haltung-wo-verantwortung-wirklich-gelebt-wird\/#primaryimage"},"image":{"@id":"https:\/\/www.stiftungfuerzukunftsfragen.de\/alltag-mit-haltung-wo-verantwortung-wirklich-gelebt-wird\/#primaryimage"},"thumbnailUrl":"https:\/\/www.stiftungfuerzukunftsfragen.de\/wp-content\/uploads\/pexels-fauxels-3184416.jpg","datePublished":"2025-11-20T06:13:05+00:00","description":"Responsibility in everyday life is increasingly being practiced \u2013 provided it remains concrete, voluntary and socially visible.","breadcrumb":{"@id":"https:\/\/www.stiftungfuerzukunftsfragen.de\/alltag-mit-haltung-wo-verantwortung-wirklich-gelebt-wird\/#breadcrumb"},"inLanguage":"en-GB","potentialAction":[{"@type":"ReadAction","target":["https:\/\/www.stiftungfuerzukunftsfragen.de\/alltag-mit-haltung-wo-verantwortung-wirklich-gelebt-wird\/"]}]},{"@type":"ImageObject","inLanguage":"en-GB","@id":"https:\/\/www.stiftungfuerzukunftsfragen.de\/alltag-mit-haltung-wo-verantwortung-wirklich-gelebt-wird\/#primaryimage","url":"https:\/\/www.stiftungfuerzukunftsfragen.de\/wp-content\/uploads\/pexels-fauxels-3184416.jpg","contentUrl":"https:\/\/www.stiftungfuerzukunftsfragen.de\/wp-content\/uploads\/pexels-fauxels-3184416.jpg","width":1920,"height":1280},{"@type":"BreadcrumbList","@id":"https:\/\/www.stiftungfuerzukunftsfragen.de\/alltag-mit-haltung-wo-verantwortung-wirklich-gelebt-wird\/#breadcrumb","itemListElement":[{"@type":"ListItem","position":1,"name":"Startseite","item":"https:\/\/www.stiftungfuerzukunftsfragen.de\/"},{"@type":"ListItem","position":2,"name":"Alltag mit Haltung: Wo Verantwortung wirklich gelebt wird"}]},{"@type":"WebSite","@id":"https:\/\/www.stiftungfuerzukunftsfragen.de\/#website","url":"https:\/\/www.stiftungfuerzukunftsfragen.de\/","name":"Foundation for Future Issues","description":"An initiative by BAT","publisher":{"@id":"https:\/\/www.stiftungfuerzukunftsfragen.de\/#organization"},"potentialAction":[{"@type":"SearchAction","target":{"@type":"EntryPoint","urlTemplate":"https:\/\/www.stiftungfuerzukunftsfragen.de\/?s={search_term_string}"},"query-input":{"@type":"PropertyValueSpecification","valueRequired":true,"valueName":"search_term_string"}}],"inLanguage":"en-GB"},{"@type":"Organization","@id":"https:\/\/www.stiftungfuerzukunftsfragen.de\/#organization","name":"Foundation for Future Issues","url":"https:\/\/www.stiftungfuerzukunftsfragen.de\/","logo":{"@type":"ImageObject","inLanguage":"en-GB","@id":"https:\/\/www.stiftungfuerzukunftsfragen.de\/#\/schema\/logo\/image\/","url":"https:\/\/www.stiftungfuerzukunftsfragen.de\/wp-content\/uploads\/Stiftung-fuer-Zukunftsfragen-Logo-e1662668075158.png","contentUrl":"https:\/\/www.stiftungfuerzukunftsfragen.de\/wp-content\/uploads\/Stiftung-fuer-Zukunftsfragen-Logo-e1662668075158.png","width":609,"height":144,"caption":"Stiftung f\u00fcr Zukunftsfragen"},"image":{"@id":"https:\/\/www.stiftungfuerzukunftsfragen.de\/#\/schema\/logo\/image\/"},"sameAs":["https:\/\/www.facebook.com\/pages\/Stiftung-fr-Zukunftsfragen\/207485789294838"]},{"@type":"Person","@id":"https:\/\/www.stiftungfuerzukunftsfragen.de\/#\/schema\/person\/ab1d46d162c905f85dba6504c00294c4","name":"guels"}]}},"_links":{"self":[{"href":"https:\/\/www.stiftungfuerzukunftsfragen.de\/en\/wp-json\/wp\/v2\/posts\/6413","targetHints":{"allow":["GET"]}}],"collection":[{"href":"https:\/\/www.stiftungfuerzukunftsfragen.de\/en\/wp-json\/wp\/v2\/posts"}],"about":[{"href":"https:\/\/www.stiftungfuerzukunftsfragen.de\/en\/wp-json\/wp\/v2\/types\/post"}],"author":[{"embeddable":true,"href":"https:\/\/www.stiftungfuerzukunftsfragen.de\/en\/wp-json\/wp\/v2\/users\/36"}],"replies":[{"embeddable":true,"href":"https:\/\/www.stiftungfuerzukunftsfragen.de\/en\/wp-json\/wp\/v2\/comments?post=6413"}],"version-history":[{"count":1,"href":"https:\/\/www.stiftungfuerzukunftsfragen.de\/en\/wp-json\/wp\/v2\/posts\/6413\/revisions"}],"predecessor-version":[{"id":6414,"href":"https:\/\/www.stiftungfuerzukunftsfragen.de\/en\/wp-json\/wp\/v2\/posts\/6413\/revisions\/6414"}],"wp:featuredmedia":[{"embeddable":true,"href":"https:\/\/www.stiftungfuerzukunftsfragen.de\/en\/wp-json\/wp\/v2\/media\/4993"}],"wp:attachment":[{"href":"https:\/\/www.stiftungfuerzukunftsfragen.de\/en\/wp-json\/wp\/v2\/media?parent=6413"}],"wp:term":[{"taxonomy":"category","embeddable":true,"href":"https:\/\/www.stiftungfuerzukunftsfragen.de\/en\/wp-json\/wp\/v2\/categories?post=6413"},{"taxonomy":"post_tag","embeddable":true,"href":"https:\/\/www.stiftungfuerzukunftsfragen.de\/en\/wp-json\/wp\/v2\/tags?post=6413"}],"curies":[{"name":"wp","href":"https:\/\/api.w.org\/{rel}","templated":true}]}}