{"id":877,"date":"2010-11-16T00:00:00","date_gmt":"2010-11-15T23:00:00","guid":{"rendered":""},"modified":"2025-10-30T15:18:31","modified_gmt":"2025-10-30T14:18:31","slug":"research-news-227-31-jg-16-11-2010","status":"publish","type":"post","link":"https:\/\/www.stiftungfuerzukunftsfragen.de\/en\/forschung-aktuell-227-31-jg-16-11-2010\/","title":{"rendered":"No electricity from nuclear power\u00a0"},"content":{"rendered":"<h1 align=\"left\">No electricity from nuclear power<\/h1>\n<div>\n<h3>Almost two thirds of German citizens are prepared to pay more for green electricity<\/h3>\n<p>Germans have been using nuclear power for over 40 years. According to the latest lifetime extension, this will continue to be the case for at least the next 25 years. In contrast, however, a contrary trend can currently be observed among private households: Almost two thirds (61 %) of German citizens want to use renewable energies, e.g. hydro, wind or solar power, in the next ten years - even if they are more expensive. In contrast, cheap nuclear power is only relevant for a minority of 8 % of Germans. This is the result of a recent study by the BAT Foundation for Future Studies, in which 2,000 people aged 14 and over were surveyed on a representative basis in Germany.<br \/>\nProfessor Dr Ulrich Reinhardt: \u201eThe majority of the population is prepared to pay for green electricity. If only half of those in favour of alternative forms of energy really make the switch, the current share of private final energy consumption of around 10 % will triple in just one decade.<\/p><\/div>\n<div>\n<h3>Environmentally conscious behaviour decreases at the same time<br \/>One in four citizens would rather enjoy life<\/h3>\n<p>Are Germans really prepared to change their personal consumer behaviour in order to protect the environment in the long term? More than two thirds (68 %) of Germans say they would accept noticeable restrictions if this would preserve nature and the environment in the long term. Women in particular (71 %) think about the future and put personal needs on the back burner for the good of nature (64 % of men say the same).<br \/>\nHowever, a comparison over time shows that environmentally conscious attitudes are declining (1984: 81 %, 2007: 71 %, 2010: 68 %). In contrast, the proportion of Germans who want to continue to enjoy life, even if this has a lasting impact on the environment, is increasing (1984: 16 %, 2007: 20 %, 2010: 25 %). Young people in particular are less willing to compromise and do not want to be restricted by environmentally friendly behaviour (1984: 17 %, 2007: 25 %, 2010: 31 %).<br \/>\nReinhardt: \u201eAlthough the younger generation is more willing than average to install solar panels, separate waste or use public transport, for example, they are not prepared to give up going on holiday abroad and are also less willing than the rest of the population to buy organic products or save water and electricity.\u201c It is therefore not surprising that only two in five young people (42 %) state that they have become more environmentally aware in recent years - in 2007 it was still one in two (53 %). But it is not only among 14 to 34-year-olds that environmental behaviour is not developing any further: only one in two Germans (48 %) state that they are more environmentally aware today than in the past. In 2007, 60 % said the same.<br \/>\n\u201eFor Germans, and the younger generation in particular, their own quality of life is increasingly becoming just as worthy of preservation and protection as nature and the environment. The call to do without - in the sense of turning back the status quo - with the consequence of having to accept losses in quality of life will fail. Instead, the wheel must be turned forwards - by expanding resource-saving forms of energy and technologies,\u201c says Reinhardt.<\/p><\/div>","protected":false},"excerpt":{"rendered":"<p>Kein Strom aus Atom Fast zwei Drittel der Bundesb\u00fcrger sind bereit, mehr f\u00fcr \u00d6kostrom  [&#8230;]<\/p>\n","protected":false},"author":1,"featured_media":0,"comment_status":"open","ping_status":"open","sticky":false,"template":"","format":"standard","meta":{"_acf_changed":false,"footnotes":""},"categories":[1],"tags":[69],"class_list":["post-877","post","type-post","status-publish","format-standard","hentry","category-forschung-aktuell","tag-wirtschaft-politik"],"acf":{"ausgabe_nummer":"Forschung aktuell, 227","pdf-download_dateiname":"Forschung-Aktuell-227-Kein-Strom-aus-Atom.pdf"},"yoast_head":"<!-- This site is optimized with the Yoast SEO plugin v27.1.1 - https:\/\/yoast.com\/product\/yoast-seo-wordpress\/ -->\n<title>Kein Strom aus Atom\u00a0 - Stiftung f\u00fcr Zukunftsfragen<\/title>\n<meta name=\"robots\" content=\"index, follow, max-snippet:-1, max-image-preview:large, max-video-preview:-1\" \/>\n<link rel=\"canonical\" href=\"https:\/\/www.stiftungfuerzukunftsfragen.de\/en\/research-news-227-31-jg-16-11-2010\/\" \/>\n<meta property=\"og:locale\" content=\"en_GB\" \/>\n<meta property=\"og:type\" content=\"article\" \/>\n<meta property=\"og:title\" content=\"Kein Strom aus Atom\u00a0 - Stiftung f\u00fcr Zukunftsfragen\" \/>\n<meta property=\"og:description\" content=\"Kein Strom aus Atom Fast zwei Drittel der Bundesb\u00fcrger sind bereit, mehr f\u00fcr \u00d6kostrom [...]\" \/>\n<meta property=\"og:url\" content=\"https:\/\/www.stiftungfuerzukunftsfragen.de\/en\/research-news-227-31-jg-16-11-2010\/\" \/>\n<meta property=\"og:site_name\" content=\"Stiftung f\u00fcr Zukunftsfragen\" \/>\n<meta property=\"article:publisher\" content=\"https:\/\/www.facebook.com\/pages\/Stiftung-fr-Zukunftsfragen\/207485789294838\" \/>\n<meta property=\"article:published_time\" content=\"2010-11-15T23:00:00+00:00\" \/>\n<meta property=\"article:modified_time\" content=\"2025-10-30T14:18:31+00:00\" \/>\n<meta name=\"author\" content=\"p622181\" \/>\n<meta name=\"twitter:card\" content=\"summary_large_image\" \/>\n<meta name=\"twitter:label1\" content=\"Written by\" \/>\n\t<meta name=\"twitter:data1\" content=\"p622181\" \/>\n\t<meta name=\"twitter:label2\" content=\"Estimated reading time\" \/>\n\t<meta name=\"twitter:data2\" content=\"2 minutes\" \/>\n<script type=\"application\/ld+json\" class=\"yoast-schema-graph\">{\"@context\":\"https:\/\/schema.org\",\"@graph\":[{\"@type\":\"Article\",\"@id\":\"https:\/\/www.stiftungfuerzukunftsfragen.de\/forschung-aktuell-227-31-jg-16-11-2010\/#article\",\"isPartOf\":{\"@id\":\"https:\/\/www.stiftungfuerzukunftsfragen.de\/forschung-aktuell-227-31-jg-16-11-2010\/\"},\"author\":{\"name\":\"p622181\",\"@id\":\"https:\/\/www.stiftungfuerzukunftsfragen.de\/#\/schema\/person\/a84ed841adee9fac0b041775288b1723\"},\"headline\":\"Kein Strom aus Atom\u00a0\",\"datePublished\":\"2010-11-15T23:00:00+00:00\",\"dateModified\":\"2025-10-30T14:18:31+00:00\",\"mainEntityOfPage\":{\"@id\":\"https:\/\/www.stiftungfuerzukunftsfragen.de\/forschung-aktuell-227-31-jg-16-11-2010\/\"},\"wordCount\":486,\"commentCount\":0,\"publisher\":{\"@id\":\"https:\/\/www.stiftungfuerzukunftsfragen.de\/#organization\"},\"keywords\":[\"Wirtschaft &amp; Politik\"],\"articleSection\":[\"Forschung aktuell\"],\"inLanguage\":\"en-GB\",\"potentialAction\":[{\"@type\":\"CommentAction\",\"name\":\"Comment\",\"target\":[\"https:\/\/www.stiftungfuerzukunftsfragen.de\/forschung-aktuell-227-31-jg-16-11-2010\/#respond\"]}]},{\"@type\":\"WebPage\",\"@id\":\"https:\/\/www.stiftungfuerzukunftsfragen.de\/forschung-aktuell-227-31-jg-16-11-2010\/\",\"url\":\"https:\/\/www.stiftungfuerzukunftsfragen.de\/forschung-aktuell-227-31-jg-16-11-2010\/\",\"name\":\"Kein Strom aus Atom\u00a0 - Stiftung f\u00fcr Zukunftsfragen\",\"isPartOf\":{\"@id\":\"https:\/\/www.stiftungfuerzukunftsfragen.de\/#website\"},\"datePublished\":\"2010-11-15T23:00:00+00:00\",\"dateModified\":\"2025-10-30T14:18:31+00:00\",\"breadcrumb\":{\"@id\":\"https:\/\/www.stiftungfuerzukunftsfragen.de\/forschung-aktuell-227-31-jg-16-11-2010\/#breadcrumb\"},\"inLanguage\":\"en-GB\",\"potentialAction\":[{\"@type\":\"ReadAction\",\"target\":[\"https:\/\/www.stiftungfuerzukunftsfragen.de\/forschung-aktuell-227-31-jg-16-11-2010\/\"]}]},{\"@type\":\"BreadcrumbList\",\"@id\":\"https:\/\/www.stiftungfuerzukunftsfragen.de\/forschung-aktuell-227-31-jg-16-11-2010\/#breadcrumb\",\"itemListElement\":[{\"@type\":\"ListItem\",\"position\":1,\"name\":\"Startseite\",\"item\":\"https:\/\/www.stiftungfuerzukunftsfragen.de\/\"},{\"@type\":\"ListItem\",\"position\":2,\"name\":\"Kein Strom aus Atom\u00a0\"}]},{\"@type\":\"WebSite\",\"@id\":\"https:\/\/www.stiftungfuerzukunftsfragen.de\/#website\",\"url\":\"https:\/\/www.stiftungfuerzukunftsfragen.de\/\",\"name\":\"Stiftung f\u00fcr Zukunftsfragen\",\"description\":\"Eine Initiative von BAT\",\"publisher\":{\"@id\":\"https:\/\/www.stiftungfuerzukunftsfragen.de\/#organization\"},\"potentialAction\":[{\"@type\":\"SearchAction\",\"target\":{\"@type\":\"EntryPoint\",\"urlTemplate\":\"https:\/\/www.stiftungfuerzukunftsfragen.de\/?s={search_term_string}\"},\"query-input\":{\"@type\":\"PropertyValueSpecification\",\"valueRequired\":true,\"valueName\":\"search_term_string\"}}],\"inLanguage\":\"en-GB\"},{\"@type\":\"Organization\",\"@id\":\"https:\/\/www.stiftungfuerzukunftsfragen.de\/#organization\",\"name\":\"Stiftung f\u00fcr Zukunftsfragen\",\"url\":\"https:\/\/www.stiftungfuerzukunftsfragen.de\/\",\"logo\":{\"@type\":\"ImageObject\",\"inLanguage\":\"en-GB\",\"@id\":\"https:\/\/www.stiftungfuerzukunftsfragen.de\/#\/schema\/logo\/image\/\",\"url\":\"https:\/\/www.stiftungfuerzukunftsfragen.de\/wp-content\/uploads\/Stiftung-fuer-Zukunftsfragen-Logo-e1662668075158.png\",\"contentUrl\":\"https:\/\/www.stiftungfuerzukunftsfragen.de\/wp-content\/uploads\/Stiftung-fuer-Zukunftsfragen-Logo-e1662668075158.png\",\"width\":609,\"height\":144,\"caption\":\"Stiftung f\u00fcr Zukunftsfragen\"},\"image\":{\"@id\":\"https:\/\/www.stiftungfuerzukunftsfragen.de\/#\/schema\/logo\/image\/\"},\"sameAs\":[\"https:\/\/www.facebook.com\/pages\/Stiftung-fr-Zukunftsfragen\/207485789294838\"]},{\"@type\":\"Person\",\"@id\":\"https:\/\/www.stiftungfuerzukunftsfragen.de\/#\/schema\/person\/a84ed841adee9fac0b041775288b1723\",\"name\":\"p622181\"}]}<\/script>\n<!-- \/ Yoast SEO plugin. -->","yoast_head_json":{"title":"No electricity from nuclear power - Foundation for Future Issues","robots":{"index":"index","follow":"follow","max-snippet":"max-snippet:-1","max-image-preview":"max-image-preview:large","max-video-preview":"max-video-preview:-1"},"canonical":"https:\/\/www.stiftungfuerzukunftsfragen.de\/en\/research-news-227-31-jg-16-11-2010\/","og_locale":"en_GB","og_type":"article","og_title":"Kein Strom aus Atom\u00a0 - Stiftung f\u00fcr Zukunftsfragen","og_description":"Kein Strom aus Atom Fast zwei Drittel der Bundesb\u00fcrger sind bereit, mehr f\u00fcr \u00d6kostrom [...]","og_url":"https:\/\/www.stiftungfuerzukunftsfragen.de\/en\/research-news-227-31-jg-16-11-2010\/","og_site_name":"Stiftung f\u00fcr Zukunftsfragen","article_publisher":"https:\/\/www.facebook.com\/pages\/Stiftung-fr-Zukunftsfragen\/207485789294838","article_published_time":"2010-11-15T23:00:00+00:00","article_modified_time":"2025-10-30T14:18:31+00:00","author":"p622181","twitter_card":"summary_large_image","twitter_misc":{"Written by":"p622181","Estimated reading time":"2 minutes"},"schema":{"@context":"https:\/\/schema.org","@graph":[{"@type":"Article","@id":"https:\/\/www.stiftungfuerzukunftsfragen.de\/forschung-aktuell-227-31-jg-16-11-2010\/#article","isPartOf":{"@id":"https:\/\/www.stiftungfuerzukunftsfragen.de\/forschung-aktuell-227-31-jg-16-11-2010\/"},"author":{"name":"p622181","@id":"https:\/\/www.stiftungfuerzukunftsfragen.de\/#\/schema\/person\/a84ed841adee9fac0b041775288b1723"},"headline":"Kein Strom aus Atom\u00a0","datePublished":"2010-11-15T23:00:00+00:00","dateModified":"2025-10-30T14:18:31+00:00","mainEntityOfPage":{"@id":"https:\/\/www.stiftungfuerzukunftsfragen.de\/forschung-aktuell-227-31-jg-16-11-2010\/"},"wordCount":486,"commentCount":0,"publisher":{"@id":"https:\/\/www.stiftungfuerzukunftsfragen.de\/#organization"},"keywords":["Wirtschaft &amp; Politik"],"articleSection":["Forschung aktuell"],"inLanguage":"en-GB","potentialAction":[{"@type":"CommentAction","name":"Comment","target":["https:\/\/www.stiftungfuerzukunftsfragen.de\/forschung-aktuell-227-31-jg-16-11-2010\/#respond"]}]},{"@type":"WebPage","@id":"https:\/\/www.stiftungfuerzukunftsfragen.de\/forschung-aktuell-227-31-jg-16-11-2010\/","url":"https:\/\/www.stiftungfuerzukunftsfragen.de\/forschung-aktuell-227-31-jg-16-11-2010\/","name":"No electricity from nuclear power - Foundation for Future Issues","isPartOf":{"@id":"https:\/\/www.stiftungfuerzukunftsfragen.de\/#website"},"datePublished":"2010-11-15T23:00:00+00:00","dateModified":"2025-10-30T14:18:31+00:00","breadcrumb":{"@id":"https:\/\/www.stiftungfuerzukunftsfragen.de\/forschung-aktuell-227-31-jg-16-11-2010\/#breadcrumb"},"inLanguage":"en-GB","potentialAction":[{"@type":"ReadAction","target":["https:\/\/www.stiftungfuerzukunftsfragen.de\/forschung-aktuell-227-31-jg-16-11-2010\/"]}]},{"@type":"BreadcrumbList","@id":"https:\/\/www.stiftungfuerzukunftsfragen.de\/forschung-aktuell-227-31-jg-16-11-2010\/#breadcrumb","itemListElement":[{"@type":"ListItem","position":1,"name":"Startseite","item":"https:\/\/www.stiftungfuerzukunftsfragen.de\/"},{"@type":"ListItem","position":2,"name":"Kein Strom aus Atom\u00a0"}]},{"@type":"WebSite","@id":"https:\/\/www.stiftungfuerzukunftsfragen.de\/#website","url":"https:\/\/www.stiftungfuerzukunftsfragen.de\/","name":"Foundation for Future Issues","description":"An initiative by BAT","publisher":{"@id":"https:\/\/www.stiftungfuerzukunftsfragen.de\/#organization"},"potentialAction":[{"@type":"SearchAction","target":{"@type":"EntryPoint","urlTemplate":"https:\/\/www.stiftungfuerzukunftsfragen.de\/?s={search_term_string}"},"query-input":{"@type":"PropertyValueSpecification","valueRequired":true,"valueName":"search_term_string"}}],"inLanguage":"en-GB"},{"@type":"Organization","@id":"https:\/\/www.stiftungfuerzukunftsfragen.de\/#organization","name":"Foundation for Future Issues","url":"https:\/\/www.stiftungfuerzukunftsfragen.de\/","logo":{"@type":"ImageObject","inLanguage":"en-GB","@id":"https:\/\/www.stiftungfuerzukunftsfragen.de\/#\/schema\/logo\/image\/","url":"https:\/\/www.stiftungfuerzukunftsfragen.de\/wp-content\/uploads\/Stiftung-fuer-Zukunftsfragen-Logo-e1662668075158.png","contentUrl":"https:\/\/www.stiftungfuerzukunftsfragen.de\/wp-content\/uploads\/Stiftung-fuer-Zukunftsfragen-Logo-e1662668075158.png","width":609,"height":144,"caption":"Stiftung f\u00fcr Zukunftsfragen"},"image":{"@id":"https:\/\/www.stiftungfuerzukunftsfragen.de\/#\/schema\/logo\/image\/"},"sameAs":["https:\/\/www.facebook.com\/pages\/Stiftung-fr-Zukunftsfragen\/207485789294838"]},{"@type":"Person","@id":"https:\/\/www.stiftungfuerzukunftsfragen.de\/#\/schema\/person\/a84ed841adee9fac0b041775288b1723","name":"p622181"}]}},"_links":{"self":[{"href":"https:\/\/www.stiftungfuerzukunftsfragen.de\/en\/wp-json\/wp\/v2\/posts\/877","targetHints":{"allow":["GET"]}}],"collection":[{"href":"https:\/\/www.stiftungfuerzukunftsfragen.de\/en\/wp-json\/wp\/v2\/posts"}],"about":[{"href":"https:\/\/www.stiftungfuerzukunftsfragen.de\/en\/wp-json\/wp\/v2\/types\/post"}],"author":[{"embeddable":true,"href":"https:\/\/www.stiftungfuerzukunftsfragen.de\/en\/wp-json\/wp\/v2\/users\/1"}],"replies":[{"embeddable":true,"href":"https:\/\/www.stiftungfuerzukunftsfragen.de\/en\/wp-json\/wp\/v2\/comments?post=877"}],"version-history":[{"count":1,"href":"https:\/\/www.stiftungfuerzukunftsfragen.de\/en\/wp-json\/wp\/v2\/posts\/877\/revisions"}],"predecessor-version":[{"id":5954,"href":"https:\/\/www.stiftungfuerzukunftsfragen.de\/en\/wp-json\/wp\/v2\/posts\/877\/revisions\/5954"}],"wp:attachment":[{"href":"https:\/\/www.stiftungfuerzukunftsfragen.de\/en\/wp-json\/wp\/v2\/media?parent=877"}],"wp:term":[{"taxonomy":"category","embeddable":true,"href":"https:\/\/www.stiftungfuerzukunftsfragen.de\/en\/wp-json\/wp\/v2\/categories?post=877"},{"taxonomy":"post_tag","embeddable":true,"href":"https:\/\/www.stiftungfuerzukunftsfragen.de\/en\/wp-json\/wp\/v2\/tags?post=877"}],"curies":[{"name":"wp","href":"https:\/\/api.w.org\/{rel}","templated":true}]}}