{"id":957,"date":"2012-12-26T00:00:00","date_gmt":"2012-12-25T23:00:00","guid":{"rendered":""},"modified":"2025-10-30T15:17:41","modified_gmt":"2025-10-30T14:17:41","slug":"research-news-242-33-jg-26-12-2012","status":"publish","type":"post","link":"https:\/\/www.stiftungfuerzukunftsfragen.de\/en\/forschung-aktuell-242-33-jg-26-12-2012\/","title":{"rendered":"Three out of five Germans are\n  hopeful about 2013 - retirees much more pessimistic\u00a0"},"content":{"rendered":"<h1 align=\"left\">Three out of five Germans are optimistic about 2013 <br \/>Retirees much more pessimistic <\/h1>\n<div>The majority of Germans are optimistic about the new year. Young people in particular (14-24 years: 79%) are optimistic about 2013, whereas only a minority of retirees (over 65 years: 47%) are positive about the future. This is the result of a recent representative survey conducted by the BAT Foundation for Future Studies, in which 2,000 people aged 14 and over expressed their expectations for 2013.<\/div>\n<div>Within the population, men are also more optimistic than women, West Germans more positive than East Germans and parents more hopeful than childless people. There are also major differences in terms of education and income: The higher the education and income, the more optimistic people are about 2013. For example, only one in two Germans with a low net household income (under \u20ac1,000: 50%) and only a minority of those with a low formal education (46%) are optimistic about the future. In contrast, almost three quarters of those with a higher formal education (\u20ac74%) and even four out of five of those with higher incomes (over \u20ac2,500: \u20ac81%) are optimistic about the coming year.<\/div>\n<div>\n<h2>Citizens increasingly concerned about Germany's economic strength<\/h2>\n<p>The economic, financial, banking, debt and euro crises have noticeably shaken confidence in Germany's economic strength. Eighty per cent of the population now believe that there will be a recession next year. In contrast, only one in five expect economic output to grow. Concerns about the future increase significantly with age. Education also influences the view of 2013 - while 85 per cent of those with a low level of formal education are pessimistic about the future, this figure is \u201eonly\u201c 72 per cent for those with a higher level of formal education. \u201eThe population's view is primarily based on the fear of being among the losers of an economic development that they do not understand and can hardly influence. In this context, there is growing concern about a noticeable decline in personal prosperity. But there is also growing concern that Germany's economic strength will be held back by financial payments to other countries,\u201c says Professor Dr Ulrich Reinhardt, Scientific Director of the BAT Foundation.<\/p><\/div>\n<div>\n<h2>Politics does not receive more approval in 2013 either <\/h2>\n<p>Trust in politicians is not in danger of increasing in the 2013 election year either. East Germans and low-income earners in particular have almost completely lost confidence in politics. There are numerous reasons for this mistrust. For example, there is a lack of moral role models as well as a lack of thinking and acting beyond legislative periods and detached from party pressure. Citizens also have the feeling that it is all about staging, that politicians are interchangeable and that they make empty election promises instead of offering reliability, perspective and future orientation.<br \/>\nProfessor Reinhardt concludes: \u201e2013 will be a decisive year in many respects. It will decide to what extent global problems - from climate change to the fight against poverty - will actually be tackled. It will decide whether Greece will remain in the eurozone, whether countries such as Spain, Italy and even France will overcome their economic challenges and to what extent Germany is prepared to help other countries financially and economically. It will also be decided in 2013 whether citizens will continue to trust the government's course or whether they will vote in favour of a new cabinet.<br \/>\nBut even though the list of global challenges is long, fear of an economic recession is high and there is hardly any trust left in politics, three out of five German citizens are confident about 2013. This optimism characterises the - otherwise so sceptical - Germans\u201c.<\/p><\/div>","protected":false},"excerpt":{"rendered":"<p>Drei von f\u00fcnf Deutschen blicken hoffnungsvoll auf 2013 Ruhest\u00e4ndler deutlich pessimistischer Die Mehrheit der  [&#8230;]<\/p>\n","protected":false},"author":1,"featured_media":0,"comment_status":"open","ping_status":"open","sticky":false,"template":"","format":"standard","meta":{"_acf_changed":false,"footnotes":""},"categories":[1],"tags":[67],"class_list":["post-957","post","type-post","status-publish","format-standard","hentry","category-forschung-aktuell","tag-zukunftserwartungen"],"acf":{"ausgabe_nummer":"Forschung aktuell, 242","pdf-download_dateiname":"Forschung-Aktuell-242-Optimistisch-ins-Jahr-2013.pdf"},"yoast_head":"<!-- This site is optimized with the Yoast SEO plugin v27.1.1 - https:\/\/yoast.com\/product\/yoast-seo-wordpress\/ -->\n<title>Drei von f\u00fcnf Deutschen blicken  hoffnungsvoll auf 2013 \u2013 Ruhest\u00e4ndler deutlich pessimistischer\u00a0 - Stiftung f\u00fcr Zukunftsfragen<\/title>\n<meta name=\"robots\" content=\"index, follow, max-snippet:-1, max-image-preview:large, max-video-preview:-1\" \/>\n<link rel=\"canonical\" href=\"https:\/\/www.stiftungfuerzukunftsfragen.de\/en\/research-news-242-33-jg-26-12-2012\/\" \/>\n<meta property=\"og:locale\" content=\"en_GB\" \/>\n<meta property=\"og:type\" content=\"article\" \/>\n<meta property=\"og:title\" content=\"Drei von f\u00fcnf Deutschen blicken  hoffnungsvoll auf 2013 \u2013 Ruhest\u00e4ndler deutlich pessimistischer\u00a0 - Stiftung f\u00fcr Zukunftsfragen\" \/>\n<meta property=\"og:description\" content=\"Drei von f\u00fcnf Deutschen blicken hoffnungsvoll auf 2013 Ruhest\u00e4ndler deutlich pessimistischer Die Mehrheit der [...]\" \/>\n<meta property=\"og:url\" content=\"https:\/\/www.stiftungfuerzukunftsfragen.de\/en\/research-news-242-33-jg-26-12-2012\/\" \/>\n<meta property=\"og:site_name\" content=\"Stiftung f\u00fcr Zukunftsfragen\" \/>\n<meta property=\"article:publisher\" content=\"https:\/\/www.facebook.com\/pages\/Stiftung-fr-Zukunftsfragen\/207485789294838\" \/>\n<meta property=\"article:published_time\" content=\"2012-12-25T23:00:00+00:00\" \/>\n<meta property=\"article:modified_time\" content=\"2025-10-30T14:17:41+00:00\" \/>\n<meta name=\"author\" content=\"p622181\" \/>\n<meta name=\"twitter:card\" content=\"summary_large_image\" \/>\n<meta name=\"twitter:label1\" content=\"Written by\" \/>\n\t<meta name=\"twitter:data1\" content=\"p622181\" \/>\n\t<meta name=\"twitter:label2\" content=\"Estimated reading time\" \/>\n\t<meta name=\"twitter:data2\" content=\"3 minutes\" \/>\n<script type=\"application\/ld+json\" class=\"yoast-schema-graph\">{\"@context\":\"https:\/\/schema.org\",\"@graph\":[{\"@type\":\"Article\",\"@id\":\"https:\/\/www.stiftungfuerzukunftsfragen.de\/forschung-aktuell-242-33-jg-26-12-2012\/#article\",\"isPartOf\":{\"@id\":\"https:\/\/www.stiftungfuerzukunftsfragen.de\/forschung-aktuell-242-33-jg-26-12-2012\/\"},\"author\":{\"name\":\"p622181\",\"@id\":\"https:\/\/www.stiftungfuerzukunftsfragen.de\/#\/schema\/person\/a84ed841adee9fac0b041775288b1723\"},\"headline\":\"Drei von f\u00fcnf Deutschen blicken hoffnungsvoll auf 2013 \u2013 Ruhest\u00e4ndler deutlich pessimistischer\u00a0\",\"datePublished\":\"2012-12-25T23:00:00+00:00\",\"dateModified\":\"2025-10-30T14:17:41+00:00\",\"mainEntityOfPage\":{\"@id\":\"https:\/\/www.stiftungfuerzukunftsfragen.de\/forschung-aktuell-242-33-jg-26-12-2012\/\"},\"wordCount\":577,\"commentCount\":0,\"publisher\":{\"@id\":\"https:\/\/www.stiftungfuerzukunftsfragen.de\/#organization\"},\"keywords\":[\"Zukunftserwartungen\"],\"articleSection\":[\"Forschung aktuell\"],\"inLanguage\":\"en-GB\",\"potentialAction\":[{\"@type\":\"CommentAction\",\"name\":\"Comment\",\"target\":[\"https:\/\/www.stiftungfuerzukunftsfragen.de\/forschung-aktuell-242-33-jg-26-12-2012\/#respond\"]}]},{\"@type\":\"WebPage\",\"@id\":\"https:\/\/www.stiftungfuerzukunftsfragen.de\/forschung-aktuell-242-33-jg-26-12-2012\/\",\"url\":\"https:\/\/www.stiftungfuerzukunftsfragen.de\/forschung-aktuell-242-33-jg-26-12-2012\/\",\"name\":\"Drei von f\u00fcnf Deutschen blicken hoffnungsvoll auf 2013 \u2013 Ruhest\u00e4ndler deutlich pessimistischer\u00a0 - Stiftung f\u00fcr Zukunftsfragen\",\"isPartOf\":{\"@id\":\"https:\/\/www.stiftungfuerzukunftsfragen.de\/#website\"},\"datePublished\":\"2012-12-25T23:00:00+00:00\",\"dateModified\":\"2025-10-30T14:17:41+00:00\",\"breadcrumb\":{\"@id\":\"https:\/\/www.stiftungfuerzukunftsfragen.de\/forschung-aktuell-242-33-jg-26-12-2012\/#breadcrumb\"},\"inLanguage\":\"en-GB\",\"potentialAction\":[{\"@type\":\"ReadAction\",\"target\":[\"https:\/\/www.stiftungfuerzukunftsfragen.de\/forschung-aktuell-242-33-jg-26-12-2012\/\"]}]},{\"@type\":\"BreadcrumbList\",\"@id\":\"https:\/\/www.stiftungfuerzukunftsfragen.de\/forschung-aktuell-242-33-jg-26-12-2012\/#breadcrumb\",\"itemListElement\":[{\"@type\":\"ListItem\",\"position\":1,\"name\":\"Startseite\",\"item\":\"https:\/\/www.stiftungfuerzukunftsfragen.de\/\"},{\"@type\":\"ListItem\",\"position\":2,\"name\":\"Drei von f\u00fcnf Deutschen blicken hoffnungsvoll auf 2013 \u2013 Ruhest\u00e4ndler deutlich pessimistischer\u00a0\"}]},{\"@type\":\"WebSite\",\"@id\":\"https:\/\/www.stiftungfuerzukunftsfragen.de\/#website\",\"url\":\"https:\/\/www.stiftungfuerzukunftsfragen.de\/\",\"name\":\"Stiftung f\u00fcr Zukunftsfragen\",\"description\":\"Eine Initiative von BAT\",\"publisher\":{\"@id\":\"https:\/\/www.stiftungfuerzukunftsfragen.de\/#organization\"},\"potentialAction\":[{\"@type\":\"SearchAction\",\"target\":{\"@type\":\"EntryPoint\",\"urlTemplate\":\"https:\/\/www.stiftungfuerzukunftsfragen.de\/?s={search_term_string}\"},\"query-input\":{\"@type\":\"PropertyValueSpecification\",\"valueRequired\":true,\"valueName\":\"search_term_string\"}}],\"inLanguage\":\"en-GB\"},{\"@type\":\"Organization\",\"@id\":\"https:\/\/www.stiftungfuerzukunftsfragen.de\/#organization\",\"name\":\"Stiftung f\u00fcr Zukunftsfragen\",\"url\":\"https:\/\/www.stiftungfuerzukunftsfragen.de\/\",\"logo\":{\"@type\":\"ImageObject\",\"inLanguage\":\"en-GB\",\"@id\":\"https:\/\/www.stiftungfuerzukunftsfragen.de\/#\/schema\/logo\/image\/\",\"url\":\"https:\/\/www.stiftungfuerzukunftsfragen.de\/wp-content\/uploads\/Stiftung-fuer-Zukunftsfragen-Logo-e1662668075158.png\",\"contentUrl\":\"https:\/\/www.stiftungfuerzukunftsfragen.de\/wp-content\/uploads\/Stiftung-fuer-Zukunftsfragen-Logo-e1662668075158.png\",\"width\":609,\"height\":144,\"caption\":\"Stiftung f\u00fcr Zukunftsfragen\"},\"image\":{\"@id\":\"https:\/\/www.stiftungfuerzukunftsfragen.de\/#\/schema\/logo\/image\/\"},\"sameAs\":[\"https:\/\/www.facebook.com\/pages\/Stiftung-fr-Zukunftsfragen\/207485789294838\"]},{\"@type\":\"Person\",\"@id\":\"https:\/\/www.stiftungfuerzukunftsfragen.de\/#\/schema\/person\/a84ed841adee9fac0b041775288b1723\",\"name\":\"p622181\"}]}<\/script>\n<!-- \/ Yoast SEO plugin. -->","yoast_head_json":{"title":"Three out of five Germans are optimistic about 2013 - retirees much more pessimistic - Stiftung f\u00fcr Zukunftsfragen","robots":{"index":"index","follow":"follow","max-snippet":"max-snippet:-1","max-image-preview":"max-image-preview:large","max-video-preview":"max-video-preview:-1"},"canonical":"https:\/\/www.stiftungfuerzukunftsfragen.de\/en\/research-news-242-33-jg-26-12-2012\/","og_locale":"en_GB","og_type":"article","og_title":"Drei von f\u00fcnf Deutschen blicken  hoffnungsvoll auf 2013 \u2013 Ruhest\u00e4ndler deutlich pessimistischer\u00a0 - Stiftung f\u00fcr Zukunftsfragen","og_description":"Drei von f\u00fcnf Deutschen blicken hoffnungsvoll auf 2013 Ruhest\u00e4ndler deutlich pessimistischer Die Mehrheit der [...]","og_url":"https:\/\/www.stiftungfuerzukunftsfragen.de\/en\/research-news-242-33-jg-26-12-2012\/","og_site_name":"Stiftung f\u00fcr Zukunftsfragen","article_publisher":"https:\/\/www.facebook.com\/pages\/Stiftung-fr-Zukunftsfragen\/207485789294838","article_published_time":"2012-12-25T23:00:00+00:00","article_modified_time":"2025-10-30T14:17:41+00:00","author":"p622181","twitter_card":"summary_large_image","twitter_misc":{"Written by":"p622181","Estimated reading time":"3 minutes"},"schema":{"@context":"https:\/\/schema.org","@graph":[{"@type":"Article","@id":"https:\/\/www.stiftungfuerzukunftsfragen.de\/forschung-aktuell-242-33-jg-26-12-2012\/#article","isPartOf":{"@id":"https:\/\/www.stiftungfuerzukunftsfragen.de\/forschung-aktuell-242-33-jg-26-12-2012\/"},"author":{"name":"p622181","@id":"https:\/\/www.stiftungfuerzukunftsfragen.de\/#\/schema\/person\/a84ed841adee9fac0b041775288b1723"},"headline":"Drei von f\u00fcnf Deutschen blicken hoffnungsvoll auf 2013 \u2013 Ruhest\u00e4ndler deutlich pessimistischer\u00a0","datePublished":"2012-12-25T23:00:00+00:00","dateModified":"2025-10-30T14:17:41+00:00","mainEntityOfPage":{"@id":"https:\/\/www.stiftungfuerzukunftsfragen.de\/forschung-aktuell-242-33-jg-26-12-2012\/"},"wordCount":577,"commentCount":0,"publisher":{"@id":"https:\/\/www.stiftungfuerzukunftsfragen.de\/#organization"},"keywords":["Zukunftserwartungen"],"articleSection":["Forschung aktuell"],"inLanguage":"en-GB","potentialAction":[{"@type":"CommentAction","name":"Comment","target":["https:\/\/www.stiftungfuerzukunftsfragen.de\/forschung-aktuell-242-33-jg-26-12-2012\/#respond"]}]},{"@type":"WebPage","@id":"https:\/\/www.stiftungfuerzukunftsfragen.de\/forschung-aktuell-242-33-jg-26-12-2012\/","url":"https:\/\/www.stiftungfuerzukunftsfragen.de\/forschung-aktuell-242-33-jg-26-12-2012\/","name":"Three out of five Germans are hopeful about 2013 \u2013 retirees significantly more pessimistic \u2013 Foundation for Future Issues","isPartOf":{"@id":"https:\/\/www.stiftungfuerzukunftsfragen.de\/#website"},"datePublished":"2012-12-25T23:00:00+00:00","dateModified":"2025-10-30T14:17:41+00:00","breadcrumb":{"@id":"https:\/\/www.stiftungfuerzukunftsfragen.de\/forschung-aktuell-242-33-jg-26-12-2012\/#breadcrumb"},"inLanguage":"en-GB","potentialAction":[{"@type":"ReadAction","target":["https:\/\/www.stiftungfuerzukunftsfragen.de\/forschung-aktuell-242-33-jg-26-12-2012\/"]}]},{"@type":"BreadcrumbList","@id":"https:\/\/www.stiftungfuerzukunftsfragen.de\/forschung-aktuell-242-33-jg-26-12-2012\/#breadcrumb","itemListElement":[{"@type":"ListItem","position":1,"name":"Startseite","item":"https:\/\/www.stiftungfuerzukunftsfragen.de\/"},{"@type":"ListItem","position":2,"name":"Drei von f\u00fcnf Deutschen blicken hoffnungsvoll auf 2013 \u2013 Ruhest\u00e4ndler deutlich pessimistischer\u00a0"}]},{"@type":"WebSite","@id":"https:\/\/www.stiftungfuerzukunftsfragen.de\/#website","url":"https:\/\/www.stiftungfuerzukunftsfragen.de\/","name":"Foundation for Future Issues","description":"An initiative by BAT","publisher":{"@id":"https:\/\/www.stiftungfuerzukunftsfragen.de\/#organization"},"potentialAction":[{"@type":"SearchAction","target":{"@type":"EntryPoint","urlTemplate":"https:\/\/www.stiftungfuerzukunftsfragen.de\/?s={search_term_string}"},"query-input":{"@type":"PropertyValueSpecification","valueRequired":true,"valueName":"search_term_string"}}],"inLanguage":"en-GB"},{"@type":"Organization","@id":"https:\/\/www.stiftungfuerzukunftsfragen.de\/#organization","name":"Foundation for Future Issues","url":"https:\/\/www.stiftungfuerzukunftsfragen.de\/","logo":{"@type":"ImageObject","inLanguage":"en-GB","@id":"https:\/\/www.stiftungfuerzukunftsfragen.de\/#\/schema\/logo\/image\/","url":"https:\/\/www.stiftungfuerzukunftsfragen.de\/wp-content\/uploads\/Stiftung-fuer-Zukunftsfragen-Logo-e1662668075158.png","contentUrl":"https:\/\/www.stiftungfuerzukunftsfragen.de\/wp-content\/uploads\/Stiftung-fuer-Zukunftsfragen-Logo-e1662668075158.png","width":609,"height":144,"caption":"Stiftung f\u00fcr Zukunftsfragen"},"image":{"@id":"https:\/\/www.stiftungfuerzukunftsfragen.de\/#\/schema\/logo\/image\/"},"sameAs":["https:\/\/www.facebook.com\/pages\/Stiftung-fr-Zukunftsfragen\/207485789294838"]},{"@type":"Person","@id":"https:\/\/www.stiftungfuerzukunftsfragen.de\/#\/schema\/person\/a84ed841adee9fac0b041775288b1723","name":"p622181"}]}},"_links":{"self":[{"href":"https:\/\/www.stiftungfuerzukunftsfragen.de\/en\/wp-json\/wp\/v2\/posts\/957","targetHints":{"allow":["GET"]}}],"collection":[{"href":"https:\/\/www.stiftungfuerzukunftsfragen.de\/en\/wp-json\/wp\/v2\/posts"}],"about":[{"href":"https:\/\/www.stiftungfuerzukunftsfragen.de\/en\/wp-json\/wp\/v2\/types\/post"}],"author":[{"embeddable":true,"href":"https:\/\/www.stiftungfuerzukunftsfragen.de\/en\/wp-json\/wp\/v2\/users\/1"}],"replies":[{"embeddable":true,"href":"https:\/\/www.stiftungfuerzukunftsfragen.de\/en\/wp-json\/wp\/v2\/comments?post=957"}],"version-history":[{"count":1,"href":"https:\/\/www.stiftungfuerzukunftsfragen.de\/en\/wp-json\/wp\/v2\/posts\/957\/revisions"}],"predecessor-version":[{"id":5938,"href":"https:\/\/www.stiftungfuerzukunftsfragen.de\/en\/wp-json\/wp\/v2\/posts\/957\/revisions\/5938"}],"wp:attachment":[{"href":"https:\/\/www.stiftungfuerzukunftsfragen.de\/en\/wp-json\/wp\/v2\/media?parent=957"}],"wp:term":[{"taxonomy":"category","embeddable":true,"href":"https:\/\/www.stiftungfuerzukunftsfragen.de\/en\/wp-json\/wp\/v2\/categories?post=957"},{"taxonomy":"post_tag","embeddable":true,"href":"https:\/\/www.stiftungfuerzukunftsfragen.de\/en\/wp-json\/wp\/v2\/tags?post=957"}],"curies":[{"name":"wp","href":"https:\/\/api.w.org\/{rel}","templated":true}]}}